{"id":99632,"date":"2018-12-20T15:30:31","date_gmt":"2018-12-20T15:30:31","guid":{"rendered":"https:\/\/\/la-plus-grande-centrale-photovoltaique-flottante-deurope-dans-le-vaucluse\/"},"modified":"2018-12-20T15:30:31","modified_gmt":"2018-12-20T15:30:31","slug":"la-plus-grande-centrale-photovoltaique-flottante-deurope-dans-le-vaucluse","status":"publish","type":"post","link":"https:\/\/www.ecinews.fr\/fr\/la-plus-grande-centrale-photovoltaique-flottante-deurope-dans-le-vaucluse\/","title":{"rendered":"La plus grande centrale photovolta\u00efque flottante d&rsquo;Europe dans le Vaucluse"},"content":{"rendered":"<p style=\"margin-left:.75pt\">Avec ses 47.000 panneaux, c&rsquo;est clairement le projet le plus important d&rsquo;Europe. Une puissance de 17MWc pour produire l&rsquo;\u00e9quivalent de la consommation \u00e9lectrique d&rsquo;environ 5.000 foyers. C&rsquo;est la soci\u00e9t\u00e9 Akuo Energy qui d\u00e9veloppe le projet en utilisant des flotteurs con\u00e7us par la soci\u00e9t\u00e9 fran\u00e7aise Ciel et Terre. Cette derni\u00e8re est un des leaders mondiaux du solaire flottant. Elle a d\u00e9j\u00e0 fourni ses flotteurs pour de nombreux projets \u00e0 l&rsquo;international et en particulier au Japon, \u00e0 la suite du&nbsp;s\u00e9isme et du tsunami de 2011.&nbsp;<\/p>\n<p style=\"text-align:center\"><a href=\"https:\/\/youtu.be\/Wc-HI4I5M6U?t=5\"><img decoding=\"async\" alt=\"\" height=\"307\" data-src=\"https:\/\/eenews.cdnartwhere.eu\/sites\/default\/files\/images\/01-picture-library\/centrale_photovoltaique_video.jpg\" width=\"500\" src=\"data:image\/svg+xml;base64,PHN2ZyB3aWR0aD0iMSIgaGVpZ2h0PSIxIiB4bWxucz0iaHR0cDovL3d3dy53My5vcmcvMjAwMC9zdmciPjwvc3ZnPg==\" class=\"lazyload\" style=\"--smush-placeholder-width: 500px; --smush-placeholder-aspect-ratio: 500\/307;\" \/><\/a><\/p>\n<p>Article \u00e0 d\u00e9couvrir en int\u00e9gralit\u00e9 sur :&nbsp;<a href=\"https:\/\/www.actu-environnement.com\/ae\/news\/centrale-photovoltaique-flottante-Europe-Vaucluse-Piolenc-32582.php4\">Actu environnement<\/a><\/p>\n<p>&nbsp;<\/p>\n<p>&nbsp;<\/p>\n<p>&nbsp;<\/p>\n<p>&nbsp;<\/p>\n","protected":false},"excerpt":{"rendered":"<p>C&rsquo;est en France et plus pr\u00e9cis\u00e9ment \u00e0 Piolenc, dans le Vaucluse, qu&rsquo;une centrale photovolta\u00efque flottante de 47.000 panneaux va \u00eatre assembl\u00e9e en six mois. Un chantier hors norme \u00e0 d\u00e9couvrir en vid\u00e9o.<\/p>\n","protected":false},"author":11,"featured_media":99633,"comment_status":"closed","ping_status":"closed","sticky":false,"template":"","format":"standard","meta":{"_acf_changed":false,"footnotes":""},"categories":[883],"tags":[],"domains":[47],"ppma_author":[1143],"class_list":["post-99632","post","type-post","status-publish","format-standard","has-post-thumbnail","hentry","category-technologies","domains-electronique-eci"],"acf":[],"yoast_head":"<title>La plus grande centrale photovolta\u00efque flottante d&#039;Europe dans...<\/title>\n<meta name=\"description\" content=\"C&#039;est en France et plus pr\u00e9cis\u00e9ment \u00e0 Piolenc, dans le Vaucluse, qu&#039;une centrale photovolta\u00efque flottante de 47.000 panneaux va \u00eatre assembl\u00e9e en six...\" \/>\n<meta name=\"robots\" content=\"index, follow, max-snippet:-1, max-image-preview:large, max-video-preview:-1\" \/>\n<link rel=\"canonical\" href=\"https:\/\/www.ecinews.fr\/fr\/wp-json\/wp\/v2\/posts\/99632\/\" \/>\n<meta property=\"og:locale\" content=\"fr_FR\" \/>\n<meta property=\"og:type\" content=\"article\" \/>\n<meta property=\"og:title\" content=\"La plus grande centrale photovolta\u00efque flottante d&#039;Europe dans le Vaucluse\" \/>\n<meta property=\"og:description\" content=\"C&#039;est en France et plus pr\u00e9cis\u00e9ment \u00e0 Piolenc, dans le Vaucluse, qu&#039;une centrale photovolta\u00efque flottante de 47.000 panneaux va \u00eatre assembl\u00e9e en six mois. Un chantier hors norme \u00e0 d\u00e9couvrir en vid\u00e9o.\" \/>\n<meta property=\"og:url\" content=\"https:\/\/www.ecinews.fr\/fr\/wp-json\/wp\/v2\/posts\/99632\/\" \/>\n<meta property=\"og:site_name\" content=\"EENewsEurope\" \/>\n<meta property=\"article:published_time\" content=\"2018-12-20T15:30:31+00:00\" \/>\n<meta property=\"og:image\" content=\"https:\/\/www.ecinews.fr\/wp-content\/uploads\/import\/default\/files\/sites\/default\/files\/images\/centrale_photovoltaique.jpg\" \/>\n\t<meta property=\"og:image:width\" content=\"500\" \/>\n\t<meta property=\"og:image:height\" content=\"281\" \/>\n\t<meta property=\"og:image:type\" content=\"image\/jpeg\" \/>\n<meta name=\"author\" content=\"Daniel Cardon\" \/>\n<meta name=\"twitter:card\" content=\"summary_large_image\" \/>\n<meta name=\"twitter:label1\" content=\"Written by\" \/>\n\t<meta name=\"twitter:data1\" content=\"Daniel Cardon\" \/>\n\t<meta name=\"twitter:label2\" content=\"Est. reading time\" \/>\n\t<meta name=\"twitter:data2\" content=\"1 minute\" \/>\n<script type=\"application\/ld+json\" class=\"yoast-schema-graph\">{\"@context\":\"https:\/\/schema.org\",\"@graph\":[{\"@type\":\"Article\",\"@id\":\"https:\/\/www.ecinews.fr\/fr\/la-plus-grande-centrale-photovoltaique-flottante-deurope-dans-le-vaucluse\/#article\",\"isPartOf\":{\"@id\":\"https:\/\/www.ecinews.fr\/fr\/la-plus-grande-centrale-photovoltaique-flottante-deurope-dans-le-vaucluse\/\"},\"author\":{\"name\":\"Daniel Cardon\",\"@id\":\"https:\/\/www.eenewseurope.com\/en\/#\/schema\/person\/93c44cde463762f40a8236eaa44c1c17\"},\"headline\":\"La plus grande centrale photovolta\u00efque flottante d&rsquo;Europe dans le Vaucluse\",\"datePublished\":\"2018-12-20T15:30:31+00:00\",\"dateModified\":\"2018-12-20T15:30:31+00:00\",\"mainEntityOfPage\":{\"@id\":\"https:\/\/www.ecinews.fr\/fr\/la-plus-grande-centrale-photovoltaique-flottante-deurope-dans-le-vaucluse\/\"},\"wordCount\":121,\"publisher\":{\"@id\":\"https:\/\/www.eenewseurope.com\/en\/#organization\"},\"articleSection\":[\"Technologies\"],\"inLanguage\":\"fr-FR\"},{\"@type\":\"WebPage\",\"@id\":\"https:\/\/www.ecinews.fr\/fr\/la-plus-grande-centrale-photovoltaique-flottante-deurope-dans-le-vaucluse\/\",\"url\":\"https:\/\/www.ecinews.fr\/fr\/la-plus-grande-centrale-photovoltaique-flottante-deurope-dans-le-vaucluse\/\",\"name\":\"La plus grande centrale photovolta\u00efque flottante d'Europe dans le Vaucluse -\",\"isPartOf\":{\"@id\":\"https:\/\/www.eenewseurope.com\/en\/#website\"},\"datePublished\":\"2018-12-20T15:30:31+00:00\",\"dateModified\":\"2018-12-20T15:30:31+00:00\",\"breadcrumb\":{\"@id\":\"https:\/\/www.ecinews.fr\/fr\/la-plus-grande-centrale-photovoltaique-flottante-deurope-dans-le-vaucluse\/#breadcrumb\"},\"inLanguage\":\"fr-FR\",\"potentialAction\":[{\"@type\":\"ReadAction\",\"target\":[\"https:\/\/www.ecinews.fr\/fr\/la-plus-grande-centrale-photovoltaique-flottante-deurope-dans-le-vaucluse\/\"]}]},{\"@type\":\"BreadcrumbList\",\"@id\":\"https:\/\/www.ecinews.fr\/fr\/la-plus-grande-centrale-photovoltaique-flottante-deurope-dans-le-vaucluse\/#breadcrumb\",\"itemListElement\":[{\"@type\":\"ListItem\",\"position\":1,\"name\":\"Home\",\"item\":\"https:\/\/www.ecinews.fr\/fr\/\"},{\"@type\":\"ListItem\",\"position\":2,\"name\":\"La plus grande centrale photovolta\u00efque flottante d&rsquo;Europe dans le Vaucluse\"}]},{\"@type\":\"WebSite\",\"@id\":\"https:\/\/www.eenewseurope.com\/en\/#website\",\"url\":\"https:\/\/www.eenewseurope.com\/en\/\",\"name\":\"EENewsEurope\",\"description\":\"Just another WordPress site\",\"publisher\":{\"@id\":\"https:\/\/www.eenewseurope.com\/en\/#organization\"},\"potentialAction\":[{\"@type\":\"SearchAction\",\"target\":{\"@type\":\"EntryPoint\",\"urlTemplate\":\"https:\/\/www.eenewseurope.com\/en\/?s={search_term_string}\"},\"query-input\":\"required name=search_term_string\"}],\"inLanguage\":\"fr-FR\"},{\"@type\":\"Organization\",\"@id\":\"https:\/\/www.eenewseurope.com\/en\/#organization\",\"name\":\"EENewsEurope\",\"url\":\"https:\/\/www.eenewseurope.com\/en\/\",\"logo\":{\"@type\":\"ImageObject\",\"inLanguage\":\"fr-FR\",\"@id\":\"https:\/\/www.eenewseurope.com\/en\/#\/schema\/logo\/image\/\",\"url\":\"https:\/\/www.ecinews.fr\/wp-content\/uploads\/2022\/02\/logo-1.jpg\",\"contentUrl\":\"https:\/\/www.ecinews.fr\/wp-content\/uploads\/2022\/02\/logo-1.jpg\",\"width\":283,\"height\":113,\"caption\":\"EENewsEurope\"},\"image\":{\"@id\":\"https:\/\/www.eenewseurope.com\/en\/#\/schema\/logo\/image\/\"}},{\"@type\":\"Person\",\"@id\":\"https:\/\/www.eenewseurope.com\/en\/#\/schema\/person\/93c44cde463762f40a8236eaa44c1c17\",\"name\":\"Daniel Cardon\",\"image\":{\"@type\":\"ImageObject\",\"inLanguage\":\"fr-FR\",\"@id\":\"https:\/\/www.eenewseurope.com\/en\/#\/schema\/person\/image\/2b243f6bcc1cff7d86aadfb2cd0bd870\",\"url\":\"https:\/\/secure.gravatar.com\/avatar\/de9edc136dfc061ad4778e04635baefa?s=96&d=mm&r=g\",\"contentUrl\":\"https:\/\/secure.gravatar.com\/avatar\/de9edc136dfc061ad4778e04635baefa?s=96&d=mm&r=g\",\"caption\":\"Daniel Cardon\"}}]}<\/script>","yoast_head_json":{"title":"La plus grande centrale photovolta\u00efque flottante d'Europe dans...","description":"C'est en France et plus pr\u00e9cis\u00e9ment \u00e0 Piolenc, dans le Vaucluse, qu'une centrale photovolta\u00efque flottante de 47.000 panneaux va \u00eatre assembl\u00e9e en six...","robots":{"index":"index","follow":"follow","max-snippet":"max-snippet:-1","max-image-preview":"max-image-preview:large","max-video-preview":"max-video-preview:-1"},"canonical":"https:\/\/www.ecinews.fr\/fr\/wp-json\/wp\/v2\/posts\/99632\/","og_locale":"fr_FR","og_type":"article","og_title":"La plus grande centrale photovolta\u00efque flottante d'Europe dans le Vaucluse","og_description":"C'est en France et plus pr\u00e9cis\u00e9ment \u00e0 Piolenc, dans le Vaucluse, qu'une centrale photovolta\u00efque flottante de 47.000 panneaux va \u00eatre assembl\u00e9e en six mois. Un chantier hors norme \u00e0 d\u00e9couvrir en vid\u00e9o.","og_url":"https:\/\/www.ecinews.fr\/fr\/wp-json\/wp\/v2\/posts\/99632\/","og_site_name":"EENewsEurope","article_published_time":"2018-12-20T15:30:31+00:00","og_image":[{"width":500,"height":281,"url":"https:\/\/www.ecinews.fr\/wp-content\/uploads\/import\/default\/files\/sites\/default\/files\/images\/centrale_photovoltaique.jpg","type":"image\/jpeg"}],"author":"Daniel Cardon","twitter_card":"summary_large_image","twitter_misc":{"Written by":"Daniel Cardon","Est. reading time":"1 minute"},"schema":{"@context":"https:\/\/schema.org","@graph":[{"@type":"Article","@id":"https:\/\/www.ecinews.fr\/fr\/la-plus-grande-centrale-photovoltaique-flottante-deurope-dans-le-vaucluse\/#article","isPartOf":{"@id":"https:\/\/www.ecinews.fr\/fr\/la-plus-grande-centrale-photovoltaique-flottante-deurope-dans-le-vaucluse\/"},"author":{"name":"Daniel Cardon","@id":"https:\/\/www.eenewseurope.com\/en\/#\/schema\/person\/93c44cde463762f40a8236eaa44c1c17"},"headline":"La plus grande centrale photovolta\u00efque flottante d&rsquo;Europe dans le Vaucluse","datePublished":"2018-12-20T15:30:31+00:00","dateModified":"2018-12-20T15:30:31+00:00","mainEntityOfPage":{"@id":"https:\/\/www.ecinews.fr\/fr\/la-plus-grande-centrale-photovoltaique-flottante-deurope-dans-le-vaucluse\/"},"wordCount":121,"publisher":{"@id":"https:\/\/www.eenewseurope.com\/en\/#organization"},"articleSection":["Technologies"],"inLanguage":"fr-FR"},{"@type":"WebPage","@id":"https:\/\/www.ecinews.fr\/fr\/la-plus-grande-centrale-photovoltaique-flottante-deurope-dans-le-vaucluse\/","url":"https:\/\/www.ecinews.fr\/fr\/la-plus-grande-centrale-photovoltaique-flottante-deurope-dans-le-vaucluse\/","name":"La plus grande centrale photovolta\u00efque flottante d'Europe dans le Vaucluse -","isPartOf":{"@id":"https:\/\/www.eenewseurope.com\/en\/#website"},"datePublished":"2018-12-20T15:30:31+00:00","dateModified":"2018-12-20T15:30:31+00:00","breadcrumb":{"@id":"https:\/\/www.ecinews.fr\/fr\/la-plus-grande-centrale-photovoltaique-flottante-deurope-dans-le-vaucluse\/#breadcrumb"},"inLanguage":"fr-FR","potentialAction":[{"@type":"ReadAction","target":["https:\/\/www.ecinews.fr\/fr\/la-plus-grande-centrale-photovoltaique-flottante-deurope-dans-le-vaucluse\/"]}]},{"@type":"BreadcrumbList","@id":"https:\/\/www.ecinews.fr\/fr\/la-plus-grande-centrale-photovoltaique-flottante-deurope-dans-le-vaucluse\/#breadcrumb","itemListElement":[{"@type":"ListItem","position":1,"name":"Home","item":"https:\/\/www.ecinews.fr\/fr\/"},{"@type":"ListItem","position":2,"name":"La plus grande centrale photovolta\u00efque flottante d&rsquo;Europe dans le Vaucluse"}]},{"@type":"WebSite","@id":"https:\/\/www.eenewseurope.com\/en\/#website","url":"https:\/\/www.eenewseurope.com\/en\/","name":"EENewsEurope","description":"Just another WordPress site","publisher":{"@id":"https:\/\/www.eenewseurope.com\/en\/#organization"},"potentialAction":[{"@type":"SearchAction","target":{"@type":"EntryPoint","urlTemplate":"https:\/\/www.eenewseurope.com\/en\/?s={search_term_string}"},"query-input":"required name=search_term_string"}],"inLanguage":"fr-FR"},{"@type":"Organization","@id":"https:\/\/www.eenewseurope.com\/en\/#organization","name":"EENewsEurope","url":"https:\/\/www.eenewseurope.com\/en\/","logo":{"@type":"ImageObject","inLanguage":"fr-FR","@id":"https:\/\/www.eenewseurope.com\/en\/#\/schema\/logo\/image\/","url":"https:\/\/www.ecinews.fr\/wp-content\/uploads\/2022\/02\/logo-1.jpg","contentUrl":"https:\/\/www.ecinews.fr\/wp-content\/uploads\/2022\/02\/logo-1.jpg","width":283,"height":113,"caption":"EENewsEurope"},"image":{"@id":"https:\/\/www.eenewseurope.com\/en\/#\/schema\/logo\/image\/"}},{"@type":"Person","@id":"https:\/\/www.eenewseurope.com\/en\/#\/schema\/person\/93c44cde463762f40a8236eaa44c1c17","name":"Daniel Cardon","image":{"@type":"ImageObject","inLanguage":"fr-FR","@id":"https:\/\/www.eenewseurope.com\/en\/#\/schema\/person\/image\/2b243f6bcc1cff7d86aadfb2cd0bd870","url":"https:\/\/secure.gravatar.com\/avatar\/de9edc136dfc061ad4778e04635baefa?s=96&d=mm&r=g","contentUrl":"https:\/\/secure.gravatar.com\/avatar\/de9edc136dfc061ad4778e04635baefa?s=96&d=mm&r=g","caption":"Daniel Cardon"}}]}},"authors":[{"term_id":1143,"user_id":11,"is_guest":0,"slug":"danielcardon","display_name":"Daniel Cardon","avatar_url":"https:\/\/secure.gravatar.com\/avatar\/de9edc136dfc061ad4778e04635baefa?s=96&d=mm&r=g","0":null,"1":"","2":"","3":"","4":"","5":"","6":"","7":"","8":""}],"_links":{"self":[{"href":"https:\/\/www.ecinews.fr\/fr\/wp-json\/wp\/v2\/posts\/99632"}],"collection":[{"href":"https:\/\/www.ecinews.fr\/fr\/wp-json\/wp\/v2\/posts"}],"about":[{"href":"https:\/\/www.ecinews.fr\/fr\/wp-json\/wp\/v2\/types\/post"}],"author":[{"embeddable":true,"href":"https:\/\/www.ecinews.fr\/fr\/wp-json\/wp\/v2\/users\/11"}],"replies":[{"embeddable":true,"href":"https:\/\/www.ecinews.fr\/fr\/wp-json\/wp\/v2\/comments?post=99632"}],"version-history":[{"count":0,"href":"https:\/\/www.ecinews.fr\/fr\/wp-json\/wp\/v2\/posts\/99632\/revisions"}],"wp:featuredmedia":[{"embeddable":true,"href":"https:\/\/www.ecinews.fr\/fr\/wp-json\/wp\/v2\/media\/99633"}],"wp:attachment":[{"href":"https:\/\/www.ecinews.fr\/fr\/wp-json\/wp\/v2\/media?parent=99632"}],"wp:term":[{"taxonomy":"category","embeddable":true,"href":"https:\/\/www.ecinews.fr\/fr\/wp-json\/wp\/v2\/categories?post=99632"},{"taxonomy":"post_tag","embeddable":true,"href":"https:\/\/www.ecinews.fr\/fr\/wp-json\/wp\/v2\/tags?post=99632"},{"taxonomy":"domains","embeddable":true,"href":"https:\/\/www.ecinews.fr\/fr\/wp-json\/wp\/v2\/domains?post=99632"},{"taxonomy":"author","embeddable":true,"href":"https:\/\/www.ecinews.fr\/fr\/wp-json\/wp\/v2\/ppma_author?post=99632"}],"curies":[{"name":"wp","href":"https:\/\/api.w.org\/{rel}","templated":true}]}}