{"id":93508,"date":"2019-03-02T15:02:41","date_gmt":"2019-03-02T15:02:41","guid":{"rendered":"https:\/\/\/le-lifi-est-pret-pour-lintegration-de-masse\/"},"modified":"2019-03-02T15:02:41","modified_gmt":"2019-03-02T15:02:41","slug":"le-lifi-est-pret-pour-lintegration-de-masse","status":"publish","type":"post","link":"https:\/\/www.ecinews.fr\/fr\/le-lifi-est-pret-pour-lintegration-de-masse\/","title":{"rendered":"Le LiFi est pr\u00eat pour l&rsquo;integration de masse"},"content":{"rendered":"<figure class=\"image\" style=\"float:right\"><img decoding=\"async\" alt=\"\" height=\"225\" data-src=\"https:\/\/eenews.cdnartwhere.eu\/sites\/default\/files\/images\/01-picture-library\/eenews\/2019\/n-purelifi1.jpg\" width=\"300\" src=\"data:image\/svg+xml;base64,PHN2ZyB3aWR0aD0iMSIgaGVpZ2h0PSIxIiB4bWxucz0iaHR0cDovL3d3dy53My5vcmcvMjAwMC9zdmciPjwvc3ZnPg==\" class=\"lazyload\" style=\"--smush-placeholder-width: 300px; --smush-placeholder-aspect-ratio: 300\/225;\" \/><figcaption>The plug-in LiFi module connected to a smartphone<br \/>\nside-by-side with the shrunk optical components embedded in an<br \/>\nHP laptop computer.<\/figcaption><\/figure>\n<p>&nbsp;<\/p>\n<p><span class=\"tlid-translation translation\">Pour montrer qu&rsquo;elle \u00e9tait pr\u00eate pour le march\u00e9 de la t\u00e9l\u00e9phonie mobile et inciter les constructeurs de smartphones \u00e0 int\u00e9grer la LiFi dans leur prochaine g\u00e9n\u00e9ration de produits, la soci\u00e9t\u00e9 a pr\u00e9sent\u00e9 un d\u00e9monstrateur op\u00e9rationnel. Sur le stand, de minuscules ouvertures sur un PC portable HP standard permettaient aux composants optiques LiFi int\u00e9gr\u00e9s de la soci\u00e9t\u00e9 de prendre en charge des vitesses de transmission de donn\u00e9es de l&rsquo;ordre du Gbit pour la liaison descendante, et de 400 Mo\/s pour la liaison montante entre le PC et une lampe LiFi \u00e9quip\u00e9e d&rsquo;une ampoule GU10 LiFi connect\u00e9e via POE .<\/span><\/p>\n<p>&nbsp;<\/p>\n<p><span class=\"tlid-translation translation\">pureLiFi compte d\u00e9j\u00e0 plus de 130 d\u00e9ploiements LiFi dans plus de 20 pays, principalement dans des bureaux et des campus. Au salon MWC de l\u2019ann\u00e9e derni\u00e8re, la soci\u00e9t\u00e9 avait pass\u00e9 le tout premier appel Skype \u00e0 l\u2019aide d\u2019un smartphone connect\u00e9 via un module plug-in LiFi. De plus en plus d\u2019utilisations se pr\u00e9sentent pour LiFi sur la base du fait que la connexion optique sans fil est \u00e0 l\u2019abri des interf\u00e9rences RF et est \u00e9galement consid\u00e9r\u00e9e comme plus priv\u00e9e car elle ne sort pas des murs.<\/span><\/p>\n<p><span class=\"tlid-translation translation\">\u00abEn un an, nous sommes pass\u00e9s d\u2019un d\u00e9bit de donn\u00e9es de 43 Mo\/s \u00e0 1 Gbit\/s et nous avons consid\u00e9rablement r\u00e9duit la taille de nos composants optiques\u00bb, a d\u00e9clar\u00e9 Banham, montrant le smartphone \u00e9quip\u00e9 de LiFi plac\u00e9 \u00e0 c\u00f4t\u00e9 du PC HP avec LiFi int\u00e9gr\u00e9. \u00ab\u00a0Et cela dans un environnement compl\u00e8tement bourr\u00e9 de RF\u00a0\u00bb, a-t-il ajout\u00e9, \u00e9voquant les milliers de visiteurs de MWC essayant tous de se connecter au WiFi en m\u00eame temps.<\/span><\/p>\n<p>\u00e0 suivre: le LiFi sera partout dans 2 \u00e0 3 ans<\/p>\n<p>&nbsp;<\/p>\n<hr \/>\n<p>&nbsp;<\/p>\n<p><span class=\"tlid-translation translation\">\u00abNous avons maintenant les bons composants, \u00e0 la bonne taille et au bon co\u00fbt, pour pouvoir discuter avec les grands constructeurs OEM de l\u2019int\u00e9gration de LiFi sur leur feuille de route\u00bb, a d\u00e9clar\u00e9 le PDG. Nous n\u2019avons pas eu la possiblilit\u00e9 de voir les composants optiques discrets (\u00e9metteur et r\u00e9cepteur IR) car leur packaging et leur taille r\u00e9els \u00e9taient jug\u00e9s trop sensibles pour \u00eatre divulgu\u00e9s \u00e0 la presse, mais Banham avait les pi\u00e8ces pr\u00eates \u00e0 \u00eatre pr\u00e9sent\u00e9es aux clients cl\u00e9. \u201cToutes les grandes marques nous interrogent sur l&rsquo;int\u00e9gration, la QoS est un gros goulot d&rsquo;\u00e9tranglement pour les op\u00e9rateurs\u201d a-t-il ajout\u00e9.<\/span><\/p>\n<p>&nbsp;<\/p>\n<figure class=\"image\" style=\"float:left\"><img decoding=\"async\" alt=\"\" height=\"393\" data-src=\"https:\/\/eenews.cdnartwhere.eu\/sites\/default\/files\/images\/01-picture-library\/eenews\/2019\/n-purelifi23.jpg\" width=\"300\" src=\"data:image\/svg+xml;base64,PHN2ZyB3aWR0aD0iMSIgaGVpZ2h0PSIxIiB4bWxucz0iaHR0cDovL3d3dy53My5vcmcvMjAwMC9zdmciPjwvc3ZnPg==\" class=\"lazyload\" style=\"--smush-placeholder-width: 300px; --smush-placeholder-aspect-ratio: 300\/393;\" \/><figcaption>Example of a LiFi infrastructure.<\/figcaption><\/figure>\n<p>&nbsp;<\/p>\n<p><span class=\"tlid-translation translation\">\u00ab\u00a0Nous sommes propi\u00e9taires de la conception de nos composants optiques, nous avons notre sauce secr\u00e8te pour emballer le photocapteur avec l&rsquo;\u00e9metteur et le circuit analogique, et nous allons les int\u00e9grer davantage\u00a0\u00bb, a encore d\u00e9clar\u00e9 le PDG.<\/span><\/p>\n<p><span class=\"tlid-translation translation\">La norme IEEE 802.11bb pour la communication par ondes lumineuses devrait \u00eatre ratifi\u00e9e en 2021, les ASIC seront ensuite con\u00e7us pour piloter les produits LiFi et pureLiFi devrait int\u00e9grer tous les composants n\u00e9cessaires entre 2021 et 2022 afin de pouvoir exp\u00e9dier des p\u00e9riph\u00e9riques en volume dans environ trois ans.&nbsp;<\/span><\/p>\n<p><span class=\"tlid-translation translation\">En ce qui concerne le paysage concurrentiel, Banham a d\u00e9clar\u00e9 que le march\u00e9 de LiFi \u00e9tait encore en cours de cr\u00e9ation et que plus il y avait de concurrents, mieux c&rsquo;\u00e9tait pour contribuer \u00e0 la croissance de la taille du march\u00e9. \u00abMais, d\u2019apr\u00e8s ce que disent nos clients, nous sommes assez avanc\u00e9s en termes d\u2019int\u00e9gration et de d\u00e9bit de donn\u00e9es. Bien s\u00fbr, nous ne savons pas o\u00f9 en sont les autres \u00bb, a conclu le PDG.<\/span><\/p>\n<p>pureLiFi \u2013 <a href=\"http:\/\/www.purelifi.com\">www.purelifi.com<\/a><\/p>\n<p>&nbsp;<\/p>\n<p><strong>\u00e0 lire \u00e9galement: <\/strong><\/p>\n<p><a href=\"https:\/\/www.electronique-eci.com\/news\/nouvelle-ere-pour-le-lifi-avec-la-2eme-generation-de-lucibel\">Nouvelle \u00e8re pour le LiFi, avec la 2\u00e8me g\u00e9n\u00e9ration de Lucibel<\/a><\/p>\n<p>&nbsp;<\/p>\n<p>&nbsp;<\/p>\n<p><strong>Related articles in English:<\/strong><\/p>\n<p><a href=\"https:\/\/www.eenewseurope.com\/news\/lucibel-and-purelifi-bring-industrial-grade-lifi-market\">Lucibel and pureLiFi bring industrial-grade LiFi to market<\/a><\/p>\n<p><a href=\"https:\/\/www.eenewseurope.com\/news\/purelifi-raises-funds-refreshes-management-0\">PureLiFi raises funds, refreshes management<\/a><\/p>\n<p><a href=\"https:\/\/www.eenewseurope.com\/news\/fraunhofer-hhi-completes-optical-wifi-project\">Fraunhofer HHI completes optical WiFi project<\/a><\/p>\n<p><a href=\"https:\/\/www.eenewseurope.com\/news\/li-fi-achieves-224-gbps-data-transmission-speeds-room-scale-coverage\">Li-Fi achieves 224-Gbps data transmission speeds with room-scale coverage<\/a><\/p>\n","protected":false},"excerpt":{"rendered":"<p>En discutant avec le PDG de pureLiFi, Alistair Banham, lors du Mobile World Congress (MWC) \u00e0 Barcelone, nous avons pu avoir un aper\u00e7u de l&rsquo;avenir du LiFi.<\/p>\n","protected":false},"author":22,"featured_media":93509,"comment_status":"closed","ping_status":"closed","sticky":false,"template":"","format":"standard","meta":{"_acf_changed":false,"footnotes":""},"categories":[883],"tags":[892,907,915],"domains":[47],"ppma_author":[1149],"class_list":["post-93508","post","type-post","status-publish","format-standard","has-post-thumbnail","hentry","category-technologies","tag-ledlighting-fr","tag-optoelectronics-fr","tag-wireless-communications-fr","domains-electronique-eci"],"acf":[],"yoast_head":"<title>Le LiFi est pr\u00eat pour l&#039;integration de masse ...<\/title>\n<meta name=\"description\" content=\"En discutant avec le PDG de pureLiFi, Alistair Banham, lors du Mobile World Congress (MWC) \u00e0 Barcelone, nous avons pu avoir un aper\u00e7u de l&#039;avenir du...\" \/>\n<meta name=\"robots\" content=\"index, follow, max-snippet:-1, max-image-preview:large, max-video-preview:-1\" \/>\n<link rel=\"canonical\" href=\"https:\/\/www.ecinews.fr\/fr\/wp-json\/wp\/v2\/posts\/93508\/\" \/>\n<meta property=\"og:locale\" content=\"fr_FR\" \/>\n<meta property=\"og:type\" content=\"article\" \/>\n<meta property=\"og:title\" content=\"Le LiFi est pr\u00eat pour l&#039;integration de masse\" \/>\n<meta property=\"og:description\" content=\"En discutant avec le PDG de pureLiFi, Alistair Banham, lors du Mobile World Congress (MWC) \u00e0 Barcelone, nous avons pu avoir un aper\u00e7u de l&#039;avenir du LiFi.\" \/>\n<meta property=\"og:url\" content=\"https:\/\/www.ecinews.fr\/fr\/wp-json\/wp\/v2\/posts\/93508\/\" \/>\n<meta property=\"og:site_name\" content=\"EENewsEurope\" \/>\n<meta property=\"article:published_time\" content=\"2019-03-02T15:02:41+00:00\" \/>\n<meta property=\"og:image\" content=\"https:\/\/www.ecinews.fr\/wp-content\/uploads\/import\/default\/files\/sites\/default\/files\/images\/n-purelifi2-1024x682.png\" \/>\n\t<meta property=\"og:image:width\" content=\"1024\" \/>\n\t<meta property=\"og:image:height\" content=\"682\" \/>\n\t<meta property=\"og:image:type\" content=\"image\/png\" \/>\n<meta name=\"author\" content=\"eeNews Europe\" \/>\n<meta name=\"twitter:card\" content=\"summary_large_image\" \/>\n<meta name=\"twitter:label1\" content=\"Written by\" \/>\n\t<meta name=\"twitter:data1\" content=\"eeNews Europe\" \/>\n\t<meta name=\"twitter:label2\" content=\"Est. reading time\" \/>\n\t<meta name=\"twitter:data2\" content=\"3 minutes\" \/>\n<script type=\"application\/ld+json\" class=\"yoast-schema-graph\">{\"@context\":\"https:\/\/schema.org\",\"@graph\":[{\"@type\":\"Article\",\"@id\":\"https:\/\/www.ecinews.fr\/fr\/le-lifi-est-pret-pour-lintegration-de-masse\/#article\",\"isPartOf\":{\"@id\":\"https:\/\/www.ecinews.fr\/fr\/le-lifi-est-pret-pour-lintegration-de-masse\/\"},\"author\":{\"name\":\"eeNews Europe\",\"@id\":\"https:\/\/www.eenewseurope.com\/en\/#\/schema\/person\/9eff4051fa9dac8230052de45e32b0f4\"},\"headline\":\"Le LiFi est pr\u00eat pour l&rsquo;integration de masse\",\"datePublished\":\"2019-03-02T15:02:41+00:00\",\"dateModified\":\"2019-03-02T15:02:41+00:00\",\"mainEntityOfPage\":{\"@id\":\"https:\/\/www.ecinews.fr\/fr\/le-lifi-est-pret-pour-lintegration-de-masse\/\"},\"wordCount\":689,\"publisher\":{\"@id\":\"https:\/\/www.eenewseurope.com\/en\/#organization\"},\"keywords\":[\"LEDlighting\",\"Optoelectronics\",\"Wireless Communications\"],\"articleSection\":[\"Technologies\"],\"inLanguage\":\"fr-FR\"},{\"@type\":\"WebPage\",\"@id\":\"https:\/\/www.ecinews.fr\/fr\/le-lifi-est-pret-pour-lintegration-de-masse\/\",\"url\":\"https:\/\/www.ecinews.fr\/fr\/le-lifi-est-pret-pour-lintegration-de-masse\/\",\"name\":\"Le LiFi est pr\u00eat pour l'integration de masse -\",\"isPartOf\":{\"@id\":\"https:\/\/www.eenewseurope.com\/en\/#website\"},\"datePublished\":\"2019-03-02T15:02:41+00:00\",\"dateModified\":\"2019-03-02T15:02:41+00:00\",\"breadcrumb\":{\"@id\":\"https:\/\/www.ecinews.fr\/fr\/le-lifi-est-pret-pour-lintegration-de-masse\/#breadcrumb\"},\"inLanguage\":\"fr-FR\",\"potentialAction\":[{\"@type\":\"ReadAction\",\"target\":[\"https:\/\/www.ecinews.fr\/fr\/le-lifi-est-pret-pour-lintegration-de-masse\/\"]}]},{\"@type\":\"BreadcrumbList\",\"@id\":\"https:\/\/www.ecinews.fr\/fr\/le-lifi-est-pret-pour-lintegration-de-masse\/#breadcrumb\",\"itemListElement\":[{\"@type\":\"ListItem\",\"position\":1,\"name\":\"Home\",\"item\":\"https:\/\/www.ecinews.fr\/fr\/\"},{\"@type\":\"ListItem\",\"position\":2,\"name\":\"Le LiFi est pr\u00eat pour l&rsquo;integration de masse\"}]},{\"@type\":\"WebSite\",\"@id\":\"https:\/\/www.eenewseurope.com\/en\/#website\",\"url\":\"https:\/\/www.eenewseurope.com\/en\/\",\"name\":\"EENewsEurope\",\"description\":\"Just another WordPress site\",\"publisher\":{\"@id\":\"https:\/\/www.eenewseurope.com\/en\/#organization\"},\"potentialAction\":[{\"@type\":\"SearchAction\",\"target\":{\"@type\":\"EntryPoint\",\"urlTemplate\":\"https:\/\/www.eenewseurope.com\/en\/?s={search_term_string}\"},\"query-input\":\"required name=search_term_string\"}],\"inLanguage\":\"fr-FR\"},{\"@type\":\"Organization\",\"@id\":\"https:\/\/www.eenewseurope.com\/en\/#organization\",\"name\":\"EENewsEurope\",\"url\":\"https:\/\/www.eenewseurope.com\/en\/\",\"logo\":{\"@type\":\"ImageObject\",\"inLanguage\":\"fr-FR\",\"@id\":\"https:\/\/www.eenewseurope.com\/en\/#\/schema\/logo\/image\/\",\"url\":\"https:\/\/www.ecinews.fr\/wp-content\/uploads\/2022\/02\/logo-1.jpg\",\"contentUrl\":\"https:\/\/www.ecinews.fr\/wp-content\/uploads\/2022\/02\/logo-1.jpg\",\"width\":283,\"height\":113,\"caption\":\"EENewsEurope\"},\"image\":{\"@id\":\"https:\/\/www.eenewseurope.com\/en\/#\/schema\/logo\/image\/\"}},{\"@type\":\"Person\",\"@id\":\"https:\/\/www.eenewseurope.com\/en\/#\/schema\/person\/9eff4051fa9dac8230052de45e32b0f4\",\"name\":\"eeNews Europe\",\"image\":{\"@type\":\"ImageObject\",\"inLanguage\":\"fr-FR\",\"@id\":\"https:\/\/www.eenewseurope.com\/en\/#\/schema\/person\/image\/fae8f0cb15861c4ae0ed4872e2c9fc22\",\"url\":\"https:\/\/secure.gravatar.com\/avatar\/5081509054e28b04ecd976976e723ce0?s=96&d=mm&r=g\",\"contentUrl\":\"https:\/\/secure.gravatar.com\/avatar\/5081509054e28b04ecd976976e723ce0?s=96&d=mm&r=g\",\"caption\":\"eeNews Europe\"}}]}<\/script>","yoast_head_json":{"title":"Le LiFi est pr\u00eat pour l'integration de masse ...","description":"En discutant avec le PDG de pureLiFi, Alistair Banham, lors du Mobile World Congress (MWC) \u00e0 Barcelone, nous avons pu avoir un aper\u00e7u de l'avenir du...","robots":{"index":"index","follow":"follow","max-snippet":"max-snippet:-1","max-image-preview":"max-image-preview:large","max-video-preview":"max-video-preview:-1"},"canonical":"https:\/\/www.ecinews.fr\/fr\/wp-json\/wp\/v2\/posts\/93508\/","og_locale":"fr_FR","og_type":"article","og_title":"Le LiFi est pr\u00eat pour l'integration de masse","og_description":"En discutant avec le PDG de pureLiFi, Alistair Banham, lors du Mobile World Congress (MWC) \u00e0 Barcelone, nous avons pu avoir un aper\u00e7u de l'avenir du LiFi.","og_url":"https:\/\/www.ecinews.fr\/fr\/wp-json\/wp\/v2\/posts\/93508\/","og_site_name":"EENewsEurope","article_published_time":"2019-03-02T15:02:41+00:00","og_image":[{"width":1024,"height":682,"url":"https:\/\/www.ecinews.fr\/wp-content\/uploads\/import\/default\/files\/sites\/default\/files\/images\/n-purelifi2-1024x682.png","type":"image\/png"}],"author":"eeNews Europe","twitter_card":"summary_large_image","twitter_misc":{"Written by":"eeNews Europe","Est. reading time":"3 minutes"},"schema":{"@context":"https:\/\/schema.org","@graph":[{"@type":"Article","@id":"https:\/\/www.ecinews.fr\/fr\/le-lifi-est-pret-pour-lintegration-de-masse\/#article","isPartOf":{"@id":"https:\/\/www.ecinews.fr\/fr\/le-lifi-est-pret-pour-lintegration-de-masse\/"},"author":{"name":"eeNews Europe","@id":"https:\/\/www.eenewseurope.com\/en\/#\/schema\/person\/9eff4051fa9dac8230052de45e32b0f4"},"headline":"Le LiFi est pr\u00eat pour l&rsquo;integration de masse","datePublished":"2019-03-02T15:02:41+00:00","dateModified":"2019-03-02T15:02:41+00:00","mainEntityOfPage":{"@id":"https:\/\/www.ecinews.fr\/fr\/le-lifi-est-pret-pour-lintegration-de-masse\/"},"wordCount":689,"publisher":{"@id":"https:\/\/www.eenewseurope.com\/en\/#organization"},"keywords":["LEDlighting","Optoelectronics","Wireless Communications"],"articleSection":["Technologies"],"inLanguage":"fr-FR"},{"@type":"WebPage","@id":"https:\/\/www.ecinews.fr\/fr\/le-lifi-est-pret-pour-lintegration-de-masse\/","url":"https:\/\/www.ecinews.fr\/fr\/le-lifi-est-pret-pour-lintegration-de-masse\/","name":"Le LiFi est pr\u00eat pour l'integration de masse -","isPartOf":{"@id":"https:\/\/www.eenewseurope.com\/en\/#website"},"datePublished":"2019-03-02T15:02:41+00:00","dateModified":"2019-03-02T15:02:41+00:00","breadcrumb":{"@id":"https:\/\/www.ecinews.fr\/fr\/le-lifi-est-pret-pour-lintegration-de-masse\/#breadcrumb"},"inLanguage":"fr-FR","potentialAction":[{"@type":"ReadAction","target":["https:\/\/www.ecinews.fr\/fr\/le-lifi-est-pret-pour-lintegration-de-masse\/"]}]},{"@type":"BreadcrumbList","@id":"https:\/\/www.ecinews.fr\/fr\/le-lifi-est-pret-pour-lintegration-de-masse\/#breadcrumb","itemListElement":[{"@type":"ListItem","position":1,"name":"Home","item":"https:\/\/www.ecinews.fr\/fr\/"},{"@type":"ListItem","position":2,"name":"Le LiFi est pr\u00eat pour l&rsquo;integration de masse"}]},{"@type":"WebSite","@id":"https:\/\/www.eenewseurope.com\/en\/#website","url":"https:\/\/www.eenewseurope.com\/en\/","name":"EENewsEurope","description":"Just another WordPress site","publisher":{"@id":"https:\/\/www.eenewseurope.com\/en\/#organization"},"potentialAction":[{"@type":"SearchAction","target":{"@type":"EntryPoint","urlTemplate":"https:\/\/www.eenewseurope.com\/en\/?s={search_term_string}"},"query-input":"required name=search_term_string"}],"inLanguage":"fr-FR"},{"@type":"Organization","@id":"https:\/\/www.eenewseurope.com\/en\/#organization","name":"EENewsEurope","url":"https:\/\/www.eenewseurope.com\/en\/","logo":{"@type":"ImageObject","inLanguage":"fr-FR","@id":"https:\/\/www.eenewseurope.com\/en\/#\/schema\/logo\/image\/","url":"https:\/\/www.ecinews.fr\/wp-content\/uploads\/2022\/02\/logo-1.jpg","contentUrl":"https:\/\/www.ecinews.fr\/wp-content\/uploads\/2022\/02\/logo-1.jpg","width":283,"height":113,"caption":"EENewsEurope"},"image":{"@id":"https:\/\/www.eenewseurope.com\/en\/#\/schema\/logo\/image\/"}},{"@type":"Person","@id":"https:\/\/www.eenewseurope.com\/en\/#\/schema\/person\/9eff4051fa9dac8230052de45e32b0f4","name":"eeNews Europe","image":{"@type":"ImageObject","inLanguage":"fr-FR","@id":"https:\/\/www.eenewseurope.com\/en\/#\/schema\/person\/image\/fae8f0cb15861c4ae0ed4872e2c9fc22","url":"https:\/\/secure.gravatar.com\/avatar\/5081509054e28b04ecd976976e723ce0?s=96&d=mm&r=g","contentUrl":"https:\/\/secure.gravatar.com\/avatar\/5081509054e28b04ecd976976e723ce0?s=96&d=mm&r=g","caption":"eeNews Europe"}}]}},"authors":[{"term_id":1149,"user_id":22,"is_guest":0,"slug":"eenews-europe","display_name":"eeNews Europe","avatar_url":"https:\/\/secure.gravatar.com\/avatar\/5081509054e28b04ecd976976e723ce0?s=96&d=mm&r=g","0":null,"1":"","2":"","3":"","4":"","5":"","6":"","7":"","8":""}],"_links":{"self":[{"href":"https:\/\/www.ecinews.fr\/fr\/wp-json\/wp\/v2\/posts\/93508"}],"collection":[{"href":"https:\/\/www.ecinews.fr\/fr\/wp-json\/wp\/v2\/posts"}],"about":[{"href":"https:\/\/www.ecinews.fr\/fr\/wp-json\/wp\/v2\/types\/post"}],"author":[{"embeddable":true,"href":"https:\/\/www.ecinews.fr\/fr\/wp-json\/wp\/v2\/users\/22"}],"replies":[{"embeddable":true,"href":"https:\/\/www.ecinews.fr\/fr\/wp-json\/wp\/v2\/comments?post=93508"}],"version-history":[{"count":0,"href":"https:\/\/www.ecinews.fr\/fr\/wp-json\/wp\/v2\/posts\/93508\/revisions"}],"wp:featuredmedia":[{"embeddable":true,"href":"https:\/\/www.ecinews.fr\/fr\/wp-json\/wp\/v2\/media\/93509"}],"wp:attachment":[{"href":"https:\/\/www.ecinews.fr\/fr\/wp-json\/wp\/v2\/media?parent=93508"}],"wp:term":[{"taxonomy":"category","embeddable":true,"href":"https:\/\/www.ecinews.fr\/fr\/wp-json\/wp\/v2\/categories?post=93508"},{"taxonomy":"post_tag","embeddable":true,"href":"https:\/\/www.ecinews.fr\/fr\/wp-json\/wp\/v2\/tags?post=93508"},{"taxonomy":"domains","embeddable":true,"href":"https:\/\/www.ecinews.fr\/fr\/wp-json\/wp\/v2\/domains?post=93508"},{"taxonomy":"author","embeddable":true,"href":"https:\/\/www.ecinews.fr\/fr\/wp-json\/wp\/v2\/ppma_author?post=93508"}],"curies":[{"name":"wp","href":"https:\/\/api.w.org\/{rel}","templated":true}]}}