{"id":92072,"date":"2019-03-18T11:15:03","date_gmt":"2019-03-18T11:15:03","guid":{"rendered":"https:\/\/\/intel-a-deja-redepasse-samsung\/"},"modified":"2019-03-18T11:15:03","modified_gmt":"2019-03-18T11:15:03","slug":"intel-a-deja-redepasse-samsung","status":"publish","type":"post","link":"https:\/\/www.ecinews.fr\/fr\/intel-a-deja-redepasse-samsung\/","title":{"rendered":"Intel a d\u00e9j\u00e0 red\u00e9pass\u00e9 Samsung"},"content":{"rendered":"<div class=\"text-wrap tlid-copy-target\">\n<div class=\"result-shield-container tlid-copy-target\"><span class=\"tlid-translation translation\" lang=\"fr\"><span title=\"\">C&rsquo;est le r\u00e9sultat d&rsquo;un march\u00e9 en baisse pour les puces utilis\u00e9es dans les combin\u00e9s mobiles et les serveurs d&rsquo;entreprise.<\/span><\/p>\n<p><span title=\"\">Le chiffre d\u2019affaires des semi-conducteurs d\u2019Intel a atteint 18,4 milliards de dollars au quatri\u00e8me trimestre, contre 15,8 milliards pour Samsung.<\/span> <span title=\"\">Alors que les ventes de semi-conducteurs d&rsquo;Intel ont diminu\u00e9 de 2,3% au 4T18, les ventes de semi-conducteurs de Samsungt ont chut\u00e9 de 24,9% pour la m\u00eame p\u00e9riode, a rapport\u00e9 IHS Markit. Il est \u00e0 noter que dans le top 10 STM est la seule soci\u00e9t\u00e9 \u00e0 avoir connu une croissance de son chiffre d&rsquo;affaires \u00e0 USD 2,648 milliards sur la p\u00e9iode et +5%. STM a ravi la 8eme place du classement \u00e0 Toshiba.<\/span><\/span><\/div>\n<\/div>\n<div class=\"tlid-result-transliteration-container result-transliteration-container transliteration-container\">\n<div class=\"tlid-transliteration-content transliteration-content full\">&nbsp;<\/div>\n<\/div>\n<p>This was the result of a declining market for chips used in mobile handsets and enterprise servers.<\/p>\n<p>&nbsp;<\/p>\n<p><img decoding=\"async\" alt=\"\" height=\"291\" data-src=\"https:\/\/eenews.cdnartwhere.eu\/sites\/default\/files\/images\/01-picture-library\/PeterClarke\/2019\/03\/ihsmarkit530.jpg\" width=\"530\" src=\"data:image\/svg+xml;base64,PHN2ZyB3aWR0aD0iMSIgaGVpZ2h0PSIxIiB4bWxucz0iaHR0cDovL3d3dy53My5vcmcvMjAwMC9zdmciPjwvc3ZnPg==\" class=\"lazyload\" style=\"--smush-placeholder-width: 530px; --smush-placeholder-aspect-ratio: 530\/291;\" \/><\/p>\n<p><em><strong>Top ten chip vendors ranked by 4Q18 revenue ($millions). Source IHS Markit.<\/strong><\/em><\/p>\n<p><span class=\"tlid-translation translation\" lang=\"fr\">Le dernier trimestre o\u00f9 Intel \u00e9tait en t\u00eate du classement des ventes de semi-conducteurs remonte au deuxi\u00e8me trimestre de 2017. Samsung a d\u00e9pass\u00e9 Intel au troisi\u00e8me trimestre de 2017, en raison d&rsquo;une p\u00e9nurie de puces m\u00e9moires ( qui avait entrain\u00e9 une hausse des prix) utilis\u00e9es sur les march\u00e9s en croissance des t\u00e9l\u00e9phones&nbsp;cellulaires et des serveurs , que Samsung avait pu combler.<\/span><\/p>\n<p><span class=\"tlid-translation translation\" lang=\"fr\">\u00e0 suivre: \u00e0 qui le titre pour 2018?<\/span><\/p>\n<hr \/>\n<p><span class=\"tlid-translation translation\" lang=\"fr\">Le chiffre d\u2019affaires annuel des semi-conducteurs de Samsung a augment\u00e9 de 20,3% en glissement annuel pour atteindre 74,6 milliards de dollars en 2018, tandis que le chiffre d\u2019affaires des semi-conducteurs d\u2019Intel a augment\u00e9 de 13,4% pour atteindre 69,9 milliards de dollars. Mais 87% des ventes de puces de Samsung sont des m\u00e9moires contre seulement 6% pour Intel.<\/span><\/p>\n<p><span class=\"tlid-translation translation\" lang=\"fr\">Le march\u00e9 global des semi-conducteurs a recul\u00e9 de 10,2% au quatri\u00e8me trimestre de 2018, toutes les applications et tous les segments de march\u00e9 \u00e9tant en diminution, a d\u00e9clar\u00e9 IHS Markit.<\/span><\/p>\n<p><strong>\u00e0 lire \u00e9galement:<\/strong><\/p>\n<p><strong><a href=\"https:\/\/www.electronique-eci.com\/news\/14nm-intel-ny-arrive-pas-et-sous-traiterait-tsmc\">14nm: Intel n&rsquo;y arrive pas et sous-traiterait \u00e0 TSMC ?<\/a><\/strong><\/p>\n<p><a href=\"https:\/\/www.electronique-eci.com\/news\/arm-defie-intel-avec-de-nouveaux-processeurs-pc\"><strong>ARM d\u00e9fie Intel avec de nouveaux processeurs PC <\/strong><\/a><\/p>\n<p><a href=\"https:\/\/www.electronique-eci.com\/news\/pourquoi-intel-va-revendre-wind-river\"><strong>Pourquoi Intel va revendre Wind River <\/strong><\/a><\/p>\n<p><a href=\"https:\/\/www.electronique-eci.com\/news\/samsung-champion-2017-des-fabricants-de-puces\"><strong>Samsung, champion 2017 des fabricants de puces <\/strong><\/a><\/p>\n<p>&nbsp;<\/p>\n<p><strong>Related links and articles in English: <\/strong><\/p>\n<p><a href=\"http:\/\/www.ihsmarkit.com\">www.ihsmarkit.com<\/a><\/p>\n<p><strong>News articles:<\/strong><\/p>\n<p><a href=\"https:\/\/www.eenewsanalog.com\/news\/intel-slow-lane\">Intel in the slow lane <\/a><\/p>\n<p><a href=\"https:\/\/www.eenewsanalog.com\/news\/samsung-set-take-intels-chip-crown\">Samsung set to take Intel&rsquo;s chip crown <\/a><\/p>\n<p><a href=\"https:\/\/www.eenewsanalog.com\/news\/samsung-set-oust-intel-chip-market-leader\">Samsung set to oust Intel as chip market leader <\/a><\/p>\n<p><a href=\"https:\/\/www.eenewsanalog.com\/news\/europe-last-know-about-chip-market-downturn\">Europe last to know about chip market downturn <\/a><\/p>\n<p><a href=\"https:\/\/www.eenewsanalog.com\/news\/global-chip-market-return-low-growth-2019\">Global chip market to return to low growth in 2019 <\/a><\/p>\n","protected":false},"excerpt":{"rendered":"<p>Intel Corp. a r\u00e9cup\u00e9r\u00e9 la premi\u00e8re place du classement des fournisseurs de semi-conducteurs pour le quatri\u00e8me trimestre de 2018, rempla\u00e7ant Samsung, qui occupait le premier rang au cours des cinq trimestres pr\u00e9c\u00e9dents, selon IHS Markit.<\/p>\n","protected":false},"author":22,"featured_media":92073,"comment_status":"closed","ping_status":"closed","sticky":false,"template":"","format":"standard","meta":{"_acf_changed":false,"footnotes":""},"categories":[880],"tags":[889,920,893,912,896,899,900,903,919,892,905,906,907,908,890,916,910,915],"domains":[47],"ppma_author":[1149],"class_list":["post-92072","post","type-post","status-publish","format-standard","has-post-thumbnail","hentry","category-actualites-economiques","tag-analog-fr","tag-artificialintelligence-fr","tag-authentication-encryption-fr","tag-dataacquisition-fr","tag-digitalsignalprocessing-fr","tag-eda-cad-tools-fr","tag-electromechanical-fr","tag-interconnect-cables-fr","tag-iot-fr","tag-ledlighting-fr","tag-memory-data-storage-fr","tag-mpus-mcus-fr","tag-optoelectronics-fr","tag-plds-fpgas-asics-fr","tag-powermanagement-fr","tag-rf-transmission-fr","tag-sensing-conditioning-fr","tag-wireless-communications-fr","domains-electronique-eci"],"acf":[],"yoast_head":"<title>Intel a d\u00e9j\u00e0 red\u00e9pass\u00e9 Samsung ...<\/title>\n<meta name=\"description\" content=\"Intel Corp. a r\u00e9cup\u00e9r\u00e9 la premi\u00e8re place du classement des fournisseurs de semi-conducteurs pour le quatri\u00e8me trimestre de 2018, rempla\u00e7ant Samsung,...\" \/>\n<meta name=\"robots\" content=\"index, follow, max-snippet:-1, max-image-preview:large, max-video-preview:-1\" \/>\n<link rel=\"canonical\" href=\"https:\/\/www.ecinews.fr\/fr\/wp-json\/wp\/v2\/posts\/92072\/\" \/>\n<meta property=\"og:locale\" content=\"fr_FR\" \/>\n<meta property=\"og:type\" content=\"article\" \/>\n<meta property=\"og:title\" content=\"Intel a d\u00e9j\u00e0 red\u00e9pass\u00e9 Samsung\" \/>\n<meta property=\"og:description\" content=\"Intel Corp. a r\u00e9cup\u00e9r\u00e9 la premi\u00e8re place du classement des fournisseurs de semi-conducteurs pour le quatri\u00e8me trimestre de 2018, rempla\u00e7ant Samsung, qui occupait le premier rang au cours des cinq trimestres pr\u00e9c\u00e9dents, selon IHS Markit.\" \/>\n<meta property=\"og:url\" content=\"https:\/\/www.ecinews.fr\/fr\/wp-json\/wp\/v2\/posts\/92072\/\" \/>\n<meta property=\"og:site_name\" content=\"EENewsEurope\" \/>\n<meta property=\"article:published_time\" content=\"2019-03-18T11:15:03+00:00\" \/>\n<meta property=\"og:image\" content=\"https:\/\/www.ecinews.fr\/wp-content\/uploads\/import\/default\/files\/sites\/default\/files\/images\/overtaken630.jpg\" \/>\n\t<meta property=\"og:image:width\" content=\"630\" \/>\n\t<meta property=\"og:image:height\" content=\"360\" \/>\n\t<meta property=\"og:image:type\" content=\"image\/jpeg\" \/>\n<meta name=\"author\" content=\"eeNews Europe\" \/>\n<meta name=\"twitter:card\" content=\"summary_large_image\" \/>\n<meta name=\"twitter:label1\" content=\"Written by\" \/>\n\t<meta name=\"twitter:data1\" content=\"eeNews Europe\" \/>\n\t<meta name=\"twitter:label2\" content=\"Est. reading time\" \/>\n\t<meta name=\"twitter:data2\" content=\"2 minutes\" \/>\n<script type=\"application\/ld+json\" class=\"yoast-schema-graph\">{\"@context\":\"https:\/\/schema.org\",\"@graph\":[{\"@type\":\"Article\",\"@id\":\"https:\/\/www.ecinews.fr\/fr\/intel-a-deja-redepasse-samsung\/#article\",\"isPartOf\":{\"@id\":\"https:\/\/www.ecinews.fr\/fr\/intel-a-deja-redepasse-samsung\/\"},\"author\":{\"name\":\"eeNews Europe\",\"@id\":\"https:\/\/www.eenewseurope.com\/en\/#\/schema\/person\/9eff4051fa9dac8230052de45e32b0f4\"},\"headline\":\"Intel a d\u00e9j\u00e0 red\u00e9pass\u00e9 Samsung\",\"datePublished\":\"2019-03-18T11:15:03+00:00\",\"dateModified\":\"2019-03-18T11:15:03+00:00\",\"mainEntityOfPage\":{\"@id\":\"https:\/\/www.ecinews.fr\/fr\/intel-a-deja-redepasse-samsung\/\"},\"wordCount\":396,\"publisher\":{\"@id\":\"https:\/\/www.eenewseurope.com\/en\/#organization\"},\"keywords\":[\"Analog\",\"ArtificialIntelligence\",\"Authentication &amp; Encryption\",\"DataAcquisition\",\"DigitalSignalProcessing\",\"EDA &amp; CAD tools\",\"Electromechanical\",\"Interconnect &amp; cables\",\"IoT\",\"LEDlighting\",\"Memory &amp; Data Storage\",\"MPUs\/MCUs\",\"Optoelectronics\",\"PLDs\/FPGAs\/ASICs\",\"PowerManagement\",\"RF transmission\",\"Sensing \/ Conditioning\",\"Wireless Communications\"],\"articleSection\":[\"Actualit\u00e9s \u00e9conomiques\"],\"inLanguage\":\"fr-FR\"},{\"@type\":\"WebPage\",\"@id\":\"https:\/\/www.ecinews.fr\/fr\/intel-a-deja-redepasse-samsung\/\",\"url\":\"https:\/\/www.ecinews.fr\/fr\/intel-a-deja-redepasse-samsung\/\",\"name\":\"Intel a d\u00e9j\u00e0 red\u00e9pass\u00e9 Samsung -\",\"isPartOf\":{\"@id\":\"https:\/\/www.eenewseurope.com\/en\/#website\"},\"datePublished\":\"2019-03-18T11:15:03+00:00\",\"dateModified\":\"2019-03-18T11:15:03+00:00\",\"breadcrumb\":{\"@id\":\"https:\/\/www.ecinews.fr\/fr\/intel-a-deja-redepasse-samsung\/#breadcrumb\"},\"inLanguage\":\"fr-FR\",\"potentialAction\":[{\"@type\":\"ReadAction\",\"target\":[\"https:\/\/www.ecinews.fr\/fr\/intel-a-deja-redepasse-samsung\/\"]}]},{\"@type\":\"BreadcrumbList\",\"@id\":\"https:\/\/www.ecinews.fr\/fr\/intel-a-deja-redepasse-samsung\/#breadcrumb\",\"itemListElement\":[{\"@type\":\"ListItem\",\"position\":1,\"name\":\"Home\",\"item\":\"https:\/\/www.ecinews.fr\/fr\/\"},{\"@type\":\"ListItem\",\"position\":2,\"name\":\"Intel a d\u00e9j\u00e0 red\u00e9pass\u00e9 Samsung\"}]},{\"@type\":\"WebSite\",\"@id\":\"https:\/\/www.eenewseurope.com\/en\/#website\",\"url\":\"https:\/\/www.eenewseurope.com\/en\/\",\"name\":\"EENewsEurope\",\"description\":\"Just another WordPress site\",\"publisher\":{\"@id\":\"https:\/\/www.eenewseurope.com\/en\/#organization\"},\"potentialAction\":[{\"@type\":\"SearchAction\",\"target\":{\"@type\":\"EntryPoint\",\"urlTemplate\":\"https:\/\/www.eenewseurope.com\/en\/?s={search_term_string}\"},\"query-input\":\"required name=search_term_string\"}],\"inLanguage\":\"fr-FR\"},{\"@type\":\"Organization\",\"@id\":\"https:\/\/www.eenewseurope.com\/en\/#organization\",\"name\":\"EENewsEurope\",\"url\":\"https:\/\/www.eenewseurope.com\/en\/\",\"logo\":{\"@type\":\"ImageObject\",\"inLanguage\":\"fr-FR\",\"@id\":\"https:\/\/www.eenewseurope.com\/en\/#\/schema\/logo\/image\/\",\"url\":\"https:\/\/www.ecinews.fr\/wp-content\/uploads\/2022\/02\/logo-1.jpg\",\"contentUrl\":\"https:\/\/www.ecinews.fr\/wp-content\/uploads\/2022\/02\/logo-1.jpg\",\"width\":283,\"height\":113,\"caption\":\"EENewsEurope\"},\"image\":{\"@id\":\"https:\/\/www.eenewseurope.com\/en\/#\/schema\/logo\/image\/\"}},{\"@type\":\"Person\",\"@id\":\"https:\/\/www.eenewseurope.com\/en\/#\/schema\/person\/9eff4051fa9dac8230052de45e32b0f4\",\"name\":\"eeNews Europe\",\"image\":{\"@type\":\"ImageObject\",\"inLanguage\":\"fr-FR\",\"@id\":\"https:\/\/www.eenewseurope.com\/en\/#\/schema\/person\/image\/fae8f0cb15861c4ae0ed4872e2c9fc22\",\"url\":\"https:\/\/secure.gravatar.com\/avatar\/5081509054e28b04ecd976976e723ce0?s=96&d=mm&r=g\",\"contentUrl\":\"https:\/\/secure.gravatar.com\/avatar\/5081509054e28b04ecd976976e723ce0?s=96&d=mm&r=g\",\"caption\":\"eeNews Europe\"}}]}<\/script>","yoast_head_json":{"title":"Intel a d\u00e9j\u00e0 red\u00e9pass\u00e9 Samsung ...","description":"Intel Corp. a r\u00e9cup\u00e9r\u00e9 la premi\u00e8re place du classement des fournisseurs de semi-conducteurs pour le quatri\u00e8me trimestre de 2018, rempla\u00e7ant Samsung,...","robots":{"index":"index","follow":"follow","max-snippet":"max-snippet:-1","max-image-preview":"max-image-preview:large","max-video-preview":"max-video-preview:-1"},"canonical":"https:\/\/www.ecinews.fr\/fr\/wp-json\/wp\/v2\/posts\/92072\/","og_locale":"fr_FR","og_type":"article","og_title":"Intel a d\u00e9j\u00e0 red\u00e9pass\u00e9 Samsung","og_description":"Intel Corp. a r\u00e9cup\u00e9r\u00e9 la premi\u00e8re place du classement des fournisseurs de semi-conducteurs pour le quatri\u00e8me trimestre de 2018, rempla\u00e7ant Samsung, qui occupait le premier rang au cours des cinq trimestres pr\u00e9c\u00e9dents, selon IHS Markit.","og_url":"https:\/\/www.ecinews.fr\/fr\/wp-json\/wp\/v2\/posts\/92072\/","og_site_name":"EENewsEurope","article_published_time":"2019-03-18T11:15:03+00:00","og_image":[{"width":630,"height":360,"url":"https:\/\/www.ecinews.fr\/wp-content\/uploads\/import\/default\/files\/sites\/default\/files\/images\/overtaken630.jpg","type":"image\/jpeg"}],"author":"eeNews Europe","twitter_card":"summary_large_image","twitter_misc":{"Written by":"eeNews Europe","Est. reading time":"2 minutes"},"schema":{"@context":"https:\/\/schema.org","@graph":[{"@type":"Article","@id":"https:\/\/www.ecinews.fr\/fr\/intel-a-deja-redepasse-samsung\/#article","isPartOf":{"@id":"https:\/\/www.ecinews.fr\/fr\/intel-a-deja-redepasse-samsung\/"},"author":{"name":"eeNews Europe","@id":"https:\/\/www.eenewseurope.com\/en\/#\/schema\/person\/9eff4051fa9dac8230052de45e32b0f4"},"headline":"Intel a d\u00e9j\u00e0 red\u00e9pass\u00e9 Samsung","datePublished":"2019-03-18T11:15:03+00:00","dateModified":"2019-03-18T11:15:03+00:00","mainEntityOfPage":{"@id":"https:\/\/www.ecinews.fr\/fr\/intel-a-deja-redepasse-samsung\/"},"wordCount":396,"publisher":{"@id":"https:\/\/www.eenewseurope.com\/en\/#organization"},"keywords":["Analog","ArtificialIntelligence","Authentication &amp; Encryption","DataAcquisition","DigitalSignalProcessing","EDA &amp; CAD tools","Electromechanical","Interconnect &amp; cables","IoT","LEDlighting","Memory &amp; Data Storage","MPUs\/MCUs","Optoelectronics","PLDs\/FPGAs\/ASICs","PowerManagement","RF transmission","Sensing \/ Conditioning","Wireless Communications"],"articleSection":["Actualit\u00e9s \u00e9conomiques"],"inLanguage":"fr-FR"},{"@type":"WebPage","@id":"https:\/\/www.ecinews.fr\/fr\/intel-a-deja-redepasse-samsung\/","url":"https:\/\/www.ecinews.fr\/fr\/intel-a-deja-redepasse-samsung\/","name":"Intel a d\u00e9j\u00e0 red\u00e9pass\u00e9 Samsung -","isPartOf":{"@id":"https:\/\/www.eenewseurope.com\/en\/#website"},"datePublished":"2019-03-18T11:15:03+00:00","dateModified":"2019-03-18T11:15:03+00:00","breadcrumb":{"@id":"https:\/\/www.ecinews.fr\/fr\/intel-a-deja-redepasse-samsung\/#breadcrumb"},"inLanguage":"fr-FR","potentialAction":[{"@type":"ReadAction","target":["https:\/\/www.ecinews.fr\/fr\/intel-a-deja-redepasse-samsung\/"]}]},{"@type":"BreadcrumbList","@id":"https:\/\/www.ecinews.fr\/fr\/intel-a-deja-redepasse-samsung\/#breadcrumb","itemListElement":[{"@type":"ListItem","position":1,"name":"Home","item":"https:\/\/www.ecinews.fr\/fr\/"},{"@type":"ListItem","position":2,"name":"Intel a d\u00e9j\u00e0 red\u00e9pass\u00e9 Samsung"}]},{"@type":"WebSite","@id":"https:\/\/www.eenewseurope.com\/en\/#website","url":"https:\/\/www.eenewseurope.com\/en\/","name":"EENewsEurope","description":"Just another WordPress site","publisher":{"@id":"https:\/\/www.eenewseurope.com\/en\/#organization"},"potentialAction":[{"@type":"SearchAction","target":{"@type":"EntryPoint","urlTemplate":"https:\/\/www.eenewseurope.com\/en\/?s={search_term_string}"},"query-input":"required name=search_term_string"}],"inLanguage":"fr-FR"},{"@type":"Organization","@id":"https:\/\/www.eenewseurope.com\/en\/#organization","name":"EENewsEurope","url":"https:\/\/www.eenewseurope.com\/en\/","logo":{"@type":"ImageObject","inLanguage":"fr-FR","@id":"https:\/\/www.eenewseurope.com\/en\/#\/schema\/logo\/image\/","url":"https:\/\/www.ecinews.fr\/wp-content\/uploads\/2022\/02\/logo-1.jpg","contentUrl":"https:\/\/www.ecinews.fr\/wp-content\/uploads\/2022\/02\/logo-1.jpg","width":283,"height":113,"caption":"EENewsEurope"},"image":{"@id":"https:\/\/www.eenewseurope.com\/en\/#\/schema\/logo\/image\/"}},{"@type":"Person","@id":"https:\/\/www.eenewseurope.com\/en\/#\/schema\/person\/9eff4051fa9dac8230052de45e32b0f4","name":"eeNews Europe","image":{"@type":"ImageObject","inLanguage":"fr-FR","@id":"https:\/\/www.eenewseurope.com\/en\/#\/schema\/person\/image\/fae8f0cb15861c4ae0ed4872e2c9fc22","url":"https:\/\/secure.gravatar.com\/avatar\/5081509054e28b04ecd976976e723ce0?s=96&d=mm&r=g","contentUrl":"https:\/\/secure.gravatar.com\/avatar\/5081509054e28b04ecd976976e723ce0?s=96&d=mm&r=g","caption":"eeNews Europe"}}]}},"authors":[{"term_id":1149,"user_id":22,"is_guest":0,"slug":"eenews-europe","display_name":"eeNews Europe","avatar_url":"https:\/\/secure.gravatar.com\/avatar\/5081509054e28b04ecd976976e723ce0?s=96&d=mm&r=g","0":null,"1":"","2":"","3":"","4":"","5":"","6":"","7":"","8":""}],"_links":{"self":[{"href":"https:\/\/www.ecinews.fr\/fr\/wp-json\/wp\/v2\/posts\/92072"}],"collection":[{"href":"https:\/\/www.ecinews.fr\/fr\/wp-json\/wp\/v2\/posts"}],"about":[{"href":"https:\/\/www.ecinews.fr\/fr\/wp-json\/wp\/v2\/types\/post"}],"author":[{"embeddable":true,"href":"https:\/\/www.ecinews.fr\/fr\/wp-json\/wp\/v2\/users\/22"}],"replies":[{"embeddable":true,"href":"https:\/\/www.ecinews.fr\/fr\/wp-json\/wp\/v2\/comments?post=92072"}],"version-history":[{"count":0,"href":"https:\/\/www.ecinews.fr\/fr\/wp-json\/wp\/v2\/posts\/92072\/revisions"}],"wp:featuredmedia":[{"embeddable":true,"href":"https:\/\/www.ecinews.fr\/fr\/wp-json\/wp\/v2\/media\/92073"}],"wp:attachment":[{"href":"https:\/\/www.ecinews.fr\/fr\/wp-json\/wp\/v2\/media?parent=92072"}],"wp:term":[{"taxonomy":"category","embeddable":true,"href":"https:\/\/www.ecinews.fr\/fr\/wp-json\/wp\/v2\/categories?post=92072"},{"taxonomy":"post_tag","embeddable":true,"href":"https:\/\/www.ecinews.fr\/fr\/wp-json\/wp\/v2\/tags?post=92072"},{"taxonomy":"domains","embeddable":true,"href":"https:\/\/www.ecinews.fr\/fr\/wp-json\/wp\/v2\/domains?post=92072"},{"taxonomy":"author","embeddable":true,"href":"https:\/\/www.ecinews.fr\/fr\/wp-json\/wp\/v2\/ppma_author?post=92072"}],"curies":[{"name":"wp","href":"https:\/\/api.w.org\/{rel}","templated":true}]}}