{"id":91076,"date":"2019-03-26T12:56:26","date_gmt":"2019-03-26T12:56:26","guid":{"rendered":"https:\/\/\/le-marche-mondial-des-semi-conducteurs-en-baisse-de10-en-2019\/"},"modified":"2019-03-26T12:56:26","modified_gmt":"2019-03-26T12:56:26","slug":"le-marche-mondial-des-semi-conducteurs-en-baisse-de10-en-2019","status":"publish","type":"post","link":"https:\/\/www.ecinews.fr\/fr\/le-marche-mondial-des-semi-conducteurs-en-baisse-de10-en-2019\/","title":{"rendered":"Le march\u00e9 mondial des semi-conducteurs en baisse de10% en 2019?"},"content":{"rendered":"<p><span class=\"tlid-translation translation\" lang=\"fr\">La soci\u00e9t\u00e9 note que plusieurs organisations rivales ont pr\u00e9vu des baisses allant de -5% \u00e0 -1%. Gartner pr\u00e9voit m\u00eame un gain de 2,6% pour les semi-conducteurs. IC Insights pr\u00e9voit que le march\u00e9 des circuits int\u00e9gr\u00e9s diminuera de 9% en 2019, mais sera stable, si on exclu le march\u00e9 des m\u00e9moires. WSTS pr\u00e9voit une croissance de 2,6% pour les semi-conducteurs hors m\u00e9moires.<\/span><\/p>\n<p><span class=\"tlid-translation translation\" lang=\"fr\">Les perspectives actuelles du secteur des semi-conducteurs pour 2019 supposent des prix de m\u00e9moire en baisse, une demande de mat\u00e9riel \u00e9lectronique plus lente, des corrections d\u2019inventaire et une croissance plus lente de l\u2019\u00e9conomie mondiale. Malgr\u00e9 toutes les incertitudes, peu d\u2019analystes s\u2019attendent \u00e0 une r\u00e9cession mondiale en 2019.<\/span><\/p>\n<p><span class=\"tlid-translation translation\" lang=\"fr\">Les perspectives pour le march\u00e9 des semi-conducteurs en 2020 annoncent un rebond mod\u00e9r\u00e9. VLSI Research et Gartner pr\u00e9voient une croissance en 2020 de 7,0% et 8,1%, respectivement. Les pr\u00e9visions pr\u00e9liminaires pour 2020 de Semiconductor Intelligence indiquent une croissance de 5 \u00e0 10%.<\/span><\/p>\n<p><span class=\"tlid-translation translation\" lang=\"fr\">Les perspectives \u00e9conomiques mondiales laissent pr\u00e9sager un ralentissement de la croissance en 2019. Les pr\u00e9visions du Fonds mon\u00e9taire international (FMI) en janvier 2019 pr\u00e9voient un ralentissement de la croissance du PIB mondial, qui passera de 3,7% en 2018 \u00e0 3,5% en 2019. La baisse est principalement due aux \u00e9conomies avanc\u00e9es. Les \u00c9tats-Unis vont ralentir de 2,9% en 2018 \u00e0 2,5% en 2019 et la zone euro de 1,8% \u00e0 1,6%. La Chine devrait freiner la croissance mondiale alors que la croissance de son PIB passe de 6,6% en 2018 \u00e0 6,2% en 2019.<\/span><\/p>\n<hr \/>\n<p><span class=\"tlid-translation translation\" lang=\"fr\">Du c\u00f4t\u00e9 positif, l&rsquo;Inde continue d&rsquo;afficher une croissance de plus de 7% avec une tendance positive.<\/p>\n<p>Les perspectives pour 2020 montrent une l\u00e9g\u00e8re am\u00e9lioration, avec une augmentation du PIB mondial de 3,6%, tir\u00e9e par les pays \u00e9mergents et en d\u00e9veloppement.<\/span><\/p>\n<p>\u00e0 lire \u00e9galement:<\/p>\n<p><a href=\"https:\/\/www.electronique-eci.com\/news\/intel-deja-redepasse-samsung\">Intel a d\u00e9j\u00e0 red\u00e9pass\u00e9 Samsung<\/a><\/p>\n<p><a href=\"https:\/\/www.electronique-eci.com\/news\/stmicro-en-croissance-de-18-au-t3-2018\">STMicro en croissance de 18% au T3 \/ 2018<\/a><\/p>\n<p><strong>Related links and articles in English: <\/strong><\/p>\n<p><a href=\"http:\/\/www.semiconductorintelligence.com\">www.semiconductorintelligence.com<\/a><\/p>\n<p><strong>News articles:<\/strong><\/p>\n<p><a href=\"https:\/\/www.eenewsanalog.com\/news\/acquisitions-set-impact-analog-chip-vendor-rankings\">Acquisitions set to impact analog chip vendor rankings<\/a><\/p>\n<p><a href=\"https:\/\/www.eenewsanalog.com\/news\/europe-last-know-about-chip-market-downturn\">Europe last to know about chip market downturn<\/a><\/p>\n<p><a href=\"https:\/\/www.eenewsanalog.com\/news\/us-dips-chip-markets-fourth-quarter-flatness\">US dips in chip market&rsquo;s fourth quarter flatness <\/a><\/p>\n<p><a href=\"https:\/\/www.eenewsanalog.com\/news\/chip-market-growth-dips-below-10-percent\">Chip market growth dips below 10 percent <\/a><\/p>\n","protected":false},"excerpt":{"rendered":"<p>Le march\u00e9 des semi-conducteurs va baisser de 10% en 2019, selon la soci\u00e9t\u00e9 d\u2019\u00e9tude de march\u00e9s Semiconductor Intelligence. La baise serait de 2% si on exclu le march\u00e9 des m\u00e9moires.<\/p>\n","protected":false},"author":22,"featured_media":91077,"comment_status":"closed","ping_status":"closed","sticky":false,"template":"","format":"standard","meta":{"_acf_changed":false,"footnotes":""},"categories":[880],"tags":[889,920,893,891,909,894,912,895,896,897,898,899,900,901,902,903,919,892,913,904,905,906,907,908,890,916,910,917,911,914,915],"domains":[47],"ppma_author":[1149],"class_list":["post-91076","post","type-post","status-publish","format-standard","has-post-thumbnail","hentry","category-actualites-economiques","tag-analog-fr","tag-artificialintelligence-fr","tag-authentication-encryption-fr","tag-automotive-fr","tag-batteries-power-supplies-fr","tag-boards-embedded-cards-fr","tag-dataacquisition-fr","tag-developmentkits-fr","tag-digitalsignalprocessing-fr","tag-displays-interfaces-fr","tag-distributors-fr","tag-eda-cad-tools-fr","tag-electromechanical-fr","tag-energyharvesting-fr","tag-flexibleelectronics-fr","tag-interconnect-cables-fr","tag-iot-fr","tag-ledlighting-fr","tag-materials-processes-fr","tag-medicalelectronics-fr","tag-memory-data-storage-fr","tag-mpus-mcus-fr","tag-optoelectronics-fr","tag-plds-fpgas-asics-fr","tag-powermanagement-fr","tag-rf-transmission-fr","tag-sensing-conditioning-fr","tag-software-embedded-tools-fr","tag-testandmeasurement-fr","tag-wearables-fr","tag-wireless-communications-fr","domains-electronique-eci"],"acf":[],"yoast_head":"<title>Le march\u00e9 mondial des semi-conducteurs en baisse de10% en 2019? ...<\/title>\n<meta name=\"description\" content=\"Le march\u00e9 des semi-conducteurs va baisser de 10% en 2019, selon la soci\u00e9t\u00e9 d\u2019\u00e9tude de march\u00e9s Semiconductor Intelligence. La baise serait de 2% si on...\" \/>\n<meta name=\"robots\" content=\"index, follow, max-snippet:-1, max-image-preview:large, max-video-preview:-1\" \/>\n<link rel=\"canonical\" href=\"https:\/\/www.ecinews.fr\/fr\/wp-json\/wp\/v2\/posts\/91076\/\" \/>\n<meta property=\"og:locale\" content=\"fr_FR\" \/>\n<meta property=\"og:type\" content=\"article\" \/>\n<meta property=\"og:title\" content=\"Le march\u00e9 mondial des semi-conducteurs en baisse de10% en 2019?\" \/>\n<meta property=\"og:description\" content=\"Le march\u00e9 des semi-conducteurs va baisser de 10% en 2019, selon la soci\u00e9t\u00e9 d\u2019\u00e9tude de march\u00e9s Semiconductor Intelligence. La baise serait de 2% si on exclu le march\u00e9 des m\u00e9moires.\" \/>\n<meta property=\"og:url\" content=\"https:\/\/www.ecinews.fr\/fr\/wp-json\/wp\/v2\/posts\/91076\/\" \/>\n<meta property=\"og:site_name\" content=\"EENewsEurope\" \/>\n<meta property=\"article:published_time\" content=\"2019-03-26T12:56:26+00:00\" \/>\n<meta property=\"og:image\" content=\"https:\/\/www.ecinews.fr\/wp-content\/uploads\/import\/default\/files\/sites\/default\/files\/images\/semiintel630.jpg\" \/>\n\t<meta property=\"og:image:width\" content=\"630\" \/>\n\t<meta property=\"og:image:height\" content=\"360\" \/>\n\t<meta property=\"og:image:type\" content=\"image\/jpeg\" \/>\n<meta name=\"author\" content=\"eeNews Europe\" \/>\n<meta name=\"twitter:card\" content=\"summary_large_image\" \/>\n<meta name=\"twitter:label1\" content=\"Written by\" \/>\n\t<meta name=\"twitter:data1\" content=\"eeNews Europe\" \/>\n\t<meta name=\"twitter:label2\" content=\"Est. reading time\" \/>\n\t<meta name=\"twitter:data2\" content=\"2 minutes\" \/>\n<script type=\"application\/ld+json\" class=\"yoast-schema-graph\">{\"@context\":\"https:\/\/schema.org\",\"@graph\":[{\"@type\":\"Article\",\"@id\":\"https:\/\/www.ecinews.fr\/fr\/le-marche-mondial-des-semi-conducteurs-en-baisse-de10-en-2019\/#article\",\"isPartOf\":{\"@id\":\"https:\/\/www.ecinews.fr\/fr\/le-marche-mondial-des-semi-conducteurs-en-baisse-de10-en-2019\/\"},\"author\":{\"name\":\"eeNews Europe\",\"@id\":\"https:\/\/www.ecinews.fr\/fr\/#\/schema\/person\/9eff4051fa9dac8230052de45e32b0f4\"},\"headline\":\"Le march\u00e9 mondial des semi-conducteurs en baisse de10% en 2019?\",\"datePublished\":\"2019-03-26T12:56:26+00:00\",\"dateModified\":\"2019-03-26T12:56:26+00:00\",\"mainEntityOfPage\":{\"@id\":\"https:\/\/www.ecinews.fr\/fr\/le-marche-mondial-des-semi-conducteurs-en-baisse-de10-en-2019\/\"},\"wordCount\":344,\"publisher\":{\"@id\":\"https:\/\/www.ecinews.fr\/fr\/#organization\"},\"keywords\":[\"Analog\",\"ArtificialIntelligence\",\"Authentication &amp; Encryption\",\"Automotive\",\"Batteries \/ Power Supplies\",\"Boards &amp; Embedded Cards\",\"DataAcquisition\",\"DevelopmentKits\",\"DigitalSignalProcessing\",\"Displays &amp; Interfaces\",\"Distributors\",\"EDA &amp; CAD tools\",\"Electromechanical\",\"EnergyHarvesting\",\"FlexibleElectronics\",\"Interconnect &amp; cables\",\"IoT\",\"LEDlighting\",\"Materials &amp; processes\",\"MedicalElectronics\",\"Memory &amp; Data Storage\",\"MPUs\/MCUs\",\"Optoelectronics\",\"PLDs\/FPGAs\/ASICs\",\"PowerManagement\",\"RF transmission\",\"Sensing \/ Conditioning\",\"Software &amp; Embedded tools\",\"TestandMeasurement\",\"Wearables\",\"Wireless Communications\"],\"articleSection\":[\"Actualit\u00e9s \u00e9conomiques\"],\"inLanguage\":\"fr-FR\"},{\"@type\":\"WebPage\",\"@id\":\"https:\/\/www.ecinews.fr\/fr\/le-marche-mondial-des-semi-conducteurs-en-baisse-de10-en-2019\/\",\"url\":\"https:\/\/www.ecinews.fr\/fr\/le-marche-mondial-des-semi-conducteurs-en-baisse-de10-en-2019\/\",\"name\":\"Le march\u00e9 mondial des semi-conducteurs en baisse de10% en 2019? -\",\"isPartOf\":{\"@id\":\"https:\/\/www.ecinews.fr\/fr\/#website\"},\"datePublished\":\"2019-03-26T12:56:26+00:00\",\"dateModified\":\"2019-03-26T12:56:26+00:00\",\"breadcrumb\":{\"@id\":\"https:\/\/www.ecinews.fr\/fr\/le-marche-mondial-des-semi-conducteurs-en-baisse-de10-en-2019\/#breadcrumb\"},\"inLanguage\":\"fr-FR\",\"potentialAction\":[{\"@type\":\"ReadAction\",\"target\":[\"https:\/\/www.ecinews.fr\/fr\/le-marche-mondial-des-semi-conducteurs-en-baisse-de10-en-2019\/\"]}]},{\"@type\":\"BreadcrumbList\",\"@id\":\"https:\/\/www.ecinews.fr\/fr\/le-marche-mondial-des-semi-conducteurs-en-baisse-de10-en-2019\/#breadcrumb\",\"itemListElement\":[{\"@type\":\"ListItem\",\"position\":1,\"name\":\"Home\",\"item\":\"https:\/\/www.ecinews.fr\/fr\/\"},{\"@type\":\"ListItem\",\"position\":2,\"name\":\"Le march\u00e9 mondial des semi-conducteurs en baisse de10% en 2019?\"}]},{\"@type\":\"WebSite\",\"@id\":\"https:\/\/www.ecinews.fr\/fr\/#website\",\"url\":\"https:\/\/www.ecinews.fr\/fr\/\",\"name\":\"EENewsEurope\",\"description\":\"Just another WordPress site\",\"publisher\":{\"@id\":\"https:\/\/www.ecinews.fr\/fr\/#organization\"},\"potentialAction\":[{\"@type\":\"SearchAction\",\"target\":{\"@type\":\"EntryPoint\",\"urlTemplate\":\"https:\/\/www.ecinews.fr\/fr\/?s={search_term_string}\"},\"query-input\":\"required name=search_term_string\"}],\"inLanguage\":\"fr-FR\"},{\"@type\":\"Organization\",\"@id\":\"https:\/\/www.ecinews.fr\/fr\/#organization\",\"name\":\"EENewsEurope\",\"url\":\"https:\/\/www.ecinews.fr\/fr\/\",\"logo\":{\"@type\":\"ImageObject\",\"inLanguage\":\"fr-FR\",\"@id\":\"https:\/\/www.ecinews.fr\/fr\/#\/schema\/logo\/image\/\",\"url\":\"https:\/\/www.ecinews.fr\/wp-content\/uploads\/2022\/02\/logo-1.jpg\",\"contentUrl\":\"https:\/\/www.ecinews.fr\/wp-content\/uploads\/2022\/02\/logo-1.jpg\",\"width\":283,\"height\":113,\"caption\":\"EENewsEurope\"},\"image\":{\"@id\":\"https:\/\/www.ecinews.fr\/fr\/#\/schema\/logo\/image\/\"}},{\"@type\":\"Person\",\"@id\":\"https:\/\/www.ecinews.fr\/fr\/#\/schema\/person\/9eff4051fa9dac8230052de45e32b0f4\",\"name\":\"eeNews Europe\",\"image\":{\"@type\":\"ImageObject\",\"inLanguage\":\"fr-FR\",\"@id\":\"https:\/\/www.ecinews.fr\/fr\/#\/schema\/person\/image\/fae8f0cb15861c4ae0ed4872e2c9fc22\",\"url\":\"https:\/\/secure.gravatar.com\/avatar\/5081509054e28b04ecd976976e723ce0?s=96&d=mm&r=g\",\"contentUrl\":\"https:\/\/secure.gravatar.com\/avatar\/5081509054e28b04ecd976976e723ce0?s=96&d=mm&r=g\",\"caption\":\"eeNews Europe\"}}]}<\/script>","yoast_head_json":{"title":"Le march\u00e9 mondial des semi-conducteurs en baisse de10% en 2019? ...","description":"Le march\u00e9 des semi-conducteurs va baisser de 10% en 2019, selon la soci\u00e9t\u00e9 d\u2019\u00e9tude de march\u00e9s Semiconductor Intelligence. La baise serait de 2% si on...","robots":{"index":"index","follow":"follow","max-snippet":"max-snippet:-1","max-image-preview":"max-image-preview:large","max-video-preview":"max-video-preview:-1"},"canonical":"https:\/\/www.ecinews.fr\/fr\/wp-json\/wp\/v2\/posts\/91076\/","og_locale":"fr_FR","og_type":"article","og_title":"Le march\u00e9 mondial des semi-conducteurs en baisse de10% en 2019?","og_description":"Le march\u00e9 des semi-conducteurs va baisser de 10% en 2019, selon la soci\u00e9t\u00e9 d\u2019\u00e9tude de march\u00e9s Semiconductor Intelligence. La baise serait de 2% si on exclu le march\u00e9 des m\u00e9moires.","og_url":"https:\/\/www.ecinews.fr\/fr\/wp-json\/wp\/v2\/posts\/91076\/","og_site_name":"EENewsEurope","article_published_time":"2019-03-26T12:56:26+00:00","og_image":[{"width":630,"height":360,"url":"https:\/\/www.ecinews.fr\/wp-content\/uploads\/import\/default\/files\/sites\/default\/files\/images\/semiintel630.jpg","type":"image\/jpeg"}],"author":"eeNews Europe","twitter_card":"summary_large_image","twitter_misc":{"Written by":"eeNews Europe","Est. reading time":"2 minutes"},"schema":{"@context":"https:\/\/schema.org","@graph":[{"@type":"Article","@id":"https:\/\/www.ecinews.fr\/fr\/le-marche-mondial-des-semi-conducteurs-en-baisse-de10-en-2019\/#article","isPartOf":{"@id":"https:\/\/www.ecinews.fr\/fr\/le-marche-mondial-des-semi-conducteurs-en-baisse-de10-en-2019\/"},"author":{"name":"eeNews Europe","@id":"https:\/\/www.ecinews.fr\/fr\/#\/schema\/person\/9eff4051fa9dac8230052de45e32b0f4"},"headline":"Le march\u00e9 mondial des semi-conducteurs en baisse de10% en 2019?","datePublished":"2019-03-26T12:56:26+00:00","dateModified":"2019-03-26T12:56:26+00:00","mainEntityOfPage":{"@id":"https:\/\/www.ecinews.fr\/fr\/le-marche-mondial-des-semi-conducteurs-en-baisse-de10-en-2019\/"},"wordCount":344,"publisher":{"@id":"https:\/\/www.ecinews.fr\/fr\/#organization"},"keywords":["Analog","ArtificialIntelligence","Authentication &amp; Encryption","Automotive","Batteries \/ Power Supplies","Boards &amp; Embedded Cards","DataAcquisition","DevelopmentKits","DigitalSignalProcessing","Displays &amp; Interfaces","Distributors","EDA &amp; CAD tools","Electromechanical","EnergyHarvesting","FlexibleElectronics","Interconnect &amp; cables","IoT","LEDlighting","Materials &amp; processes","MedicalElectronics","Memory &amp; Data Storage","MPUs\/MCUs","Optoelectronics","PLDs\/FPGAs\/ASICs","PowerManagement","RF transmission","Sensing \/ Conditioning","Software &amp; Embedded tools","TestandMeasurement","Wearables","Wireless Communications"],"articleSection":["Actualit\u00e9s \u00e9conomiques"],"inLanguage":"fr-FR"},{"@type":"WebPage","@id":"https:\/\/www.ecinews.fr\/fr\/le-marche-mondial-des-semi-conducteurs-en-baisse-de10-en-2019\/","url":"https:\/\/www.ecinews.fr\/fr\/le-marche-mondial-des-semi-conducteurs-en-baisse-de10-en-2019\/","name":"Le march\u00e9 mondial des semi-conducteurs en baisse de10% en 2019? -","isPartOf":{"@id":"https:\/\/www.ecinews.fr\/fr\/#website"},"datePublished":"2019-03-26T12:56:26+00:00","dateModified":"2019-03-26T12:56:26+00:00","breadcrumb":{"@id":"https:\/\/www.ecinews.fr\/fr\/le-marche-mondial-des-semi-conducteurs-en-baisse-de10-en-2019\/#breadcrumb"},"inLanguage":"fr-FR","potentialAction":[{"@type":"ReadAction","target":["https:\/\/www.ecinews.fr\/fr\/le-marche-mondial-des-semi-conducteurs-en-baisse-de10-en-2019\/"]}]},{"@type":"BreadcrumbList","@id":"https:\/\/www.ecinews.fr\/fr\/le-marche-mondial-des-semi-conducteurs-en-baisse-de10-en-2019\/#breadcrumb","itemListElement":[{"@type":"ListItem","position":1,"name":"Home","item":"https:\/\/www.ecinews.fr\/fr\/"},{"@type":"ListItem","position":2,"name":"Le march\u00e9 mondial des semi-conducteurs en baisse de10% en 2019?"}]},{"@type":"WebSite","@id":"https:\/\/www.ecinews.fr\/fr\/#website","url":"https:\/\/www.ecinews.fr\/fr\/","name":"EENewsEurope","description":"Just another WordPress site","publisher":{"@id":"https:\/\/www.ecinews.fr\/fr\/#organization"},"potentialAction":[{"@type":"SearchAction","target":{"@type":"EntryPoint","urlTemplate":"https:\/\/www.ecinews.fr\/fr\/?s={search_term_string}"},"query-input":"required name=search_term_string"}],"inLanguage":"fr-FR"},{"@type":"Organization","@id":"https:\/\/www.ecinews.fr\/fr\/#organization","name":"EENewsEurope","url":"https:\/\/www.ecinews.fr\/fr\/","logo":{"@type":"ImageObject","inLanguage":"fr-FR","@id":"https:\/\/www.ecinews.fr\/fr\/#\/schema\/logo\/image\/","url":"https:\/\/www.ecinews.fr\/wp-content\/uploads\/2022\/02\/logo-1.jpg","contentUrl":"https:\/\/www.ecinews.fr\/wp-content\/uploads\/2022\/02\/logo-1.jpg","width":283,"height":113,"caption":"EENewsEurope"},"image":{"@id":"https:\/\/www.ecinews.fr\/fr\/#\/schema\/logo\/image\/"}},{"@type":"Person","@id":"https:\/\/www.ecinews.fr\/fr\/#\/schema\/person\/9eff4051fa9dac8230052de45e32b0f4","name":"eeNews Europe","image":{"@type":"ImageObject","inLanguage":"fr-FR","@id":"https:\/\/www.ecinews.fr\/fr\/#\/schema\/person\/image\/fae8f0cb15861c4ae0ed4872e2c9fc22","url":"https:\/\/secure.gravatar.com\/avatar\/5081509054e28b04ecd976976e723ce0?s=96&d=mm&r=g","contentUrl":"https:\/\/secure.gravatar.com\/avatar\/5081509054e28b04ecd976976e723ce0?s=96&d=mm&r=g","caption":"eeNews Europe"}}]}},"authors":[{"term_id":1149,"user_id":22,"is_guest":0,"slug":"eenews-europe","display_name":"eeNews Europe","avatar_url":"https:\/\/secure.gravatar.com\/avatar\/5081509054e28b04ecd976976e723ce0?s=96&d=mm&r=g","0":null,"1":"","2":"","3":"","4":"","5":"","6":"","7":"","8":""}],"_links":{"self":[{"href":"https:\/\/www.ecinews.fr\/fr\/wp-json\/wp\/v2\/posts\/91076"}],"collection":[{"href":"https:\/\/www.ecinews.fr\/fr\/wp-json\/wp\/v2\/posts"}],"about":[{"href":"https:\/\/www.ecinews.fr\/fr\/wp-json\/wp\/v2\/types\/post"}],"author":[{"embeddable":true,"href":"https:\/\/www.ecinews.fr\/fr\/wp-json\/wp\/v2\/users\/22"}],"replies":[{"embeddable":true,"href":"https:\/\/www.ecinews.fr\/fr\/wp-json\/wp\/v2\/comments?post=91076"}],"version-history":[{"count":0,"href":"https:\/\/www.ecinews.fr\/fr\/wp-json\/wp\/v2\/posts\/91076\/revisions"}],"wp:featuredmedia":[{"embeddable":true,"href":"https:\/\/www.ecinews.fr\/fr\/wp-json\/wp\/v2\/media\/91077"}],"wp:attachment":[{"href":"https:\/\/www.ecinews.fr\/fr\/wp-json\/wp\/v2\/media?parent=91076"}],"wp:term":[{"taxonomy":"category","embeddable":true,"href":"https:\/\/www.ecinews.fr\/fr\/wp-json\/wp\/v2\/categories?post=91076"},{"taxonomy":"post_tag","embeddable":true,"href":"https:\/\/www.ecinews.fr\/fr\/wp-json\/wp\/v2\/tags?post=91076"},{"taxonomy":"domains","embeddable":true,"href":"https:\/\/www.ecinews.fr\/fr\/wp-json\/wp\/v2\/domains?post=91076"},{"taxonomy":"author","embeddable":true,"href":"https:\/\/www.ecinews.fr\/fr\/wp-json\/wp\/v2\/ppma_author?post=91076"}],"curies":[{"name":"wp","href":"https:\/\/api.w.org\/{rel}","templated":true}]}}