{"id":89852,"date":"2019-04-08T06:00:00","date_gmt":"2019-04-08T06:00:00","guid":{"rendered":"https:\/\/\/la-chute-du-marche-des-semiconducteurs-impacte-les-etats-unis\/"},"modified":"2019-04-08T06:00:00","modified_gmt":"2019-04-08T06:00:00","slug":"la-chute-du-marche-des-semiconducteurs-impacte-les-etats-unis","status":"publish","type":"post","link":"https:\/\/www.ecinews.fr\/fr\/la-chute-du-marche-des-semiconducteurs-impacte-les-etats-unis\/","title":{"rendered":"La chute du march\u00e9 des semiconducteurs impacte les \u00c9tats-Unis"},"content":{"rendered":"<p><span class=\"tlid-translation translation\" lang=\"fr\">Le march\u00e9 des semiconducteurs a commenc\u00e9 sur des bases modestes avec une moyenne sur<\/span> trois mois<span class=\"tlid-translation translation\" lang=\"fr\"> de 32,8 milliards de dollars en f\u00e9vrier 2019, en baisse de 7,3% en s\u00e9quentiel et de 10,6% sur an.<\/span><\/p>\n<p><span class=\"tlid-translation translation\" lang=\"fr\">La r\u00e9gion des Am\u00e9riques est la plus touch\u00e9e, tandis que l\u2019Europe souffre le moins, principalement en raison de sa faible exposition \u00e0 l\u2019\u00e9lectronique grand public et de sa forte d\u00e9pendance \u00e0 l\u2019\u00e9lectronique industrielle et automobile. La chute annuelle de 22,9% des Am\u00e9riques est suivie par la Chine (8,5%). La r\u00e9gion Asie-Pacifique hors Japon et Chine a chut\u00e9 de 7,2% et le Japon de 5,9%.<\/span><\/p>\n<p><span class=\"tlid-translation translation\" lang=\"fr\">Le march\u00e9 europ\u00e9en des semiconducteurs a chut\u00e9 de 3,0% par rapport \u00e0 la m\u00eame p\u00e9riode de l&rsquo;ann\u00e9e pr\u00e9c\u00e9dente.<\/span><\/p>\n<p>&nbsp;<\/p>\n<p><img decoding=\"async\" alt=\"\" height=\"539\" data-src=\"https:\/\/eenews.cdnartwhere.eu\/sites\/default\/files\/images\/01-picture-library\/PeterClarke\/2019\/04\/siafab530.jpg\" width=\"530\" src=\"data:image\/svg+xml;base64,PHN2ZyB3aWR0aD0iMSIgaGVpZ2h0PSIxIiB4bWxucz0iaHR0cDovL3d3dy53My5vcmcvMjAwMC9zdmciPjwvc3ZnPg==\" class=\"lazyload\" style=\"--smush-placeholder-width: 530px; --smush-placeholder-aspect-ratio: 530\/539;\" \/><\/p>\n<p><strong><span class=\"tlid-translation translation\" lang=\"fr\">Moyenne sur trois mois des ventes de puces par r\u00e9gion g\u00e9ographique pour janvier et f\u00e9vrier 2019. Source: SIA \/ WSTS<\/span><\/strong><\/p>\n<p><span class=\"tlid-translation translation\" lang=\"fr\">Les donn\u00e9es mensuelles sont donn\u00e9es par la SIA sous forme de moyenne sur trois mois bien que l&rsquo;organisation WSTS assure le suivi des donn\u00e9es mensuelles r\u00e9elles. La SIA et d\u2019autres organismes r\u00e9gionaux de l\u2019industrie des semiconducteurs ont choisi d\u2019utiliser des donn\u00e9es moyenn\u00e9es, car celles-ci corroborent les donn\u00e9es r\u00e9elles qui indiquent g\u00e9n\u00e9ralement des creux au d\u00e9but des trimestres et des pics \u00e0 la fin des trimestres.<\/span><\/p>\n<p>\u00e0 lire \u00e9galement:<\/p>\n<p><a href=\"https:\/\/www.electronique-eci.com\/news\/le-marche-mondial-des-semi-conducteurs-en-baisse-de10-en-2019\">Le march\u00e9 mondial des semi-conducteurs en baisse de10% en 2019?<\/a><\/p>\n<p><a href=\"https:\/\/www.electronique-eci.com\/news\/intel-deja-redepasse-samsung\">Intel a d\u00e9j\u00e0 red\u00e9pass\u00e9 Samsung<\/a><\/p>\n<p><a href=\"https:\/\/www.electronique-eci.com\/news\/stmicro-en-croissance-de-18-au-t3-2018\">STMicro en croissance de 18% au T3 \/ 2018<\/a><\/p>\n<p>&nbsp;<\/p>\n<p><strong>Related links and articles in English: <\/strong><\/p>\n<p><a href=\"https:\/\/www.semiconductors.org\/\">www.semiconductors.org<\/a><\/p>\n<p><a href=\"https:\/\/www.wsts.org\/\">www.wsts.org<\/a><\/p>\n<p><strong>News articles:<\/strong><\/p>\n<p><a href=\"https:\/\/www.eenewsanalog.com\/news\/europe-last-know-about-chip-market-downturn\">Europe last to know about chip market downturn<\/a><\/p>\n<p><a href=\"https:\/\/www.eenewsanalog.com\/news\/us-dips-chip-markets-fourth-quarter-flatness\">US dips in chip market&rsquo;s fourth quarter flatness <\/a><\/p>\n<p><a href=\"https:\/\/www.eenewsanalog.com\/news\/chip-market-growth-dips-below-10-percent\">Chip market growth dips below 10 percent <\/a><\/p>\n<p><a href=\"https:\/\/www.eenewsanalog.com\/news\/chip-market-growth-continues-soften\">Chip market growth continues to soften <\/a><\/p>\n","protected":false},"excerpt":{"rendered":"<p>Les chiffres de vente moyens sur trois mois pour la r\u00e9gion Am\u00e9rique ont baiss\u00e9 de 22,9% en f\u00e9vrier, tandis que dans d&rsquo;autres r\u00e9gions, les pourcentages n&rsquo;ont chut\u00e9 que de  quelques %, selon les chiffres communiqu\u00e9s par la Semiconductor Industry Association (SIA), compil\u00e9s par le World Organisation des statistiques du commerce des semiconducteurs (WSTS).<\/p>\n","protected":false},"author":22,"featured_media":89853,"comment_status":"closed","ping_status":"closed","sticky":false,"template":"","format":"standard","meta":{"_acf_changed":false,"footnotes":""},"categories":[880],"tags":[889,920,893,891,909,894,912,895,896,897,898,899,900,901,902,903,919,892,913,904,905,906,907,908,890,916,910,917,911,914,915],"domains":[47],"ppma_author":[1149],"class_list":["post-89852","post","type-post","status-publish","format-standard","has-post-thumbnail","hentry","category-actualites-economiques","tag-analog-fr","tag-artificialintelligence-fr","tag-authentication-encryption-fr","tag-automotive-fr","tag-batteries-power-supplies-fr","tag-boards-embedded-cards-fr","tag-dataacquisition-fr","tag-developmentkits-fr","tag-digitalsignalprocessing-fr","tag-displays-interfaces-fr","tag-distributors-fr","tag-eda-cad-tools-fr","tag-electromechanical-fr","tag-energyharvesting-fr","tag-flexibleelectronics-fr","tag-interconnect-cables-fr","tag-iot-fr","tag-ledlighting-fr","tag-materials-processes-fr","tag-medicalelectronics-fr","tag-memory-data-storage-fr","tag-mpus-mcus-fr","tag-optoelectronics-fr","tag-plds-fpgas-asics-fr","tag-powermanagement-fr","tag-rf-transmission-fr","tag-sensing-conditioning-fr","tag-software-embedded-tools-fr","tag-testandmeasurement-fr","tag-wearables-fr","tag-wireless-communications-fr","domains-electronique-eci"],"acf":[],"yoast_head":"<title>La chute du march\u00e9 des semiconducteurs impacte les \u00c9tats-Unis ...<\/title>\n<meta name=\"description\" content=\"Les chiffres de vente moyens sur trois mois pour la r\u00e9gion Am\u00e9rique ont baiss\u00e9 de 22,9% en f\u00e9vrier, tandis que dans d&#039;autres r\u00e9gions, les pourcentages...\" \/>\n<meta name=\"robots\" content=\"index, follow, max-snippet:-1, max-image-preview:large, max-video-preview:-1\" \/>\n<link rel=\"canonical\" href=\"https:\/\/www.ecinews.fr\/fr\/wp-json\/wp\/v2\/posts\/89852\/\" \/>\n<meta property=\"og:locale\" content=\"fr_FR\" \/>\n<meta property=\"og:type\" content=\"article\" \/>\n<meta property=\"og:title\" content=\"La chute du march\u00e9 des semiconducteurs impacte les \u00c9tats-Unis\" \/>\n<meta property=\"og:description\" content=\"Les chiffres de vente moyens sur trois mois pour la r\u00e9gion Am\u00e9rique ont baiss\u00e9 de 22,9% en f\u00e9vrier, tandis que dans d&#039;autres r\u00e9gions, les pourcentages n&#039;ont chut\u00e9 que de quelques %, selon les chiffres communiqu\u00e9s par la Semiconductor Industry Association (SIA), compil\u00e9s par le World Organisation des statistiques du commerce des semiconducteurs (WSTS).\" \/>\n<meta property=\"og:url\" content=\"https:\/\/www.ecinews.fr\/fr\/wp-json\/wp\/v2\/posts\/89852\/\" \/>\n<meta property=\"og:site_name\" content=\"EENewsEurope\" \/>\n<meta property=\"article:published_time\" content=\"2019-04-08T06:00:00+00:00\" \/>\n<meta property=\"og:image\" content=\"https:\/\/www.ecinews.fr\/wp-content\/uploads\/import\/default\/files\/sites\/default\/files\/images\/pain630.jpg\" \/>\n\t<meta property=\"og:image:width\" content=\"630\" \/>\n\t<meta property=\"og:image:height\" content=\"380\" \/>\n\t<meta property=\"og:image:type\" content=\"image\/jpeg\" \/>\n<meta name=\"author\" content=\"eeNews Europe\" \/>\n<meta name=\"twitter:card\" content=\"summary_large_image\" \/>\n<meta name=\"twitter:label1\" content=\"Written by\" \/>\n\t<meta name=\"twitter:data1\" content=\"eeNews Europe\" \/>\n\t<meta name=\"twitter:label2\" content=\"Est. reading time\" \/>\n\t<meta name=\"twitter:data2\" content=\"1 minute\" \/>\n<script type=\"application\/ld+json\" class=\"yoast-schema-graph\">{\"@context\":\"https:\/\/schema.org\",\"@graph\":[{\"@type\":\"Article\",\"@id\":\"https:\/\/www.ecinews.fr\/fr\/la-chute-du-marche-des-semiconducteurs-impacte-les-etats-unis\/#article\",\"isPartOf\":{\"@id\":\"https:\/\/www.ecinews.fr\/fr\/la-chute-du-marche-des-semiconducteurs-impacte-les-etats-unis\/\"},\"author\":{\"name\":\"eeNews Europe\",\"@id\":\"https:\/\/www.eenewseurope.com\/en\/#\/schema\/person\/9eff4051fa9dac8230052de45e32b0f4\"},\"headline\":\"La chute du march\u00e9 des semiconducteurs impacte les \u00c9tats-Unis\",\"datePublished\":\"2019-04-08T06:00:00+00:00\",\"dateModified\":\"2019-04-08T06:00:00+00:00\",\"mainEntityOfPage\":{\"@id\":\"https:\/\/www.ecinews.fr\/fr\/la-chute-du-marche-des-semiconducteurs-impacte-les-etats-unis\/\"},\"wordCount\":302,\"publisher\":{\"@id\":\"https:\/\/www.eenewseurope.com\/en\/#organization\"},\"keywords\":[\"Analog\",\"ArtificialIntelligence\",\"Authentication &amp; Encryption\",\"Automotive\",\"Batteries \/ Power Supplies\",\"Boards &amp; Embedded Cards\",\"DataAcquisition\",\"DevelopmentKits\",\"DigitalSignalProcessing\",\"Displays &amp; Interfaces\",\"Distributors\",\"EDA &amp; CAD tools\",\"Electromechanical\",\"EnergyHarvesting\",\"FlexibleElectronics\",\"Interconnect &amp; cables\",\"IoT\",\"LEDlighting\",\"Materials &amp; processes\",\"MedicalElectronics\",\"Memory &amp; Data Storage\",\"MPUs\/MCUs\",\"Optoelectronics\",\"PLDs\/FPGAs\/ASICs\",\"PowerManagement\",\"RF transmission\",\"Sensing \/ Conditioning\",\"Software &amp; Embedded tools\",\"TestandMeasurement\",\"Wearables\",\"Wireless Communications\"],\"articleSection\":[\"Actualit\u00e9s \u00e9conomiques\"],\"inLanguage\":\"fr-FR\"},{\"@type\":\"WebPage\",\"@id\":\"https:\/\/www.ecinews.fr\/fr\/la-chute-du-marche-des-semiconducteurs-impacte-les-etats-unis\/\",\"url\":\"https:\/\/www.ecinews.fr\/fr\/la-chute-du-marche-des-semiconducteurs-impacte-les-etats-unis\/\",\"name\":\"La chute du march\u00e9 des semiconducteurs impacte les \u00c9tats-Unis -\",\"isPartOf\":{\"@id\":\"https:\/\/www.eenewseurope.com\/en\/#website\"},\"datePublished\":\"2019-04-08T06:00:00+00:00\",\"dateModified\":\"2019-04-08T06:00:00+00:00\",\"breadcrumb\":{\"@id\":\"https:\/\/www.ecinews.fr\/fr\/la-chute-du-marche-des-semiconducteurs-impacte-les-etats-unis\/#breadcrumb\"},\"inLanguage\":\"fr-FR\",\"potentialAction\":[{\"@type\":\"ReadAction\",\"target\":[\"https:\/\/www.ecinews.fr\/fr\/la-chute-du-marche-des-semiconducteurs-impacte-les-etats-unis\/\"]}]},{\"@type\":\"BreadcrumbList\",\"@id\":\"https:\/\/www.ecinews.fr\/fr\/la-chute-du-marche-des-semiconducteurs-impacte-les-etats-unis\/#breadcrumb\",\"itemListElement\":[{\"@type\":\"ListItem\",\"position\":1,\"name\":\"Home\",\"item\":\"https:\/\/www.ecinews.fr\/fr\/\"},{\"@type\":\"ListItem\",\"position\":2,\"name\":\"La chute du march\u00e9 des semiconducteurs impacte les \u00c9tats-Unis\"}]},{\"@type\":\"WebSite\",\"@id\":\"https:\/\/www.eenewseurope.com\/en\/#website\",\"url\":\"https:\/\/www.eenewseurope.com\/en\/\",\"name\":\"EENewsEurope\",\"description\":\"Just another WordPress site\",\"publisher\":{\"@id\":\"https:\/\/www.eenewseurope.com\/en\/#organization\"},\"potentialAction\":[{\"@type\":\"SearchAction\",\"target\":{\"@type\":\"EntryPoint\",\"urlTemplate\":\"https:\/\/www.eenewseurope.com\/en\/?s={search_term_string}\"},\"query-input\":\"required name=search_term_string\"}],\"inLanguage\":\"fr-FR\"},{\"@type\":\"Organization\",\"@id\":\"https:\/\/www.eenewseurope.com\/en\/#organization\",\"name\":\"EENewsEurope\",\"url\":\"https:\/\/www.eenewseurope.com\/en\/\",\"logo\":{\"@type\":\"ImageObject\",\"inLanguage\":\"fr-FR\",\"@id\":\"https:\/\/www.eenewseurope.com\/en\/#\/schema\/logo\/image\/\",\"url\":\"https:\/\/www.ecinews.fr\/wp-content\/uploads\/2022\/02\/logo-1.jpg\",\"contentUrl\":\"https:\/\/www.ecinews.fr\/wp-content\/uploads\/2022\/02\/logo-1.jpg\",\"width\":283,\"height\":113,\"caption\":\"EENewsEurope\"},\"image\":{\"@id\":\"https:\/\/www.eenewseurope.com\/en\/#\/schema\/logo\/image\/\"}},{\"@type\":\"Person\",\"@id\":\"https:\/\/www.eenewseurope.com\/en\/#\/schema\/person\/9eff4051fa9dac8230052de45e32b0f4\",\"name\":\"eeNews Europe\",\"image\":{\"@type\":\"ImageObject\",\"inLanguage\":\"fr-FR\",\"@id\":\"https:\/\/www.eenewseurope.com\/en\/#\/schema\/person\/image\/fae8f0cb15861c4ae0ed4872e2c9fc22\",\"url\":\"https:\/\/secure.gravatar.com\/avatar\/5081509054e28b04ecd976976e723ce0?s=96&d=mm&r=g\",\"contentUrl\":\"https:\/\/secure.gravatar.com\/avatar\/5081509054e28b04ecd976976e723ce0?s=96&d=mm&r=g\",\"caption\":\"eeNews Europe\"}}]}<\/script>","yoast_head_json":{"title":"La chute du march\u00e9 des semiconducteurs impacte les \u00c9tats-Unis ...","description":"Les chiffres de vente moyens sur trois mois pour la r\u00e9gion Am\u00e9rique ont baiss\u00e9 de 22,9% en f\u00e9vrier, tandis que dans d'autres r\u00e9gions, les pourcentages...","robots":{"index":"index","follow":"follow","max-snippet":"max-snippet:-1","max-image-preview":"max-image-preview:large","max-video-preview":"max-video-preview:-1"},"canonical":"https:\/\/www.ecinews.fr\/fr\/wp-json\/wp\/v2\/posts\/89852\/","og_locale":"fr_FR","og_type":"article","og_title":"La chute du march\u00e9 des semiconducteurs impacte les \u00c9tats-Unis","og_description":"Les chiffres de vente moyens sur trois mois pour la r\u00e9gion Am\u00e9rique ont baiss\u00e9 de 22,9% en f\u00e9vrier, tandis que dans d'autres r\u00e9gions, les pourcentages n'ont chut\u00e9 que de quelques %, selon les chiffres communiqu\u00e9s par la Semiconductor Industry Association (SIA), compil\u00e9s par le World Organisation des statistiques du commerce des semiconducteurs (WSTS).","og_url":"https:\/\/www.ecinews.fr\/fr\/wp-json\/wp\/v2\/posts\/89852\/","og_site_name":"EENewsEurope","article_published_time":"2019-04-08T06:00:00+00:00","og_image":[{"width":630,"height":380,"url":"https:\/\/www.ecinews.fr\/wp-content\/uploads\/import\/default\/files\/sites\/default\/files\/images\/pain630.jpg","type":"image\/jpeg"}],"author":"eeNews Europe","twitter_card":"summary_large_image","twitter_misc":{"Written by":"eeNews Europe","Est. reading time":"1 minute"},"schema":{"@context":"https:\/\/schema.org","@graph":[{"@type":"Article","@id":"https:\/\/www.ecinews.fr\/fr\/la-chute-du-marche-des-semiconducteurs-impacte-les-etats-unis\/#article","isPartOf":{"@id":"https:\/\/www.ecinews.fr\/fr\/la-chute-du-marche-des-semiconducteurs-impacte-les-etats-unis\/"},"author":{"name":"eeNews Europe","@id":"https:\/\/www.eenewseurope.com\/en\/#\/schema\/person\/9eff4051fa9dac8230052de45e32b0f4"},"headline":"La chute du march\u00e9 des semiconducteurs impacte les \u00c9tats-Unis","datePublished":"2019-04-08T06:00:00+00:00","dateModified":"2019-04-08T06:00:00+00:00","mainEntityOfPage":{"@id":"https:\/\/www.ecinews.fr\/fr\/la-chute-du-marche-des-semiconducteurs-impacte-les-etats-unis\/"},"wordCount":302,"publisher":{"@id":"https:\/\/www.eenewseurope.com\/en\/#organization"},"keywords":["Analog","ArtificialIntelligence","Authentication &amp; Encryption","Automotive","Batteries \/ Power Supplies","Boards &amp; Embedded Cards","DataAcquisition","DevelopmentKits","DigitalSignalProcessing","Displays &amp; Interfaces","Distributors","EDA &amp; CAD tools","Electromechanical","EnergyHarvesting","FlexibleElectronics","Interconnect &amp; cables","IoT","LEDlighting","Materials &amp; processes","MedicalElectronics","Memory &amp; Data Storage","MPUs\/MCUs","Optoelectronics","PLDs\/FPGAs\/ASICs","PowerManagement","RF transmission","Sensing \/ Conditioning","Software &amp; Embedded tools","TestandMeasurement","Wearables","Wireless Communications"],"articleSection":["Actualit\u00e9s \u00e9conomiques"],"inLanguage":"fr-FR"},{"@type":"WebPage","@id":"https:\/\/www.ecinews.fr\/fr\/la-chute-du-marche-des-semiconducteurs-impacte-les-etats-unis\/","url":"https:\/\/www.ecinews.fr\/fr\/la-chute-du-marche-des-semiconducteurs-impacte-les-etats-unis\/","name":"La chute du march\u00e9 des semiconducteurs impacte les \u00c9tats-Unis -","isPartOf":{"@id":"https:\/\/www.eenewseurope.com\/en\/#website"},"datePublished":"2019-04-08T06:00:00+00:00","dateModified":"2019-04-08T06:00:00+00:00","breadcrumb":{"@id":"https:\/\/www.ecinews.fr\/fr\/la-chute-du-marche-des-semiconducteurs-impacte-les-etats-unis\/#breadcrumb"},"inLanguage":"fr-FR","potentialAction":[{"@type":"ReadAction","target":["https:\/\/www.ecinews.fr\/fr\/la-chute-du-marche-des-semiconducteurs-impacte-les-etats-unis\/"]}]},{"@type":"BreadcrumbList","@id":"https:\/\/www.ecinews.fr\/fr\/la-chute-du-marche-des-semiconducteurs-impacte-les-etats-unis\/#breadcrumb","itemListElement":[{"@type":"ListItem","position":1,"name":"Home","item":"https:\/\/www.ecinews.fr\/fr\/"},{"@type":"ListItem","position":2,"name":"La chute du march\u00e9 des semiconducteurs impacte les \u00c9tats-Unis"}]},{"@type":"WebSite","@id":"https:\/\/www.eenewseurope.com\/en\/#website","url":"https:\/\/www.eenewseurope.com\/en\/","name":"EENewsEurope","description":"Just another WordPress site","publisher":{"@id":"https:\/\/www.eenewseurope.com\/en\/#organization"},"potentialAction":[{"@type":"SearchAction","target":{"@type":"EntryPoint","urlTemplate":"https:\/\/www.eenewseurope.com\/en\/?s={search_term_string}"},"query-input":"required name=search_term_string"}],"inLanguage":"fr-FR"},{"@type":"Organization","@id":"https:\/\/www.eenewseurope.com\/en\/#organization","name":"EENewsEurope","url":"https:\/\/www.eenewseurope.com\/en\/","logo":{"@type":"ImageObject","inLanguage":"fr-FR","@id":"https:\/\/www.eenewseurope.com\/en\/#\/schema\/logo\/image\/","url":"https:\/\/www.ecinews.fr\/wp-content\/uploads\/2022\/02\/logo-1.jpg","contentUrl":"https:\/\/www.ecinews.fr\/wp-content\/uploads\/2022\/02\/logo-1.jpg","width":283,"height":113,"caption":"EENewsEurope"},"image":{"@id":"https:\/\/www.eenewseurope.com\/en\/#\/schema\/logo\/image\/"}},{"@type":"Person","@id":"https:\/\/www.eenewseurope.com\/en\/#\/schema\/person\/9eff4051fa9dac8230052de45e32b0f4","name":"eeNews Europe","image":{"@type":"ImageObject","inLanguage":"fr-FR","@id":"https:\/\/www.eenewseurope.com\/en\/#\/schema\/person\/image\/fae8f0cb15861c4ae0ed4872e2c9fc22","url":"https:\/\/secure.gravatar.com\/avatar\/5081509054e28b04ecd976976e723ce0?s=96&d=mm&r=g","contentUrl":"https:\/\/secure.gravatar.com\/avatar\/5081509054e28b04ecd976976e723ce0?s=96&d=mm&r=g","caption":"eeNews Europe"}}]}},"authors":[{"term_id":1149,"user_id":22,"is_guest":0,"slug":"eenews-europe","display_name":"eeNews Europe","avatar_url":"https:\/\/secure.gravatar.com\/avatar\/5081509054e28b04ecd976976e723ce0?s=96&d=mm&r=g","0":null,"1":"","2":"","3":"","4":"","5":"","6":"","7":"","8":""}],"_links":{"self":[{"href":"https:\/\/www.ecinews.fr\/fr\/wp-json\/wp\/v2\/posts\/89852"}],"collection":[{"href":"https:\/\/www.ecinews.fr\/fr\/wp-json\/wp\/v2\/posts"}],"about":[{"href":"https:\/\/www.ecinews.fr\/fr\/wp-json\/wp\/v2\/types\/post"}],"author":[{"embeddable":true,"href":"https:\/\/www.ecinews.fr\/fr\/wp-json\/wp\/v2\/users\/22"}],"replies":[{"embeddable":true,"href":"https:\/\/www.ecinews.fr\/fr\/wp-json\/wp\/v2\/comments?post=89852"}],"version-history":[{"count":0,"href":"https:\/\/www.ecinews.fr\/fr\/wp-json\/wp\/v2\/posts\/89852\/revisions"}],"wp:featuredmedia":[{"embeddable":true,"href":"https:\/\/www.ecinews.fr\/fr\/wp-json\/wp\/v2\/media\/89853"}],"wp:attachment":[{"href":"https:\/\/www.ecinews.fr\/fr\/wp-json\/wp\/v2\/media?parent=89852"}],"wp:term":[{"taxonomy":"category","embeddable":true,"href":"https:\/\/www.ecinews.fr\/fr\/wp-json\/wp\/v2\/categories?post=89852"},{"taxonomy":"post_tag","embeddable":true,"href":"https:\/\/www.ecinews.fr\/fr\/wp-json\/wp\/v2\/tags?post=89852"},{"taxonomy":"domains","embeddable":true,"href":"https:\/\/www.ecinews.fr\/fr\/wp-json\/wp\/v2\/domains?post=89852"},{"taxonomy":"author","embeddable":true,"href":"https:\/\/www.ecinews.fr\/fr\/wp-json\/wp\/v2\/ppma_author?post=89852"}],"curies":[{"name":"wp","href":"https:\/\/api.w.org\/{rel}","templated":true}]}}