{"id":89024,"date":"2019-04-16T10:32:27","date_gmt":"2019-04-16T10:32:27","guid":{"rendered":"https:\/\/\/les-%ce%bcled-transforment-les-vitres-de-voiture-en-affichages-ar\/"},"modified":"2019-04-16T10:32:27","modified_gmt":"2019-04-16T10:32:27","slug":"les-%ce%bcled-transforment-les-vitres-de-voiture-en-affichages-ar","status":"publish","type":"post","link":"https:\/\/www.ecinews.fr\/fr\/les-%ce%bcled-transforment-les-vitres-de-voiture-en-affichages-ar\/","title":{"rendered":"Les \u03bcLED transforment les vitres de voiture en affichages AR"},"content":{"rendered":"<p style=\"margin-bottom: 0in\"><span class=\"tlid-translation translation\" lang=\"fr\">Osram Opto Semiconductors participe \u00e0 ce projet aux c\u00f4t\u00e9s de ASM AMICRA et Fraunhofer IISB dans le but d&rsquo;introduire des solutions de visualisation haute r\u00e9solution bas\u00e9es sur la technologie \u03bcLED dans les applications d&rsquo;int\u00e9rieurs automobiles. La technologie \u03bcLED peut produire une luminance extr\u00eamement \u00e9lev\u00e9e dans une plage dynamique \u00e9tendue et les dispositifs d&rsquo;imagerie bas\u00e9s sur des pixels \u03bcLED \u00e0 \u00e9mission directe sont consid\u00e9r\u00e9s comme un d\u00e9veloppement de rupture du march\u00e9 de la visualisation, avec le potentiel de marginaliser les technologies telles que les \u00e9crans LCD ou OLED.<\/span><\/p>\n<p style=\"margin-bottom: 0in\"><span class=\"tlid-translation translation\" lang=\"fr\">Au cours des deux prochaines ann\u00e9es et demie, le projet de recherche SmartVIZ vise \u00e0 fournir la base des futures solutions de visualisation \u00e0 \u00e9mission directe, transparentes et \u00e0 haute r\u00e9solution, utilisant les technologies \u03bcLED.<\/span><br \/>\n<span class=\"tlid-translation translation\" lang=\"fr\">Les d\u00e9veloppements envisag\u00e9s se concentreront sur trois technologies cl\u00e9s. Premi\u00e8rement, la conception de sources lumineuses \u03bcLED efficaces, deuxi\u00e8mement, leur traitement au niveau des sous-composants et troisi\u00e8mement, l\u2019assemblage final. Les structures \u03bcLED rouges, vertes et bleues produiront des pixels d\u2019image tr\u00e8s lumineux. La mise en \u0153uvre de tels concepts et applications n\u00e9cessite des \u00e9tudes approfondies des principes physiques sous-jacents, qui sont en partie totalement diff\u00e9rents des puces macro LED actuelles.<\/span><\/p>\n<p><span class=\"tlid-translation translation\" lang=\"fr\">Le projet m\u00e8nera \u00e9galement des recherches sur l&rsquo;int\u00e9gration des composants des \u00b5LED \u00e0 l&rsquo;aide d&rsquo;une nouvelle approche pour les codeurs d&rsquo;image transparents et flexibles. Les substrats transparents bas\u00e9s sur des transistors \u00e0 couche mince d\u2019oxyde de zinc et de gallium et d\u2019indium (IGZO TFT) seront utilis\u00e9s pour le contr\u00f4le des pixels individuels. Cette approche permet de cr\u00e9er des surfaces quasi-transparentes, qui n&rsquo;affichent du contenu que si les \u03bcLED sont activ\u00e9s.<\/span><\/p>\n<p style=\"margin-bottom: 0in\">&nbsp;<\/p>\n<hr \/>\n<p style=\"margin-bottom: 0in\"><span class=\"tlid-translation translation\" lang=\"fr\">L&rsquo;utilisation d&rsquo;un tel fond de panier \u00e0 matrice active pour l&rsquo;\u00e9lectronique de pilotage permet au rendu d&rsquo;image avec les \u03bcLED de produire des sc\u00e9narios de visualisation avec une r\u00e9solution ultra-haute. Un autre sujet de recherche ciblera les concepts de fabrication pour permettre le transfert rapide de grandes quantit\u00e9s de puces \u00b5LED d\u2019une plaquette source vers l\u2019\u00e9lectronique du pilote de fond de panier via un montage parall\u00e8le automatis\u00e9. La condition essentielle est une pr\u00e9cision de positionnement d\u2019environ 1,5 \u00b5m. La recherche de m\u00e9thodes de transfert pr\u00e9cises pour de tels petits composants (longueur d&rsquo;ar\u00eate inf\u00e9rieure \u00e0 40 \u00b5m) n\u00e9cessitera des approches technologiques enti\u00e8rement nouvelles, qui seront abord\u00e9es dans le cadre du projet.<\/span><\/p>\n<p style=\"margin-bottom: 0in\"><span class=\"tlid-translation translation\" lang=\"fr\">Le projet SmartVIZ devrait s&rsquo;achever en octobre 2021, lorsqu&rsquo;un premier d\u00e9monstrateur sera pr\u00e9sent\u00e9.<\/p>\n<p>ASM AMICRA est un acteur expert dans le domaine de l\u2019automatisation de la production, en particulier dans le domaine de la haute technologie des applications photoniques. La soci\u00e9t\u00e9 apporte au projet sa connaissance approfondie du micro-assemblage de composants photoniques. L&rsquo;institut Fraunhofer pour la technologie des syst\u00e8mes int\u00e9gr\u00e9s et des dispositifs IISB est sp\u00e9cialis\u00e9 dans l&rsquo;\u00e9lectronique de puissance et les technologies de production de dispositifs \u00e0 semi-conducteurs. IISB concevra et fabriquera les circuits \u00e9lectroniques transparents pour leur installation finale dans des composants de visualisation micro-pixel.<\/span><\/p>\n<p style=\"margin-bottom: 0in\"><span class=\"tlid-translation translation\" lang=\"fr\">Hubert Halbritter, chef de projet SmartVIZ chez Osram Opto Semiconductors, a d\u00e9crit le r\u00f4le de son entreprise: \u00abEn tant que partenaire du projet poss\u00e9dant une vaste exp\u00e9rience des composants d\u2019imagerie \u00e0 micro-pixels nous travaillerons sur la recherche de pixels efficaces \u00e0 haute luminance. Avec nos partenaires, nous visons \u00e0 acqu\u00e9rir un leadership technologique sur l\u2019un des march\u00e9s cl\u00e9s des technologies de l\u2019avenir. \u00bb<\/span><\/p>\n<p style=\"margin-bottom: 0in\">\u00e0 lire \u00e9galement:<\/p>\n<p><a href=\"https:\/\/www.electronique-eci.com\/news\/microled-sur-backplane-silicium-de-1920x1080-pixels\">MicroLED sur backplane Silicium de 1920&#215;1080 pixels<\/a><\/p>\n<p><a href=\"https:\/\/www.electronique-eci.com\/news\/plessey-premier-commercialiser-des-ecrans-microled-monolithiques\">Plessey premier \u00e0 commercialiser des \u00e9crans microLED monolithiques<\/a><\/p>\n<p style=\"margin-bottom: 0in\"><font face=\"Arial, sans-serif\">Osram &#8211; <a href=\"http:\/\/www.osram-os.com\/\">www.osram-os.com<\/a> <\/font><\/p>\n","protected":false},"excerpt":{"rendered":"<p>Financ\u00e9 par le minist\u00e8re des Affaires \u00e9conomiques, du D\u00e9veloppement r\u00e9gional et de l&rsquo;\u00c9nergie de Bavi\u00e8re, le projet SmartVIZ, lanc\u00e9 en novembre 2018, a pour objectif d&rsquo;explorer l&rsquo;utilisation de \u00b5LEDs pour les technologies de visualisation innovantes.<\/p>\n","protected":false},"author":22,"featured_media":89025,"comment_status":"closed","ping_status":"closed","sticky":false,"template":"","format":"standard","meta":{"_acf_changed":false,"footnotes":""},"categories":[883],"tags":[891,897,892],"domains":[47],"ppma_author":[1149],"class_list":["post-89024","post","type-post","status-publish","format-standard","has-post-thumbnail","hentry","category-technologies","tag-automotive-fr","tag-displays-interfaces-fr","tag-ledlighting-fr","domains-electronique-eci"],"acf":[],"yoast_head":"<title>Les \u03bcLED transforment les vitres de voiture en affichages AR ...<\/title>\n<meta name=\"description\" content=\"Financ\u00e9 par le minist\u00e8re des Affaires \u00e9conomiques, du D\u00e9veloppement r\u00e9gional et de l&#039;\u00c9nergie de Bavi\u00e8re, le projet SmartVIZ, lanc\u00e9 en novembre 2018,...\" \/>\n<meta name=\"robots\" content=\"index, follow, max-snippet:-1, max-image-preview:large, max-video-preview:-1\" \/>\n<link rel=\"canonical\" href=\"https:\/\/www.ecinews.fr\/fr\/wp-json\/wp\/v2\/posts\/89024\/\" \/>\n<meta property=\"og:locale\" content=\"fr_FR\" \/>\n<meta property=\"og:type\" content=\"article\" \/>\n<meta property=\"og:title\" content=\"Les \u03bcLED transforment les vitres de voiture en affichages AR\" \/>\n<meta property=\"og:description\" content=\"Financ\u00e9 par le minist\u00e8re des Affaires \u00e9conomiques, du D\u00e9veloppement r\u00e9gional et de l&#039;\u00c9nergie de Bavi\u00e8re, le projet SmartVIZ, lanc\u00e9 en novembre 2018, a pour objectif d&#039;explorer l&#039;utilisation de \u00b5LEDs pour les technologies de visualisation innovantes.\" \/>\n<meta property=\"og:url\" content=\"https:\/\/www.ecinews.fr\/fr\/wp-json\/wp\/v2\/posts\/89024\/\" \/>\n<meta property=\"og:site_name\" content=\"EENewsEurope\" \/>\n<meta property=\"article:published_time\" content=\"2019-04-16T10:32:27+00:00\" \/>\n<meta property=\"og:image\" content=\"https:\/\/www.ecinews.fr\/wp-content\/uploads\/import\/default\/files\/sites\/default\/files\/images\/2019-03-28-jh-osram.jpg\" \/>\n\t<meta property=\"og:image:width\" content=\"2126\" \/>\n\t<meta property=\"og:image:height\" content=\"1535\" \/>\n\t<meta property=\"og:image:type\" content=\"image\/jpeg\" \/>\n<meta name=\"author\" content=\"eeNews Europe\" \/>\n<meta name=\"twitter:card\" content=\"summary_large_image\" \/>\n<meta name=\"twitter:label1\" content=\"Written by\" \/>\n\t<meta name=\"twitter:data1\" content=\"eeNews Europe\" \/>\n\t<meta name=\"twitter:label2\" content=\"Est. reading time\" \/>\n\t<meta name=\"twitter:data2\" content=\"3 minutes\" \/>\n<script type=\"application\/ld+json\" class=\"yoast-schema-graph\">{\"@context\":\"https:\/\/schema.org\",\"@graph\":[{\"@type\":\"Article\",\"@id\":\"https:\/\/www.ecinews.fr\/fr\/les-%ce%bcled-transforment-les-vitres-de-voiture-en-affichages-ar\/#article\",\"isPartOf\":{\"@id\":\"https:\/\/www.ecinews.fr\/fr\/les-%ce%bcled-transforment-les-vitres-de-voiture-en-affichages-ar\/\"},\"author\":{\"name\":\"eeNews Europe\",\"@id\":\"https:\/\/www.ecinews.fr\/fr\/#\/schema\/person\/9eff4051fa9dac8230052de45e32b0f4\"},\"headline\":\"Les \u03bcLED transforment les vitres de voiture en affichages AR\",\"datePublished\":\"2019-04-16T10:32:27+00:00\",\"dateModified\":\"2019-04-16T10:32:27+00:00\",\"mainEntityOfPage\":{\"@id\":\"https:\/\/www.ecinews.fr\/fr\/les-%ce%bcled-transforment-les-vitres-de-voiture-en-affichages-ar\/\"},\"wordCount\":629,\"publisher\":{\"@id\":\"https:\/\/www.ecinews.fr\/fr\/#organization\"},\"keywords\":[\"Automotive\",\"Displays &amp; Interfaces\",\"LEDlighting\"],\"articleSection\":[\"Technologies\"],\"inLanguage\":\"fr-FR\"},{\"@type\":\"WebPage\",\"@id\":\"https:\/\/www.ecinews.fr\/fr\/les-%ce%bcled-transforment-les-vitres-de-voiture-en-affichages-ar\/\",\"url\":\"https:\/\/www.ecinews.fr\/fr\/les-%ce%bcled-transforment-les-vitres-de-voiture-en-affichages-ar\/\",\"name\":\"Les \u03bcLED transforment les vitres de voiture en affichages AR -\",\"isPartOf\":{\"@id\":\"https:\/\/www.ecinews.fr\/fr\/#website\"},\"datePublished\":\"2019-04-16T10:32:27+00:00\",\"dateModified\":\"2019-04-16T10:32:27+00:00\",\"breadcrumb\":{\"@id\":\"https:\/\/www.ecinews.fr\/fr\/les-%ce%bcled-transforment-les-vitres-de-voiture-en-affichages-ar\/#breadcrumb\"},\"inLanguage\":\"fr-FR\",\"potentialAction\":[{\"@type\":\"ReadAction\",\"target\":[\"https:\/\/www.ecinews.fr\/fr\/les-%ce%bcled-transforment-les-vitres-de-voiture-en-affichages-ar\/\"]}]},{\"@type\":\"BreadcrumbList\",\"@id\":\"https:\/\/www.ecinews.fr\/fr\/les-%ce%bcled-transforment-les-vitres-de-voiture-en-affichages-ar\/#breadcrumb\",\"itemListElement\":[{\"@type\":\"ListItem\",\"position\":1,\"name\":\"Home\",\"item\":\"https:\/\/www.ecinews.fr\/fr\/\"},{\"@type\":\"ListItem\",\"position\":2,\"name\":\"Les \u03bcLED transforment les vitres de voiture en affichages AR\"}]},{\"@type\":\"WebSite\",\"@id\":\"https:\/\/www.ecinews.fr\/fr\/#website\",\"url\":\"https:\/\/www.ecinews.fr\/fr\/\",\"name\":\"EENewsEurope\",\"description\":\"Just another WordPress site\",\"publisher\":{\"@id\":\"https:\/\/www.ecinews.fr\/fr\/#organization\"},\"potentialAction\":[{\"@type\":\"SearchAction\",\"target\":{\"@type\":\"EntryPoint\",\"urlTemplate\":\"https:\/\/www.ecinews.fr\/fr\/?s={search_term_string}\"},\"query-input\":\"required name=search_term_string\"}],\"inLanguage\":\"fr-FR\"},{\"@type\":\"Organization\",\"@id\":\"https:\/\/www.ecinews.fr\/fr\/#organization\",\"name\":\"EENewsEurope\",\"url\":\"https:\/\/www.ecinews.fr\/fr\/\",\"logo\":{\"@type\":\"ImageObject\",\"inLanguage\":\"fr-FR\",\"@id\":\"https:\/\/www.ecinews.fr\/fr\/#\/schema\/logo\/image\/\",\"url\":\"https:\/\/www.ecinews.fr\/wp-content\/uploads\/2022\/02\/logo-1.jpg\",\"contentUrl\":\"https:\/\/www.ecinews.fr\/wp-content\/uploads\/2022\/02\/logo-1.jpg\",\"width\":283,\"height\":113,\"caption\":\"EENewsEurope\"},\"image\":{\"@id\":\"https:\/\/www.ecinews.fr\/fr\/#\/schema\/logo\/image\/\"}},{\"@type\":\"Person\",\"@id\":\"https:\/\/www.ecinews.fr\/fr\/#\/schema\/person\/9eff4051fa9dac8230052de45e32b0f4\",\"name\":\"eeNews Europe\",\"image\":{\"@type\":\"ImageObject\",\"inLanguage\":\"fr-FR\",\"@id\":\"https:\/\/www.ecinews.fr\/fr\/#\/schema\/person\/image\/fae8f0cb15861c4ae0ed4872e2c9fc22\",\"url\":\"https:\/\/secure.gravatar.com\/avatar\/5081509054e28b04ecd976976e723ce0?s=96&d=mm&r=g\",\"contentUrl\":\"https:\/\/secure.gravatar.com\/avatar\/5081509054e28b04ecd976976e723ce0?s=96&d=mm&r=g\",\"caption\":\"eeNews Europe\"}}]}<\/script>","yoast_head_json":{"title":"Les \u03bcLED transforment les vitres de voiture en affichages AR ...","description":"Financ\u00e9 par le minist\u00e8re des Affaires \u00e9conomiques, du D\u00e9veloppement r\u00e9gional et de l'\u00c9nergie de Bavi\u00e8re, le projet SmartVIZ, lanc\u00e9 en novembre 2018,...","robots":{"index":"index","follow":"follow","max-snippet":"max-snippet:-1","max-image-preview":"max-image-preview:large","max-video-preview":"max-video-preview:-1"},"canonical":"https:\/\/www.ecinews.fr\/fr\/wp-json\/wp\/v2\/posts\/89024\/","og_locale":"fr_FR","og_type":"article","og_title":"Les \u03bcLED transforment les vitres de voiture en affichages AR","og_description":"Financ\u00e9 par le minist\u00e8re des Affaires \u00e9conomiques, du D\u00e9veloppement r\u00e9gional et de l'\u00c9nergie de Bavi\u00e8re, le projet SmartVIZ, lanc\u00e9 en novembre 2018, a pour objectif d'explorer l'utilisation de \u00b5LEDs pour les technologies de visualisation innovantes.","og_url":"https:\/\/www.ecinews.fr\/fr\/wp-json\/wp\/v2\/posts\/89024\/","og_site_name":"EENewsEurope","article_published_time":"2019-04-16T10:32:27+00:00","og_image":[{"width":2126,"height":1535,"url":"https:\/\/www.ecinews.fr\/wp-content\/uploads\/import\/default\/files\/sites\/default\/files\/images\/2019-03-28-jh-osram.jpg","type":"image\/jpeg"}],"author":"eeNews Europe","twitter_card":"summary_large_image","twitter_misc":{"Written by":"eeNews Europe","Est. reading time":"3 minutes"},"schema":{"@context":"https:\/\/schema.org","@graph":[{"@type":"Article","@id":"https:\/\/www.ecinews.fr\/fr\/les-%ce%bcled-transforment-les-vitres-de-voiture-en-affichages-ar\/#article","isPartOf":{"@id":"https:\/\/www.ecinews.fr\/fr\/les-%ce%bcled-transforment-les-vitres-de-voiture-en-affichages-ar\/"},"author":{"name":"eeNews Europe","@id":"https:\/\/www.ecinews.fr\/fr\/#\/schema\/person\/9eff4051fa9dac8230052de45e32b0f4"},"headline":"Les \u03bcLED transforment les vitres de voiture en affichages AR","datePublished":"2019-04-16T10:32:27+00:00","dateModified":"2019-04-16T10:32:27+00:00","mainEntityOfPage":{"@id":"https:\/\/www.ecinews.fr\/fr\/les-%ce%bcled-transforment-les-vitres-de-voiture-en-affichages-ar\/"},"wordCount":629,"publisher":{"@id":"https:\/\/www.ecinews.fr\/fr\/#organization"},"keywords":["Automotive","Displays &amp; Interfaces","LEDlighting"],"articleSection":["Technologies"],"inLanguage":"fr-FR"},{"@type":"WebPage","@id":"https:\/\/www.ecinews.fr\/fr\/les-%ce%bcled-transforment-les-vitres-de-voiture-en-affichages-ar\/","url":"https:\/\/www.ecinews.fr\/fr\/les-%ce%bcled-transforment-les-vitres-de-voiture-en-affichages-ar\/","name":"Les \u03bcLED transforment les vitres de voiture en affichages AR -","isPartOf":{"@id":"https:\/\/www.ecinews.fr\/fr\/#website"},"datePublished":"2019-04-16T10:32:27+00:00","dateModified":"2019-04-16T10:32:27+00:00","breadcrumb":{"@id":"https:\/\/www.ecinews.fr\/fr\/les-%ce%bcled-transforment-les-vitres-de-voiture-en-affichages-ar\/#breadcrumb"},"inLanguage":"fr-FR","potentialAction":[{"@type":"ReadAction","target":["https:\/\/www.ecinews.fr\/fr\/les-%ce%bcled-transforment-les-vitres-de-voiture-en-affichages-ar\/"]}]},{"@type":"BreadcrumbList","@id":"https:\/\/www.ecinews.fr\/fr\/les-%ce%bcled-transforment-les-vitres-de-voiture-en-affichages-ar\/#breadcrumb","itemListElement":[{"@type":"ListItem","position":1,"name":"Home","item":"https:\/\/www.ecinews.fr\/fr\/"},{"@type":"ListItem","position":2,"name":"Les \u03bcLED transforment les vitres de voiture en affichages AR"}]},{"@type":"WebSite","@id":"https:\/\/www.ecinews.fr\/fr\/#website","url":"https:\/\/www.ecinews.fr\/fr\/","name":"EENewsEurope","description":"Just another WordPress site","publisher":{"@id":"https:\/\/www.ecinews.fr\/fr\/#organization"},"potentialAction":[{"@type":"SearchAction","target":{"@type":"EntryPoint","urlTemplate":"https:\/\/www.ecinews.fr\/fr\/?s={search_term_string}"},"query-input":"required name=search_term_string"}],"inLanguage":"fr-FR"},{"@type":"Organization","@id":"https:\/\/www.ecinews.fr\/fr\/#organization","name":"EENewsEurope","url":"https:\/\/www.ecinews.fr\/fr\/","logo":{"@type":"ImageObject","inLanguage":"fr-FR","@id":"https:\/\/www.ecinews.fr\/fr\/#\/schema\/logo\/image\/","url":"https:\/\/www.ecinews.fr\/wp-content\/uploads\/2022\/02\/logo-1.jpg","contentUrl":"https:\/\/www.ecinews.fr\/wp-content\/uploads\/2022\/02\/logo-1.jpg","width":283,"height":113,"caption":"EENewsEurope"},"image":{"@id":"https:\/\/www.ecinews.fr\/fr\/#\/schema\/logo\/image\/"}},{"@type":"Person","@id":"https:\/\/www.ecinews.fr\/fr\/#\/schema\/person\/9eff4051fa9dac8230052de45e32b0f4","name":"eeNews Europe","image":{"@type":"ImageObject","inLanguage":"fr-FR","@id":"https:\/\/www.ecinews.fr\/fr\/#\/schema\/person\/image\/fae8f0cb15861c4ae0ed4872e2c9fc22","url":"https:\/\/secure.gravatar.com\/avatar\/5081509054e28b04ecd976976e723ce0?s=96&d=mm&r=g","contentUrl":"https:\/\/secure.gravatar.com\/avatar\/5081509054e28b04ecd976976e723ce0?s=96&d=mm&r=g","caption":"eeNews Europe"}}]}},"authors":[{"term_id":1149,"user_id":22,"is_guest":0,"slug":"eenews-europe","display_name":"eeNews Europe","avatar_url":"https:\/\/secure.gravatar.com\/avatar\/5081509054e28b04ecd976976e723ce0?s=96&d=mm&r=g","0":null,"1":"","2":"","3":"","4":"","5":"","6":"","7":"","8":""}],"_links":{"self":[{"href":"https:\/\/www.ecinews.fr\/fr\/wp-json\/wp\/v2\/posts\/89024"}],"collection":[{"href":"https:\/\/www.ecinews.fr\/fr\/wp-json\/wp\/v2\/posts"}],"about":[{"href":"https:\/\/www.ecinews.fr\/fr\/wp-json\/wp\/v2\/types\/post"}],"author":[{"embeddable":true,"href":"https:\/\/www.ecinews.fr\/fr\/wp-json\/wp\/v2\/users\/22"}],"replies":[{"embeddable":true,"href":"https:\/\/www.ecinews.fr\/fr\/wp-json\/wp\/v2\/comments?post=89024"}],"version-history":[{"count":0,"href":"https:\/\/www.ecinews.fr\/fr\/wp-json\/wp\/v2\/posts\/89024\/revisions"}],"wp:featuredmedia":[{"embeddable":true,"href":"https:\/\/www.ecinews.fr\/fr\/wp-json\/wp\/v2\/media\/89025"}],"wp:attachment":[{"href":"https:\/\/www.ecinews.fr\/fr\/wp-json\/wp\/v2\/media?parent=89024"}],"wp:term":[{"taxonomy":"category","embeddable":true,"href":"https:\/\/www.ecinews.fr\/fr\/wp-json\/wp\/v2\/categories?post=89024"},{"taxonomy":"post_tag","embeddable":true,"href":"https:\/\/www.ecinews.fr\/fr\/wp-json\/wp\/v2\/tags?post=89024"},{"taxonomy":"domains","embeddable":true,"href":"https:\/\/www.ecinews.fr\/fr\/wp-json\/wp\/v2\/domains?post=89024"},{"taxonomy":"author","embeddable":true,"href":"https:\/\/www.ecinews.fr\/fr\/wp-json\/wp\/v2\/ppma_author?post=89024"}],"curies":[{"name":"wp","href":"https:\/\/api.w.org\/{rel}","templated":true}]}}