{"id":87222,"date":"2019-05-08T13:38:34","date_gmt":"2019-05-08T13:38:34","guid":{"rendered":"https:\/\/\/cree-investit-1bn-dans-sa-fab-sic\/"},"modified":"2019-05-08T13:38:34","modified_gmt":"2019-05-08T13:38:34","slug":"cree-investit-1bn-dans-sa-fab-sic","status":"publish","type":"post","link":"https:\/\/www.ecinews.fr\/fr\/cree-investit-1bn-dans-sa-fab-sic\/","title":{"rendered":"Cree investit $1bn dans sa Fab SiC"},"content":{"rendered":"<p>&nbsp;I<span class=\"tlid-translation translation\" lang=\"fr\">l s\u2019agit du plus important investissement de la soci\u00e9t\u00e9 pour agrandir l&rsquo;activit\u00e9 de sa filiale Wolfspeed dans le carbure de silicium pour composants de puissanceet et dans le GaN pour composants RF. Une fois achev\u00e9es en 2024, les installations g\u00e9n\u00e9reront une capacit\u00e9 de fabrication de plaquettes de SiC multipli\u00e9e par 30 et une production de mat\u00e9riaux SiC multipli\u00e9e par 30 afin de r\u00e9pondre \u00e0 la croissance attendue du march\u00e9. La soci\u00e9t\u00e9 d\u00e9pensera 450 millions de dollars pour sa nouvelle Fab SiC et 450 millions de dollars pour la m\u00e9ga usine de mat\u00e9riaux et 100 millions de dollars pour d\u2019autres investissements pour faire face \u00e0 la croissance de l\u2019activit\u00e9.<\/span><\/p>\n<p><span class=\"tlid-translation translation\" lang=\"fr\">\u00abLes secteurs de l&rsquo;automobile et des infrastructures de communication continuent de montrer un int\u00e9r\u00eat grandissant pour les avantages du carbure de silicium qui permetted de stimuler l&rsquo;innovation. Cependant, la demande de carbure de silicium a longtemps d\u00e9pass\u00e9 l&rsquo;offre disponible. Aujourd&rsquo;hui, nous annon\u00e7ons notre plus important investissement dans la production pour augmenter consid\u00e9rablement cette offre et aider les clients \u00e0 proposer des produits et des services transformateurs sur le march\u00e9 \u00bb, a d\u00e9clar\u00e9 Gregg Lowe, directeur g\u00e9n\u00e9ral de Cree.<\/span><\/p>\n<p><span class=\"tlid-translation translation\" lang=\"fr\">\u00abCet investissement dans les \u00e9quipements, les infrastructures et notre main-d&rsquo;\u0153uvre est en mesure d&rsquo;accro\u00eetre jusqu&rsquo;\u00e0 30 fois notre capacit\u00e9 de fabrication de plaquettes en carbure de silicium et notre production de mat\u00e9riaux jusqu&rsquo;\u00e0 30 fois par rapport au premier trimestre de l&rsquo;exercice 2017, date \u00e0 laquelle nous avons lanc\u00e9 la premier phase d&rsquo;expansion de la capacit\u00e9. Nous pensons que cela nous permettra de r\u00e9pondre \u00e0 la croissance attendue pour les mat\u00e9riaux en carbure de silicium de Wolfspeed et de la demande en composants au cours des cinq prochaines ann\u00e9es et au-del\u00e0. \u00ab\u00a0<\/span><\/p>\n<p><span class=\"tlid-translation translation\" lang=\"fr\">Le plan offre une capacit\u00e9 suppl\u00e9mentaire pour son activit\u00e9 SiC avec la transformation d&rsquo;une structure existante en une Fab SiC de 25000 m2 , comprenant une installation de fabrication de plaquettes RF et de puissance de 200 mm, comme premi\u00e8re \u00e9tape pour r\u00e9pondre \u00e0 la demande future du march\u00e9. La nouvelle North Fab est con\u00e7ue pour \u00eatre pleinement qualifi\u00e9e pour l\u2019automobile et offrira une surface de fabrication 18 fois plus grande qu\u2019aujourd\u2019hui, d\u00e9marrant initialement avec la production de wafers de 150 mm avec des \u00e9quipements de production remis \u00e0 neuf. La soci\u00e9t\u00e9 convertira \u00e9galement ses installations de fabrication et de mat\u00e9riaux existantes \u00e0 Durham en une m\u00e9ga usine de mat\u00e9riaux, ce qui r\u00e9duira consid\u00e9rablement les co\u00fbts.<\/span><br \/>\n&nbsp;<\/p>\n<p><strong><span class=\"tlid-translation translation\" lang=\"fr\">\u00e0 suivre: SiC pour v\u00e9hicules \u00e9lectriques et RF<\/span><\/strong><\/p>\n<p>&nbsp;<\/p>\n<hr \/>\n<p>&nbsp;<\/p>\n<p><span class=\"tlid-translation translation\" lang=\"fr\">\u00abCes m\u00e9ga-centres de fabrication de SiC permettront d&rsquo;acc\u00e9l\u00e9rer l\u2019innovation sur les march\u00e9s dont la croissance est la plus rapide aujourd\u2019hui en proposant des solutions permettant d\u2019\u00e9tendre l&rsquo;autonomie et de r\u00e9duire les temps de charge des v\u00e9hicules \u00e9lectriques, ainsi que de soutenir le d\u00e9ploiement de r\u00e9seaux 5G \u00e0 travers le monde\u00bb, a d\u00e9clar\u00e9 Lowe . \u00abNous pensons que cela repr\u00e9sente l&rsquo;investissement en capital le plus important de l&rsquo;histoire dans les technologies et la production de composants SiC et&nbsp; GaN avec une approche responsable sur le plan financier. En utilisant les installations existantes et en installant une majorit\u00e9 d&rsquo;\u00e9quipements remis \u00e0 neuf, nous pensons \u00eatre en mesure de fournir une Fab SiC ultramoderne 200 mm \u00e0 environ un tiers du co\u00fbt d&rsquo;une nouvelle Fab SiC. \u201d<\/span><\/p>\n<p>\u00e0 lire \u00e9galement:<\/p>\n<p><a href=\"https:\/\/www.electronique-eci.com\/news\/st-investit-dans-norstel-pour-controler-la-chaine-sic\">ST investit dans Norstel pour contr\u00f4ler la chaine SiC<\/a><\/p>\n<p><a href=\"https:\/\/www.electronique-eci.com\/news\/x-fab-double-sa-capacite-sic-pour-rester-leader-mondial\">X-FAB double sa capacit\u00e9 SiC pour rester leader mondial <\/a><\/p>\n<p><a href=\"https:\/\/www.electronique-eci.com\/news\/stmicro-en-partenariat-avec-le-leti-pour-le-gan-en-volume-sur-200mm\">STMicro en partenariat avec le Leti pour le GaN en volume sur 200mm <\/a><\/p>\n<p><a href=\"http:\/\/www.cree.com\">www.cree.com<\/a><\/p>\n<h3>Related silicon carbide&nbsp;stories in English:<\/h3>\n<ul>\n<li><a href=\"https:\/\/www.eenewspower.com\/news\/microchip-starts-sic-power-chip-production\">MICROCHIP STARTS SIC POWER CHIP PRODUCTION<\/a><\/li>\n<li><a href=\"https:\/\/www.eenewspower.com\/news\/sic-mosfets-target-data-centre-and-automotive-power-designs\">SIC MOSFETS TARGET DATA CENTRE AND AUTOMOTIVE POWER DESIGNS<\/a><\/li>\n<li><a href=\"https:\/\/www.eenewspower.com\/news\/chinese-foundry-launches-6in-sic-process\">CHINESE FOUNDRY LAUNCHES 6IN SIC PROCESS<\/a><\/li>\n<li><a href=\"https:\/\/www.eenewspower.com\/news\/analog-devices-buys-unitedsic-wide-bandgap-power\">ANALOG DEVICES BUYS INTO UNITEDSIC FOR WIDE BANDGAP POWER<\/a><\/li>\n<\/ul>\n","protected":false},"excerpt":{"rendered":"<p>Cree va investir jusqu&rsquo;\u00e0 un milliard de dollars dans une Fab SiC pour \u00e9tendre sa capacit\u00e9 avec une usine de fabrication automatis\u00e9e de pointe de 200 mm et une m\u00e9ga usine de mat\u00e9riaux situ\u00e9e \u00e0 son si\u00e8ge am\u00e9ricain \u00e0 Durham, en Caroline du Nord.<\/p>\n","protected":false},"author":22,"featured_media":87223,"comment_status":"closed","ping_status":"closed","sticky":false,"template":"","format":"standard","meta":{"_acf_changed":false,"footnotes":""},"categories":[883],"tags":[913,890],"domains":[47],"ppma_author":[1149],"class_list":["post-87222","post","type-post","status-publish","format-standard","has-post-thumbnail","hentry","category-technologies","tag-materials-processes-fr","tag-powermanagement-fr","domains-electronique-eci"],"acf":[],"yoast_head":"<title>Cree investit $1bn dans sa Fab SiC ...<\/title>\n<meta name=\"description\" content=\"Cree va investir jusqu&#039;\u00e0 un milliard de dollars dans une Fab SiC pour \u00e9tendre sa capacit\u00e9 avec une usine de fabrication automatis\u00e9e de pointe de 200 mm...\" \/>\n<meta name=\"robots\" content=\"index, follow, max-snippet:-1, max-image-preview:large, max-video-preview:-1\" \/>\n<link rel=\"canonical\" href=\"https:\/\/www.ecinews.fr\/fr\/wp-json\/wp\/v2\/posts\/87222\/\" \/>\n<meta property=\"og:locale\" content=\"fr_FR\" \/>\n<meta property=\"og:type\" content=\"article\" \/>\n<meta property=\"og:title\" content=\"Cree investit $1bn dans sa Fab SiC\" \/>\n<meta property=\"og:description\" content=\"Cree va investir jusqu&#039;\u00e0 un milliard de dollars dans une Fab SiC pour \u00e9tendre sa capacit\u00e9 avec une usine de fabrication automatis\u00e9e de pointe de 200 mm et une m\u00e9ga usine de mat\u00e9riaux situ\u00e9e \u00e0 son si\u00e8ge am\u00e9ricain \u00e0 Durham, en Caroline du Nord.\" \/>\n<meta property=\"og:url\" content=\"https:\/\/www.ecinews.fr\/fr\/wp-json\/wp\/v2\/posts\/87222\/\" \/>\n<meta property=\"og:site_name\" content=\"EENewsEurope\" \/>\n<meta property=\"article:published_time\" content=\"2019-05-08T13:38:34+00:00\" \/>\n<meta property=\"og:image\" content=\"https:\/\/www.ecinews.fr\/wp-content\/uploads\/import\/default\/files\/sites\/default\/files\/images\/cree_0.jpg\" \/>\n\t<meta property=\"og:image:width\" content=\"540\" \/>\n\t<meta property=\"og:image:height\" content=\"405\" \/>\n\t<meta property=\"og:image:type\" content=\"image\/jpeg\" \/>\n<meta name=\"author\" content=\"eeNews Europe\" \/>\n<meta name=\"twitter:card\" content=\"summary_large_image\" \/>\n<meta name=\"twitter:label1\" content=\"Written by\" \/>\n\t<meta name=\"twitter:data1\" content=\"eeNews Europe\" \/>\n\t<meta name=\"twitter:label2\" content=\"Est. reading time\" \/>\n\t<meta name=\"twitter:data2\" content=\"3 minutes\" \/>\n<script type=\"application\/ld+json\" class=\"yoast-schema-graph\">{\"@context\":\"https:\/\/schema.org\",\"@graph\":[{\"@type\":\"Article\",\"@id\":\"https:\/\/www.ecinews.fr\/fr\/cree-investit-1bn-dans-sa-fab-sic\/#article\",\"isPartOf\":{\"@id\":\"https:\/\/www.ecinews.fr\/fr\/cree-investit-1bn-dans-sa-fab-sic\/\"},\"author\":{\"name\":\"eeNews Europe\",\"@id\":\"https:\/\/www.eenewseurope.com\/en\/#\/schema\/person\/9eff4051fa9dac8230052de45e32b0f4\"},\"headline\":\"Cree investit $1bn dans sa Fab SiC\",\"datePublished\":\"2019-05-08T13:38:34+00:00\",\"dateModified\":\"2019-05-08T13:38:34+00:00\",\"mainEntityOfPage\":{\"@id\":\"https:\/\/www.ecinews.fr\/fr\/cree-investit-1bn-dans-sa-fab-sic\/\"},\"wordCount\":656,\"publisher\":{\"@id\":\"https:\/\/www.eenewseurope.com\/en\/#organization\"},\"keywords\":[\"Materials &amp; processes\",\"PowerManagement\"],\"articleSection\":[\"Technologies\"],\"inLanguage\":\"fr-FR\"},{\"@type\":\"WebPage\",\"@id\":\"https:\/\/www.ecinews.fr\/fr\/cree-investit-1bn-dans-sa-fab-sic\/\",\"url\":\"https:\/\/www.ecinews.fr\/fr\/cree-investit-1bn-dans-sa-fab-sic\/\",\"name\":\"Cree investit $1bn dans sa Fab SiC -\",\"isPartOf\":{\"@id\":\"https:\/\/www.eenewseurope.com\/en\/#website\"},\"datePublished\":\"2019-05-08T13:38:34+00:00\",\"dateModified\":\"2019-05-08T13:38:34+00:00\",\"breadcrumb\":{\"@id\":\"https:\/\/www.ecinews.fr\/fr\/cree-investit-1bn-dans-sa-fab-sic\/#breadcrumb\"},\"inLanguage\":\"fr-FR\",\"potentialAction\":[{\"@type\":\"ReadAction\",\"target\":[\"https:\/\/www.ecinews.fr\/fr\/cree-investit-1bn-dans-sa-fab-sic\/\"]}]},{\"@type\":\"BreadcrumbList\",\"@id\":\"https:\/\/www.ecinews.fr\/fr\/cree-investit-1bn-dans-sa-fab-sic\/#breadcrumb\",\"itemListElement\":[{\"@type\":\"ListItem\",\"position\":1,\"name\":\"Home\",\"item\":\"https:\/\/www.ecinews.fr\/fr\/\"},{\"@type\":\"ListItem\",\"position\":2,\"name\":\"Cree investit $1bn dans sa Fab SiC\"}]},{\"@type\":\"WebSite\",\"@id\":\"https:\/\/www.eenewseurope.com\/en\/#website\",\"url\":\"https:\/\/www.eenewseurope.com\/en\/\",\"name\":\"EENewsEurope\",\"description\":\"Just another WordPress site\",\"publisher\":{\"@id\":\"https:\/\/www.eenewseurope.com\/en\/#organization\"},\"potentialAction\":[{\"@type\":\"SearchAction\",\"target\":{\"@type\":\"EntryPoint\",\"urlTemplate\":\"https:\/\/www.eenewseurope.com\/en\/?s={search_term_string}\"},\"query-input\":\"required name=search_term_string\"}],\"inLanguage\":\"fr-FR\"},{\"@type\":\"Organization\",\"@id\":\"https:\/\/www.eenewseurope.com\/en\/#organization\",\"name\":\"EENewsEurope\",\"url\":\"https:\/\/www.eenewseurope.com\/en\/\",\"logo\":{\"@type\":\"ImageObject\",\"inLanguage\":\"fr-FR\",\"@id\":\"https:\/\/www.eenewseurope.com\/en\/#\/schema\/logo\/image\/\",\"url\":\"https:\/\/www.ecinews.fr\/wp-content\/uploads\/2022\/02\/logo-1.jpg\",\"contentUrl\":\"https:\/\/www.ecinews.fr\/wp-content\/uploads\/2022\/02\/logo-1.jpg\",\"width\":283,\"height\":113,\"caption\":\"EENewsEurope\"},\"image\":{\"@id\":\"https:\/\/www.eenewseurope.com\/en\/#\/schema\/logo\/image\/\"}},{\"@type\":\"Person\",\"@id\":\"https:\/\/www.eenewseurope.com\/en\/#\/schema\/person\/9eff4051fa9dac8230052de45e32b0f4\",\"name\":\"eeNews Europe\",\"image\":{\"@type\":\"ImageObject\",\"inLanguage\":\"fr-FR\",\"@id\":\"https:\/\/www.eenewseurope.com\/en\/#\/schema\/person\/image\/fae8f0cb15861c4ae0ed4872e2c9fc22\",\"url\":\"https:\/\/secure.gravatar.com\/avatar\/5081509054e28b04ecd976976e723ce0?s=96&d=mm&r=g\",\"contentUrl\":\"https:\/\/secure.gravatar.com\/avatar\/5081509054e28b04ecd976976e723ce0?s=96&d=mm&r=g\",\"caption\":\"eeNews Europe\"}}]}<\/script>","yoast_head_json":{"title":"Cree investit $1bn dans sa Fab SiC ...","description":"Cree va investir jusqu'\u00e0 un milliard de dollars dans une Fab SiC pour \u00e9tendre sa capacit\u00e9 avec une usine de fabrication automatis\u00e9e de pointe de 200 mm...","robots":{"index":"index","follow":"follow","max-snippet":"max-snippet:-1","max-image-preview":"max-image-preview:large","max-video-preview":"max-video-preview:-1"},"canonical":"https:\/\/www.ecinews.fr\/fr\/wp-json\/wp\/v2\/posts\/87222\/","og_locale":"fr_FR","og_type":"article","og_title":"Cree investit $1bn dans sa Fab SiC","og_description":"Cree va investir jusqu'\u00e0 un milliard de dollars dans une Fab SiC pour \u00e9tendre sa capacit\u00e9 avec une usine de fabrication automatis\u00e9e de pointe de 200 mm et une m\u00e9ga usine de mat\u00e9riaux situ\u00e9e \u00e0 son si\u00e8ge am\u00e9ricain \u00e0 Durham, en Caroline du Nord.","og_url":"https:\/\/www.ecinews.fr\/fr\/wp-json\/wp\/v2\/posts\/87222\/","og_site_name":"EENewsEurope","article_published_time":"2019-05-08T13:38:34+00:00","og_image":[{"width":540,"height":405,"url":"https:\/\/www.ecinews.fr\/wp-content\/uploads\/import\/default\/files\/sites\/default\/files\/images\/cree_0.jpg","type":"image\/jpeg"}],"author":"eeNews Europe","twitter_card":"summary_large_image","twitter_misc":{"Written by":"eeNews Europe","Est. reading time":"3 minutes"},"schema":{"@context":"https:\/\/schema.org","@graph":[{"@type":"Article","@id":"https:\/\/www.ecinews.fr\/fr\/cree-investit-1bn-dans-sa-fab-sic\/#article","isPartOf":{"@id":"https:\/\/www.ecinews.fr\/fr\/cree-investit-1bn-dans-sa-fab-sic\/"},"author":{"name":"eeNews Europe","@id":"https:\/\/www.eenewseurope.com\/en\/#\/schema\/person\/9eff4051fa9dac8230052de45e32b0f4"},"headline":"Cree investit $1bn dans sa Fab SiC","datePublished":"2019-05-08T13:38:34+00:00","dateModified":"2019-05-08T13:38:34+00:00","mainEntityOfPage":{"@id":"https:\/\/www.ecinews.fr\/fr\/cree-investit-1bn-dans-sa-fab-sic\/"},"wordCount":656,"publisher":{"@id":"https:\/\/www.eenewseurope.com\/en\/#organization"},"keywords":["Materials &amp; processes","PowerManagement"],"articleSection":["Technologies"],"inLanguage":"fr-FR"},{"@type":"WebPage","@id":"https:\/\/www.ecinews.fr\/fr\/cree-investit-1bn-dans-sa-fab-sic\/","url":"https:\/\/www.ecinews.fr\/fr\/cree-investit-1bn-dans-sa-fab-sic\/","name":"Cree investit $1bn dans sa Fab SiC -","isPartOf":{"@id":"https:\/\/www.eenewseurope.com\/en\/#website"},"datePublished":"2019-05-08T13:38:34+00:00","dateModified":"2019-05-08T13:38:34+00:00","breadcrumb":{"@id":"https:\/\/www.ecinews.fr\/fr\/cree-investit-1bn-dans-sa-fab-sic\/#breadcrumb"},"inLanguage":"fr-FR","potentialAction":[{"@type":"ReadAction","target":["https:\/\/www.ecinews.fr\/fr\/cree-investit-1bn-dans-sa-fab-sic\/"]}]},{"@type":"BreadcrumbList","@id":"https:\/\/www.ecinews.fr\/fr\/cree-investit-1bn-dans-sa-fab-sic\/#breadcrumb","itemListElement":[{"@type":"ListItem","position":1,"name":"Home","item":"https:\/\/www.ecinews.fr\/fr\/"},{"@type":"ListItem","position":2,"name":"Cree investit $1bn dans sa Fab SiC"}]},{"@type":"WebSite","@id":"https:\/\/www.eenewseurope.com\/en\/#website","url":"https:\/\/www.eenewseurope.com\/en\/","name":"EENewsEurope","description":"Just another WordPress site","publisher":{"@id":"https:\/\/www.eenewseurope.com\/en\/#organization"},"potentialAction":[{"@type":"SearchAction","target":{"@type":"EntryPoint","urlTemplate":"https:\/\/www.eenewseurope.com\/en\/?s={search_term_string}"},"query-input":"required name=search_term_string"}],"inLanguage":"fr-FR"},{"@type":"Organization","@id":"https:\/\/www.eenewseurope.com\/en\/#organization","name":"EENewsEurope","url":"https:\/\/www.eenewseurope.com\/en\/","logo":{"@type":"ImageObject","inLanguage":"fr-FR","@id":"https:\/\/www.eenewseurope.com\/en\/#\/schema\/logo\/image\/","url":"https:\/\/www.ecinews.fr\/wp-content\/uploads\/2022\/02\/logo-1.jpg","contentUrl":"https:\/\/www.ecinews.fr\/wp-content\/uploads\/2022\/02\/logo-1.jpg","width":283,"height":113,"caption":"EENewsEurope"},"image":{"@id":"https:\/\/www.eenewseurope.com\/en\/#\/schema\/logo\/image\/"}},{"@type":"Person","@id":"https:\/\/www.eenewseurope.com\/en\/#\/schema\/person\/9eff4051fa9dac8230052de45e32b0f4","name":"eeNews Europe","image":{"@type":"ImageObject","inLanguage":"fr-FR","@id":"https:\/\/www.eenewseurope.com\/en\/#\/schema\/person\/image\/fae8f0cb15861c4ae0ed4872e2c9fc22","url":"https:\/\/secure.gravatar.com\/avatar\/5081509054e28b04ecd976976e723ce0?s=96&d=mm&r=g","contentUrl":"https:\/\/secure.gravatar.com\/avatar\/5081509054e28b04ecd976976e723ce0?s=96&d=mm&r=g","caption":"eeNews Europe"}}]}},"authors":[{"term_id":1149,"user_id":22,"is_guest":0,"slug":"eenews-europe","display_name":"eeNews Europe","avatar_url":"https:\/\/secure.gravatar.com\/avatar\/5081509054e28b04ecd976976e723ce0?s=96&d=mm&r=g","0":null,"1":"","2":"","3":"","4":"","5":"","6":"","7":"","8":""}],"_links":{"self":[{"href":"https:\/\/www.ecinews.fr\/fr\/wp-json\/wp\/v2\/posts\/87222"}],"collection":[{"href":"https:\/\/www.ecinews.fr\/fr\/wp-json\/wp\/v2\/posts"}],"about":[{"href":"https:\/\/www.ecinews.fr\/fr\/wp-json\/wp\/v2\/types\/post"}],"author":[{"embeddable":true,"href":"https:\/\/www.ecinews.fr\/fr\/wp-json\/wp\/v2\/users\/22"}],"replies":[{"embeddable":true,"href":"https:\/\/www.ecinews.fr\/fr\/wp-json\/wp\/v2\/comments?post=87222"}],"version-history":[{"count":0,"href":"https:\/\/www.ecinews.fr\/fr\/wp-json\/wp\/v2\/posts\/87222\/revisions"}],"wp:featuredmedia":[{"embeddable":true,"href":"https:\/\/www.ecinews.fr\/fr\/wp-json\/wp\/v2\/media\/87223"}],"wp:attachment":[{"href":"https:\/\/www.ecinews.fr\/fr\/wp-json\/wp\/v2\/media?parent=87222"}],"wp:term":[{"taxonomy":"category","embeddable":true,"href":"https:\/\/www.ecinews.fr\/fr\/wp-json\/wp\/v2\/categories?post=87222"},{"taxonomy":"post_tag","embeddable":true,"href":"https:\/\/www.ecinews.fr\/fr\/wp-json\/wp\/v2\/tags?post=87222"},{"taxonomy":"domains","embeddable":true,"href":"https:\/\/www.ecinews.fr\/fr\/wp-json\/wp\/v2\/domains?post=87222"},{"taxonomy":"author","embeddable":true,"href":"https:\/\/www.ecinews.fr\/fr\/wp-json\/wp\/v2\/ppma_author?post=87222"}],"curies":[{"name":"wp","href":"https:\/\/api.w.org\/{rel}","templated":true}]}}