{"id":85590,"date":"2019-05-28T08:02:14","date_gmt":"2019-05-28T08:02:14","guid":{"rendered":"https:\/\/\/st-microelectronics-rejoint-le-car-connectivity-consortium\/"},"modified":"2019-05-28T08:02:14","modified_gmt":"2019-05-28T08:02:14","slug":"st-microelectronics-rejoint-le-car-connectivity-consortium","status":"publish","type":"post","link":"https:\/\/www.ecinews.fr\/fr\/st-microelectronics-rejoint-le-car-connectivity-consortium\/","title":{"rendered":"ST Microelectronics rejoint le Car Connectivity Consortium"},"content":{"rendered":"<p>Pour Jo\u00ebl Huloux, directeur du groupe Microcontr\u00f4leurs et circuits int\u00e9gr\u00e9s num\u00e9riques de la normalisation chez STMicroelectronics :\u00a0\u00bbles smartphones sont devenus des objets du quotidien pour tous les utilisateurs. Il existe \u00e9galement de nombreuses applications pour les smartphones dans la voiture, comme la navigation, le d\u00e9verrouillage des portes, le r\u00e9glage du si\u00e8ge, le choix de la station de radio, etc, pour &nbsp;adapter la voiture \u00e0 ses pr\u00e9f\u00e9rences personnelles \u00ab\u00a0. Fabricants de puces actifs dans les secteurs des smartphones et de l&rsquo;automobile, ST souhaite participer au d\u00e9veloppement de ce march\u00e9. \u00ab\u00a0Nous avons rejoint le consortium pour apporter notre expertise et profiter en retour de celle des autres acteurs\u00a0\u00bb, a d\u00e9clar\u00e9 Huloux.<\/p>\n<p>Dans le &nbsp;portefeuille technologique de ST certaines lignes de produits correspondent bien \u00e0 la connectivit\u00e9 automobile et aux objectifs de la CCC. Les exemples incluent les lecteurs NFC de la s\u00e9rie ST25, les \u00e9l\u00e9ments de s\u00e9curit\u00e9 ST33, les processeurs d\u2019info-divertissement Accordo STA12, les processeurs de la famille Telemaco STA13 et les microcontr\u00f4leurs passerelle \/ domaine des v\u00e9hicules de la s\u00e9rie Stellar.<\/p>\n<hr \/>\n<p>ST est \u00e9galement actif sur le march\u00e9 de la technologie NFC en tant que cl\u00e9 num\u00e9rique et en tant que moyen de connexion pour le couplage Bluetooth et Wi-Fi. En outre, la soci\u00e9t\u00e9 propose des technologies de chargement sans fil, notamment l\u2019authentification et la d\u00e9tection d\u2019objets \u00e9trangers. Gr\u00e2ce \u00e0 ses comp\u00e9tences dans la technologie des eSIM, ST est pr\u00e9sent pour s&rsquo;adapter \u00e0 la s\u00e9curisation des applications automobiles. L&rsquo;info-divertissement est un autre segment adress\u00e9 par ST. Le couplage avec les smartphones ou la reproduction de leur affichage sur l&rsquo;unit\u00e9 principale facilite la vie \u00e0 bord de l&rsquo;utilisateur en prenant en charge de mani\u00e8re s\u00e9curis\u00e9e des services activ\u00e9s par la voix tels que la musique sur Internet ou la navigation en r\u00e9seau. D&rsquo;autres fonctionnalit\u00e9s incluent l&rsquo;acquisition de donn\u00e9es dans la voiture \u00e0 l&rsquo;aide de divers capteurs (ToF pour lidar, capteurs d&rsquo;acc\u00e9l\u00e9ration, capteur de taux de rotation, capteurs d&rsquo;image et capteurs radar) et assurer le traitement de ces donn\u00e9es pour r\u00e9duire la quantit\u00e9 de donn\u00e9es \u00e0 traiter. 2 Go\/km \u00e0 environ 10 Ko\/km.<\/p>\n<p><a href=\"https:\/\/www.st.com\/\">https:\/\/www.st.com<\/a><\/p>\n","protected":false},"excerpt":{"rendered":"<p>En rejoignant le Car Connectivity Consortium (CCC), STMicroelectronics vise \u00e0 promouvoir la connectivit\u00e9 entre les voitures et les smartphones. <\/p>\n","protected":false},"author":11,"featured_media":85591,"comment_status":"closed","ping_status":"closed","sticky":false,"template":"","format":"standard","meta":{"_acf_changed":false,"footnotes":""},"categories":[],"tags":[891],"domains":[47],"ppma_author":[1143],"class_list":["post-85590","post","type-post","status-publish","format-standard","has-post-thumbnail","hentry","tag-automotive-fr","domains-electronique-eci"],"acf":[],"yoast_head":"<title>ST Microelectronics rejoint le Car Connectivity Consortium ...<\/title>\n<meta name=\"description\" content=\"En rejoignant le Car Connectivity Consortium (CCC), STMicroelectronics vise \u00e0 promouvoir la connectivit\u00e9 entre les voitures et les smartphones.\" \/>\n<meta name=\"robots\" content=\"index, follow, max-snippet:-1, max-image-preview:large, max-video-preview:-1\" \/>\n<link rel=\"canonical\" href=\"https:\/\/www.ecinews.fr\/fr\/wp-json\/wp\/v2\/posts\/85590\/\" \/>\n<meta property=\"og:locale\" content=\"fr_FR\" \/>\n<meta property=\"og:type\" content=\"article\" \/>\n<meta property=\"og:title\" content=\"ST Microelectronics rejoint le Car Connectivity Consortium\" \/>\n<meta property=\"og:description\" content=\"En rejoignant le Car Connectivity Consortium (CCC), STMicroelectronics vise \u00e0 promouvoir la connectivit\u00e9 entre les voitures et les smartphones.\" \/>\n<meta property=\"og:url\" content=\"https:\/\/www.ecinews.fr\/fr\/wp-json\/wp\/v2\/posts\/85590\/\" \/>\n<meta property=\"og:site_name\" content=\"EENewsEurope\" \/>\n<meta property=\"article:published_time\" content=\"2019-05-28T08:02:14+00:00\" \/>\n<meta property=\"og:image\" content=\"https:\/\/www.ecinews.fr\/wp-content\/uploads\/import\/default\/files\/sites\/default\/files\/images\/st_auto-dashboard.jpg\" \/>\n\t<meta property=\"og:image:width\" content=\"595\" \/>\n\t<meta property=\"og:image:height\" content=\"333\" \/>\n\t<meta property=\"og:image:type\" content=\"image\/jpeg\" \/>\n<meta name=\"author\" content=\"Daniel Cardon\" \/>\n<meta name=\"twitter:card\" content=\"summary_large_image\" \/>\n<meta name=\"twitter:label1\" content=\"Written by\" \/>\n\t<meta name=\"twitter:data1\" content=\"Daniel Cardon\" \/>\n\t<meta name=\"twitter:label2\" content=\"Est. reading time\" \/>\n\t<meta name=\"twitter:data2\" content=\"2 minutes\" \/>\n<script type=\"application\/ld+json\" class=\"yoast-schema-graph\">{\"@context\":\"https:\/\/schema.org\",\"@graph\":[{\"@type\":\"Article\",\"@id\":\"https:\/\/www.ecinews.fr\/fr\/st-microelectronics-rejoint-le-car-connectivity-consortium\/#article\",\"isPartOf\":{\"@id\":\"https:\/\/www.ecinews.fr\/fr\/st-microelectronics-rejoint-le-car-connectivity-consortium\/\"},\"author\":{\"name\":\"Daniel Cardon\",\"@id\":\"https:\/\/www.eenewseurope.com\/en\/#\/schema\/person\/93c44cde463762f40a8236eaa44c1c17\"},\"headline\":\"ST Microelectronics rejoint le Car Connectivity Consortium\",\"datePublished\":\"2019-05-28T08:02:14+00:00\",\"dateModified\":\"2019-05-28T08:02:14+00:00\",\"mainEntityOfPage\":{\"@id\":\"https:\/\/www.ecinews.fr\/fr\/st-microelectronics-rejoint-le-car-connectivity-consortium\/\"},\"wordCount\":393,\"publisher\":{\"@id\":\"https:\/\/www.eenewseurope.com\/en\/#organization\"},\"keywords\":[\"Automotive\"],\"inLanguage\":\"fr-FR\"},{\"@type\":\"WebPage\",\"@id\":\"https:\/\/www.ecinews.fr\/fr\/st-microelectronics-rejoint-le-car-connectivity-consortium\/\",\"url\":\"https:\/\/www.ecinews.fr\/fr\/st-microelectronics-rejoint-le-car-connectivity-consortium\/\",\"name\":\"ST Microelectronics rejoint le Car Connectivity Consortium -\",\"isPartOf\":{\"@id\":\"https:\/\/www.eenewseurope.com\/en\/#website\"},\"datePublished\":\"2019-05-28T08:02:14+00:00\",\"dateModified\":\"2019-05-28T08:02:14+00:00\",\"breadcrumb\":{\"@id\":\"https:\/\/www.ecinews.fr\/fr\/st-microelectronics-rejoint-le-car-connectivity-consortium\/#breadcrumb\"},\"inLanguage\":\"fr-FR\",\"potentialAction\":[{\"@type\":\"ReadAction\",\"target\":[\"https:\/\/www.ecinews.fr\/fr\/st-microelectronics-rejoint-le-car-connectivity-consortium\/\"]}]},{\"@type\":\"BreadcrumbList\",\"@id\":\"https:\/\/www.ecinews.fr\/fr\/st-microelectronics-rejoint-le-car-connectivity-consortium\/#breadcrumb\",\"itemListElement\":[{\"@type\":\"ListItem\",\"position\":1,\"name\":\"Home\",\"item\":\"https:\/\/www.ecinews.fr\/fr\/\"},{\"@type\":\"ListItem\",\"position\":2,\"name\":\"ST Microelectronics rejoint le Car Connectivity Consortium\"}]},{\"@type\":\"WebSite\",\"@id\":\"https:\/\/www.eenewseurope.com\/en\/#website\",\"url\":\"https:\/\/www.eenewseurope.com\/en\/\",\"name\":\"EENewsEurope\",\"description\":\"Just another WordPress site\",\"publisher\":{\"@id\":\"https:\/\/www.eenewseurope.com\/en\/#organization\"},\"potentialAction\":[{\"@type\":\"SearchAction\",\"target\":{\"@type\":\"EntryPoint\",\"urlTemplate\":\"https:\/\/www.eenewseurope.com\/en\/?s={search_term_string}\"},\"query-input\":\"required name=search_term_string\"}],\"inLanguage\":\"fr-FR\"},{\"@type\":\"Organization\",\"@id\":\"https:\/\/www.eenewseurope.com\/en\/#organization\",\"name\":\"EENewsEurope\",\"url\":\"https:\/\/www.eenewseurope.com\/en\/\",\"logo\":{\"@type\":\"ImageObject\",\"inLanguage\":\"fr-FR\",\"@id\":\"https:\/\/www.eenewseurope.com\/en\/#\/schema\/logo\/image\/\",\"url\":\"https:\/\/www.ecinews.fr\/wp-content\/uploads\/2022\/02\/logo-1.jpg\",\"contentUrl\":\"https:\/\/www.ecinews.fr\/wp-content\/uploads\/2022\/02\/logo-1.jpg\",\"width\":283,\"height\":113,\"caption\":\"EENewsEurope\"},\"image\":{\"@id\":\"https:\/\/www.eenewseurope.com\/en\/#\/schema\/logo\/image\/\"}},{\"@type\":\"Person\",\"@id\":\"https:\/\/www.eenewseurope.com\/en\/#\/schema\/person\/93c44cde463762f40a8236eaa44c1c17\",\"name\":\"Daniel Cardon\",\"image\":{\"@type\":\"ImageObject\",\"inLanguage\":\"fr-FR\",\"@id\":\"https:\/\/www.eenewseurope.com\/en\/#\/schema\/person\/image\/2b243f6bcc1cff7d86aadfb2cd0bd870\",\"url\":\"https:\/\/secure.gravatar.com\/avatar\/de9edc136dfc061ad4778e04635baefa?s=96&d=mm&r=g\",\"contentUrl\":\"https:\/\/secure.gravatar.com\/avatar\/de9edc136dfc061ad4778e04635baefa?s=96&d=mm&r=g\",\"caption\":\"Daniel Cardon\"}}]}<\/script>","yoast_head_json":{"title":"ST Microelectronics rejoint le Car Connectivity Consortium ...","description":"En rejoignant le Car Connectivity Consortium (CCC), STMicroelectronics vise \u00e0 promouvoir la connectivit\u00e9 entre les voitures et les smartphones.","robots":{"index":"index","follow":"follow","max-snippet":"max-snippet:-1","max-image-preview":"max-image-preview:large","max-video-preview":"max-video-preview:-1"},"canonical":"https:\/\/www.ecinews.fr\/fr\/wp-json\/wp\/v2\/posts\/85590\/","og_locale":"fr_FR","og_type":"article","og_title":"ST Microelectronics rejoint le Car Connectivity Consortium","og_description":"En rejoignant le Car Connectivity Consortium (CCC), STMicroelectronics vise \u00e0 promouvoir la connectivit\u00e9 entre les voitures et les smartphones.","og_url":"https:\/\/www.ecinews.fr\/fr\/wp-json\/wp\/v2\/posts\/85590\/","og_site_name":"EENewsEurope","article_published_time":"2019-05-28T08:02:14+00:00","og_image":[{"width":595,"height":333,"url":"https:\/\/www.ecinews.fr\/wp-content\/uploads\/import\/default\/files\/sites\/default\/files\/images\/st_auto-dashboard.jpg","type":"image\/jpeg"}],"author":"Daniel Cardon","twitter_card":"summary_large_image","twitter_misc":{"Written by":"Daniel Cardon","Est. reading time":"2 minutes"},"schema":{"@context":"https:\/\/schema.org","@graph":[{"@type":"Article","@id":"https:\/\/www.ecinews.fr\/fr\/st-microelectronics-rejoint-le-car-connectivity-consortium\/#article","isPartOf":{"@id":"https:\/\/www.ecinews.fr\/fr\/st-microelectronics-rejoint-le-car-connectivity-consortium\/"},"author":{"name":"Daniel Cardon","@id":"https:\/\/www.eenewseurope.com\/en\/#\/schema\/person\/93c44cde463762f40a8236eaa44c1c17"},"headline":"ST Microelectronics rejoint le Car Connectivity Consortium","datePublished":"2019-05-28T08:02:14+00:00","dateModified":"2019-05-28T08:02:14+00:00","mainEntityOfPage":{"@id":"https:\/\/www.ecinews.fr\/fr\/st-microelectronics-rejoint-le-car-connectivity-consortium\/"},"wordCount":393,"publisher":{"@id":"https:\/\/www.eenewseurope.com\/en\/#organization"},"keywords":["Automotive"],"inLanguage":"fr-FR"},{"@type":"WebPage","@id":"https:\/\/www.ecinews.fr\/fr\/st-microelectronics-rejoint-le-car-connectivity-consortium\/","url":"https:\/\/www.ecinews.fr\/fr\/st-microelectronics-rejoint-le-car-connectivity-consortium\/","name":"ST Microelectronics rejoint le Car Connectivity Consortium -","isPartOf":{"@id":"https:\/\/www.eenewseurope.com\/en\/#website"},"datePublished":"2019-05-28T08:02:14+00:00","dateModified":"2019-05-28T08:02:14+00:00","breadcrumb":{"@id":"https:\/\/www.ecinews.fr\/fr\/st-microelectronics-rejoint-le-car-connectivity-consortium\/#breadcrumb"},"inLanguage":"fr-FR","potentialAction":[{"@type":"ReadAction","target":["https:\/\/www.ecinews.fr\/fr\/st-microelectronics-rejoint-le-car-connectivity-consortium\/"]}]},{"@type":"BreadcrumbList","@id":"https:\/\/www.ecinews.fr\/fr\/st-microelectronics-rejoint-le-car-connectivity-consortium\/#breadcrumb","itemListElement":[{"@type":"ListItem","position":1,"name":"Home","item":"https:\/\/www.ecinews.fr\/fr\/"},{"@type":"ListItem","position":2,"name":"ST Microelectronics rejoint le Car Connectivity Consortium"}]},{"@type":"WebSite","@id":"https:\/\/www.eenewseurope.com\/en\/#website","url":"https:\/\/www.eenewseurope.com\/en\/","name":"EENewsEurope","description":"Just another WordPress site","publisher":{"@id":"https:\/\/www.eenewseurope.com\/en\/#organization"},"potentialAction":[{"@type":"SearchAction","target":{"@type":"EntryPoint","urlTemplate":"https:\/\/www.eenewseurope.com\/en\/?s={search_term_string}"},"query-input":"required name=search_term_string"}],"inLanguage":"fr-FR"},{"@type":"Organization","@id":"https:\/\/www.eenewseurope.com\/en\/#organization","name":"EENewsEurope","url":"https:\/\/www.eenewseurope.com\/en\/","logo":{"@type":"ImageObject","inLanguage":"fr-FR","@id":"https:\/\/www.eenewseurope.com\/en\/#\/schema\/logo\/image\/","url":"https:\/\/www.ecinews.fr\/wp-content\/uploads\/2022\/02\/logo-1.jpg","contentUrl":"https:\/\/www.ecinews.fr\/wp-content\/uploads\/2022\/02\/logo-1.jpg","width":283,"height":113,"caption":"EENewsEurope"},"image":{"@id":"https:\/\/www.eenewseurope.com\/en\/#\/schema\/logo\/image\/"}},{"@type":"Person","@id":"https:\/\/www.eenewseurope.com\/en\/#\/schema\/person\/93c44cde463762f40a8236eaa44c1c17","name":"Daniel Cardon","image":{"@type":"ImageObject","inLanguage":"fr-FR","@id":"https:\/\/www.eenewseurope.com\/en\/#\/schema\/person\/image\/2b243f6bcc1cff7d86aadfb2cd0bd870","url":"https:\/\/secure.gravatar.com\/avatar\/de9edc136dfc061ad4778e04635baefa?s=96&d=mm&r=g","contentUrl":"https:\/\/secure.gravatar.com\/avatar\/de9edc136dfc061ad4778e04635baefa?s=96&d=mm&r=g","caption":"Daniel Cardon"}}]}},"authors":[{"term_id":1143,"user_id":11,"is_guest":0,"slug":"danielcardon","display_name":"Daniel Cardon","avatar_url":"https:\/\/secure.gravatar.com\/avatar\/de9edc136dfc061ad4778e04635baefa?s=96&d=mm&r=g","0":null,"1":"","2":"","3":"","4":"","5":"","6":"","7":"","8":""}],"_links":{"self":[{"href":"https:\/\/www.ecinews.fr\/fr\/wp-json\/wp\/v2\/posts\/85590"}],"collection":[{"href":"https:\/\/www.ecinews.fr\/fr\/wp-json\/wp\/v2\/posts"}],"about":[{"href":"https:\/\/www.ecinews.fr\/fr\/wp-json\/wp\/v2\/types\/post"}],"author":[{"embeddable":true,"href":"https:\/\/www.ecinews.fr\/fr\/wp-json\/wp\/v2\/users\/11"}],"replies":[{"embeddable":true,"href":"https:\/\/www.ecinews.fr\/fr\/wp-json\/wp\/v2\/comments?post=85590"}],"version-history":[{"count":0,"href":"https:\/\/www.ecinews.fr\/fr\/wp-json\/wp\/v2\/posts\/85590\/revisions"}],"wp:featuredmedia":[{"embeddable":true,"href":"https:\/\/www.ecinews.fr\/fr\/wp-json\/wp\/v2\/media\/85591"}],"wp:attachment":[{"href":"https:\/\/www.ecinews.fr\/fr\/wp-json\/wp\/v2\/media?parent=85590"}],"wp:term":[{"taxonomy":"category","embeddable":true,"href":"https:\/\/www.ecinews.fr\/fr\/wp-json\/wp\/v2\/categories?post=85590"},{"taxonomy":"post_tag","embeddable":true,"href":"https:\/\/www.ecinews.fr\/fr\/wp-json\/wp\/v2\/tags?post=85590"},{"taxonomy":"domains","embeddable":true,"href":"https:\/\/www.ecinews.fr\/fr\/wp-json\/wp\/v2\/domains?post=85590"},{"taxonomy":"author","embeddable":true,"href":"https:\/\/www.ecinews.fr\/fr\/wp-json\/wp\/v2\/ppma_author?post=85590"}],"curies":[{"name":"wp","href":"https:\/\/api.w.org\/{rel}","templated":true}]}}