{"id":8527,"date":"2021-07-05T14:11:34","date_gmt":"2021-07-05T14:11:34","guid":{"rendered":"https:\/\/\/renault-met-le-turbo-dans-les-ve-et-la-mobilite-electrique\/"},"modified":"2021-07-05T14:11:34","modified_gmt":"2021-07-05T14:11:34","slug":"renault-met-le-turbo-dans-les-ve-et-la-mobilite-electrique","status":"publish","type":"post","link":"https:\/\/www.ecinews.fr\/fr\/renault-met-le-turbo-dans-les-ve-et-la-mobilite-electrique\/","title":{"rendered":"Renault met le turbo dans les VE et la mobilit\u00e9 \u00e9lectrique"},"content":{"rendered":"<p>Les piliers les plus importants de la nouvelle e-strat\u00e9gie de Renault sont une offensive compl\u00e8te de mod\u00e8les, le nouveau p\u00f4le industriel \u00e9lectrique \u00ab\u00a0Renault ElectriCity\u00a0\u00bb dans le nord de la France, l&rsquo;E-Powertrain MegaFactory en Normandie, le partenariat strat\u00e9gique avec Envision AESC pour construire une gigafactory de batteries \u00e0 Douai , et un projet commun de d\u00e9veloppement de batteries durables avec la start-up fran\u00e7aise Verkor. En outre, il existe de nouveaux d\u00e9veloppements dans le domaine du groupe motopropulseur \u00e9lectrique et de la gestion compl\u00e8te du cycle de vie des batteries.<\/p>\n<p>Le groupe Renault pr\u00e9voit de lancer dix nouveaux mod\u00e8les tout \u00e9lectriques d&rsquo;ici 2025. Cela donnera \u00e0 l&rsquo;entreprise la gamme de mod\u00e8les la plus durable d&rsquo;Europe, avec une part Electrique de plus de 65 %. Cela comprend la nouvelle Renault 5 et un mod\u00e8le de petite voiture embl\u00e9matique actuellement appel\u00e9 \u00ab\u00a04ever\u00a0\u00bb. Une version&nbsp;tout \u00e9lectrique de la voiture de sport Alpine suivra \u00e0 partir de 2024.<\/p>\n<p>L&rsquo;\u00e9l\u00e9ment technologique central des nouveaux v\u00e9hicules est un concept de moteur innovant : Renault est le premier OEM&nbsp;\u00e0 d\u00e9velopper son propre moteur \u00e9lectrique, qui ne n\u00e9cessite pas d&rsquo;aimants permanents et donc pas de terres rares. Le moteur est bas\u00e9 sur la technologie des moteurs synchrones \u00e0 excitation \u00e9lectrique (EESM). A partir de 2024, Renault pr\u00e9voit d&rsquo;introduire de nouvelles am\u00e9liorations technologiques ; les objectifs sont une plus grande efficacit\u00e9 et des co\u00fbts inf\u00e9rieurs.<\/p>\n<p>&nbsp;Le Groupe Renault a \u00e9galement conclu un partenariat avec la start-up fran\u00e7aise Whylot pour un moteur \u00e9lectrique innovant \u00e0 flux axial. Cette technologie sera initialement utilis\u00e9e sur les groupes motopropulseurs hybrides pour r\u00e9duire les co\u00fbts de 5 % tout en r\u00e9duisant les \u00e9missions de CO2 jusqu&rsquo;\u00e0 2,5 grammes par kilom\u00e8tre dans le cadre de la norme WLTP. Le groupe Renault sera le premier constructeur \u00e0 produire le moteur \u00e9lectrique \u00e0 flux axial \u00e0 grande \u00e9chelle \u00e0 partir de 2025.<\/p>\n<ul>\n<li>\n<p><a href=\"https:\/\/www.ecinews.fr\/news\/lindustrie-electronique-grignote-lindustrie-automobile\">L&rsquo;industrie \u00e9lectronique grignote l&rsquo;industrie automobile<\/a><\/p>\n<\/li>\n<\/ul>\n<p>Dans le domaine de l&rsquo;\u00e9lectronique de puissance, Renault \u00e9tendra sa ma\u00eetrise de la cha\u00eene de valeur en int\u00e9grant l&rsquo;onduleur, le convertisseur CC-CC et le chargeur embarqu\u00e9 (OBC) dans un bo\u00eetier de sa propre production. Avec un design compact, ce projet \u00ab\u00a0one-box\u00a0\u00bb sera conforme \u00e0 la norme 800 volts. Comme il peut \u00eatre d\u00e9ploy\u00e9 sur toutes les plates-formes et tous les groupes motopropulseurs (BEV, HEV, PHEV) et comporte moins de pi\u00e8ces, les co\u00fbts peuvent \u00e9galement \u00eatre r\u00e9duits. Les modules de puissance pour onduleurs, convertisseurs CC-CC et OBC seront bas\u00e9s sur des semiconducteurs \u00e0 large bande interdite tels que le carbure de silicium et le nitrure de gallium. Un \u00e9l\u00e9ment cl\u00e9 de ceci est un partenariat strat\u00e9gique r\u00e9cemment annonc\u00e9 avec ST Microelectronics.<\/p>\n<ul>\n<li><a href=\"https:\/\/www.eenewsautomotive.com\/news\/st-inks-power-deals-renault-arrival-0\">ST inks power deals with Renault, Arrival<\/a><\/li>\n<\/ul>\n<p>Par ailleurs, le groupe Renault travaille sur une transmission \u00e9lectrique plus compacte, le syst\u00e8me dit tout-en-un. Cette transmission \u00e9lectrique int\u00e8gre le moteur \u00e9lectrique, le r\u00e9ducteur et l&rsquo;\u00e9lectronique de puissance dans un seul ensemble (One Box Project) : cela permet une r\u00e9duction de volume totale de 45 %. De plus, il y a une r\u00e9duction des co\u00fbts de 30 pour cent pour l&rsquo;ensemble du groupe motopropulseur et une consommation d&rsquo;\u00e9nergie inf\u00e9rieure de 45 pour cent selon les normes WLTP, ce qui permet une autonomie suppl\u00e9mentaire de jusqu&rsquo;\u00e0 20 km.<\/p>\n<p>Renault est \u00e9galement sur le point de r\u00e9aliser un pas de g\u00e9ant dans la technologie des batteries et son industrialisation. Les batteries NMC (nickel, mangan\u00e8se, cobalt) jouent un r\u00f4le central dans la strat\u00e9gie de mobilit\u00e9 \u00e9lectrique de l&rsquo;entreprise. Les batteries NMC offrent jusqu&rsquo;\u00e0 20 % d&rsquo;autonomie en plus que les autres solutions de batteries \u00e0 un co\u00fbt comp\u00e9titif et sont \u00e9galement plus faciles \u00e0 recycler. Tous les futurs v\u00e9hicules \u00e9lectriques Renault utiliseront cette technologie. Jusqu&rsquo;\u00e0 un million de v\u00e9hicules \u00e9lectriques seront \u00e9quip\u00e9s de batteries NMC d&rsquo;ici 2030 au niveau de l&rsquo;alliance Renault-Nissan-Mitsubishi.<\/p>\n<p>Un \u00e9l\u00e9ment cl\u00e9 de la strat\u00e9gie est le partenariat avec le fabricant de batteries Envision AESC. L&rsquo;objectif est de construire une m\u00e9ga-usine de batteries d&rsquo;une capacit\u00e9 de 9 GWh en 2024, avec la perspective d&rsquo;augmenter la capacit\u00e9 \u00e0 24 GWh d&rsquo;ici 2030. Adjacent au nouveau p\u00f4le industriel \u00e9lectrique Renault ElectriCity dans le nord de la France, le site produira des batteries \u00e0 la pointe de la technologie, \u00e0 faible co\u00fbt, \u00e0 faible \u00e9mission de carbone et s\u00fbres pour de nombreux&nbsp;mod\u00e8les \u00e9lectriques, y compris la future nouvelle Renault 5.<\/p>\n<p>A l&rsquo;avenir, trois sites de production Renault du nord de la France seront regroup\u00e9s sous l&rsquo;\u00e9gide de l&rsquo;Electricit\u00e9 : Douai, Maubeuge et Ruitz. Dans les prochaines ann\u00e9es, Renault entend faire de ces usines le r\u00e9seau de production de v\u00e9hicules \u00e9lectriques le plus comp\u00e9titif et le plus efficace d&rsquo;Europe ; l&rsquo;objectif est une production annuelle de 400 000 v\u00e9hicules d&rsquo;ici 2025.<\/p>\n<ul>\n<li>\n<p><a href=\"https:\/\/www.ecinews.fr\/news\/lindustrie-electronique-grignote-lindustrie-automobile\">L&rsquo;industrie \u00e9lectronique grignote l&rsquo;industrie automobile<\/a><\/p>\n<\/li>\n<\/ul>\n<p>Pour aller plus loin, le groupe Renault a sign\u00e9 une lettre d&rsquo;intention pour prendre une participation de 20 % dans la start-up fran\u00e7aise Verkor. Les deux partenaires entendent d\u00e9velopper conjointement une batterie hautes performances pour le segment C (classe inf\u00e9rieure compacte comme le mod\u00e8le Clio) et les classes sup\u00e9rieures de v\u00e9hicules de la marque Renault ainsi que pour les v\u00e9hicules de la marque Alpine. La production pilote de cellules et modules de batteries devrait d\u00e9marrer en France \u00e0 partir de 2022.Dans un deuxi\u00e8me temps, Verkor pr\u00e9voit de construire la premi\u00e8re Gigafactory de batteries haute performance en France \u00e0 partir de 2026, d&rsquo;une capacit\u00e9 initiale de 10 GWh pour le Groupe Renault, qui pourrait passer \u00e0 20 GWh d&rsquo;ici 2030.<\/p>\n<p>En moins de dix ans, le Groupe Renault ambitionne ainsi de r\u00e9duire progressivement de 60 % le co\u00fbt des packs de batteries. L&rsquo;objectif est de moins de 100$\/kWh en 2025 et de moins de 80$\/kWh avec l&rsquo;introduction des batteries \u00e0 l&rsquo;\u00e9tat solide pr\u00e9vue \u00e0 partir de 2030 dans l&rsquo;alliance Renault-Nissan-Mitsubishi.<\/p>\n<p>Ces batteries et groupes motopropulseurs devraient encore am\u00e9liorer leurs performances gr\u00e2ce \u00e0 des plates-formes sp\u00e9cialement d\u00e9velopp\u00e9es pour les v\u00e9hicules \u00e9lectriques. Cela s&rsquo;applique \u00e0 la fois en termes \u00e9nerg\u00e9tiques et industriels et suit l&rsquo;exemple d&rsquo;autres grands \u00e9quipementiers tels que Hyundai et Volkswagen. La plate-forme CMF-EV de Renault sera \u00e0 l&rsquo;avenir utilis\u00e9e sur les segments C et D. D\u00e9j\u00e0 dans la p\u00e9riode relativement courte jusqu&rsquo;en 2025, Renault et ses partenaires de l&rsquo;alliance visent \u00e0 construire 700 000 v\u00e9hicules bas\u00e9s sur cette technologie. Gr\u00e2ce \u00e0 un faible poids et une gestion thermique de pointe, l&rsquo;architecture CMF-EV permet une autonomie WLTP allant jusqu&rsquo;\u00e0 580 km. La toute nouvelle M\u00e9ganE, qui sera produite \u00e0 Douai \u00e0 partir de 2022, repose \u00e9galement sur la plateforme CMF-EV.<\/p>\n<ul>\n<li><a href=\"https:\/\/www.eenewsautomotive.com\/news\/hyundai-challenges-vw-bev-platform\">Hyundai challenges VW with BEV platform <\/a><\/li>\n<\/ul>\n<p>Sur le segment B, la plateforme CMF-BEV permet de proposer des voitures \u00e9lectriques abordables \u00e0 un large \u00e9ventail de clients. Par rapport \u00e0 la plate-forme actuellement utilis\u00e9e pour la ZOE, la plate-forme CMF-BEV r\u00e9duit les co\u00fbts de 33 %. La plate-forme CMF-BEV permet des distances allant jusqu&rsquo;\u00e0 400 km. La nouvelle Renault 5 tout \u00e9lectrique est \u00e9galement bas\u00e9e sur la plate-forme CMF-B EV.<\/p>\n<p><strong>Lire aussi:<\/strong><\/p>\n<p><a href=\"https:\/\/www.ecinews.fr\/news\/software-republique-la-grande-alliance-des-cinq-dans-le-mobility\"><strong>Software R\u00e9publique la grande Alliance des cinq dans l&rsquo;e-mobility<\/strong><\/a><\/p>\n<p><a href=\"https:\/\/www.ecinews.fr\/news\/leurope-va-construire-un-jumeau-numerique-de-la-terre-destine\" style=\"background: transparent\">L&rsquo;Europe va construire un jumeau num\u00e9rique de la Terre DestinE<\/a><\/p>\n<p><a href=\"https:\/\/www.electronique-eci.com\/news\/stmicro-construit-un-jumeau-numerique-de-sa-fab-de-crolles\" style=\"background: transparent\">STMicro construit un jumeau num\u00e9rique de sa Fab de Crolles<\/a><\/p>\n<p><a href=\"https:\/\/www.electronique-eci.com\/news\/laccord-arm-siemens-accelere-la-conception-de-jumeaux-numeriques\" style=\"background: transparent\">L&rsquo;accord ARM Siemens acc\u00e9l\u00e8re la conception de jumeaux num\u00e9riques<\/a><\/p>\n<p><a href=\"https:\/\/www.renaultgroup.com\/en\/\">https:\/\/www.renaultgroup.com\/en\/<\/a><\/p>\n<p><strong>Related articles:<\/strong><\/p>\n<p><a href=\"https:\/\/www.eenewsautomotive.com\/news\/lg-and-magna-join-forces-powertrain-electrification\">LG and Magna join forces for powertrain electrification <\/a><\/p>\n<p><a href=\"https:\/\/www.eenewsautomotive.com\/news\/renault-faurecia-collaborate-extend-lifespan-electronic-parts\">Renault, Faurecia collaborate to extend lifespan of electronic parts <\/a><\/p>\n<p><a href=\"https:\/\/www.eenewsautomotive.com\/news\/uber-allies-europe-renault-and-nissan\">Uber allies in Europe with Renault and Nissan<\/a><\/p>\n<p><a href=\"https:\/\/www.eenewsautomotive.com\/news\/lithium-sulfur-battery-plants\">Global lithium sulfur battery plants take shape<\/a><\/p>\n<p><a href=\"https:\/\/www.eenewsautomotive.com\/news\/bmw-gears-battery-development-next-stop-assb\">BMW gears up battery development: Next stop ASSB<\/a><\/p>\n<p><a href=\"https:\/\/www.eenewsautomotive.com\/news\/volkswagen-unveils-plans-next-gen-electric-car-digital-future\">Volkswagen unveils plans for next gen electric car, digital future<\/a><\/p>\n<p><a href=\"https:\/\/www.eenewsautomotive.com\/news\/vw-open-its-e-car-platform-competitors\">VW to open its e-car platform to competitors<\/a><\/p>\n","protected":false},"excerpt":{"rendered":"<p>Renault jette le gant (\u00e9lectrique) \u00e0 Volkswagen et Toyota : avec son nouveau concept complet de mobilit\u00e9 \u00e9lectrique, le constructeur automobile fran\u00e7ais passe \u00e0 la vitesse sup\u00e9rieure, tant sur le plan technologique que strat\u00e9gique. <\/p>\n","protected":false},"author":7,"featured_media":8528,"comment_status":"open","ping_status":"closed","sticky":false,"template":"","format":"standard","meta":{"_acf_changed":false,"footnotes":""},"categories":[883],"tags":[891,909,913,890,917],"domains":[47],"ppma_author":[1139],"class_list":["post-8527","post","type-post","status-publish","format-standard","has-post-thumbnail","hentry","category-technologies","tag-automotive-fr","tag-batteries-power-supplies-fr","tag-materials-processes-fr","tag-powermanagement-fr","tag-software-embedded-tools-fr","domains-electronique-eci"],"acf":[],"yoast_head":"<title>Renault met le turbo dans les VE et la mobilit\u00e9 \u00e9lectrique ...<\/title>\n<meta name=\"description\" content=\"Renault jette le gant (\u00e9lectrique) \u00e0 Volkswagen et Toyota : avec son nouveau concept complet de mobilit\u00e9 \u00e9lectrique, le constructeur automobile fran\u00e7ais...\" \/>\n<meta name=\"robots\" content=\"index, follow, max-snippet:-1, max-image-preview:large, max-video-preview:-1\" \/>\n<link rel=\"canonical\" href=\"https:\/\/www.ecinews.fr\/fr\/wp-json\/wp\/v2\/posts\/8527\/\" \/>\n<meta property=\"og:locale\" content=\"fr_FR\" \/>\n<meta property=\"og:type\" content=\"article\" \/>\n<meta property=\"og:title\" content=\"Renault met le turbo dans les VE et la mobilit\u00e9 \u00e9lectrique\" \/>\n<meta property=\"og:description\" content=\"Renault jette le gant (\u00e9lectrique) \u00e0 Volkswagen et Toyota : avec son nouveau concept complet de mobilit\u00e9 \u00e9lectrique, le constructeur automobile fran\u00e7ais passe \u00e0 la vitesse sup\u00e9rieure, tant sur le plan technologique que strat\u00e9gique.\" \/>\n<meta property=\"og:url\" content=\"https:\/\/www.ecinews.fr\/fr\/wp-json\/wp\/v2\/posts\/8527\/\" \/>\n<meta property=\"og:site_name\" content=\"EENewsEurope\" \/>\n<meta property=\"article:published_time\" content=\"2021-07-05T14:11:34+00:00\" \/>\n<meta property=\"og:image\" content=\"https:\/\/www.ecinews.fr\/wp-content\/uploads\/import\/default\/files\/images\/01-picture-library\/ChristophHammerschmidt\/2021\/2021-06-June\/renault_turbo.jpg\" \/>\n\t<meta property=\"og:image:width\" content=\"1748\" \/>\n\t<meta property=\"og:image:height\" content=\"944\" \/>\n\t<meta property=\"og:image:type\" content=\"image\/jpeg\" \/>\n<meta name=\"author\" content=\"Wisse Hettinga\" \/>\n<meta name=\"twitter:card\" content=\"summary_large_image\" \/>\n<meta name=\"twitter:label1\" content=\"Written by\" \/>\n\t<meta name=\"twitter:data1\" content=\"Wisse Hettinga\" \/>\n\t<meta name=\"twitter:label2\" content=\"Est. reading time\" \/>\n\t<meta name=\"twitter:data2\" content=\"6 minutes\" \/>\n<script type=\"application\/ld+json\" class=\"yoast-schema-graph\">{\"@context\":\"https:\/\/schema.org\",\"@graph\":[{\"@type\":\"Article\",\"@id\":\"https:\/\/www.ecinews.fr\/fr\/renault-met-le-turbo-dans-les-ve-et-la-mobilite-electrique\/#article\",\"isPartOf\":{\"@id\":\"https:\/\/www.ecinews.fr\/fr\/renault-met-le-turbo-dans-les-ve-et-la-mobilite-electrique\/\"},\"author\":{\"name\":\"Wisse Hettinga\",\"@id\":\"https:\/\/www.eenewseurope.com\/en\/#\/schema\/person\/c6b626c6c65f5e1e7794ce2d17b2ca82\"},\"headline\":\"Renault met le turbo dans les VE et la mobilit\u00e9 \u00e9lectrique\",\"datePublished\":\"2021-07-05T14:11:34+00:00\",\"dateModified\":\"2021-07-05T14:11:34+00:00\",\"mainEntityOfPage\":{\"@id\":\"https:\/\/www.ecinews.fr\/fr\/renault-met-le-turbo-dans-les-ve-et-la-mobilite-electrique\/\"},\"wordCount\":1321,\"commentCount\":0,\"publisher\":{\"@id\":\"https:\/\/www.eenewseurope.com\/en\/#organization\"},\"keywords\":[\"Automotive\",\"Batteries \/ Power Supplies\",\"Materials &amp; processes\",\"PowerManagement\",\"Software &amp; Embedded tools\"],\"articleSection\":[\"Technologies\"],\"inLanguage\":\"fr-FR\",\"potentialAction\":[{\"@type\":\"CommentAction\",\"name\":\"Comment\",\"target\":[\"https:\/\/www.ecinews.fr\/fr\/renault-met-le-turbo-dans-les-ve-et-la-mobilite-electrique\/#respond\"]}]},{\"@type\":\"WebPage\",\"@id\":\"https:\/\/www.ecinews.fr\/fr\/renault-met-le-turbo-dans-les-ve-et-la-mobilite-electrique\/\",\"url\":\"https:\/\/www.ecinews.fr\/fr\/renault-met-le-turbo-dans-les-ve-et-la-mobilite-electrique\/\",\"name\":\"Renault met le turbo dans les VE et la mobilit\u00e9 \u00e9lectrique -\",\"isPartOf\":{\"@id\":\"https:\/\/www.eenewseurope.com\/en\/#website\"},\"datePublished\":\"2021-07-05T14:11:34+00:00\",\"dateModified\":\"2021-07-05T14:11:34+00:00\",\"breadcrumb\":{\"@id\":\"https:\/\/www.ecinews.fr\/fr\/renault-met-le-turbo-dans-les-ve-et-la-mobilite-electrique\/#breadcrumb\"},\"inLanguage\":\"fr-FR\",\"potentialAction\":[{\"@type\":\"ReadAction\",\"target\":[\"https:\/\/www.ecinews.fr\/fr\/renault-met-le-turbo-dans-les-ve-et-la-mobilite-electrique\/\"]}]},{\"@type\":\"BreadcrumbList\",\"@id\":\"https:\/\/www.ecinews.fr\/fr\/renault-met-le-turbo-dans-les-ve-et-la-mobilite-electrique\/#breadcrumb\",\"itemListElement\":[{\"@type\":\"ListItem\",\"position\":1,\"name\":\"Home\",\"item\":\"https:\/\/www.ecinews.fr\/fr\/\"},{\"@type\":\"ListItem\",\"position\":2,\"name\":\"Renault met le turbo dans les VE et la mobilit\u00e9 \u00e9lectrique\"}]},{\"@type\":\"WebSite\",\"@id\":\"https:\/\/www.eenewseurope.com\/en\/#website\",\"url\":\"https:\/\/www.eenewseurope.com\/en\/\",\"name\":\"EENewsEurope\",\"description\":\"Just another WordPress site\",\"publisher\":{\"@id\":\"https:\/\/www.eenewseurope.com\/en\/#organization\"},\"potentialAction\":[{\"@type\":\"SearchAction\",\"target\":{\"@type\":\"EntryPoint\",\"urlTemplate\":\"https:\/\/www.eenewseurope.com\/en\/?s={search_term_string}\"},\"query-input\":\"required name=search_term_string\"}],\"inLanguage\":\"fr-FR\"},{\"@type\":\"Organization\",\"@id\":\"https:\/\/www.eenewseurope.com\/en\/#organization\",\"name\":\"EENewsEurope\",\"url\":\"https:\/\/www.eenewseurope.com\/en\/\",\"logo\":{\"@type\":\"ImageObject\",\"inLanguage\":\"fr-FR\",\"@id\":\"https:\/\/www.eenewseurope.com\/en\/#\/schema\/logo\/image\/\",\"url\":\"https:\/\/www.ecinews.fr\/wp-content\/uploads\/2022\/02\/logo-1.jpg\",\"contentUrl\":\"https:\/\/www.ecinews.fr\/wp-content\/uploads\/2022\/02\/logo-1.jpg\",\"width\":283,\"height\":113,\"caption\":\"EENewsEurope\"},\"image\":{\"@id\":\"https:\/\/www.eenewseurope.com\/en\/#\/schema\/logo\/image\/\"}},{\"@type\":\"Person\",\"@id\":\"https:\/\/www.eenewseurope.com\/en\/#\/schema\/person\/c6b626c6c65f5e1e7794ce2d17b2ca82\",\"name\":\"Wisse Hettinga\",\"image\":{\"@type\":\"ImageObject\",\"inLanguage\":\"fr-FR\",\"@id\":\"https:\/\/www.eenewseurope.com\/en\/#\/schema\/person\/image\/5dc5f564ca306d7cb8b22735be49a465\",\"url\":\"https:\/\/secure.gravatar.com\/avatar\/24a36fe68de56eac2a45cbaf9aa4bb58?s=96&d=mm&r=g\",\"contentUrl\":\"https:\/\/secure.gravatar.com\/avatar\/24a36fe68de56eac2a45cbaf9aa4bb58?s=96&d=mm&r=g\",\"caption\":\"Wisse Hettinga\"}}]}<\/script>","yoast_head_json":{"title":"Renault met le turbo dans les VE et la mobilit\u00e9 \u00e9lectrique ...","description":"Renault jette le gant (\u00e9lectrique) \u00e0 Volkswagen et Toyota : avec son nouveau concept complet de mobilit\u00e9 \u00e9lectrique, le constructeur automobile fran\u00e7ais...","robots":{"index":"index","follow":"follow","max-snippet":"max-snippet:-1","max-image-preview":"max-image-preview:large","max-video-preview":"max-video-preview:-1"},"canonical":"https:\/\/www.ecinews.fr\/fr\/wp-json\/wp\/v2\/posts\/8527\/","og_locale":"fr_FR","og_type":"article","og_title":"Renault met le turbo dans les VE et la mobilit\u00e9 \u00e9lectrique","og_description":"Renault jette le gant (\u00e9lectrique) \u00e0 Volkswagen et Toyota : avec son nouveau concept complet de mobilit\u00e9 \u00e9lectrique, le constructeur automobile fran\u00e7ais passe \u00e0 la vitesse sup\u00e9rieure, tant sur le plan technologique que strat\u00e9gique.","og_url":"https:\/\/www.ecinews.fr\/fr\/wp-json\/wp\/v2\/posts\/8527\/","og_site_name":"EENewsEurope","article_published_time":"2021-07-05T14:11:34+00:00","og_image":[{"width":1748,"height":944,"url":"https:\/\/www.ecinews.fr\/wp-content\/uploads\/import\/default\/files\/images\/01-picture-library\/ChristophHammerschmidt\/2021\/2021-06-June\/renault_turbo.jpg","type":"image\/jpeg"}],"author":"Wisse Hettinga","twitter_card":"summary_large_image","twitter_misc":{"Written by":"Wisse Hettinga","Est. reading time":"6 minutes"},"schema":{"@context":"https:\/\/schema.org","@graph":[{"@type":"Article","@id":"https:\/\/www.ecinews.fr\/fr\/renault-met-le-turbo-dans-les-ve-et-la-mobilite-electrique\/#article","isPartOf":{"@id":"https:\/\/www.ecinews.fr\/fr\/renault-met-le-turbo-dans-les-ve-et-la-mobilite-electrique\/"},"author":{"name":"Wisse Hettinga","@id":"https:\/\/www.eenewseurope.com\/en\/#\/schema\/person\/c6b626c6c65f5e1e7794ce2d17b2ca82"},"headline":"Renault met le turbo dans les VE et la mobilit\u00e9 \u00e9lectrique","datePublished":"2021-07-05T14:11:34+00:00","dateModified":"2021-07-05T14:11:34+00:00","mainEntityOfPage":{"@id":"https:\/\/www.ecinews.fr\/fr\/renault-met-le-turbo-dans-les-ve-et-la-mobilite-electrique\/"},"wordCount":1321,"commentCount":0,"publisher":{"@id":"https:\/\/www.eenewseurope.com\/en\/#organization"},"keywords":["Automotive","Batteries \/ Power Supplies","Materials &amp; processes","PowerManagement","Software &amp; Embedded tools"],"articleSection":["Technologies"],"inLanguage":"fr-FR","potentialAction":[{"@type":"CommentAction","name":"Comment","target":["https:\/\/www.ecinews.fr\/fr\/renault-met-le-turbo-dans-les-ve-et-la-mobilite-electrique\/#respond"]}]},{"@type":"WebPage","@id":"https:\/\/www.ecinews.fr\/fr\/renault-met-le-turbo-dans-les-ve-et-la-mobilite-electrique\/","url":"https:\/\/www.ecinews.fr\/fr\/renault-met-le-turbo-dans-les-ve-et-la-mobilite-electrique\/","name":"Renault met le turbo dans les VE et la mobilit\u00e9 \u00e9lectrique -","isPartOf":{"@id":"https:\/\/www.eenewseurope.com\/en\/#website"},"datePublished":"2021-07-05T14:11:34+00:00","dateModified":"2021-07-05T14:11:34+00:00","breadcrumb":{"@id":"https:\/\/www.ecinews.fr\/fr\/renault-met-le-turbo-dans-les-ve-et-la-mobilite-electrique\/#breadcrumb"},"inLanguage":"fr-FR","potentialAction":[{"@type":"ReadAction","target":["https:\/\/www.ecinews.fr\/fr\/renault-met-le-turbo-dans-les-ve-et-la-mobilite-electrique\/"]}]},{"@type":"BreadcrumbList","@id":"https:\/\/www.ecinews.fr\/fr\/renault-met-le-turbo-dans-les-ve-et-la-mobilite-electrique\/#breadcrumb","itemListElement":[{"@type":"ListItem","position":1,"name":"Home","item":"https:\/\/www.ecinews.fr\/fr\/"},{"@type":"ListItem","position":2,"name":"Renault met le turbo dans les VE et la mobilit\u00e9 \u00e9lectrique"}]},{"@type":"WebSite","@id":"https:\/\/www.eenewseurope.com\/en\/#website","url":"https:\/\/www.eenewseurope.com\/en\/","name":"EENewsEurope","description":"Just another WordPress site","publisher":{"@id":"https:\/\/www.eenewseurope.com\/en\/#organization"},"potentialAction":[{"@type":"SearchAction","target":{"@type":"EntryPoint","urlTemplate":"https:\/\/www.eenewseurope.com\/en\/?s={search_term_string}"},"query-input":"required name=search_term_string"}],"inLanguage":"fr-FR"},{"@type":"Organization","@id":"https:\/\/www.eenewseurope.com\/en\/#organization","name":"EENewsEurope","url":"https:\/\/www.eenewseurope.com\/en\/","logo":{"@type":"ImageObject","inLanguage":"fr-FR","@id":"https:\/\/www.eenewseurope.com\/en\/#\/schema\/logo\/image\/","url":"https:\/\/www.ecinews.fr\/wp-content\/uploads\/2022\/02\/logo-1.jpg","contentUrl":"https:\/\/www.ecinews.fr\/wp-content\/uploads\/2022\/02\/logo-1.jpg","width":283,"height":113,"caption":"EENewsEurope"},"image":{"@id":"https:\/\/www.eenewseurope.com\/en\/#\/schema\/logo\/image\/"}},{"@type":"Person","@id":"https:\/\/www.eenewseurope.com\/en\/#\/schema\/person\/c6b626c6c65f5e1e7794ce2d17b2ca82","name":"Wisse Hettinga","image":{"@type":"ImageObject","inLanguage":"fr-FR","@id":"https:\/\/www.eenewseurope.com\/en\/#\/schema\/person\/image\/5dc5f564ca306d7cb8b22735be49a465","url":"https:\/\/secure.gravatar.com\/avatar\/24a36fe68de56eac2a45cbaf9aa4bb58?s=96&d=mm&r=g","contentUrl":"https:\/\/secure.gravatar.com\/avatar\/24a36fe68de56eac2a45cbaf9aa4bb58?s=96&d=mm&r=g","caption":"Wisse Hettinga"}}]}},"authors":[{"term_id":1139,"user_id":7,"is_guest":0,"slug":"wisse-hettinga","display_name":"Wisse Hettinga","avatar_url":"https:\/\/secure.gravatar.com\/avatar\/24a36fe68de56eac2a45cbaf9aa4bb58?s=96&d=mm&r=g","0":null,"1":"","2":"","3":"","4":"","5":"","6":"","7":"","8":""}],"_links":{"self":[{"href":"https:\/\/www.ecinews.fr\/fr\/wp-json\/wp\/v2\/posts\/8527"}],"collection":[{"href":"https:\/\/www.ecinews.fr\/fr\/wp-json\/wp\/v2\/posts"}],"about":[{"href":"https:\/\/www.ecinews.fr\/fr\/wp-json\/wp\/v2\/types\/post"}],"author":[{"embeddable":true,"href":"https:\/\/www.ecinews.fr\/fr\/wp-json\/wp\/v2\/users\/7"}],"replies":[{"embeddable":true,"href":"https:\/\/www.ecinews.fr\/fr\/wp-json\/wp\/v2\/comments?post=8527"}],"version-history":[{"count":0,"href":"https:\/\/www.ecinews.fr\/fr\/wp-json\/wp\/v2\/posts\/8527\/revisions"}],"wp:featuredmedia":[{"embeddable":true,"href":"https:\/\/www.ecinews.fr\/fr\/wp-json\/wp\/v2\/media\/8528"}],"wp:attachment":[{"href":"https:\/\/www.ecinews.fr\/fr\/wp-json\/wp\/v2\/media?parent=8527"}],"wp:term":[{"taxonomy":"category","embeddable":true,"href":"https:\/\/www.ecinews.fr\/fr\/wp-json\/wp\/v2\/categories?post=8527"},{"taxonomy":"post_tag","embeddable":true,"href":"https:\/\/www.ecinews.fr\/fr\/wp-json\/wp\/v2\/tags?post=8527"},{"taxonomy":"domains","embeddable":true,"href":"https:\/\/www.ecinews.fr\/fr\/wp-json\/wp\/v2\/domains?post=8527"},{"taxonomy":"author","embeddable":true,"href":"https:\/\/www.ecinews.fr\/fr\/wp-json\/wp\/v2\/ppma_author?post=8527"}],"curies":[{"name":"wp","href":"https:\/\/api.w.org\/{rel}","templated":true}]}}