{"id":84070,"date":"2019-06-12T14:33:03","date_gmt":"2019-06-12T14:33:03","guid":{"rendered":"https:\/\/\/pourquoi-le-ceo-de-dialog-soutient-la-chine\/"},"modified":"2019-06-12T14:33:03","modified_gmt":"2019-06-12T14:33:03","slug":"pourquoi-le-ceo-de-dialog-soutient-la-chine","status":"publish","type":"post","link":"https:\/\/www.ecinews.fr\/fr\/pourquoi-le-ceo-de-dialog-soutient-la-chine\/","title":{"rendered":"Pourquoi le CEO de Dialog soutient la Chine"},"content":{"rendered":"<p><span class=\"tlid-translation translation\" lang=\"fr\">\u00ab\u00a0Pour les fabricants de produits \u00e9lectroniques et de semiconducteurs, je ne pense pas que nous ayons beaucoup de choix. Ce n&rsquo;est pas comme si nous choisissions de travailler avec la Chine, mais nous n&rsquo;avons tout simplement pas le choix. C&rsquo;est juste o\u00f9 tout est fabriqu\u00e9\u00a0\u00bb, a d\u00e9clar\u00e9 Bagherli CEO de Dialog dans une interview au Sunday Telegraph.<\/span><\/p>\n<p><span class=\"tlid-translation translation\" lang=\"fr\">On estime que la Chine fabrique plus du tiers de tous les \u00e9quipements \u00e9lectroniques du monde (voir <a href=\"http:\/\/www.eenewsanalog.com\/news\/report-europe-can-shine-global-electronic-production\">L\u2019Europe peut briller dans la production \u00e9lectronique mondiale<\/a>). Ceci est en partie d\u00fb au fait que de grandes entreprises de sous-traitance \u00e9lectronique (EMS), telles que Foxconn, y fabriquent la majorit\u00e9 de leurs produits.<\/span><\/p>\n<p><span class=\"tlid-translation translation\" lang=\"fr\">Dialog Semiconductor plc est un fournisseur de circuits int\u00e9gr\u00e9s \u00e0 signal mixte configurable, de gestion de l&rsquo;alimentation, de convertissuers AC\/DC, d&rsquo;\u00e9clairage et de puces Bluetooth basse \u00e9nergie avec un chiffre d&rsquo;affaires de&nbsp;<\/span>1,442 million US$ en 2018 ce qui en fait l&rsquo;un des fabricants europ\u00e9ens les plus importants apr\u00e8s des soci\u00e9t\u00e9s<span class=\"tlid-translation translation\" lang=\"fr\"> comme AMS, Infineon, NXP et STMicroelectronics.<\/span><\/p>\n<p>. <span class=\"tlid-translation translation\" lang=\"fr\">Bagherli est clairement en train de prendre une position \u00e9conomique, affirmant que dans les secteurs de l&rsquo;\u00e9lectronique et des semi-conducteurs, la Chine s&rsquo;est hiss\u00e9e trop rapidement \u00e0 une position si \u00e9lev\u00e9e pour \u00eatre ignor\u00e9e ou exclue maintenant.<\/span><\/p>\n<p><span class=\"tlid-translation translation\" lang=\"fr\">Bagherli n&rsquo;a pas pr\u00e9cis\u00e9 dans cet article si Dialog Semiconductor devait cesser de fournir des composants au g\u00e9ant des \u00e9quipements de communication Huawei. On pr\u00e9tend que Huawei fabrique aux Pays-Bas, en Allemagne et au Royaume-Uni et que Dialog fabrique \u00e0 Taiwan, et ne rel\u00e8ve donc pas de la r\u00e9glementation am\u00e9ricaine. Jusqu&rsquo;\u00e0 pr\u00e9sent, TSMC, qui fabrique des composants pour Dialog parmi de nombreux autres, a adopt\u00e9 la position selon laquelle il \u00e9tait libre de pouvoir continuer \u00e0 fournir Huawei.<\/span><\/p>\n<p>&nbsp;<\/p>\n<p><em><strong>\u00e0 suivre: ARM \u00e0 une position d\u00e9ff\u00e9rente<\/strong><\/em><\/p>\n<hr \/>\n<p><span class=\"tlid-translation translation\" lang=\"fr\">ARM, un fournissuer de licences de propri\u00e9t\u00e9 intellectuelle de composants qui a \u00e9t\u00e9 fond\u00e9 au Royaume-Uni mais qui appartient maintenant \u00e0 la soci\u00e9t\u00e9 japonaise SoftBank, a chang\u00e9 d&rsquo;avis. ARM a cess\u00e9 de coop\u00e9rer avec Huawei car les IP d&rsquo;ARM&nbsp; pourraient contenir des technologies invent\u00e9es aux \u00c9tats-Unis (voir <a href=\"https:\/\/www.electronique-eci.com\/news\/arm-se-plie-la-volonte-de-trump-et-ecarte-huawei\">ARM se plie \u00e0 la volont\u00e9 de Trump et \u00e9carte Huawei<\/a> ).<\/span><\/p>\n<p><span class=\"tlid-translation translation\" lang=\"fr\">Dialog a grandi notamment avec l\u2019acquisition de soci\u00e9t\u00e9s am\u00e9ricaines, dont Silego, qui est \u00e0 l\u2019origine de sa technologie de CI \u00e0 signaux mixtes configurable (voir <a href=\"http:\/\/www.eenewsanalog.com\/news\/dialog-buys-configurable-mixed-signal-ic-pioneer\">Dialog ach\u00e8te le pr\u00e9curseur de circuits int\u00e9gr\u00e9s \u00e0 signaux mixtes configurables<\/a>).<\/span><\/p>\n<p><span class=\"tlid-translation translation\" lang=\"fr\">Dans l&rsquo;interview, Bagherli a pr\u00e9cis\u00e9 que les tensions commerciales cr\u00e9ent des opportunit\u00e9s, les \u00e9quipementiers chinois \u00e9tant d\u00e9sormais plus enclins \u00e0 choisir des fournisseurs de composants asiatiques et europ\u00e9ens plut\u00f4t que des fournisseurs am\u00e9ricains.<\/p>\n<p>Bagherli est CEO de Dialog Semiconductor depuis 2005, apr\u00e8s avoir d\u00e9j\u00e0 dirig\u00e9 Alphamosaic Ltd et organis\u00e9 une vente r\u00e9ussie \u00e0 Broadcom en 2004. Auparavant, Bagherli avait occup\u00e9 des postes d&rsquo;ing\u00e9nieur et de Direction chez STC, Texas Instruments et Sony Semiconductor.<\/span><\/p>\n<p>\u00e0 lire \u00e9galement:<\/p>\n<p><a href=\"https:\/\/www.electronique-eci.com\/news\/ieee-oblige-de-bannir-les-redacteurs-de-huawei\">IEEE oblig\u00e9 de bannir les r\u00e9dacteurs de Huawei<\/a><\/p>\n<p><a href=\"https:\/\/www.electronique-eci.com\/news\/arm-se-plie-la-volonte-de-trump-et-ecarte-huawei\">ARM se plie \u00e0 la volont\u00e9 de Trump et \u00e9carte Huawei<\/a><\/p>\n<p><a href=\"https:\/\/www.electronique-eci.com\/news\/trump-renforce-sa-guerre-commerciale-avec-la-chine-en-isolant-huawei\">Trump renforce sa guerre commerciale avec la Chine en isolant Huawei<\/a><\/p>\n<p><a href=\"https:\/\/www.electronique-eci.com\/news\/huawei-accuse-de-vol-dip-par-diamond-semiconductor\">Huawei accus\u00e9 de vol d&rsquo;IP par Diamond semiconductor<\/a><\/p>\n<p><a href=\"https:\/\/www.electronique-eci.com\/news\/la-chine-fait-la-course-en-tete-avec-des-chip-serveurs-arm-7nm\">La Chine fait la course en t\u00eate avec des chip serveurs ARM \u00e0 7nm <\/a><\/p>\n<p><strong>Related links and articles in English: <\/strong><\/p>\n<p><a href=\"http:\/\/www.dialog-semicondutor.com\">www.dialog-semicondutor.com<\/a><\/p>\n<p><em><a href=\"https:\/\/www.telegraph.co.uk\/technology\/2019\/06\/01\/dialog-semiconductor-boss-says-europe-has-no-choice-side-china\/\">Sunday Telegraph article<\/a><\/em><\/p>\n<p><strong>News articles: <\/strong><\/p>\n<p><a href=\"https:\/\/www.eenewsanalog.com\/news\/china-set-make-fifth-worlds-chips-2020\">China set to make a fifth of world&rsquo;s chips in 2020<\/a><\/p>\n<p><a href=\"https:\/\/www.eenewsanalog.com\/news\/report-europe-can-shine-global-electronic-production\">Europe can shine in global electronic production<\/a><\/p>\n<p><a href=\"https:\/\/www.eenewsanalog.com\/news\/report-arm-complies-us-trade-ban-cuts-huawei\">Report: ARM complies with US trade ban, cuts off Huawei<\/a><\/p>\n<p><a href=\"https:\/\/www.eenewsanalog.com\/news\/dialog-buys-configurable-mixed-signal-ic-pioneer\">Dialog buys configurable mixed-signal IC pioneer <\/a><\/p>\n","protected":false},"excerpt":{"rendered":"<p>Jalal Bagherli, CEO de Dialog Semiconductor plc, a d\u00e9clar\u00e9 que le secteur de l&rsquo;\u00e9lectronique n&rsquo;avait d&rsquo;autre choix que de se ranger du c\u00f4t\u00e9 de la Chine contre les \u00c9tats-Unis si leur guerre commerciale s&rsquo;intensifiait.<\/p>\n","protected":false},"author":22,"featured_media":84071,"comment_status":"closed","ping_status":"closed","sticky":false,"template":"","format":"standard","meta":{"_acf_changed":false,"footnotes":""},"categories":[880],"tags":[889,920,893,891,909,894,912,895,896,897,898,899,900,901,902,903,919,892,913,904,905,906,907,908,890,916,910,917,911,914,915],"domains":[47],"ppma_author":[1149],"class_list":["post-84070","post","type-post","status-publish","format-standard","has-post-thumbnail","hentry","category-actualites-economiques","tag-analog-fr","tag-artificialintelligence-fr","tag-authentication-encryption-fr","tag-automotive-fr","tag-batteries-power-supplies-fr","tag-boards-embedded-cards-fr","tag-dataacquisition-fr","tag-developmentkits-fr","tag-digitalsignalprocessing-fr","tag-displays-interfaces-fr","tag-distributors-fr","tag-eda-cad-tools-fr","tag-electromechanical-fr","tag-energyharvesting-fr","tag-flexibleelectronics-fr","tag-interconnect-cables-fr","tag-iot-fr","tag-ledlighting-fr","tag-materials-processes-fr","tag-medicalelectronics-fr","tag-memory-data-storage-fr","tag-mpus-mcus-fr","tag-optoelectronics-fr","tag-plds-fpgas-asics-fr","tag-powermanagement-fr","tag-rf-transmission-fr","tag-sensing-conditioning-fr","tag-software-embedded-tools-fr","tag-testandmeasurement-fr","tag-wearables-fr","tag-wireless-communications-fr","domains-electronique-eci"],"acf":[],"yoast_head":"<title>Pourquoi le CEO de Dialog soutient la Chine ...<\/title>\n<meta name=\"description\" content=\"Jalal Bagherli, CEO de Dialog Semiconductor plc, a d\u00e9clar\u00e9 que le secteur de l&#039;\u00e9lectronique n&#039;avait d&#039;autre choix que de se ranger du c\u00f4t\u00e9 de la Chine...\" \/>\n<meta name=\"robots\" content=\"index, follow, max-snippet:-1, max-image-preview:large, max-video-preview:-1\" \/>\n<link rel=\"canonical\" href=\"https:\/\/www.ecinews.fr\/fr\/wp-json\/wp\/v2\/posts\/84070\/\" \/>\n<meta property=\"og:locale\" content=\"fr_FR\" \/>\n<meta property=\"og:type\" content=\"article\" \/>\n<meta property=\"og:title\" content=\"Pourquoi le CEO de Dialog soutient la Chine\" \/>\n<meta property=\"og:description\" content=\"Jalal Bagherli, CEO de Dialog Semiconductor plc, a d\u00e9clar\u00e9 que le secteur de l&#039;\u00e9lectronique n&#039;avait d&#039;autre choix que de se ranger du c\u00f4t\u00e9 de la Chine contre les \u00c9tats-Unis si leur guerre commerciale s&#039;intensifiait.\" \/>\n<meta property=\"og:url\" content=\"https:\/\/www.ecinews.fr\/fr\/wp-json\/wp\/v2\/posts\/84070\/\" \/>\n<meta property=\"og:site_name\" content=\"EENewsEurope\" \/>\n<meta property=\"article:published_time\" content=\"2019-06-12T14:33:03+00:00\" \/>\n<meta property=\"og:image\" content=\"https:\/\/www.ecinews.fr\/wp-content\/uploads\/import\/default\/files\/sites\/default\/files\/images\/jalalbagherli630.jpg\" \/>\n\t<meta property=\"og:image:width\" content=\"630\" \/>\n\t<meta property=\"og:image:height\" content=\"430\" \/>\n\t<meta property=\"og:image:type\" content=\"image\/jpeg\" \/>\n<meta name=\"author\" content=\"eeNews Europe\" \/>\n<meta name=\"twitter:card\" content=\"summary_large_image\" \/>\n<meta name=\"twitter:label1\" content=\"Written by\" \/>\n\t<meta name=\"twitter:data1\" content=\"eeNews Europe\" \/>\n\t<meta name=\"twitter:label2\" content=\"Est. reading time\" \/>\n\t<meta name=\"twitter:data2\" content=\"3 minutes\" \/>\n<script type=\"application\/ld+json\" class=\"yoast-schema-graph\">{\"@context\":\"https:\/\/schema.org\",\"@graph\":[{\"@type\":\"Article\",\"@id\":\"https:\/\/www.ecinews.fr\/fr\/pourquoi-le-ceo-de-dialog-soutient-la-chine\/#article\",\"isPartOf\":{\"@id\":\"https:\/\/www.ecinews.fr\/fr\/pourquoi-le-ceo-de-dialog-soutient-la-chine\/\"},\"author\":{\"name\":\"eeNews Europe\",\"@id\":\"https:\/\/www.eenewseurope.com\/en\/#\/schema\/person\/9eff4051fa9dac8230052de45e32b0f4\"},\"headline\":\"Pourquoi le CEO de Dialog soutient la Chine\",\"datePublished\":\"2019-06-12T14:33:03+00:00\",\"dateModified\":\"2019-06-12T14:33:03+00:00\",\"mainEntityOfPage\":{\"@id\":\"https:\/\/www.ecinews.fr\/fr\/pourquoi-le-ceo-de-dialog-soutient-la-chine\/\"},\"wordCount\":609,\"publisher\":{\"@id\":\"https:\/\/www.eenewseurope.com\/en\/#organization\"},\"keywords\":[\"Analog\",\"ArtificialIntelligence\",\"Authentication &amp; Encryption\",\"Automotive\",\"Batteries \/ Power Supplies\",\"Boards &amp; Embedded Cards\",\"DataAcquisition\",\"DevelopmentKits\",\"DigitalSignalProcessing\",\"Displays &amp; Interfaces\",\"Distributors\",\"EDA &amp; CAD tools\",\"Electromechanical\",\"EnergyHarvesting\",\"FlexibleElectronics\",\"Interconnect &amp; cables\",\"IoT\",\"LEDlighting\",\"Materials &amp; processes\",\"MedicalElectronics\",\"Memory &amp; Data Storage\",\"MPUs\/MCUs\",\"Optoelectronics\",\"PLDs\/FPGAs\/ASICs\",\"PowerManagement\",\"RF transmission\",\"Sensing \/ Conditioning\",\"Software &amp; Embedded tools\",\"TestandMeasurement\",\"Wearables\",\"Wireless Communications\"],\"articleSection\":[\"Actualit\u00e9s \u00e9conomiques\"],\"inLanguage\":\"fr-FR\"},{\"@type\":\"WebPage\",\"@id\":\"https:\/\/www.ecinews.fr\/fr\/pourquoi-le-ceo-de-dialog-soutient-la-chine\/\",\"url\":\"https:\/\/www.ecinews.fr\/fr\/pourquoi-le-ceo-de-dialog-soutient-la-chine\/\",\"name\":\"Pourquoi le CEO de Dialog soutient la Chine -\",\"isPartOf\":{\"@id\":\"https:\/\/www.eenewseurope.com\/en\/#website\"},\"datePublished\":\"2019-06-12T14:33:03+00:00\",\"dateModified\":\"2019-06-12T14:33:03+00:00\",\"breadcrumb\":{\"@id\":\"https:\/\/www.ecinews.fr\/fr\/pourquoi-le-ceo-de-dialog-soutient-la-chine\/#breadcrumb\"},\"inLanguage\":\"fr-FR\",\"potentialAction\":[{\"@type\":\"ReadAction\",\"target\":[\"https:\/\/www.ecinews.fr\/fr\/pourquoi-le-ceo-de-dialog-soutient-la-chine\/\"]}]},{\"@type\":\"BreadcrumbList\",\"@id\":\"https:\/\/www.ecinews.fr\/fr\/pourquoi-le-ceo-de-dialog-soutient-la-chine\/#breadcrumb\",\"itemListElement\":[{\"@type\":\"ListItem\",\"position\":1,\"name\":\"Home\",\"item\":\"https:\/\/www.ecinews.fr\/fr\/\"},{\"@type\":\"ListItem\",\"position\":2,\"name\":\"Pourquoi le CEO de Dialog soutient la Chine\"}]},{\"@type\":\"WebSite\",\"@id\":\"https:\/\/www.eenewseurope.com\/en\/#website\",\"url\":\"https:\/\/www.eenewseurope.com\/en\/\",\"name\":\"EENewsEurope\",\"description\":\"Just another WordPress site\",\"publisher\":{\"@id\":\"https:\/\/www.eenewseurope.com\/en\/#organization\"},\"potentialAction\":[{\"@type\":\"SearchAction\",\"target\":{\"@type\":\"EntryPoint\",\"urlTemplate\":\"https:\/\/www.eenewseurope.com\/en\/?s={search_term_string}\"},\"query-input\":\"required name=search_term_string\"}],\"inLanguage\":\"fr-FR\"},{\"@type\":\"Organization\",\"@id\":\"https:\/\/www.eenewseurope.com\/en\/#organization\",\"name\":\"EENewsEurope\",\"url\":\"https:\/\/www.eenewseurope.com\/en\/\",\"logo\":{\"@type\":\"ImageObject\",\"inLanguage\":\"fr-FR\",\"@id\":\"https:\/\/www.eenewseurope.com\/en\/#\/schema\/logo\/image\/\",\"url\":\"https:\/\/www.ecinews.fr\/wp-content\/uploads\/2022\/02\/logo-1.jpg\",\"contentUrl\":\"https:\/\/www.ecinews.fr\/wp-content\/uploads\/2022\/02\/logo-1.jpg\",\"width\":283,\"height\":113,\"caption\":\"EENewsEurope\"},\"image\":{\"@id\":\"https:\/\/www.eenewseurope.com\/en\/#\/schema\/logo\/image\/\"}},{\"@type\":\"Person\",\"@id\":\"https:\/\/www.eenewseurope.com\/en\/#\/schema\/person\/9eff4051fa9dac8230052de45e32b0f4\",\"name\":\"eeNews Europe\",\"image\":{\"@type\":\"ImageObject\",\"inLanguage\":\"fr-FR\",\"@id\":\"https:\/\/www.eenewseurope.com\/en\/#\/schema\/person\/image\/fae8f0cb15861c4ae0ed4872e2c9fc22\",\"url\":\"https:\/\/secure.gravatar.com\/avatar\/5081509054e28b04ecd976976e723ce0?s=96&d=mm&r=g\",\"contentUrl\":\"https:\/\/secure.gravatar.com\/avatar\/5081509054e28b04ecd976976e723ce0?s=96&d=mm&r=g\",\"caption\":\"eeNews Europe\"}}]}<\/script>","yoast_head_json":{"title":"Pourquoi le CEO de Dialog soutient la Chine ...","description":"Jalal Bagherli, CEO de Dialog Semiconductor plc, a d\u00e9clar\u00e9 que le secteur de l'\u00e9lectronique n'avait d'autre choix que de se ranger du c\u00f4t\u00e9 de la Chine...","robots":{"index":"index","follow":"follow","max-snippet":"max-snippet:-1","max-image-preview":"max-image-preview:large","max-video-preview":"max-video-preview:-1"},"canonical":"https:\/\/www.ecinews.fr\/fr\/wp-json\/wp\/v2\/posts\/84070\/","og_locale":"fr_FR","og_type":"article","og_title":"Pourquoi le CEO de Dialog soutient la Chine","og_description":"Jalal Bagherli, CEO de Dialog Semiconductor plc, a d\u00e9clar\u00e9 que le secteur de l'\u00e9lectronique n'avait d'autre choix que de se ranger du c\u00f4t\u00e9 de la Chine contre les \u00c9tats-Unis si leur guerre commerciale s'intensifiait.","og_url":"https:\/\/www.ecinews.fr\/fr\/wp-json\/wp\/v2\/posts\/84070\/","og_site_name":"EENewsEurope","article_published_time":"2019-06-12T14:33:03+00:00","og_image":[{"width":630,"height":430,"url":"https:\/\/www.ecinews.fr\/wp-content\/uploads\/import\/default\/files\/sites\/default\/files\/images\/jalalbagherli630.jpg","type":"image\/jpeg"}],"author":"eeNews Europe","twitter_card":"summary_large_image","twitter_misc":{"Written by":"eeNews Europe","Est. reading time":"3 minutes"},"schema":{"@context":"https:\/\/schema.org","@graph":[{"@type":"Article","@id":"https:\/\/www.ecinews.fr\/fr\/pourquoi-le-ceo-de-dialog-soutient-la-chine\/#article","isPartOf":{"@id":"https:\/\/www.ecinews.fr\/fr\/pourquoi-le-ceo-de-dialog-soutient-la-chine\/"},"author":{"name":"eeNews Europe","@id":"https:\/\/www.eenewseurope.com\/en\/#\/schema\/person\/9eff4051fa9dac8230052de45e32b0f4"},"headline":"Pourquoi le CEO de Dialog soutient la Chine","datePublished":"2019-06-12T14:33:03+00:00","dateModified":"2019-06-12T14:33:03+00:00","mainEntityOfPage":{"@id":"https:\/\/www.ecinews.fr\/fr\/pourquoi-le-ceo-de-dialog-soutient-la-chine\/"},"wordCount":609,"publisher":{"@id":"https:\/\/www.eenewseurope.com\/en\/#organization"},"keywords":["Analog","ArtificialIntelligence","Authentication &amp; Encryption","Automotive","Batteries \/ Power Supplies","Boards &amp; Embedded Cards","DataAcquisition","DevelopmentKits","DigitalSignalProcessing","Displays &amp; Interfaces","Distributors","EDA &amp; CAD tools","Electromechanical","EnergyHarvesting","FlexibleElectronics","Interconnect &amp; cables","IoT","LEDlighting","Materials &amp; processes","MedicalElectronics","Memory &amp; Data Storage","MPUs\/MCUs","Optoelectronics","PLDs\/FPGAs\/ASICs","PowerManagement","RF transmission","Sensing \/ Conditioning","Software &amp; Embedded tools","TestandMeasurement","Wearables","Wireless Communications"],"articleSection":["Actualit\u00e9s \u00e9conomiques"],"inLanguage":"fr-FR"},{"@type":"WebPage","@id":"https:\/\/www.ecinews.fr\/fr\/pourquoi-le-ceo-de-dialog-soutient-la-chine\/","url":"https:\/\/www.ecinews.fr\/fr\/pourquoi-le-ceo-de-dialog-soutient-la-chine\/","name":"Pourquoi le CEO de Dialog soutient la Chine -","isPartOf":{"@id":"https:\/\/www.eenewseurope.com\/en\/#website"},"datePublished":"2019-06-12T14:33:03+00:00","dateModified":"2019-06-12T14:33:03+00:00","breadcrumb":{"@id":"https:\/\/www.ecinews.fr\/fr\/pourquoi-le-ceo-de-dialog-soutient-la-chine\/#breadcrumb"},"inLanguage":"fr-FR","potentialAction":[{"@type":"ReadAction","target":["https:\/\/www.ecinews.fr\/fr\/pourquoi-le-ceo-de-dialog-soutient-la-chine\/"]}]},{"@type":"BreadcrumbList","@id":"https:\/\/www.ecinews.fr\/fr\/pourquoi-le-ceo-de-dialog-soutient-la-chine\/#breadcrumb","itemListElement":[{"@type":"ListItem","position":1,"name":"Home","item":"https:\/\/www.ecinews.fr\/fr\/"},{"@type":"ListItem","position":2,"name":"Pourquoi le CEO de Dialog soutient la Chine"}]},{"@type":"WebSite","@id":"https:\/\/www.eenewseurope.com\/en\/#website","url":"https:\/\/www.eenewseurope.com\/en\/","name":"EENewsEurope","description":"Just another WordPress site","publisher":{"@id":"https:\/\/www.eenewseurope.com\/en\/#organization"},"potentialAction":[{"@type":"SearchAction","target":{"@type":"EntryPoint","urlTemplate":"https:\/\/www.eenewseurope.com\/en\/?s={search_term_string}"},"query-input":"required name=search_term_string"}],"inLanguage":"fr-FR"},{"@type":"Organization","@id":"https:\/\/www.eenewseurope.com\/en\/#organization","name":"EENewsEurope","url":"https:\/\/www.eenewseurope.com\/en\/","logo":{"@type":"ImageObject","inLanguage":"fr-FR","@id":"https:\/\/www.eenewseurope.com\/en\/#\/schema\/logo\/image\/","url":"https:\/\/www.ecinews.fr\/wp-content\/uploads\/2022\/02\/logo-1.jpg","contentUrl":"https:\/\/www.ecinews.fr\/wp-content\/uploads\/2022\/02\/logo-1.jpg","width":283,"height":113,"caption":"EENewsEurope"},"image":{"@id":"https:\/\/www.eenewseurope.com\/en\/#\/schema\/logo\/image\/"}},{"@type":"Person","@id":"https:\/\/www.eenewseurope.com\/en\/#\/schema\/person\/9eff4051fa9dac8230052de45e32b0f4","name":"eeNews Europe","image":{"@type":"ImageObject","inLanguage":"fr-FR","@id":"https:\/\/www.eenewseurope.com\/en\/#\/schema\/person\/image\/fae8f0cb15861c4ae0ed4872e2c9fc22","url":"https:\/\/secure.gravatar.com\/avatar\/5081509054e28b04ecd976976e723ce0?s=96&d=mm&r=g","contentUrl":"https:\/\/secure.gravatar.com\/avatar\/5081509054e28b04ecd976976e723ce0?s=96&d=mm&r=g","caption":"eeNews Europe"}}]}},"authors":[{"term_id":1149,"user_id":22,"is_guest":0,"slug":"eenews-europe","display_name":"eeNews Europe","avatar_url":"https:\/\/secure.gravatar.com\/avatar\/5081509054e28b04ecd976976e723ce0?s=96&d=mm&r=g","0":null,"1":"","2":"","3":"","4":"","5":"","6":"","7":"","8":""}],"_links":{"self":[{"href":"https:\/\/www.ecinews.fr\/fr\/wp-json\/wp\/v2\/posts\/84070"}],"collection":[{"href":"https:\/\/www.ecinews.fr\/fr\/wp-json\/wp\/v2\/posts"}],"about":[{"href":"https:\/\/www.ecinews.fr\/fr\/wp-json\/wp\/v2\/types\/post"}],"author":[{"embeddable":true,"href":"https:\/\/www.ecinews.fr\/fr\/wp-json\/wp\/v2\/users\/22"}],"replies":[{"embeddable":true,"href":"https:\/\/www.ecinews.fr\/fr\/wp-json\/wp\/v2\/comments?post=84070"}],"version-history":[{"count":0,"href":"https:\/\/www.ecinews.fr\/fr\/wp-json\/wp\/v2\/posts\/84070\/revisions"}],"wp:featuredmedia":[{"embeddable":true,"href":"https:\/\/www.ecinews.fr\/fr\/wp-json\/wp\/v2\/media\/84071"}],"wp:attachment":[{"href":"https:\/\/www.ecinews.fr\/fr\/wp-json\/wp\/v2\/media?parent=84070"}],"wp:term":[{"taxonomy":"category","embeddable":true,"href":"https:\/\/www.ecinews.fr\/fr\/wp-json\/wp\/v2\/categories?post=84070"},{"taxonomy":"post_tag","embeddable":true,"href":"https:\/\/www.ecinews.fr\/fr\/wp-json\/wp\/v2\/tags?post=84070"},{"taxonomy":"domains","embeddable":true,"href":"https:\/\/www.ecinews.fr\/fr\/wp-json\/wp\/v2\/domains?post=84070"},{"taxonomy":"author","embeddable":true,"href":"https:\/\/www.ecinews.fr\/fr\/wp-json\/wp\/v2\/ppma_author?post=84070"}],"curies":[{"name":"wp","href":"https:\/\/api.w.org\/{rel}","templated":true}]}}