{"id":83950,"date":"2019-06-13T22:04:48","date_gmt":"2019-06-13T22:04:48","guid":{"rendered":"https:\/\/\/volvo-et-uber-presentent-un-vehicule-de-serie-pret-pour-la-conduite-autonome\/"},"modified":"2019-06-13T22:04:48","modified_gmt":"2019-06-13T22:04:48","slug":"volvo-et-uber-presentent-un-vehicule-de-serie-pret-pour-la-conduite-autonome","status":"publish","type":"post","link":"https:\/\/www.ecinews.fr\/fr\/volvo-et-uber-presentent-un-vehicule-de-serie-pret-pour-la-conduite-autonome\/","title":{"rendered":"Volvo et Uber pr\u00e9sentent un v\u00e9hicule de s\u00e9rie pr\u00eat pour la conduite autonome"},"content":{"rendered":"<p>Uber et Volvo Cars, qui ont conclu en 2016 un accord d\u2019ing\u00e9nierie, ont depuis co-d\u00e9velopp\u00e9 plusieurs prototypes visant \u00e0 acc\u00e9l\u00e9rer la mise au point des v\u00e9hicules autonomes des deux entreprises. Le SUV Volvo XC90 pr\u00e9sent\u00e9 est le premier v\u00e9hicule de s\u00e9rie capable, gr\u00e2ce au syst\u00e8me de conduite autonome d\u2019Uber, de rouler de mani\u00e8re enti\u00e8rement automatis\u00e9e.<\/p>\n<p>Le XC90 de base est \u00e9quip\u00e9 d\u2019un dispositif de s\u00e9curit\u00e9 qui facilite l\u2019installation par Uber de son syst\u00e8me de conduite autonome, ouvrant la voie au futur d\u00e9ploiement d\u2019une flotte de VTC Uber autonomes. Ce v\u00e9hicule Volvo de s\u00e9rie pr\u00eat pour la conduite autonome est dot\u00e9 de syst\u00e8mes de secours pour les fonctions de direction et de freinage ainsi que d\u2019une batterie de secours. En cas de d\u00e9faillance, pour quelque raison que ce soit, des syst\u00e8mes primaires, les syst\u00e8mes de secours stoppent imm\u00e9diatement le v\u00e9hicule.<\/p>\n<hr \/>\n<p>Au-del\u00e0 des technologies de secours int\u00e9gr\u00e9es de Volvo, une s\u00e9rie de capteurs install\u00e9s sur le toit et au sein du v\u00e9hicule permettent au syst\u00e8me de conduite autonome d\u2019Uber de le man\u0153uvrer en toute s\u00e9curit\u00e9 en environnement urbain. Associ\u00e9 \u00e0 la plate-forme v\u00e9hicule de Volvo, le syst\u00e8me de conduite autonome d\u2019Uber pourra certainement, un jour, permettre la circulation s\u00fbre et fiable de voitures autonomes en l\u2019absence de collaborateurs Uber sp\u00e9cialement form\u00e9s pour piloter et superviser le v\u00e9hicule dans les zones d\u00e9di\u00e9es et compatibles avec la conduite autonome.<\/p>\n<p id=\"p_13\">Volvo compte s\u2019appuyer sur un concept de v\u00e9hicule de base similaire pour le lancement de ses futures voitures autonomes au d\u00e9but des ann\u00e9es 2020. Ces technologies, qui devraient \u00e9quiper la nouvelle g\u00e9n\u00e9ration de Volvo bas\u00e9es sur la plate-forme SPA2, int\u00e9greront des fonctionnalit\u00e9s ouvrant la voie \u00e0 la conduite autonome non supervis\u00e9e dans des zones clairement d\u00e9finies, comme les autoroutes et les ceintures p\u00e9riph\u00e9riques.<\/p>\n<figure class=\"image\"><a href=\"https:\/\/www.media.volvocars.com\/global\/en-gb\/media\/videos\/254723\/volvo-cars-and-uber-present-production-vehicle-ready-for-self-driving-8\"><img decoding=\"async\" alt=\"\" height=\"166\" data-src=\"https:\/\/eenews.cdnartwhere.eu\/sites\/default\/files\/images\/01-picture-library\/volvo_uber_1.jpg\" width=\"250\" src=\"data:image\/svg+xml;base64,PHN2ZyB3aWR0aD0iMSIgaGVpZ2h0PSIxIiB4bWxucz0iaHR0cDovL3d3dy53My5vcmcvMjAwMC9zdmciPjwvc3ZnPg==\" class=\"lazyload\" style=\"--smush-placeholder-width: 250px; --smush-placeholder-aspect-ratio: 250\/166;\" \/><\/a><figcaption>Vid\u00e9o<\/figcaption><\/figure>\n<p>&nbsp;<\/p>\n","protected":false},"excerpt":{"rendered":"<p>Volvo et Uber viennent de pr\u00e9senter un v\u00e9hicule de s\u00e9rie d\u00e9velopp\u00e9 conjointement et capable de rouler sans conducteur et marquant une nouvelle \u00e9tape dans la collaboration strat\u00e9gique entre les deux soci\u00e9t\u00e9s.<\/p>\n","protected":false},"author":11,"featured_media":83951,"comment_status":"closed","ping_status":"closed","sticky":false,"template":"","format":"standard","meta":{"_acf_changed":false,"footnotes":""},"categories":[],"tags":[891],"domains":[47],"ppma_author":[1143],"class_list":["post-83950","post","type-post","status-publish","format-standard","has-post-thumbnail","hentry","tag-automotive-fr","domains-electronique-eci"],"acf":[],"yoast_head":"<title>Volvo et Uber pr\u00e9sentent un v\u00e9hicule de s\u00e9rie pr\u00eat pour la ...<\/title>\n<meta name=\"description\" content=\"Volvo et Uber viennent de pr\u00e9senter un v\u00e9hicule de s\u00e9rie d\u00e9velopp\u00e9 conjointement et capable de rouler sans conducteur et marquant une nouvelle \u00e9tape...\" \/>\n<meta name=\"robots\" content=\"index, follow, max-snippet:-1, max-image-preview:large, max-video-preview:-1\" \/>\n<link rel=\"canonical\" href=\"https:\/\/www.ecinews.fr\/fr\/wp-json\/wp\/v2\/posts\/83950\/\" \/>\n<meta property=\"og:locale\" content=\"fr_FR\" \/>\n<meta property=\"og:type\" content=\"article\" \/>\n<meta property=\"og:title\" content=\"Volvo et Uber pr\u00e9sentent un v\u00e9hicule de s\u00e9rie pr\u00eat pour la conduite autonome\" \/>\n<meta property=\"og:description\" content=\"Volvo et Uber viennent de pr\u00e9senter un v\u00e9hicule de s\u00e9rie d\u00e9velopp\u00e9 conjointement et capable de rouler sans conducteur et marquant une nouvelle \u00e9tape dans la collaboration strat\u00e9gique entre les deux soci\u00e9t\u00e9s.\" \/>\n<meta property=\"og:url\" content=\"https:\/\/www.ecinews.fr\/fr\/wp-json\/wp\/v2\/posts\/83950\/\" \/>\n<meta property=\"og:site_name\" content=\"EENewsEurope\" \/>\n<meta property=\"article:published_time\" content=\"2019-06-13T22:04:48+00:00\" \/>\n<meta property=\"og:image\" content=\"https:\/\/cdn.eenewseurope.com\/wp-content\/uploads\/import\/default\/files\/sites\/default\/files\/images\/volvo_uber.jpg\" \/>\n\t<meta property=\"og:image:width\" content=\"1198\" \/>\n\t<meta property=\"og:image:height\" content=\"900\" \/>\n\t<meta property=\"og:image:type\" content=\"image\/jpeg\" \/>\n<meta name=\"author\" content=\"Daniel Cardon\" \/>\n<meta name=\"twitter:card\" content=\"summary_large_image\" \/>\n<meta name=\"twitter:label1\" content=\"Written by\" \/>\n\t<meta name=\"twitter:data1\" content=\"Daniel Cardon\" \/>\n\t<meta name=\"twitter:label2\" content=\"Est. reading time\" \/>\n\t<meta name=\"twitter:data2\" content=\"2 minutes\" \/>\n<script type=\"application\/ld+json\" class=\"yoast-schema-graph\">{\"@context\":\"https:\/\/schema.org\",\"@graph\":[{\"@type\":\"Article\",\"@id\":\"https:\/\/cdn.eenewseurope.com\/fr\/volvo-et-uber-presentent-un-vehicule-de-serie-pret-pour-la-conduite-autonome\/#article\",\"isPartOf\":{\"@id\":\"https:\/\/cdn.eenewseurope.com\/fr\/volvo-et-uber-presentent-un-vehicule-de-serie-pret-pour-la-conduite-autonome\/\"},\"author\":{\"name\":\"Daniel Cardon\",\"@id\":\"https:\/\/www.eenewseurope.com\/en\/#\/schema\/person\/93c44cde463762f40a8236eaa44c1c17\"},\"headline\":\"Volvo et Uber pr\u00e9sentent un v\u00e9hicule de s\u00e9rie pr\u00eat pour la conduite autonome\",\"datePublished\":\"2019-06-13T22:04:48+00:00\",\"dateModified\":\"2019-06-13T22:04:48+00:00\",\"mainEntityOfPage\":{\"@id\":\"https:\/\/cdn.eenewseurope.com\/fr\/volvo-et-uber-presentent-un-vehicule-de-serie-pret-pour-la-conduite-autonome\/\"},\"wordCount\":366,\"publisher\":{\"@id\":\"https:\/\/www.eenewseurope.com\/en\/#organization\"},\"keywords\":[\"Automotive\"],\"inLanguage\":\"fr-FR\"},{\"@type\":\"WebPage\",\"@id\":\"https:\/\/cdn.eenewseurope.com\/fr\/volvo-et-uber-presentent-un-vehicule-de-serie-pret-pour-la-conduite-autonome\/\",\"url\":\"https:\/\/cdn.eenewseurope.com\/fr\/volvo-et-uber-presentent-un-vehicule-de-serie-pret-pour-la-conduite-autonome\/\",\"name\":\"Volvo et Uber pr\u00e9sentent un v\u00e9hicule de s\u00e9rie pr\u00eat pour la conduite autonome -\",\"isPartOf\":{\"@id\":\"https:\/\/www.eenewseurope.com\/en\/#website\"},\"datePublished\":\"2019-06-13T22:04:48+00:00\",\"dateModified\":\"2019-06-13T22:04:48+00:00\",\"breadcrumb\":{\"@id\":\"https:\/\/cdn.eenewseurope.com\/fr\/volvo-et-uber-presentent-un-vehicule-de-serie-pret-pour-la-conduite-autonome\/#breadcrumb\"},\"inLanguage\":\"fr-FR\",\"potentialAction\":[{\"@type\":\"ReadAction\",\"target\":[\"https:\/\/cdn.eenewseurope.com\/fr\/volvo-et-uber-presentent-un-vehicule-de-serie-pret-pour-la-conduite-autonome\/\"]}]},{\"@type\":\"BreadcrumbList\",\"@id\":\"https:\/\/cdn.eenewseurope.com\/fr\/volvo-et-uber-presentent-un-vehicule-de-serie-pret-pour-la-conduite-autonome\/#breadcrumb\",\"itemListElement\":[{\"@type\":\"ListItem\",\"position\":1,\"name\":\"Home\",\"item\":\"https:\/\/www.ecinews.fr\/fr\/\"},{\"@type\":\"ListItem\",\"position\":2,\"name\":\"Volvo et Uber pr\u00e9sentent un v\u00e9hicule de s\u00e9rie pr\u00eat pour la conduite autonome\"}]},{\"@type\":\"WebSite\",\"@id\":\"https:\/\/www.eenewseurope.com\/en\/#website\",\"url\":\"https:\/\/www.eenewseurope.com\/en\/\",\"name\":\"EENewsEurope\",\"description\":\"Just another WordPress site\",\"publisher\":{\"@id\":\"https:\/\/www.eenewseurope.com\/en\/#organization\"},\"potentialAction\":[{\"@type\":\"SearchAction\",\"target\":{\"@type\":\"EntryPoint\",\"urlTemplate\":\"https:\/\/www.eenewseurope.com\/en\/?s={search_term_string}\"},\"query-input\":\"required name=search_term_string\"}],\"inLanguage\":\"fr-FR\"},{\"@type\":\"Organization\",\"@id\":\"https:\/\/www.eenewseurope.com\/en\/#organization\",\"name\":\"EENewsEurope\",\"url\":\"https:\/\/www.eenewseurope.com\/en\/\",\"logo\":{\"@type\":\"ImageObject\",\"inLanguage\":\"fr-FR\",\"@id\":\"https:\/\/www.eenewseurope.com\/en\/#\/schema\/logo\/image\/\",\"url\":\"https:\/\/www.ecinews.fr\/wp-content\/uploads\/2022\/02\/logo-1.jpg\",\"contentUrl\":\"https:\/\/www.ecinews.fr\/wp-content\/uploads\/2022\/02\/logo-1.jpg\",\"width\":283,\"height\":113,\"caption\":\"EENewsEurope\"},\"image\":{\"@id\":\"https:\/\/www.eenewseurope.com\/en\/#\/schema\/logo\/image\/\"}},{\"@type\":\"Person\",\"@id\":\"https:\/\/www.eenewseurope.com\/en\/#\/schema\/person\/93c44cde463762f40a8236eaa44c1c17\",\"name\":\"Daniel Cardon\",\"image\":{\"@type\":\"ImageObject\",\"inLanguage\":\"fr-FR\",\"@id\":\"https:\/\/www.eenewseurope.com\/en\/#\/schema\/person\/image\/2b243f6bcc1cff7d86aadfb2cd0bd870\",\"url\":\"https:\/\/secure.gravatar.com\/avatar\/de9edc136dfc061ad4778e04635baefa?s=96&d=mm&r=g\",\"contentUrl\":\"https:\/\/secure.gravatar.com\/avatar\/de9edc136dfc061ad4778e04635baefa?s=96&d=mm&r=g\",\"caption\":\"Daniel Cardon\"}}]}<\/script>","yoast_head_json":{"title":"Volvo et Uber pr\u00e9sentent un v\u00e9hicule de s\u00e9rie pr\u00eat pour la ...","description":"Volvo et Uber viennent de pr\u00e9senter un v\u00e9hicule de s\u00e9rie d\u00e9velopp\u00e9 conjointement et capable de rouler sans conducteur et marquant une nouvelle \u00e9tape...","robots":{"index":"index","follow":"follow","max-snippet":"max-snippet:-1","max-image-preview":"max-image-preview:large","max-video-preview":"max-video-preview:-1"},"canonical":"https:\/\/www.ecinews.fr\/fr\/wp-json\/wp\/v2\/posts\/83950\/","og_locale":"fr_FR","og_type":"article","og_title":"Volvo et Uber pr\u00e9sentent un v\u00e9hicule de s\u00e9rie pr\u00eat pour la conduite autonome","og_description":"Volvo et Uber viennent de pr\u00e9senter un v\u00e9hicule de s\u00e9rie d\u00e9velopp\u00e9 conjointement et capable de rouler sans conducteur et marquant une nouvelle \u00e9tape dans la collaboration strat\u00e9gique entre les deux soci\u00e9t\u00e9s.","og_url":"https:\/\/www.ecinews.fr\/fr\/wp-json\/wp\/v2\/posts\/83950\/","og_site_name":"EENewsEurope","article_published_time":"2019-06-13T22:04:48+00:00","og_image":[{"width":1198,"height":900,"url":"https:\/\/cdn.eenewseurope.com\/wp-content\/uploads\/import\/default\/files\/sites\/default\/files\/images\/volvo_uber.jpg","type":"image\/jpeg"}],"author":"Daniel Cardon","twitter_card":"summary_large_image","twitter_misc":{"Written by":"Daniel Cardon","Est. reading time":"2 minutes"},"schema":{"@context":"https:\/\/schema.org","@graph":[{"@type":"Article","@id":"https:\/\/cdn.eenewseurope.com\/fr\/volvo-et-uber-presentent-un-vehicule-de-serie-pret-pour-la-conduite-autonome\/#article","isPartOf":{"@id":"https:\/\/cdn.eenewseurope.com\/fr\/volvo-et-uber-presentent-un-vehicule-de-serie-pret-pour-la-conduite-autonome\/"},"author":{"name":"Daniel Cardon","@id":"https:\/\/www.eenewseurope.com\/en\/#\/schema\/person\/93c44cde463762f40a8236eaa44c1c17"},"headline":"Volvo et Uber pr\u00e9sentent un v\u00e9hicule de s\u00e9rie pr\u00eat pour la conduite autonome","datePublished":"2019-06-13T22:04:48+00:00","dateModified":"2019-06-13T22:04:48+00:00","mainEntityOfPage":{"@id":"https:\/\/cdn.eenewseurope.com\/fr\/volvo-et-uber-presentent-un-vehicule-de-serie-pret-pour-la-conduite-autonome\/"},"wordCount":366,"publisher":{"@id":"https:\/\/www.eenewseurope.com\/en\/#organization"},"keywords":["Automotive"],"inLanguage":"fr-FR"},{"@type":"WebPage","@id":"https:\/\/cdn.eenewseurope.com\/fr\/volvo-et-uber-presentent-un-vehicule-de-serie-pret-pour-la-conduite-autonome\/","url":"https:\/\/cdn.eenewseurope.com\/fr\/volvo-et-uber-presentent-un-vehicule-de-serie-pret-pour-la-conduite-autonome\/","name":"Volvo et Uber pr\u00e9sentent un v\u00e9hicule de s\u00e9rie pr\u00eat pour la conduite autonome -","isPartOf":{"@id":"https:\/\/www.eenewseurope.com\/en\/#website"},"datePublished":"2019-06-13T22:04:48+00:00","dateModified":"2019-06-13T22:04:48+00:00","breadcrumb":{"@id":"https:\/\/cdn.eenewseurope.com\/fr\/volvo-et-uber-presentent-un-vehicule-de-serie-pret-pour-la-conduite-autonome\/#breadcrumb"},"inLanguage":"fr-FR","potentialAction":[{"@type":"ReadAction","target":["https:\/\/cdn.eenewseurope.com\/fr\/volvo-et-uber-presentent-un-vehicule-de-serie-pret-pour-la-conduite-autonome\/"]}]},{"@type":"BreadcrumbList","@id":"https:\/\/cdn.eenewseurope.com\/fr\/volvo-et-uber-presentent-un-vehicule-de-serie-pret-pour-la-conduite-autonome\/#breadcrumb","itemListElement":[{"@type":"ListItem","position":1,"name":"Home","item":"https:\/\/www.ecinews.fr\/fr\/"},{"@type":"ListItem","position":2,"name":"Volvo et Uber pr\u00e9sentent un v\u00e9hicule de s\u00e9rie pr\u00eat pour la conduite autonome"}]},{"@type":"WebSite","@id":"https:\/\/www.eenewseurope.com\/en\/#website","url":"https:\/\/www.eenewseurope.com\/en\/","name":"EENewsEurope","description":"Just another WordPress site","publisher":{"@id":"https:\/\/www.eenewseurope.com\/en\/#organization"},"potentialAction":[{"@type":"SearchAction","target":{"@type":"EntryPoint","urlTemplate":"https:\/\/www.eenewseurope.com\/en\/?s={search_term_string}"},"query-input":"required name=search_term_string"}],"inLanguage":"fr-FR"},{"@type":"Organization","@id":"https:\/\/www.eenewseurope.com\/en\/#organization","name":"EENewsEurope","url":"https:\/\/www.eenewseurope.com\/en\/","logo":{"@type":"ImageObject","inLanguage":"fr-FR","@id":"https:\/\/www.eenewseurope.com\/en\/#\/schema\/logo\/image\/","url":"https:\/\/www.ecinews.fr\/wp-content\/uploads\/2022\/02\/logo-1.jpg","contentUrl":"https:\/\/www.ecinews.fr\/wp-content\/uploads\/2022\/02\/logo-1.jpg","width":283,"height":113,"caption":"EENewsEurope"},"image":{"@id":"https:\/\/www.eenewseurope.com\/en\/#\/schema\/logo\/image\/"}},{"@type":"Person","@id":"https:\/\/www.eenewseurope.com\/en\/#\/schema\/person\/93c44cde463762f40a8236eaa44c1c17","name":"Daniel Cardon","image":{"@type":"ImageObject","inLanguage":"fr-FR","@id":"https:\/\/www.eenewseurope.com\/en\/#\/schema\/person\/image\/2b243f6bcc1cff7d86aadfb2cd0bd870","url":"https:\/\/secure.gravatar.com\/avatar\/de9edc136dfc061ad4778e04635baefa?s=96&d=mm&r=g","contentUrl":"https:\/\/secure.gravatar.com\/avatar\/de9edc136dfc061ad4778e04635baefa?s=96&d=mm&r=g","caption":"Daniel Cardon"}}]}},"authors":[{"term_id":1143,"user_id":11,"is_guest":0,"slug":"danielcardon","display_name":"Daniel Cardon","avatar_url":"https:\/\/secure.gravatar.com\/avatar\/de9edc136dfc061ad4778e04635baefa?s=96&d=mm&r=g","0":null,"1":"","2":"","3":"","4":"","5":"","6":"","7":"","8":""}],"_links":{"self":[{"href":"https:\/\/www.ecinews.fr\/fr\/wp-json\/wp\/v2\/posts\/83950"}],"collection":[{"href":"https:\/\/www.ecinews.fr\/fr\/wp-json\/wp\/v2\/posts"}],"about":[{"href":"https:\/\/www.ecinews.fr\/fr\/wp-json\/wp\/v2\/types\/post"}],"author":[{"embeddable":true,"href":"https:\/\/www.ecinews.fr\/fr\/wp-json\/wp\/v2\/users\/11"}],"replies":[{"embeddable":true,"href":"https:\/\/www.ecinews.fr\/fr\/wp-json\/wp\/v2\/comments?post=83950"}],"version-history":[{"count":0,"href":"https:\/\/www.ecinews.fr\/fr\/wp-json\/wp\/v2\/posts\/83950\/revisions"}],"wp:featuredmedia":[{"embeddable":true,"href":"https:\/\/www.ecinews.fr\/fr\/wp-json\/wp\/v2\/media\/83951"}],"wp:attachment":[{"href":"https:\/\/www.ecinews.fr\/fr\/wp-json\/wp\/v2\/media?parent=83950"}],"wp:term":[{"taxonomy":"category","embeddable":true,"href":"https:\/\/www.ecinews.fr\/fr\/wp-json\/wp\/v2\/categories?post=83950"},{"taxonomy":"post_tag","embeddable":true,"href":"https:\/\/www.ecinews.fr\/fr\/wp-json\/wp\/v2\/tags?post=83950"},{"taxonomy":"domains","embeddable":true,"href":"https:\/\/www.ecinews.fr\/fr\/wp-json\/wp\/v2\/domains?post=83950"},{"taxonomy":"author","embeddable":true,"href":"https:\/\/www.ecinews.fr\/fr\/wp-json\/wp\/v2\/ppma_author?post=83950"}],"curies":[{"name":"wp","href":"https:\/\/api.w.org\/{rel}","templated":true}]}}