{"id":83678,"date":"2019-06-19T17:07:01","date_gmt":"2019-06-19T17:07:01","guid":{"rendered":"https:\/\/\/lavion-a-propulsion-hybride-prend-sa-source-au-bourget\/"},"modified":"2019-06-19T17:07:01","modified_gmt":"2019-06-19T17:07:01","slug":"lavion-a-propulsion-hybride-prend-sa-source-au-bourget","status":"publish","type":"post","link":"https:\/\/www.ecinews.fr\/fr\/lavion-a-propulsion-hybride-prend-sa-source-au-bourget\/","title":{"rendered":"L&rsquo;avion \u00e0 propulsion hybride prend sa source au Bourget"},"content":{"rendered":"<p>Bas\u00e9 sur la plateforme TBM de Daher, ce projet, initi\u00e9 par le CORAC (Conseil pour la Recherche A\u00e9ronautique Civile) et soutenu par la DGAC, a pour objectif de d\u00e9velopper des technologies afin d\u2019am\u00e9liorer l\u2019efficacit\u00e9 environnementale des avions et r\u00e9pondre aux besoins des nouvelles mobilit\u00e9s a\u00e9riennes.<\/p>\n<p><strong>L\u2019industrie a\u00e9ronautique se mobilise pour une aviation plus propre.<\/strong><\/p>\n<p>La d\u00e9marche globale comprend 3 axes de recherche et d\u00e9veloppement :<\/p>\n<ul>\n<li>Le syst\u00e8me propulsif hybride distribu\u00e9 sera fourni par Safran.<\/li>\n<li>L\u2019optimisation a\u00e9rodynamique de la propulsion distribu\u00e9e, l\u2019implantation de batterie \u00e0 haute densit\u00e9 \u00e9nerg\u00e9tique ainsi que son utilisation pour le pilotage de l\u2019a\u00e9ronef sera r\u00e9alis\u00e9 par Airbus.<\/li>\n<li>L\u2019installation des composants et syst\u00e8mes, la r\u00e9alisation des essais en vol, l\u2019analyse globale et la construction r\u00e8glementaire seront men\u00e9es par Daher, via la plateforme TBM.<br \/>\n<hr \/>\n<p>Cette collaboration a pour objectif de valider des technologies destin\u00e9es \u00e0 diminuer les \u00e9missions polluantes, les nuisances sonores, et de cr\u00e9er de nouveaux usages de transport a\u00e9rien.<\/p>\n<\/li>\n<\/ul>\n<p>Safran va fournir l\u2019ensemble du syst\u00e8me propulsif hybride distribu\u00e9 d\u2019EcoPulse<sup>TM<\/sup>&nbsp;compos\u00e9 d\u2019un turbog\u00e9n\u00e9rateur (turbine combin\u00e9e \u00e0 un g\u00e9n\u00e9rateur \u00e9lectrique), d\u2019un syst\u00e8me de management de la puissance \u00e9lectrique et de propulseurs \u00e9lectriques int\u00e9gr\u00e9s comprenant les moteurs \u00e9lectriques et les h\u00e9lices. Les propulseurs \u00e9lectriques seront int\u00e9gr\u00e9s sur la voilure d\u2019EcoPulse<sup>TM<\/sup>&nbsp;et assureront l\u2019effort propulsif tout en offrant des gains a\u00e9rodynamiques (r\u00e9duction de la surface alaire et des tourbillons marginaux en bouts d\u2019ailes, et donc de la train\u00e9e).<\/p>\n<p>L\u2019int\u00e9gration d\u2019un syst\u00e8me de propulsion distribu\u00e9e sur un avion de type TBM est une opportunit\u00e9 pour am\u00e9liorer son efficacit\u00e9, diversifier ses missions, r\u00e9duire son empreinte environnementale et diminuer ses co\u00fbts d\u2019exploitation.<\/p>\n<p>Airbus interviendra sur la mod\u00e9lisation a\u00e9rodynamique du d\u00e9monstrateur, pour alimenter les choix de configuration que permettre l\u2019\u00e9laboration des lois de contr\u00f4le. L\u2019ensemble de ces \u00e9l\u00e9ments doit permettre d\u2019\u00e9tablir les b\u00e9n\u00e9fices de la propulsion distribu\u00e9e, et de fournir les bases, en termes de m\u00e9thodes, d\u2019outils et de r\u00e9sultats, permettant la conception d\u2019a\u00e9ronefs \u00e0 propulsion distribu\u00e9e de mani\u00e8re optimis\u00e9e.<\/p>\n<p><a href=\"https:\/\/www.airbus.com\/\">https:\/\/www.airbus.com\/<\/a><\/p>\n<p><a href=\"https:\/\/www.daher.com\/\">https:\/\/www.daher.com\/<\/a><\/p>\n<p><a href=\"https:\/\/www.safran-group.com\/fr\">https:\/\/www.safran-group.com\/fr<\/a><\/p>\n","protected":false},"excerpt":{"rendered":"<p>Dans le cadre de leurs strat\u00e9gies d\u2019innovation, Daher, Airbus et Safran vont collaborer pour la conception et le d\u00e9veloppement d\u2019EcoPulse, un \u00a0d\u00e9monstrateur \u00e0 propulsion hybride distribu\u00e9e, r\u00e9partie sur les ailes, dont le premier vol est pr\u00e9vu \u00e0 l\u2019horizon 2022. <\/p>\n","protected":false},"author":11,"featured_media":83679,"comment_status":"closed","ping_status":"closed","sticky":false,"template":"","format":"standard","meta":{"_acf_changed":false,"footnotes":""},"categories":[],"tags":[],"domains":[47],"ppma_author":[1143],"class_list":["post-83678","post","type-post","status-publish","format-standard","has-post-thumbnail","hentry","domains-electronique-eci"],"acf":[],"yoast_head":"<title>L&#039;avion \u00e0 propulsion hybride prend sa source au Bourget ...<\/title>\n<meta name=\"description\" content=\"Dans le cadre de leurs strat\u00e9gies d\u2019innovation, Daher, Airbus et Safran vont collaborer pour la conception et le d\u00e9veloppement d\u2019EcoPulse, un...\" \/>\n<meta name=\"robots\" content=\"index, follow, max-snippet:-1, max-image-preview:large, max-video-preview:-1\" \/>\n<link rel=\"canonical\" href=\"https:\/\/www.ecinews.fr\/fr\/wp-json\/wp\/v2\/posts\/83678\/\" \/>\n<meta property=\"og:locale\" content=\"fr_FR\" \/>\n<meta property=\"og:type\" content=\"article\" \/>\n<meta property=\"og:title\" content=\"L&#039;avion \u00e0 propulsion hybride prend sa source au Bourget\" \/>\n<meta property=\"og:description\" content=\"Dans le cadre de leurs strat\u00e9gies d\u2019innovation, Daher, Airbus et Safran vont collaborer pour la conception et le d\u00e9veloppement d\u2019EcoPulse, un \u00a0d\u00e9monstrateur \u00e0 propulsion hybride distribu\u00e9e, r\u00e9partie sur les ailes, dont le premier vol est pr\u00e9vu \u00e0 l\u2019horizon 2022.\" \/>\n<meta property=\"og:url\" content=\"https:\/\/www.ecinews.fr\/fr\/wp-json\/wp\/v2\/posts\/83678\/\" \/>\n<meta property=\"og:site_name\" content=\"EENewsEurope\" \/>\n<meta property=\"article:published_time\" content=\"2019-06-19T17:07:01+00:00\" \/>\n<meta property=\"og:image\" content=\"https:\/\/www.ecinews.fr\/wp-content\/uploads\/import\/default\/files\/sites\/default\/files\/images\/avion_propulsion_hybride.jpg\" \/>\n\t<meta property=\"og:image:width\" content=\"500\" \/>\n\t<meta property=\"og:image:height\" content=\"238\" \/>\n\t<meta property=\"og:image:type\" content=\"image\/jpeg\" \/>\n<meta name=\"author\" content=\"Daniel Cardon\" \/>\n<meta name=\"twitter:card\" content=\"summary_large_image\" \/>\n<meta name=\"twitter:label1\" content=\"Written by\" \/>\n\t<meta name=\"twitter:data1\" content=\"Daniel Cardon\" \/>\n\t<meta name=\"twitter:label2\" content=\"Est. reading time\" \/>\n\t<meta name=\"twitter:data2\" content=\"2 minutes\" \/>\n<script type=\"application\/ld+json\" class=\"yoast-schema-graph\">{\"@context\":\"https:\/\/schema.org\",\"@graph\":[{\"@type\":\"Article\",\"@id\":\"https:\/\/www.ecinews.fr\/fr\/lavion-a-propulsion-hybride-prend-sa-source-au-bourget\/#article\",\"isPartOf\":{\"@id\":\"https:\/\/www.ecinews.fr\/fr\/lavion-a-propulsion-hybride-prend-sa-source-au-bourget\/\"},\"author\":{\"name\":\"Daniel Cardon\",\"@id\":\"https:\/\/www.eenewseurope.com\/en\/#\/schema\/person\/93c44cde463762f40a8236eaa44c1c17\"},\"headline\":\"L&rsquo;avion \u00e0 propulsion hybride prend sa source au Bourget\",\"datePublished\":\"2019-06-19T17:07:01+00:00\",\"dateModified\":\"2019-06-19T17:07:01+00:00\",\"mainEntityOfPage\":{\"@id\":\"https:\/\/www.ecinews.fr\/fr\/lavion-a-propulsion-hybride-prend-sa-source-au-bourget\/\"},\"wordCount\":413,\"publisher\":{\"@id\":\"https:\/\/www.eenewseurope.com\/en\/#organization\"},\"inLanguage\":\"fr-FR\"},{\"@type\":\"WebPage\",\"@id\":\"https:\/\/www.ecinews.fr\/fr\/lavion-a-propulsion-hybride-prend-sa-source-au-bourget\/\",\"url\":\"https:\/\/www.ecinews.fr\/fr\/lavion-a-propulsion-hybride-prend-sa-source-au-bourget\/\",\"name\":\"L'avion \u00e0 propulsion hybride prend sa source au Bourget -\",\"isPartOf\":{\"@id\":\"https:\/\/www.eenewseurope.com\/en\/#website\"},\"datePublished\":\"2019-06-19T17:07:01+00:00\",\"dateModified\":\"2019-06-19T17:07:01+00:00\",\"breadcrumb\":{\"@id\":\"https:\/\/www.ecinews.fr\/fr\/lavion-a-propulsion-hybride-prend-sa-source-au-bourget\/#breadcrumb\"},\"inLanguage\":\"fr-FR\",\"potentialAction\":[{\"@type\":\"ReadAction\",\"target\":[\"https:\/\/www.ecinews.fr\/fr\/lavion-a-propulsion-hybride-prend-sa-source-au-bourget\/\"]}]},{\"@type\":\"BreadcrumbList\",\"@id\":\"https:\/\/www.ecinews.fr\/fr\/lavion-a-propulsion-hybride-prend-sa-source-au-bourget\/#breadcrumb\",\"itemListElement\":[{\"@type\":\"ListItem\",\"position\":1,\"name\":\"Home\",\"item\":\"https:\/\/www.ecinews.fr\/fr\/\"},{\"@type\":\"ListItem\",\"position\":2,\"name\":\"L&rsquo;avion \u00e0 propulsion hybride prend sa source au Bourget\"}]},{\"@type\":\"WebSite\",\"@id\":\"https:\/\/www.eenewseurope.com\/en\/#website\",\"url\":\"https:\/\/www.eenewseurope.com\/en\/\",\"name\":\"EENewsEurope\",\"description\":\"Just another WordPress site\",\"publisher\":{\"@id\":\"https:\/\/www.eenewseurope.com\/en\/#organization\"},\"potentialAction\":[{\"@type\":\"SearchAction\",\"target\":{\"@type\":\"EntryPoint\",\"urlTemplate\":\"https:\/\/www.eenewseurope.com\/en\/?s={search_term_string}\"},\"query-input\":\"required name=search_term_string\"}],\"inLanguage\":\"fr-FR\"},{\"@type\":\"Organization\",\"@id\":\"https:\/\/www.eenewseurope.com\/en\/#organization\",\"name\":\"EENewsEurope\",\"url\":\"https:\/\/www.eenewseurope.com\/en\/\",\"logo\":{\"@type\":\"ImageObject\",\"inLanguage\":\"fr-FR\",\"@id\":\"https:\/\/www.eenewseurope.com\/en\/#\/schema\/logo\/image\/\",\"url\":\"https:\/\/www.ecinews.fr\/wp-content\/uploads\/2022\/02\/logo-1.jpg\",\"contentUrl\":\"https:\/\/www.ecinews.fr\/wp-content\/uploads\/2022\/02\/logo-1.jpg\",\"width\":283,\"height\":113,\"caption\":\"EENewsEurope\"},\"image\":{\"@id\":\"https:\/\/www.eenewseurope.com\/en\/#\/schema\/logo\/image\/\"}},{\"@type\":\"Person\",\"@id\":\"https:\/\/www.eenewseurope.com\/en\/#\/schema\/person\/93c44cde463762f40a8236eaa44c1c17\",\"name\":\"Daniel Cardon\",\"image\":{\"@type\":\"ImageObject\",\"inLanguage\":\"fr-FR\",\"@id\":\"https:\/\/www.eenewseurope.com\/en\/#\/schema\/person\/image\/2b243f6bcc1cff7d86aadfb2cd0bd870\",\"url\":\"https:\/\/secure.gravatar.com\/avatar\/de9edc136dfc061ad4778e04635baefa?s=96&d=mm&r=g\",\"contentUrl\":\"https:\/\/secure.gravatar.com\/avatar\/de9edc136dfc061ad4778e04635baefa?s=96&d=mm&r=g\",\"caption\":\"Daniel Cardon\"}}]}<\/script>","yoast_head_json":{"title":"L'avion \u00e0 propulsion hybride prend sa source au Bourget ...","description":"Dans le cadre de leurs strat\u00e9gies d\u2019innovation, Daher, Airbus et Safran vont collaborer pour la conception et le d\u00e9veloppement d\u2019EcoPulse, un...","robots":{"index":"index","follow":"follow","max-snippet":"max-snippet:-1","max-image-preview":"max-image-preview:large","max-video-preview":"max-video-preview:-1"},"canonical":"https:\/\/www.ecinews.fr\/fr\/wp-json\/wp\/v2\/posts\/83678\/","og_locale":"fr_FR","og_type":"article","og_title":"L'avion \u00e0 propulsion hybride prend sa source au Bourget","og_description":"Dans le cadre de leurs strat\u00e9gies d\u2019innovation, Daher, Airbus et Safran vont collaborer pour la conception et le d\u00e9veloppement d\u2019EcoPulse, un \u00a0d\u00e9monstrateur \u00e0 propulsion hybride distribu\u00e9e, r\u00e9partie sur les ailes, dont le premier vol est pr\u00e9vu \u00e0 l\u2019horizon 2022.","og_url":"https:\/\/www.ecinews.fr\/fr\/wp-json\/wp\/v2\/posts\/83678\/","og_site_name":"EENewsEurope","article_published_time":"2019-06-19T17:07:01+00:00","og_image":[{"width":500,"height":238,"url":"https:\/\/www.ecinews.fr\/wp-content\/uploads\/import\/default\/files\/sites\/default\/files\/images\/avion_propulsion_hybride.jpg","type":"image\/jpeg"}],"author":"Daniel Cardon","twitter_card":"summary_large_image","twitter_misc":{"Written by":"Daniel Cardon","Est. reading time":"2 minutes"},"schema":{"@context":"https:\/\/schema.org","@graph":[{"@type":"Article","@id":"https:\/\/www.ecinews.fr\/fr\/lavion-a-propulsion-hybride-prend-sa-source-au-bourget\/#article","isPartOf":{"@id":"https:\/\/www.ecinews.fr\/fr\/lavion-a-propulsion-hybride-prend-sa-source-au-bourget\/"},"author":{"name":"Daniel Cardon","@id":"https:\/\/www.eenewseurope.com\/en\/#\/schema\/person\/93c44cde463762f40a8236eaa44c1c17"},"headline":"L&rsquo;avion \u00e0 propulsion hybride prend sa source au Bourget","datePublished":"2019-06-19T17:07:01+00:00","dateModified":"2019-06-19T17:07:01+00:00","mainEntityOfPage":{"@id":"https:\/\/www.ecinews.fr\/fr\/lavion-a-propulsion-hybride-prend-sa-source-au-bourget\/"},"wordCount":413,"publisher":{"@id":"https:\/\/www.eenewseurope.com\/en\/#organization"},"inLanguage":"fr-FR"},{"@type":"WebPage","@id":"https:\/\/www.ecinews.fr\/fr\/lavion-a-propulsion-hybride-prend-sa-source-au-bourget\/","url":"https:\/\/www.ecinews.fr\/fr\/lavion-a-propulsion-hybride-prend-sa-source-au-bourget\/","name":"L'avion \u00e0 propulsion hybride prend sa source au Bourget -","isPartOf":{"@id":"https:\/\/www.eenewseurope.com\/en\/#website"},"datePublished":"2019-06-19T17:07:01+00:00","dateModified":"2019-06-19T17:07:01+00:00","breadcrumb":{"@id":"https:\/\/www.ecinews.fr\/fr\/lavion-a-propulsion-hybride-prend-sa-source-au-bourget\/#breadcrumb"},"inLanguage":"fr-FR","potentialAction":[{"@type":"ReadAction","target":["https:\/\/www.ecinews.fr\/fr\/lavion-a-propulsion-hybride-prend-sa-source-au-bourget\/"]}]},{"@type":"BreadcrumbList","@id":"https:\/\/www.ecinews.fr\/fr\/lavion-a-propulsion-hybride-prend-sa-source-au-bourget\/#breadcrumb","itemListElement":[{"@type":"ListItem","position":1,"name":"Home","item":"https:\/\/www.ecinews.fr\/fr\/"},{"@type":"ListItem","position":2,"name":"L&rsquo;avion \u00e0 propulsion hybride prend sa source au Bourget"}]},{"@type":"WebSite","@id":"https:\/\/www.eenewseurope.com\/en\/#website","url":"https:\/\/www.eenewseurope.com\/en\/","name":"EENewsEurope","description":"Just another WordPress site","publisher":{"@id":"https:\/\/www.eenewseurope.com\/en\/#organization"},"potentialAction":[{"@type":"SearchAction","target":{"@type":"EntryPoint","urlTemplate":"https:\/\/www.eenewseurope.com\/en\/?s={search_term_string}"},"query-input":"required name=search_term_string"}],"inLanguage":"fr-FR"},{"@type":"Organization","@id":"https:\/\/www.eenewseurope.com\/en\/#organization","name":"EENewsEurope","url":"https:\/\/www.eenewseurope.com\/en\/","logo":{"@type":"ImageObject","inLanguage":"fr-FR","@id":"https:\/\/www.eenewseurope.com\/en\/#\/schema\/logo\/image\/","url":"https:\/\/www.ecinews.fr\/wp-content\/uploads\/2022\/02\/logo-1.jpg","contentUrl":"https:\/\/www.ecinews.fr\/wp-content\/uploads\/2022\/02\/logo-1.jpg","width":283,"height":113,"caption":"EENewsEurope"},"image":{"@id":"https:\/\/www.eenewseurope.com\/en\/#\/schema\/logo\/image\/"}},{"@type":"Person","@id":"https:\/\/www.eenewseurope.com\/en\/#\/schema\/person\/93c44cde463762f40a8236eaa44c1c17","name":"Daniel Cardon","image":{"@type":"ImageObject","inLanguage":"fr-FR","@id":"https:\/\/www.eenewseurope.com\/en\/#\/schema\/person\/image\/2b243f6bcc1cff7d86aadfb2cd0bd870","url":"https:\/\/secure.gravatar.com\/avatar\/de9edc136dfc061ad4778e04635baefa?s=96&d=mm&r=g","contentUrl":"https:\/\/secure.gravatar.com\/avatar\/de9edc136dfc061ad4778e04635baefa?s=96&d=mm&r=g","caption":"Daniel Cardon"}}]}},"authors":[{"term_id":1143,"user_id":11,"is_guest":0,"slug":"danielcardon","display_name":"Daniel Cardon","avatar_url":"https:\/\/secure.gravatar.com\/avatar\/de9edc136dfc061ad4778e04635baefa?s=96&d=mm&r=g","0":null,"1":"","2":"","3":"","4":"","5":"","6":"","7":"","8":""}],"_links":{"self":[{"href":"https:\/\/www.ecinews.fr\/fr\/wp-json\/wp\/v2\/posts\/83678"}],"collection":[{"href":"https:\/\/www.ecinews.fr\/fr\/wp-json\/wp\/v2\/posts"}],"about":[{"href":"https:\/\/www.ecinews.fr\/fr\/wp-json\/wp\/v2\/types\/post"}],"author":[{"embeddable":true,"href":"https:\/\/www.ecinews.fr\/fr\/wp-json\/wp\/v2\/users\/11"}],"replies":[{"embeddable":true,"href":"https:\/\/www.ecinews.fr\/fr\/wp-json\/wp\/v2\/comments?post=83678"}],"version-history":[{"count":0,"href":"https:\/\/www.ecinews.fr\/fr\/wp-json\/wp\/v2\/posts\/83678\/revisions"}],"wp:featuredmedia":[{"embeddable":true,"href":"https:\/\/www.ecinews.fr\/fr\/wp-json\/wp\/v2\/media\/83679"}],"wp:attachment":[{"href":"https:\/\/www.ecinews.fr\/fr\/wp-json\/wp\/v2\/media?parent=83678"}],"wp:term":[{"taxonomy":"category","embeddable":true,"href":"https:\/\/www.ecinews.fr\/fr\/wp-json\/wp\/v2\/categories?post=83678"},{"taxonomy":"post_tag","embeddable":true,"href":"https:\/\/www.ecinews.fr\/fr\/wp-json\/wp\/v2\/tags?post=83678"},{"taxonomy":"domains","embeddable":true,"href":"https:\/\/www.ecinews.fr\/fr\/wp-json\/wp\/v2\/domains?post=83678"},{"taxonomy":"author","embeddable":true,"href":"https:\/\/www.ecinews.fr\/fr\/wp-json\/wp\/v2\/ppma_author?post=83678"}],"curies":[{"name":"wp","href":"https:\/\/api.w.org\/{rel}","templated":true}]}}