{"id":81924,"date":"2019-07-08T15:29:15","date_gmt":"2019-07-08T15:29:15","guid":{"rendered":"https:\/\/\/19-partenaires-europeens-lancent-un-plan-ia-edge\/"},"modified":"2019-07-08T15:29:15","modified_gmt":"2019-07-08T15:29:15","slug":"19-partenaires-europeens-lancent-un-plan-ia-edge","status":"publish","type":"post","link":"https:\/\/www.ecinews.fr\/fr\/19-partenaires-europeens-lancent-un-plan-ia-edge\/","title":{"rendered":"19 partenaires europ\u00e9ens lancent un plan IA Edge"},"content":{"rendered":"<p class=\"western\"><span class=\"tlid-translation translation\" lang=\"fr\">Le programme vise \u00e0 d\u00e9velopper des technologies de fabrication et des plates-formes mat\u00e9rielles bas\u00e9es sur les technologies de m\u00e9moire \u00e9mergentes pour l&rsquo;informatique neuromorphique, s&rsquo;adressant aux futures applications de p\u00e9riph\u00e9riques mobiles n\u00e9cessitant des algorithmes complexes d&rsquo;apprentissage automatique. L&rsquo;objectif final de cette collaboration paneurop\u00e9enne est de miniaturiser les capacit\u00e9s des racks de serveurs du cloud actuels dans des puces neuromorphes capables d&rsquo;ex\u00e9cuter les m\u00eames algorithmes dans des appareils mobiles aliment\u00e9s par batterie, tels que dans les voitures et les smartphones (edge de l&rsquo;internet des objets ou IA Edge).<\/span><\/p>\n<p><span class=\"tlid-translation translation\" lang=\"fr\">Dans les ann\u00e9es \u00e0 venir, la demande en algorithmes d\u2019intelligence artificielle&nbsp; IA edge et d\u2019apprentissage automatique ne fera que cro\u00eetre, faisant appel \u00e0 des algorithmes de calcul de plus en plus complexes pour le traitement en langage naturel, les syst\u00e8mes de s\u00e9curit\u00e9 bas\u00e9s sur la reconnaissance faciale ou les v\u00e9hicules autonomes. Aujourd&rsquo;hui, les parcs de serveurs haut de gamme traitent les donn\u00e9es dans le cloud, avec l&rsquo;in\u00e9vitable latence des donn\u00e9es et les inefficacit\u00e9s \u00e9nerg\u00e9tiques associ\u00e9es \u00e0 l&rsquo;envoi des donn\u00e9es, sans parler des probl\u00e8mes de confidentialit\u00e9. Par cons\u00e9quent, les applications d&rsquo; IA edge n\u00e9cessiteront un traitement local intelligent et \u00e9co\u00e9nerg\u00e9tique.<\/span><br \/>\n&nbsp;<\/p>\n<p><span class=\"tlid-translation translation\" lang=\"fr\">\u00abNous sommes ravis de participer \u00e0 un aussi vaste effort de collaboration europ\u00e9enne sur IA Edge, r\u00e9unissant les parties prenantes concern\u00e9es en Europe, dont le CEA-Leti et Fraunhofer, deux des plus c\u00e9l\u00e8bres centres de recherche en Europe. Gr\u00e2ce \u00e0 notre expertise combin\u00e9e, nous pouvons explorer plus de routes potentielles que ce qui serait possible individuellement pour chacun de nous et, de ce fait, positionner l&rsquo;Europe aux commandes de la recherche et d\u00e9veloppement sur l&rsquo;IA. Imec attend avec impatience les progr\u00e8s que nous pouvons accomplir ensemble dans le projet TEMPO et esp\u00e8re que cela conduira \u00e0 des collaborations similaires \u00e0 l&rsquo;avenir. En coulisse, nous sommes d\u00e9j\u00e0 en train de d\u00e9finir davantage d\u2019accords publics et bilat\u00e9raux avec plusieurs des partenaires impliqu\u00e9s \u00bb, a d\u00e9clar\u00e9 Luc Van den hove, PDG d\u2019imec, dans un communiqu\u00e9 de la soci\u00e9t\u00e9.<\/span><\/p>\n<p>&nbsp;<\/p>\n<hr \/>\n<p class=\"western\"><span class=\"tlid-translation translation\" lang=\"fr\">TEMPO exploitera les plates-formes technologiques de fabrication d\u00e9velopp\u00e9es par les organisations europ\u00e9ennes de recherche et les fonderies coop\u00e9rant au projet, et les combinera avec les connaissances en mati\u00e8re d&rsquo;applications et de mat\u00e9riel d&rsquo;autres partenaires. Le projet TEMPO \u00e9valuera les solutions actuelles au niveau des composants, de l&rsquo;architecture et des applications, et \u00e9laborera et \u00e9tendra la feuille de route technologique pour les plateformes mat\u00e9rielles europ\u00e9ennes d&rsquo;IA. Le projet exploitera les m\u00e9moires MRAM (imec), FeRAM (Fraunhofer) et RRAM (CEA-Leti) pour mettre en \u0153uvre des acc\u00e9l\u00e9rateurs de r\u00e9seau de neurones \u00e0 impulsions (SNN) et de r\u00e9seaux de neurones profonds (DNN) dans 8 cas d&rsquo;utilisation diff\u00e9rents, allant des produits grand-public \u00e0 l&rsquo;automobile et aux applications m\u00e9dicales.<\/span><\/p>\n<p class=\"western\"><span class=\"tlid-translation translation\" lang=\"fr\">\u00abNotre objectif est de balayer les options technologiques, en couvrant les m\u00e9moires \u00e9mergentes, et de les associer aux paradigmes informatiques neuromorphes contemporains (DNN) et exploratoires (SNN). La compatibilit\u00e9 des processus et des conceptions de chaque option technologique sera \u00e9valu\u00e9e par rapport aux pratiques d&rsquo;int\u00e9gration \u00e9tablies et aux feuilles de route de nos partenaires industriels et \u00e0 la pr\u00e9paration du futur march\u00e9 de Edge IA, o\u00f9 l&rsquo;Europe est bien positionn\u00e9e avec de multiples technologies de rupture \u00bb, a d\u00e9clar\u00e9 Emmanuel Sabonnadiere PDG du CEA-Leti.<\/span><\/p>\n<p class=\"western\"><span class=\"tlid-translation translation\" lang=\"fr\">\u00abUn outil cl\u00e9 pour l&rsquo;apprentissage automatique et la reconnaissance de formes est la capacit\u00e9 des algorithmes \u00e0 parcourir de grands ensembles de donn\u00e9es. Ce qui, en termes de mat\u00e9riel, signifie avoir un acc\u00e8s rapide \u00e0 de grands blocs de m\u00e9moire. Par cons\u00e9quent, l\u2019un des domaines d\u2019intervention cl\u00e9s de TEMPO est constitu\u00e9 par les technologies de m\u00e9moire \u00e9mergente non volatiles \u00e0 faible consommation \u00e9nerg\u00e9tique et par de nouvelles m\u00e9thodes de conception et de traitement de la m\u00e9moire et du traitement de blocs sur la puce \u00bb, a d\u00e9clar\u00e9 le professeur Hubert Lakner, directeur de l\u2019Institut Fraunhofer pour les microsyst\u00e8mes photoniques (IPMS) Pr\u00e9sident du conseil d&rsquo;administration du groupe Fraunhofer Microelectronics.<\/span><\/p>\n<p class=\"western\">&nbsp;<\/p>\n<hr \/>\n<p class=\"western\">&nbsp;<\/p>\n<p class=\"western\"><span class=\"tlid-translation translation\" lang=\"fr\">TEMPO a \u00e9t\u00e9 lanc\u00e9 le 1er avril 2019 pour une dur\u00e9e de trois ans. Le consortium de ce projet ambitieux comprend pas moins de dix-neuf membres. Imec prend la t\u00eate en tant que seul partenaire belge du consortium. Les autres membres du consortium sont, pour la France: le CEA-LETI, ST-Microelectronics Crolles, ST-Microelectronics Grenoble, Thales Alenia Space et Valeo. Pour l&rsquo;Allemagne: Bosch, Fraunhofer EMFT, Fraunhofer IIS, Fraunhofer IPMS, Infineon, Innosent, TU Dresden et Videantis. Pour les Pays-Bas: imec Pays-Bas, Philips Electronics et Philips Medical Systems. Pour la Suisse: aiCTX et l&rsquo;Universit\u00e9 de Zurich.<\/span><\/p>\n<p class=\"western\">TEMPO &#8211; <a href=\"http:\/\/www.ecsel-tempo.eu\/\">www.ecsel-tempo.eu<\/a><\/p>\n<p class=\"western\">\u00e0 lire \u00e9galement:<\/p>\n<p><a href=\"https:\/\/www.electronique-eci.com\/news\/limec-et-le-cea-unissent-leurs-forces-sur-lia-et-linformatique-quantique\">L&rsquo;Imec et le CEA unissent leurs forces sur l&rsquo;IA et l&rsquo;informatique quantique<\/a><\/p>\n<p><a href=\"https:\/\/www.electronique-eci.com\/news\/esiee-paris-et-ibm-france-creent-une-nouvelle-chaire-dentreprise-en-intelligence-artificielle\">ESIEE Paris et IBM France cr\u00e9ent une nouvelle chaire d\u2019entreprise en Intelligence Artificielle<\/a><\/p>\n<p><a href=\"https:\/\/www.electronique-eci.com\/news\/le-nouveau-dsp-de-cadence-multiplie-par-deux-les-performances-des-applications-de-vision-et-dia\">Le nouveau DSP de Cadence multiplie par deux les performances des applications de vision et d\u2019IA<\/a><\/p>\n<p class=\"western\"><b>Related articles:<\/b><\/p>\n<p class=\"western\"><a href=\"https:\/\/www.eenewseurope.com\/news\/multi-bit-memory-chip-stacks-top-cmos-edge-ai\">Multi-bit memory chip stacks on top of CMOS for edge-AI<\/a><\/p>\n<p class=\"western\"><a href=\"https:\/\/www.eenewseurope.com\/news\/cea-leti-proves-rram-based-tcams-viable-neuromorphic-processors\">CEA-Leti proves RRAM-based TCAMs viable for neuromorphic processors<\/a><\/p>\n<p class=\"western\"><a href=\"https:\/\/www.eenewseurope.com\/news\/university-college-london-spins-out-reram-startup\">University College London spins out ReRAM startup<\/a><\/p>\n<p class=\"western\"><a href=\"https:\/\/www.eenewseurope.com\/news\/spin-orbit-torque-mram-devices-switch-field-free\">Spin-orbit torque MRAM devices switch field-free<\/a><\/p>\n<p class=\"western\"><a href=\"https:\/\/www.eenewseurope.com\/Learning-center\/spin-memory-using-mram-place-sram\">Spin Memory: Using MRAM in place of SRAM<\/a><\/p>\n<p class=\"western\"><a href=\"https:\/\/www.eenewseurope.com\/news\/siox-reram-selected-neuromorphic-research-0\">SiOx ReRAM selected for neuromorphic research<\/a><\/p>\n<p class=\"western\"><a href=\"https:\/\/www.eenewseurope.com\/news\/applied-arm-develop-ceram-neuromorphic-applications-0\">Applied, ARM to develop CeRAM for neuromorphic applications<\/a><\/p>\n<p class=\"western\">\n&nbsp;<\/p>\n<p class=\"western\">\n&nbsp;<\/p>\n<p class=\"western\">\n&nbsp;<\/p>\n","protected":false},"excerpt":{"rendered":"<p>Financ\u00e9 par ECSEL qui soutient les partenariats public-priv\u00e9 au sein de l&rsquo;UE, le programme de recherche TEMPO (Technology &amp; hardware for nEuromorphic coMPuting ou en fran\u00e7ais: technologie et mat\u00e9riel informatique neuromorphique) annonc\u00e9 par Imec ( centre de recherche belge) permettra de tirer parti de la collaboration transfrontali\u00e8re entre 19 partenaires de recherche et partenaires industriels.<\/p>\n","protected":false},"author":22,"featured_media":81925,"comment_status":"closed","ping_status":"closed","sticky":false,"template":"","format":"standard","meta":{"_acf_changed":false,"footnotes":""},"categories":[883],"tags":[889,920,905],"domains":[47],"ppma_author":[1149],"class_list":["post-81924","post","type-post","status-publish","format-standard","has-post-thumbnail","hentry","category-technologies","tag-analog-fr","tag-artificialintelligence-fr","tag-memory-data-storage-fr","domains-electronique-eci"],"acf":[],"yoast_head":"<title>19 partenaires europ\u00e9ens lancent un plan IA Edge ...<\/title>\n<meta name=\"description\" content=\"Financ\u00e9 par ECSEL qui soutient les partenariats public-priv\u00e9 au sein de l&#039;UE, le programme de recherche TEMPO (Technology &amp; hardware for nEuromorphic...\" \/>\n<meta name=\"robots\" content=\"index, follow, max-snippet:-1, max-image-preview:large, max-video-preview:-1\" \/>\n<link rel=\"canonical\" href=\"https:\/\/www.ecinews.fr\/fr\/wp-json\/wp\/v2\/posts\/81924\/\" \/>\n<meta property=\"og:locale\" content=\"fr_FR\" \/>\n<meta property=\"og:type\" content=\"article\" \/>\n<meta property=\"og:title\" content=\"19 partenaires europ\u00e9ens lancent un plan IA Edge\" \/>\n<meta property=\"og:description\" content=\"Financ\u00e9 par ECSEL qui soutient les partenariats public-priv\u00e9 au sein de l&#039;UE, le programme de recherche TEMPO (Technology &amp; hardware for nEuromorphic coMPuting ou en fran\u00e7ais: technologie et mat\u00e9riel informatique neuromorphique) annonc\u00e9 par Imec ( centre de recherche belge) permettra de tirer parti de la collaboration transfrontali\u00e8re entre 19 partenaires de recherche et partenaires industriels.\" \/>\n<meta property=\"og:url\" content=\"https:\/\/www.ecinews.fr\/fr\/wp-json\/wp\/v2\/posts\/81924\/\" \/>\n<meta property=\"og:site_name\" content=\"EENewsEurope\" \/>\n<meta property=\"article:published_time\" content=\"2019-07-08T15:29:15+00:00\" \/>\n<meta property=\"og:image\" content=\"https:\/\/www.ecinews.fr\/wp-content\/uploads\/import\/default\/files\/sites\/default\/files\/images\/n-imectempo1_0.png\" \/>\n\t<meta property=\"og:image:width\" content=\"1854\" \/>\n\t<meta property=\"og:image:height\" content=\"1288\" \/>\n\t<meta property=\"og:image:type\" content=\"image\/png\" \/>\n<meta name=\"author\" content=\"eeNews Europe\" \/>\n<meta name=\"twitter:card\" content=\"summary_large_image\" \/>\n<meta name=\"twitter:label1\" content=\"Written by\" \/>\n\t<meta name=\"twitter:data1\" content=\"eeNews Europe\" \/>\n\t<meta name=\"twitter:label2\" content=\"Est. reading time\" \/>\n\t<meta name=\"twitter:data2\" content=\"4 minutes\" \/>\n<script type=\"application\/ld+json\" class=\"yoast-schema-graph\">{\"@context\":\"https:\/\/schema.org\",\"@graph\":[{\"@type\":\"Article\",\"@id\":\"https:\/\/www.ecinews.fr\/fr\/19-partenaires-europeens-lancent-un-plan-ia-edge\/#article\",\"isPartOf\":{\"@id\":\"https:\/\/www.ecinews.fr\/fr\/19-partenaires-europeens-lancent-un-plan-ia-edge\/\"},\"author\":{\"name\":\"eeNews Europe\",\"@id\":\"https:\/\/www.eenewseurope.com\/en\/#\/schema\/person\/9eff4051fa9dac8230052de45e32b0f4\"},\"headline\":\"19 partenaires europ\u00e9ens lancent un plan IA Edge\",\"datePublished\":\"2019-07-08T15:29:15+00:00\",\"dateModified\":\"2019-07-08T15:29:15+00:00\",\"mainEntityOfPage\":{\"@id\":\"https:\/\/www.ecinews.fr\/fr\/19-partenaires-europeens-lancent-un-plan-ia-edge\/\"},\"wordCount\":933,\"publisher\":{\"@id\":\"https:\/\/www.eenewseurope.com\/en\/#organization\"},\"keywords\":[\"Analog\",\"ArtificialIntelligence\",\"Memory &amp; Data Storage\"],\"articleSection\":[\"Technologies\"],\"inLanguage\":\"fr-FR\"},{\"@type\":\"WebPage\",\"@id\":\"https:\/\/www.ecinews.fr\/fr\/19-partenaires-europeens-lancent-un-plan-ia-edge\/\",\"url\":\"https:\/\/www.ecinews.fr\/fr\/19-partenaires-europeens-lancent-un-plan-ia-edge\/\",\"name\":\"19 partenaires europ\u00e9ens lancent un plan IA Edge -\",\"isPartOf\":{\"@id\":\"https:\/\/www.eenewseurope.com\/en\/#website\"},\"datePublished\":\"2019-07-08T15:29:15+00:00\",\"dateModified\":\"2019-07-08T15:29:15+00:00\",\"breadcrumb\":{\"@id\":\"https:\/\/www.ecinews.fr\/fr\/19-partenaires-europeens-lancent-un-plan-ia-edge\/#breadcrumb\"},\"inLanguage\":\"fr-FR\",\"potentialAction\":[{\"@type\":\"ReadAction\",\"target\":[\"https:\/\/www.ecinews.fr\/fr\/19-partenaires-europeens-lancent-un-plan-ia-edge\/\"]}]},{\"@type\":\"BreadcrumbList\",\"@id\":\"https:\/\/www.ecinews.fr\/fr\/19-partenaires-europeens-lancent-un-plan-ia-edge\/#breadcrumb\",\"itemListElement\":[{\"@type\":\"ListItem\",\"position\":1,\"name\":\"Home\",\"item\":\"https:\/\/www.ecinews.fr\/fr\/\"},{\"@type\":\"ListItem\",\"position\":2,\"name\":\"19 partenaires europ\u00e9ens lancent un plan IA Edge\"}]},{\"@type\":\"WebSite\",\"@id\":\"https:\/\/www.eenewseurope.com\/en\/#website\",\"url\":\"https:\/\/www.eenewseurope.com\/en\/\",\"name\":\"EENewsEurope\",\"description\":\"Just another WordPress site\",\"publisher\":{\"@id\":\"https:\/\/www.eenewseurope.com\/en\/#organization\"},\"potentialAction\":[{\"@type\":\"SearchAction\",\"target\":{\"@type\":\"EntryPoint\",\"urlTemplate\":\"https:\/\/www.eenewseurope.com\/en\/?s={search_term_string}\"},\"query-input\":\"required name=search_term_string\"}],\"inLanguage\":\"fr-FR\"},{\"@type\":\"Organization\",\"@id\":\"https:\/\/www.eenewseurope.com\/en\/#organization\",\"name\":\"EENewsEurope\",\"url\":\"https:\/\/www.eenewseurope.com\/en\/\",\"logo\":{\"@type\":\"ImageObject\",\"inLanguage\":\"fr-FR\",\"@id\":\"https:\/\/www.eenewseurope.com\/en\/#\/schema\/logo\/image\/\",\"url\":\"https:\/\/www.ecinews.fr\/wp-content\/uploads\/2022\/02\/logo-1.jpg\",\"contentUrl\":\"https:\/\/www.ecinews.fr\/wp-content\/uploads\/2022\/02\/logo-1.jpg\",\"width\":283,\"height\":113,\"caption\":\"EENewsEurope\"},\"image\":{\"@id\":\"https:\/\/www.eenewseurope.com\/en\/#\/schema\/logo\/image\/\"}},{\"@type\":\"Person\",\"@id\":\"https:\/\/www.eenewseurope.com\/en\/#\/schema\/person\/9eff4051fa9dac8230052de45e32b0f4\",\"name\":\"eeNews Europe\",\"image\":{\"@type\":\"ImageObject\",\"inLanguage\":\"fr-FR\",\"@id\":\"https:\/\/www.eenewseurope.com\/en\/#\/schema\/person\/image\/fae8f0cb15861c4ae0ed4872e2c9fc22\",\"url\":\"https:\/\/secure.gravatar.com\/avatar\/5081509054e28b04ecd976976e723ce0?s=96&d=mm&r=g\",\"contentUrl\":\"https:\/\/secure.gravatar.com\/avatar\/5081509054e28b04ecd976976e723ce0?s=96&d=mm&r=g\",\"caption\":\"eeNews Europe\"}}]}<\/script>","yoast_head_json":{"title":"19 partenaires europ\u00e9ens lancent un plan IA Edge ...","description":"Financ\u00e9 par ECSEL qui soutient les partenariats public-priv\u00e9 au sein de l'UE, le programme de recherche TEMPO (Technology &amp; hardware for nEuromorphic...","robots":{"index":"index","follow":"follow","max-snippet":"max-snippet:-1","max-image-preview":"max-image-preview:large","max-video-preview":"max-video-preview:-1"},"canonical":"https:\/\/www.ecinews.fr\/fr\/wp-json\/wp\/v2\/posts\/81924\/","og_locale":"fr_FR","og_type":"article","og_title":"19 partenaires europ\u00e9ens lancent un plan IA Edge","og_description":"Financ\u00e9 par ECSEL qui soutient les partenariats public-priv\u00e9 au sein de l'UE, le programme de recherche TEMPO (Technology &amp; hardware for nEuromorphic coMPuting ou en fran\u00e7ais: technologie et mat\u00e9riel informatique neuromorphique) annonc\u00e9 par Imec ( centre de recherche belge) permettra de tirer parti de la collaboration transfrontali\u00e8re entre 19 partenaires de recherche et partenaires industriels.","og_url":"https:\/\/www.ecinews.fr\/fr\/wp-json\/wp\/v2\/posts\/81924\/","og_site_name":"EENewsEurope","article_published_time":"2019-07-08T15:29:15+00:00","og_image":[{"width":1854,"height":1288,"url":"https:\/\/www.ecinews.fr\/wp-content\/uploads\/import\/default\/files\/sites\/default\/files\/images\/n-imectempo1_0.png","type":"image\/png"}],"author":"eeNews Europe","twitter_card":"summary_large_image","twitter_misc":{"Written by":"eeNews Europe","Est. reading time":"4 minutes"},"schema":{"@context":"https:\/\/schema.org","@graph":[{"@type":"Article","@id":"https:\/\/www.ecinews.fr\/fr\/19-partenaires-europeens-lancent-un-plan-ia-edge\/#article","isPartOf":{"@id":"https:\/\/www.ecinews.fr\/fr\/19-partenaires-europeens-lancent-un-plan-ia-edge\/"},"author":{"name":"eeNews Europe","@id":"https:\/\/www.eenewseurope.com\/en\/#\/schema\/person\/9eff4051fa9dac8230052de45e32b0f4"},"headline":"19 partenaires europ\u00e9ens lancent un plan IA Edge","datePublished":"2019-07-08T15:29:15+00:00","dateModified":"2019-07-08T15:29:15+00:00","mainEntityOfPage":{"@id":"https:\/\/www.ecinews.fr\/fr\/19-partenaires-europeens-lancent-un-plan-ia-edge\/"},"wordCount":933,"publisher":{"@id":"https:\/\/www.eenewseurope.com\/en\/#organization"},"keywords":["Analog","ArtificialIntelligence","Memory &amp; Data Storage"],"articleSection":["Technologies"],"inLanguage":"fr-FR"},{"@type":"WebPage","@id":"https:\/\/www.ecinews.fr\/fr\/19-partenaires-europeens-lancent-un-plan-ia-edge\/","url":"https:\/\/www.ecinews.fr\/fr\/19-partenaires-europeens-lancent-un-plan-ia-edge\/","name":"19 partenaires europ\u00e9ens lancent un plan IA Edge -","isPartOf":{"@id":"https:\/\/www.eenewseurope.com\/en\/#website"},"datePublished":"2019-07-08T15:29:15+00:00","dateModified":"2019-07-08T15:29:15+00:00","breadcrumb":{"@id":"https:\/\/www.ecinews.fr\/fr\/19-partenaires-europeens-lancent-un-plan-ia-edge\/#breadcrumb"},"inLanguage":"fr-FR","potentialAction":[{"@type":"ReadAction","target":["https:\/\/www.ecinews.fr\/fr\/19-partenaires-europeens-lancent-un-plan-ia-edge\/"]}]},{"@type":"BreadcrumbList","@id":"https:\/\/www.ecinews.fr\/fr\/19-partenaires-europeens-lancent-un-plan-ia-edge\/#breadcrumb","itemListElement":[{"@type":"ListItem","position":1,"name":"Home","item":"https:\/\/www.ecinews.fr\/fr\/"},{"@type":"ListItem","position":2,"name":"19 partenaires europ\u00e9ens lancent un plan IA Edge"}]},{"@type":"WebSite","@id":"https:\/\/www.eenewseurope.com\/en\/#website","url":"https:\/\/www.eenewseurope.com\/en\/","name":"EENewsEurope","description":"Just another WordPress site","publisher":{"@id":"https:\/\/www.eenewseurope.com\/en\/#organization"},"potentialAction":[{"@type":"SearchAction","target":{"@type":"EntryPoint","urlTemplate":"https:\/\/www.eenewseurope.com\/en\/?s={search_term_string}"},"query-input":"required name=search_term_string"}],"inLanguage":"fr-FR"},{"@type":"Organization","@id":"https:\/\/www.eenewseurope.com\/en\/#organization","name":"EENewsEurope","url":"https:\/\/www.eenewseurope.com\/en\/","logo":{"@type":"ImageObject","inLanguage":"fr-FR","@id":"https:\/\/www.eenewseurope.com\/en\/#\/schema\/logo\/image\/","url":"https:\/\/www.ecinews.fr\/wp-content\/uploads\/2022\/02\/logo-1.jpg","contentUrl":"https:\/\/www.ecinews.fr\/wp-content\/uploads\/2022\/02\/logo-1.jpg","width":283,"height":113,"caption":"EENewsEurope"},"image":{"@id":"https:\/\/www.eenewseurope.com\/en\/#\/schema\/logo\/image\/"}},{"@type":"Person","@id":"https:\/\/www.eenewseurope.com\/en\/#\/schema\/person\/9eff4051fa9dac8230052de45e32b0f4","name":"eeNews Europe","image":{"@type":"ImageObject","inLanguage":"fr-FR","@id":"https:\/\/www.eenewseurope.com\/en\/#\/schema\/person\/image\/fae8f0cb15861c4ae0ed4872e2c9fc22","url":"https:\/\/secure.gravatar.com\/avatar\/5081509054e28b04ecd976976e723ce0?s=96&d=mm&r=g","contentUrl":"https:\/\/secure.gravatar.com\/avatar\/5081509054e28b04ecd976976e723ce0?s=96&d=mm&r=g","caption":"eeNews Europe"}}]}},"authors":[{"term_id":1149,"user_id":22,"is_guest":0,"slug":"eenews-europe","display_name":"eeNews Europe","avatar_url":"https:\/\/secure.gravatar.com\/avatar\/5081509054e28b04ecd976976e723ce0?s=96&d=mm&r=g","0":null,"1":"","2":"","3":"","4":"","5":"","6":"","7":"","8":""}],"_links":{"self":[{"href":"https:\/\/www.ecinews.fr\/fr\/wp-json\/wp\/v2\/posts\/81924"}],"collection":[{"href":"https:\/\/www.ecinews.fr\/fr\/wp-json\/wp\/v2\/posts"}],"about":[{"href":"https:\/\/www.ecinews.fr\/fr\/wp-json\/wp\/v2\/types\/post"}],"author":[{"embeddable":true,"href":"https:\/\/www.ecinews.fr\/fr\/wp-json\/wp\/v2\/users\/22"}],"replies":[{"embeddable":true,"href":"https:\/\/www.ecinews.fr\/fr\/wp-json\/wp\/v2\/comments?post=81924"}],"version-history":[{"count":0,"href":"https:\/\/www.ecinews.fr\/fr\/wp-json\/wp\/v2\/posts\/81924\/revisions"}],"wp:featuredmedia":[{"embeddable":true,"href":"https:\/\/www.ecinews.fr\/fr\/wp-json\/wp\/v2\/media\/81925"}],"wp:attachment":[{"href":"https:\/\/www.ecinews.fr\/fr\/wp-json\/wp\/v2\/media?parent=81924"}],"wp:term":[{"taxonomy":"category","embeddable":true,"href":"https:\/\/www.ecinews.fr\/fr\/wp-json\/wp\/v2\/categories?post=81924"},{"taxonomy":"post_tag","embeddable":true,"href":"https:\/\/www.ecinews.fr\/fr\/wp-json\/wp\/v2\/tags?post=81924"},{"taxonomy":"domains","embeddable":true,"href":"https:\/\/www.ecinews.fr\/fr\/wp-json\/wp\/v2\/domains?post=81924"},{"taxonomy":"author","embeddable":true,"href":"https:\/\/www.ecinews.fr\/fr\/wp-json\/wp\/v2\/ppma_author?post=81924"}],"curies":[{"name":"wp","href":"https:\/\/api.w.org\/{rel}","templated":true}]}}