{"id":81652,"date":"2019-07-10T15:40:54","date_gmt":"2019-07-10T15:40:54","guid":{"rendered":"https:\/\/\/le-japon-sanctionne-la-coree-du-sud-un-risque-de-penurie-de-memoires\/"},"modified":"2019-07-10T15:40:54","modified_gmt":"2019-07-10T15:40:54","slug":"le-japon-sanctionne-la-coree-du-sud-un-risque-de-penurie-de-memoires","status":"publish","type":"post","link":"https:\/\/www.ecinews.fr\/fr\/le-japon-sanctionne-la-coree-du-sud-un-risque-de-penurie-de-memoires\/","title":{"rendered":"Le Japon sanctionne la Cor\u00e9e du Sud: un risque de p\u00e9nurie de m\u00e9moires?"},"content":{"rendered":"<p><span class=\"tlid-translation translation\" lang=\"fr\">Plus pr\u00e9cis\u00e9ment, le minist\u00e8re japonais de l&rsquo;\u00c9conomie, du Commerce et de l&rsquo;Industrie (METI) \u00e0 Tokyo a annonc\u00e9 qu&rsquo;il imposerait des restrictions plus strictes aux exportations de polyamide fluor\u00e9, de photoresists et de gaz de gravure au fluorure d&rsquo;hydrog\u00e8ne. C&rsquo;est dans ces domaines que le Japon est un fournisseur mondial de premier plan et dispose de moyens de pression sur les fabricants de puces m\u00e9moire tels que Samsung et SK Hynix. Selon certaines informations, le METI a \u00e9galement indiqu\u00e9 qu&rsquo;il envisageait de retirer la Cor\u00e9e du Sud d&rsquo;une \u00ab\u00a0liste blanche\u00a0\u00bb, ce qui impliquerait \u00e0 l&rsquo;avenir qu&rsquo;il faudrait obtenir les licences n\u00e9cessaires pour exporter une large gamme de produits \u00e0 base technologique en Cor\u00e9e du Sud.<\/span><\/p>\n<p><span class=\"tlid-translation translation\" lang=\"fr\">Contrairement au diff\u00e9rend opposant les \u00c9tats-Unis et la Chine, l&rsquo;argument du Japon avec la Cor\u00e9e du Sud n&rsquo;a pas pour cause la balance commerciale, des pratiques commerciales d\u00e9loyales ou des subventions pour les champions nationaux. Au lieu de cela, la cause remonte \u00e0 la Seconde Guerre mondiale et \u00e0 l&rsquo;occupation de la Cor\u00e9e par le Japon.<\/p>\n<p>Les tribunaux sud-cor\u00e9ens ont r\u00e9cemment statu\u00e9 que les entreprises japonaises devaient indemniser les individus pour travail forc\u00e9. Lorsque ces entreprises ne paient pas, certains de leurs actifs peuvent \u00eatre saisis. La position du Japon est que toutes ces r\u00e9clamations ont \u00e9t\u00e9 r\u00e9gl\u00e9es par un trait\u00e9 entre les deux pays sign\u00e9 en 1965.<\/span><\/p>\n<p><span class=\"tlid-translation translation\" lang=\"fr\">La tension et les repr\u00e9sailles croissantes entre le Japon et la Cor\u00e9e du Sud sont consid\u00e9r\u00e9es comme pr\u00e9judiciables aux int\u00e9r\u00eats \u00e9conomiques des deux pays.<\/p>\n<p>L&rsquo;utilisation de mat\u00e9riaux tels que les r\u00e9sines photosensibles peut \u00eatre tr\u00e8s sp\u00e9cifique \u00e0 des processus de fabrication particuliers et la r\u00e9tention des mat\u00e9riaux par le Japon pourrait entra\u00eener des perturbations majeures dans la production de puces, ont indiqu\u00e9 des rapports. Si on laisse les sanctions s&rsquo;installer, cela pourrait entra\u00eener des retards \u00e0 long terme dans la production de puces pendant le temps n\u00e9cessaire \u00e0 trouver des mat\u00e9riaux alternatifs et les calibrer pour \u00eatre utilis\u00e9s dans le processus de fabrication. En cons\u00e9quence, les prix des puces pourraient monter en fl\u00e8che. On pense que les fabricants de semiconducteurs conservent g\u00e9n\u00e9ralement un ou deux mois d&rsquo;approvisionnement, bien que cela puisse varier d&rsquo;une entreprise \u00e0 l&rsquo;autre et d&rsquo;une gamme de produits \u00e0 l&rsquo;autre.<\/span><\/p>\n<p><span class=\"tlid-translation translation\" lang=\"fr\">La perturbation de la production de m\u00e9moires et de puces logiques en Cor\u00e9e du Sud pourrait rapidement cr\u00e9er des probl\u00e8mes pour les fabricants d\u2019\u00e9quipements du monde entier, et en particulier pour les fabricants de biens de consommation courante tels que les t\u00e9l\u00e9phones portables et les ordinateurs.<\/span><\/p>\n<p>\u00e0 lire \u00e9galement:<\/p>\n<p><a href=\"https:\/\/www.electronique-eci.com\/news\/micron-reduit-sa-production-de-dram-et-de-nand\">Micron r\u00e9duit sa production de DRAM et de NAND<\/a><\/p>\n<p><strong>Related links and articles: <\/strong><\/p>\n<p><a href=\"https:\/\/www.eenewsanalog.com\/news\/president-trump-rows-back-huawei-ban\">President Trump rows back on Huawei ban<\/a><\/p>\n<p><a href=\"https:\/\/www.eenewsanalog.com\/news\/president-trump-reverses-zte-ruling-tweet\">President Trump reverses ZTE ruling via tweet<\/a><\/p>\n<p><a href=\"https:\/\/www.eenewsanalog.com\/news\/us-china-trade-friction-drives-display-shipments-down\">US-China trade friction drives display shipments down <\/a><\/p>\n<p><a href=\"https:\/\/www.eenewsanalog.com\/news\/report-arm-complies-us-trade-ban-cuts-huawei\">Report: ARM complies with US trade ban, cuts off Huawei <\/a><\/p>\n<p><a href=\"https:\/\/www.eenewsanalog.com\/news\/electronics-industry-must-side-china-trade-war-says-dialogs-boss\">Electronics industry must side with China in trade war, says Dialog&rsquo;s boss<\/a><\/p>\n","protected":false},"excerpt":{"rendered":"<p>Les tensions commerciales semblent \u00eatre contagieuses: le Japon s&rsquo;inspire des sc\u00e9narios du pr\u00e9sident Trump et frappe la Cor\u00e9e du Sud de sanctions sur les mat\u00e9riaux utilis\u00e9s pour la fabrication de semiconducteurs et d&rsquo;\u00e9crans LCD.<\/p>\n","protected":false},"author":22,"featured_media":81653,"comment_status":"closed","ping_status":"closed","sticky":false,"template":"","format":"standard","meta":{"_acf_changed":false,"footnotes":""},"categories":[],"tags":[889,920,893,891,909,894,912,895,896,897,898,900,901,902,903,919,892,913,904,905,906,907,908,890,916,910,917,911,914,915],"domains":[47],"ppma_author":[1149],"class_list":["post-81652","post","type-post","status-publish","format-standard","has-post-thumbnail","hentry","tag-analog-fr","tag-artificialintelligence-fr","tag-authentication-encryption-fr","tag-automotive-fr","tag-batteries-power-supplies-fr","tag-boards-embedded-cards-fr","tag-dataacquisition-fr","tag-developmentkits-fr","tag-digitalsignalprocessing-fr","tag-displays-interfaces-fr","tag-distributors-fr","tag-electromechanical-fr","tag-energyharvesting-fr","tag-flexibleelectronics-fr","tag-interconnect-cables-fr","tag-iot-fr","tag-ledlighting-fr","tag-materials-processes-fr","tag-medicalelectronics-fr","tag-memory-data-storage-fr","tag-mpus-mcus-fr","tag-optoelectronics-fr","tag-plds-fpgas-asics-fr","tag-powermanagement-fr","tag-rf-transmission-fr","tag-sensing-conditioning-fr","tag-software-embedded-tools-fr","tag-testandmeasurement-fr","tag-wearables-fr","tag-wireless-communications-fr","domains-electronique-eci"],"acf":[],"yoast_head":"<title>Le Japon sanctionne la Cor\u00e9e du Sud: un risque de p\u00e9nurie de ...<\/title>\n<meta name=\"description\" content=\"Les tensions commerciales semblent \u00eatre contagieuses: le Japon s&#039;inspire des sc\u00e9narios du pr\u00e9sident Trump et frappe la Cor\u00e9e du Sud de sanctions sur les...\" \/>\n<meta name=\"robots\" content=\"index, follow, max-snippet:-1, max-image-preview:large, max-video-preview:-1\" \/>\n<link rel=\"canonical\" href=\"https:\/\/www.ecinews.fr\/fr\/wp-json\/wp\/v2\/posts\/81652\/\" \/>\n<meta property=\"og:locale\" content=\"fr_FR\" \/>\n<meta property=\"og:type\" content=\"article\" \/>\n<meta property=\"og:title\" content=\"Le Japon sanctionne la Cor\u00e9e du Sud: un risque de p\u00e9nurie de m\u00e9moires?\" \/>\n<meta property=\"og:description\" content=\"Les tensions commerciales semblent \u00eatre contagieuses: le Japon s&#039;inspire des sc\u00e9narios du pr\u00e9sident Trump et frappe la Cor\u00e9e du Sud de sanctions sur les mat\u00e9riaux utilis\u00e9s pour la fabrication de semiconducteurs et d&#039;\u00e9crans LCD.\" \/>\n<meta property=\"og:url\" content=\"https:\/\/www.ecinews.fr\/fr\/wp-json\/wp\/v2\/posts\/81652\/\" \/>\n<meta property=\"og:site_name\" content=\"EENewsEurope\" \/>\n<meta property=\"article:published_time\" content=\"2019-07-10T15:40:54+00:00\" \/>\n<meta property=\"og:image\" content=\"https:\/\/www.ecinews.fr\/wp-content\/uploads\/import\/default\/files\/images\/01-picture-library\/PeterClarke\/Business\/blocked440.jpg\" \/>\n\t<meta property=\"og:image:width\" content=\"440\" \/>\n\t<meta property=\"og:image:height\" content=\"346\" \/>\n\t<meta property=\"og:image:type\" content=\"image\/jpeg\" \/>\n<meta name=\"author\" content=\"eeNews Europe\" \/>\n<meta name=\"twitter:card\" content=\"summary_large_image\" \/>\n<meta name=\"twitter:label1\" content=\"Written by\" \/>\n\t<meta name=\"twitter:data1\" content=\"eeNews Europe\" \/>\n\t<meta name=\"twitter:label2\" content=\"Est. reading time\" \/>\n\t<meta name=\"twitter:data2\" content=\"3 minutes\" \/>\n<script type=\"application\/ld+json\" class=\"yoast-schema-graph\">{\"@context\":\"https:\/\/schema.org\",\"@graph\":[{\"@type\":\"Article\",\"@id\":\"https:\/\/www.ecinews.fr\/fr\/le-japon-sanctionne-la-coree-du-sud-un-risque-de-penurie-de-memoires\/#article\",\"isPartOf\":{\"@id\":\"https:\/\/www.ecinews.fr\/fr\/le-japon-sanctionne-la-coree-du-sud-un-risque-de-penurie-de-memoires\/\"},\"author\":{\"name\":\"eeNews Europe\",\"@id\":\"https:\/\/www.eenewseurope.com\/en\/#\/schema\/person\/9eff4051fa9dac8230052de45e32b0f4\"},\"headline\":\"Le Japon sanctionne la Cor\u00e9e du Sud: un risque de p\u00e9nurie de m\u00e9moires?\",\"datePublished\":\"2019-07-10T15:40:54+00:00\",\"dateModified\":\"2019-07-10T15:40:54+00:00\",\"mainEntityOfPage\":{\"@id\":\"https:\/\/www.ecinews.fr\/fr\/le-japon-sanctionne-la-coree-du-sud-un-risque-de-penurie-de-memoires\/\"},\"wordCount\":541,\"publisher\":{\"@id\":\"https:\/\/www.eenewseurope.com\/en\/#organization\"},\"keywords\":[\"Analog\",\"ArtificialIntelligence\",\"Authentication &amp; Encryption\",\"Automotive\",\"Batteries \/ Power Supplies\",\"Boards &amp; Embedded Cards\",\"DataAcquisition\",\"DevelopmentKits\",\"DigitalSignalProcessing\",\"Displays &amp; Interfaces\",\"Distributors\",\"Electromechanical\",\"EnergyHarvesting\",\"FlexibleElectronics\",\"Interconnect &amp; cables\",\"IoT\",\"LEDlighting\",\"Materials &amp; processes\",\"MedicalElectronics\",\"Memory &amp; Data Storage\",\"MPUs\/MCUs\",\"Optoelectronics\",\"PLDs\/FPGAs\/ASICs\",\"PowerManagement\",\"RF transmission\",\"Sensing \/ Conditioning\",\"Software &amp; Embedded tools\",\"TestandMeasurement\",\"Wearables\",\"Wireless Communications\"],\"inLanguage\":\"fr-FR\"},{\"@type\":\"WebPage\",\"@id\":\"https:\/\/www.ecinews.fr\/fr\/le-japon-sanctionne-la-coree-du-sud-un-risque-de-penurie-de-memoires\/\",\"url\":\"https:\/\/www.ecinews.fr\/fr\/le-japon-sanctionne-la-coree-du-sud-un-risque-de-penurie-de-memoires\/\",\"name\":\"Le Japon sanctionne la Cor\u00e9e du Sud: un risque de p\u00e9nurie de m\u00e9moires? -\",\"isPartOf\":{\"@id\":\"https:\/\/www.eenewseurope.com\/en\/#website\"},\"datePublished\":\"2019-07-10T15:40:54+00:00\",\"dateModified\":\"2019-07-10T15:40:54+00:00\",\"breadcrumb\":{\"@id\":\"https:\/\/www.ecinews.fr\/fr\/le-japon-sanctionne-la-coree-du-sud-un-risque-de-penurie-de-memoires\/#breadcrumb\"},\"inLanguage\":\"fr-FR\",\"potentialAction\":[{\"@type\":\"ReadAction\",\"target\":[\"https:\/\/www.ecinews.fr\/fr\/le-japon-sanctionne-la-coree-du-sud-un-risque-de-penurie-de-memoires\/\"]}]},{\"@type\":\"BreadcrumbList\",\"@id\":\"https:\/\/www.ecinews.fr\/fr\/le-japon-sanctionne-la-coree-du-sud-un-risque-de-penurie-de-memoires\/#breadcrumb\",\"itemListElement\":[{\"@type\":\"ListItem\",\"position\":1,\"name\":\"Home\",\"item\":\"https:\/\/www.ecinews.fr\/fr\/\"},{\"@type\":\"ListItem\",\"position\":2,\"name\":\"Le Japon sanctionne la Cor\u00e9e du Sud: un risque de p\u00e9nurie de m\u00e9moires?\"}]},{\"@type\":\"WebSite\",\"@id\":\"https:\/\/www.eenewseurope.com\/en\/#website\",\"url\":\"https:\/\/www.eenewseurope.com\/en\/\",\"name\":\"EENewsEurope\",\"description\":\"Just another WordPress site\",\"publisher\":{\"@id\":\"https:\/\/www.eenewseurope.com\/en\/#organization\"},\"potentialAction\":[{\"@type\":\"SearchAction\",\"target\":{\"@type\":\"EntryPoint\",\"urlTemplate\":\"https:\/\/www.eenewseurope.com\/en\/?s={search_term_string}\"},\"query-input\":\"required name=search_term_string\"}],\"inLanguage\":\"fr-FR\"},{\"@type\":\"Organization\",\"@id\":\"https:\/\/www.eenewseurope.com\/en\/#organization\",\"name\":\"EENewsEurope\",\"url\":\"https:\/\/www.eenewseurope.com\/en\/\",\"logo\":{\"@type\":\"ImageObject\",\"inLanguage\":\"fr-FR\",\"@id\":\"https:\/\/www.eenewseurope.com\/en\/#\/schema\/logo\/image\/\",\"url\":\"https:\/\/www.ecinews.fr\/wp-content\/uploads\/2022\/02\/logo-1.jpg\",\"contentUrl\":\"https:\/\/www.ecinews.fr\/wp-content\/uploads\/2022\/02\/logo-1.jpg\",\"width\":283,\"height\":113,\"caption\":\"EENewsEurope\"},\"image\":{\"@id\":\"https:\/\/www.eenewseurope.com\/en\/#\/schema\/logo\/image\/\"}},{\"@type\":\"Person\",\"@id\":\"https:\/\/www.eenewseurope.com\/en\/#\/schema\/person\/9eff4051fa9dac8230052de45e32b0f4\",\"name\":\"eeNews Europe\",\"image\":{\"@type\":\"ImageObject\",\"inLanguage\":\"fr-FR\",\"@id\":\"https:\/\/www.eenewseurope.com\/en\/#\/schema\/person\/image\/fae8f0cb15861c4ae0ed4872e2c9fc22\",\"url\":\"https:\/\/secure.gravatar.com\/avatar\/5081509054e28b04ecd976976e723ce0?s=96&d=mm&r=g\",\"contentUrl\":\"https:\/\/secure.gravatar.com\/avatar\/5081509054e28b04ecd976976e723ce0?s=96&d=mm&r=g\",\"caption\":\"eeNews Europe\"}}]}<\/script>","yoast_head_json":{"title":"Le Japon sanctionne la Cor\u00e9e du Sud: un risque de p\u00e9nurie de ...","description":"Les tensions commerciales semblent \u00eatre contagieuses: le Japon s'inspire des sc\u00e9narios du pr\u00e9sident Trump et frappe la Cor\u00e9e du Sud de sanctions sur les...","robots":{"index":"index","follow":"follow","max-snippet":"max-snippet:-1","max-image-preview":"max-image-preview:large","max-video-preview":"max-video-preview:-1"},"canonical":"https:\/\/www.ecinews.fr\/fr\/wp-json\/wp\/v2\/posts\/81652\/","og_locale":"fr_FR","og_type":"article","og_title":"Le Japon sanctionne la Cor\u00e9e du Sud: un risque de p\u00e9nurie de m\u00e9moires?","og_description":"Les tensions commerciales semblent \u00eatre contagieuses: le Japon s'inspire des sc\u00e9narios du pr\u00e9sident Trump et frappe la Cor\u00e9e du Sud de sanctions sur les mat\u00e9riaux utilis\u00e9s pour la fabrication de semiconducteurs et d'\u00e9crans LCD.","og_url":"https:\/\/www.ecinews.fr\/fr\/wp-json\/wp\/v2\/posts\/81652\/","og_site_name":"EENewsEurope","article_published_time":"2019-07-10T15:40:54+00:00","og_image":[{"width":440,"height":346,"url":"https:\/\/www.ecinews.fr\/wp-content\/uploads\/import\/default\/files\/images\/01-picture-library\/PeterClarke\/Business\/blocked440.jpg","type":"image\/jpeg"}],"author":"eeNews Europe","twitter_card":"summary_large_image","twitter_misc":{"Written by":"eeNews Europe","Est. reading time":"3 minutes"},"schema":{"@context":"https:\/\/schema.org","@graph":[{"@type":"Article","@id":"https:\/\/www.ecinews.fr\/fr\/le-japon-sanctionne-la-coree-du-sud-un-risque-de-penurie-de-memoires\/#article","isPartOf":{"@id":"https:\/\/www.ecinews.fr\/fr\/le-japon-sanctionne-la-coree-du-sud-un-risque-de-penurie-de-memoires\/"},"author":{"name":"eeNews Europe","@id":"https:\/\/www.eenewseurope.com\/en\/#\/schema\/person\/9eff4051fa9dac8230052de45e32b0f4"},"headline":"Le Japon sanctionne la Cor\u00e9e du Sud: un risque de p\u00e9nurie de m\u00e9moires?","datePublished":"2019-07-10T15:40:54+00:00","dateModified":"2019-07-10T15:40:54+00:00","mainEntityOfPage":{"@id":"https:\/\/www.ecinews.fr\/fr\/le-japon-sanctionne-la-coree-du-sud-un-risque-de-penurie-de-memoires\/"},"wordCount":541,"publisher":{"@id":"https:\/\/www.eenewseurope.com\/en\/#organization"},"keywords":["Analog","ArtificialIntelligence","Authentication &amp; Encryption","Automotive","Batteries \/ Power Supplies","Boards &amp; Embedded Cards","DataAcquisition","DevelopmentKits","DigitalSignalProcessing","Displays &amp; Interfaces","Distributors","Electromechanical","EnergyHarvesting","FlexibleElectronics","Interconnect &amp; cables","IoT","LEDlighting","Materials &amp; processes","MedicalElectronics","Memory &amp; Data Storage","MPUs\/MCUs","Optoelectronics","PLDs\/FPGAs\/ASICs","PowerManagement","RF transmission","Sensing \/ Conditioning","Software &amp; Embedded tools","TestandMeasurement","Wearables","Wireless Communications"],"inLanguage":"fr-FR"},{"@type":"WebPage","@id":"https:\/\/www.ecinews.fr\/fr\/le-japon-sanctionne-la-coree-du-sud-un-risque-de-penurie-de-memoires\/","url":"https:\/\/www.ecinews.fr\/fr\/le-japon-sanctionne-la-coree-du-sud-un-risque-de-penurie-de-memoires\/","name":"Le Japon sanctionne la Cor\u00e9e du Sud: un risque de p\u00e9nurie de m\u00e9moires? -","isPartOf":{"@id":"https:\/\/www.eenewseurope.com\/en\/#website"},"datePublished":"2019-07-10T15:40:54+00:00","dateModified":"2019-07-10T15:40:54+00:00","breadcrumb":{"@id":"https:\/\/www.ecinews.fr\/fr\/le-japon-sanctionne-la-coree-du-sud-un-risque-de-penurie-de-memoires\/#breadcrumb"},"inLanguage":"fr-FR","potentialAction":[{"@type":"ReadAction","target":["https:\/\/www.ecinews.fr\/fr\/le-japon-sanctionne-la-coree-du-sud-un-risque-de-penurie-de-memoires\/"]}]},{"@type":"BreadcrumbList","@id":"https:\/\/www.ecinews.fr\/fr\/le-japon-sanctionne-la-coree-du-sud-un-risque-de-penurie-de-memoires\/#breadcrumb","itemListElement":[{"@type":"ListItem","position":1,"name":"Home","item":"https:\/\/www.ecinews.fr\/fr\/"},{"@type":"ListItem","position":2,"name":"Le Japon sanctionne la Cor\u00e9e du Sud: un risque de p\u00e9nurie de m\u00e9moires?"}]},{"@type":"WebSite","@id":"https:\/\/www.eenewseurope.com\/en\/#website","url":"https:\/\/www.eenewseurope.com\/en\/","name":"EENewsEurope","description":"Just another WordPress site","publisher":{"@id":"https:\/\/www.eenewseurope.com\/en\/#organization"},"potentialAction":[{"@type":"SearchAction","target":{"@type":"EntryPoint","urlTemplate":"https:\/\/www.eenewseurope.com\/en\/?s={search_term_string}"},"query-input":"required name=search_term_string"}],"inLanguage":"fr-FR"},{"@type":"Organization","@id":"https:\/\/www.eenewseurope.com\/en\/#organization","name":"EENewsEurope","url":"https:\/\/www.eenewseurope.com\/en\/","logo":{"@type":"ImageObject","inLanguage":"fr-FR","@id":"https:\/\/www.eenewseurope.com\/en\/#\/schema\/logo\/image\/","url":"https:\/\/www.ecinews.fr\/wp-content\/uploads\/2022\/02\/logo-1.jpg","contentUrl":"https:\/\/www.ecinews.fr\/wp-content\/uploads\/2022\/02\/logo-1.jpg","width":283,"height":113,"caption":"EENewsEurope"},"image":{"@id":"https:\/\/www.eenewseurope.com\/en\/#\/schema\/logo\/image\/"}},{"@type":"Person","@id":"https:\/\/www.eenewseurope.com\/en\/#\/schema\/person\/9eff4051fa9dac8230052de45e32b0f4","name":"eeNews Europe","image":{"@type":"ImageObject","inLanguage":"fr-FR","@id":"https:\/\/www.eenewseurope.com\/en\/#\/schema\/person\/image\/fae8f0cb15861c4ae0ed4872e2c9fc22","url":"https:\/\/secure.gravatar.com\/avatar\/5081509054e28b04ecd976976e723ce0?s=96&d=mm&r=g","contentUrl":"https:\/\/secure.gravatar.com\/avatar\/5081509054e28b04ecd976976e723ce0?s=96&d=mm&r=g","caption":"eeNews Europe"}}]}},"authors":[{"term_id":1149,"user_id":22,"is_guest":0,"slug":"eenews-europe","display_name":"eeNews Europe","avatar_url":"https:\/\/secure.gravatar.com\/avatar\/5081509054e28b04ecd976976e723ce0?s=96&d=mm&r=g","0":null,"1":"","2":"","3":"","4":"","5":"","6":"","7":"","8":""}],"_links":{"self":[{"href":"https:\/\/www.ecinews.fr\/fr\/wp-json\/wp\/v2\/posts\/81652"}],"collection":[{"href":"https:\/\/www.ecinews.fr\/fr\/wp-json\/wp\/v2\/posts"}],"about":[{"href":"https:\/\/www.ecinews.fr\/fr\/wp-json\/wp\/v2\/types\/post"}],"author":[{"embeddable":true,"href":"https:\/\/www.ecinews.fr\/fr\/wp-json\/wp\/v2\/users\/22"}],"replies":[{"embeddable":true,"href":"https:\/\/www.ecinews.fr\/fr\/wp-json\/wp\/v2\/comments?post=81652"}],"version-history":[{"count":0,"href":"https:\/\/www.ecinews.fr\/fr\/wp-json\/wp\/v2\/posts\/81652\/revisions"}],"wp:featuredmedia":[{"embeddable":true,"href":"https:\/\/www.ecinews.fr\/fr\/wp-json\/wp\/v2\/media\/81653"}],"wp:attachment":[{"href":"https:\/\/www.ecinews.fr\/fr\/wp-json\/wp\/v2\/media?parent=81652"}],"wp:term":[{"taxonomy":"category","embeddable":true,"href":"https:\/\/www.ecinews.fr\/fr\/wp-json\/wp\/v2\/categories?post=81652"},{"taxonomy":"post_tag","embeddable":true,"href":"https:\/\/www.ecinews.fr\/fr\/wp-json\/wp\/v2\/tags?post=81652"},{"taxonomy":"domains","embeddable":true,"href":"https:\/\/www.ecinews.fr\/fr\/wp-json\/wp\/v2\/domains?post=81652"},{"taxonomy":"author","embeddable":true,"href":"https:\/\/www.ecinews.fr\/fr\/wp-json\/wp\/v2\/ppma_author?post=81652"}],"curies":[{"name":"wp","href":"https:\/\/api.w.org\/{rel}","templated":true}]}}