{"id":7947,"date":"2021-07-14T14:42:49","date_gmt":"2021-07-14T14:42:49","guid":{"rendered":"https:\/\/\/tsmc-fait-volte-face-et-envisage-de-construire-une-fab-en-europe\/"},"modified":"2021-07-14T14:42:49","modified_gmt":"2021-07-14T14:42:49","slug":"tsmc-fait-volte-face-et-envisage-de-construire-une-fab-en-europe","status":"publish","type":"post","link":"https:\/\/www.ecinews.fr\/fr\/tsmc-fait-volte-face-et-envisage-de-construire-une-fab-en-europe\/","title":{"rendered":"TSMC fait volte face et envisage de construire une Fab en Europe"},"content":{"rendered":"<p>Ces nouvelles Fabs seraient install\u00e9es \u00e0 Dresde, en Allemagne et dans le district de Kumamoto au Japon. Dans les deux endroits, TSMC a pass\u00e9 des accords avec les autorit\u00e9s locales et est en pourparlers avec des clients locaux, selon le rapport. En Allemagne, l&rsquo;usine fournirait un process 16 nm\/12 nm pour r\u00e9pondre aux besoins de soci\u00e9t\u00e9s telles que NXP Semiconductor, Infineon Technologies et On Semiconductor, ajoute le rapport.<\/p>\n<p>Les discussions pourraient \u00e9galement impliquer un consortium europ\u00e9en de l&rsquo;industrie des semiconducteurs que l&rsquo;Union europ\u00e9enne a tenu \u00e0 constituer et qui pourrait impliquer des soci\u00e9t\u00e9s telles que NXP, Infineon, STMicroelectronics, Dialog Semiconductor, AMS et ASML.<\/p>\n<p>eeNews Europe et ECI ont approch\u00e9 TSMC, mais un porte-parole a d\u00e9clar\u00e9 que la soci\u00e9t\u00e9 n&rsquo;\u00e9tait pas en mesure de fournir un commentaire car elle \u00e9tait dans sa \u00ab\u00a0p\u00e9riode de silence officielle\u00a0\u00bb avant l&rsquo;annonce de r\u00e9sultats financiers.<\/p>\n<p>La possibilit\u00e9 de cr\u00e9er de nouvelles usines de fabrication de plaquettes \u00e0 l&rsquo;\u00e9tranger repr\u00e9senterait un revirement de la part du g\u00e9ant de la fonderie qui a toujours pr\u00e9f\u00e9r\u00e9 concentrer sa fabrication sur quelques sites de campus \u00e0 Taiwan. Dans le pass\u00e9, il a fait des exceptions aux \u00c9tats-Unis et en Chine et subit maintenant une pression croissante pour le faire \u00e0 nouveau. Jusqu&rsquo;\u00e0 r\u00e9cemment, TSMC a d\u00e9clar\u00e9 qu&rsquo;il n&rsquo;avait pas l&rsquo;intention de fabriquer des puces en Europe (voir&nbsp;<a href=\"https:\/\/www.ecinews.fr\/news\/les-plans-europeens-dans-les-semiconducteurs-irrealistes-selon-tsmc\">Les plans europ\u00e9ens dans les semiconducteurs irr\u00e9alistes selon TSMC<\/a> ).<\/p>\n<p>De m\u00eame, TSMC semblait avoir persuad\u00e9 le Japon qu&rsquo;au lieu de fournir une usine de fabrication de plaquettes en amont, il \u00e9tait pr\u00eat \u00e0 s&rsquo;engager sur \u00ab\u00a0back-end packaging\u00a0\u00bb, d&rsquo;autant plus que l&rsquo;assemblage de composants de style chiplet devenait une activit\u00e9 cl\u00e9 (voir <a href=\"https:\/\/www.eenewsanalog.com\/news\/japans-tsmc-joint-venture-attracts-20-plus-participants\">Japan&rsquo;s TSMC joint venture attracts 20-plus participants<\/a> et rapport&nbsp;: <a href=\"https:\/\/www.ecinews.fr\/news\/tsmc-et-le-japon-se-partagent-le-cout-dune-usine-de-ci-tokyo\">TSMC et le Japon se partagent le co\u00fbt d&rsquo;une usine de CI \u00e0 Tokyo<\/a> ).<\/p>\n<p><em><strong>\u00e0 suivre: p\u00e9nuries de puces<\/strong><\/em><\/p>\n<hr \/>\n<p>Mais comme les p\u00e9nuries de puces ont mis de nombreuses entreprises d&rsquo;automobiles et leurs sous-traitants dans le monde au ch\u00f4mage partiel, les gouvernements ont \u00e9t\u00e9 contraints de r\u00e9\u00e9valuer la nature strat\u00e9gique de la s\u00e9curisation des approvisionnements en puces. Alors que les \u00c9tats-Unis ont trouv\u00e9 qu&rsquo;il \u00e9tait relativement facile de persuader TSMC de construire un complexe de fabrication de plaquettes de 5 nm \u00e0 la pointe de la technologie (voir&nbsp; <a href=\"https:\/\/www.eenewsanalog.com\/news\/tsmc-plans-six-wafer-fabs-arizona\">Reports: TSMC planning for six wafer fabs in Arizona<\/a>), l&rsquo;Europe et le Japon ont eu plus de mal.<\/p>\n<p>Il y a aussi deux objectifs diff\u00e9rents. L&rsquo;un est d&rsquo;aider l&rsquo;Europe et le Japon \u00e0 se rapprocher de la pointe de la fabrication de semiconducteurs pour les besoins \u00e0 faible volume pour le calcul haute performance et le second est de fournir une gamme diversifi\u00e9e de produits bas\u00e9s sur des process bien \u00e9tablis \u00e0 des volumes plus importants (voir&nbsp;<a href=\"https:\/\/www.ecinews.fr\/news\/la-commission-europeenne-parle-de-fab-2nm-avec-tsmc-intel-et-samsung\">La Commission Europ\u00e9enne parle de Fab 2nm avec TSMC, Intel et Samsung<\/a> ). Les politiciens ont exprim\u00e9 le besoin de poursuivre l&rsquo;avant-garde pour des raisons de strat\u00e9gie alors que les soci\u00e9t\u00e9s de puces locales n&rsquo;ont pas besoin d&rsquo;une telle production ou sont depuis longtemps devenues Fabless pour cette partie de leur production.<\/p>\n<p>Intel, qui a lui-m\u00eame du mal \u00e0 fabriquer des puces \u00e0 la pointe de la technologie, est connu pour \u00eatre en n\u00e9gociations avec les autorit\u00e9s europ\u00e9ennes et allemandes au sujet de la construction d&rsquo;une fabrique de plaquettes pr\u00e8s de Munich (voir&nbsp;<a href=\"https:\/\/www.ecinews.fr\/news\/intel-pourrait-installer-sa-wafer-fab-en-baviere\">Intel pourrait installer sa wafer Fab en Bavi\u00e8re<\/a> et&nbsp;<a href=\"https:\/\/www.ecinews.fr\/news\/intel-reclame-8-milliards-deuros-daides-pour-construire-eurofab\">Intel r\u00e9clame 8 milliards d&rsquo;euros d&rsquo;aides pour construire EuroFab<\/a> ).<\/p>\n<p>Le gouvernement de Ta\u00efwan a \u00e9galement fait des d\u00e9clarations sur le soutien au secteur automobile europ\u00e9en, mais l&rsquo;a fait en le liant \u00e0 la reconnaissance. L&rsquo;Union europ\u00e9enne ne reconna\u00eet pas l&rsquo;existence diplomatique de Ta\u00efwan. La R\u00e9publique populaire de Chine consid\u00e8re Ta\u00efwan comme un \u00c9tat ren\u00e9gat qu&rsquo;elle envisage de r\u00e9assimiler \u00e0 un moment de son choix.<\/p>\n<p>Un mix de la d\u00e9cision d&rsquo;Intel et de la possibilit\u00e9 d&rsquo;un soutien financier important et d&rsquo;une pression politique a peut-\u00eatre suffi \u00e0 persuader TSMC que si elle peut construire des usines de fabrication de plaquettes \u00e0 tr\u00e8s faible co\u00fbt pour elle-m\u00eame, en utilisant l&rsquo;argent des contribuables et celui des clients locaux, alors elle devrait le faire. Il s&rsquo;agit d&rsquo;un mod\u00e8le poursuivi par Globalfoundries Inc. qui pr\u00e9voit une expansion \u00e0 Dresde (voir&nbsp;<a href=\"https:\/\/www.ecinews.fr\/news\/globalfoundries-va-plus-que-doubler-sa-capacite-dresde\">Globalfoundries va plus que doubler sa capacit\u00e9 \u00e0 Dresde<\/a>).<\/p>\n<p>Aucun calendrier n&rsquo;a \u00e9t\u00e9 fourni pour la construction des Fabs TSMC, qui prendrait probablement deux ans en partant de z\u00e9ro. L&rsquo;obtention de l&rsquo;approbation automobile pour la production, qui ferait probablement partie de la base d&rsquo;applications des usines en Europe et au Japon, pourrait ajouter de nombreux mois \u00e0 la date o\u00f9 les premi\u00e8res puces entrent en production.<\/p>\n<p><strong>Lire aussi:<\/strong><\/p>\n<p><a href=\"https:\/\/www.ecinews.fr\/news\/les-plans-europeens-dans-les-semiconducteurs-irrealistes-selon-tsmc\">Les plans europ\u00e9ens dans les semiconducteurs irr\u00e9alistes selon TSMC<\/a><\/p>\n<p><a href=\"https:\/\/www.ecinews.fr\/news\/la-commission-europeenne-parle-de-fab-2nm-avec-tsmc-intel-et-samsung\">La Commission Europ\u00e9enne parle de Fab 2nm avec TSMC, Intel et Samsung<\/a><\/p>\n<p>&nbsp;<a href=\"https:\/\/www.ecinews.fr\/news\/intel-reclame-8-milliards-deuros-daides-pour-construire-eurofab\">Intel r\u00e9clame 8 milliards d&rsquo;euros d&rsquo;aides pour construire EuroFab<\/a><\/p>\n<p>&nbsp;<\/p>\n<p><strong>Related links and articles: <\/strong><\/p>\n<p><a href=\"http:\/\/www.digitimes.com\">www.digitimes.com<\/a><\/p>\n<p><a href=\"http:\/\/www.tsmc.com\">www.tsmc.com<\/a><\/p>\n<p><strong>News articles: <\/strong><\/p>\n<p><a href=\"https:\/\/www.eenewsanalog.com\/news\/tsmc-has-no-concrete-plans-make-chips-europe\">TSMC has no \u00ab\u00a0concrete\u00a0\u00bb plans to make chips in Europe<\/a><\/p>\n<p><a href=\"https:\/\/www.eenewsanalog.com\/news\/japans-tsmc-joint-venture-attracts-20-plus-participants\">Japan&rsquo;s TSMC joint venture attracts 20-plus participants<\/a><\/p>\n<p><a href=\"https:\/\/www.eenewsanalog.com\/news\/globalfoundries-moves-towards-next-dresden-wafer-fab?fnid=138916\">Globalfoundries moves towards next Dresden wafer fab<\/a><\/p>\n","protected":false},"excerpt":{"rendered":"<p>TSMC, la premi\u00e8re fonderie au monde, pourrait modifier sa politique et accepter de construire des usines de fabrication de plaquettes en Allemagne et au Japon, selon un rapport de Digitimes qui fait r\u00e9f\u00e9rence \u00e0 des sources anonymes.<\/p>\n","protected":false},"author":7,"featured_media":7948,"comment_status":"open","ping_status":"closed","sticky":false,"template":"","format":"standard","meta":{"_acf_changed":false,"footnotes":""},"categories":[880],"tags":[889,920,893,891,909,894,912,895,896,897,898,899,900,901,902,903,919,892,913,904,905,906,907,908,890,916,910,917,911,914,915],"domains":[47],"ppma_author":[1139],"class_list":["post-7947","post","type-post","status-publish","format-standard","has-post-thumbnail","hentry","category-actualites-economiques","tag-analog-fr","tag-artificialintelligence-fr","tag-authentication-encryption-fr","tag-automotive-fr","tag-batteries-power-supplies-fr","tag-boards-embedded-cards-fr","tag-dataacquisition-fr","tag-developmentkits-fr","tag-digitalsignalprocessing-fr","tag-displays-interfaces-fr","tag-distributors-fr","tag-eda-cad-tools-fr","tag-electromechanical-fr","tag-energyharvesting-fr","tag-flexibleelectronics-fr","tag-interconnect-cables-fr","tag-iot-fr","tag-ledlighting-fr","tag-materials-processes-fr","tag-medicalelectronics-fr","tag-memory-data-storage-fr","tag-mpus-mcus-fr","tag-optoelectronics-fr","tag-plds-fpgas-asics-fr","tag-powermanagement-fr","tag-rf-transmission-fr","tag-sensing-conditioning-fr","tag-software-embedded-tools-fr","tag-testandmeasurement-fr","tag-wearables-fr","tag-wireless-communications-fr","domains-electronique-eci"],"acf":[],"yoast_head":"<title>TSMC fait volte face et envisage de construire une Fab en Europe ...<\/title>\n<meta name=\"description\" content=\"TSMC, la premi\u00e8re fonderie au monde, pourrait modifier sa politique et accepter de construire des usines de fabrication de plaquettes en Allemagne et au...\" \/>\n<meta name=\"robots\" content=\"index, follow, max-snippet:-1, max-image-preview:large, max-video-preview:-1\" \/>\n<link rel=\"canonical\" href=\"https:\/\/www.ecinews.fr\/fr\/wp-json\/wp\/v2\/posts\/7947\/\" \/>\n<meta property=\"og:locale\" content=\"fr_FR\" \/>\n<meta property=\"og:type\" content=\"article\" \/>\n<meta property=\"og:title\" content=\"TSMC fait volte face et envisage de construire une Fab en Europe\" \/>\n<meta property=\"og:description\" content=\"TSMC, la premi\u00e8re fonderie au monde, pourrait modifier sa politique et accepter de construire des usines de fabrication de plaquettes en Allemagne et au Japon, selon un rapport de Digitimes qui fait r\u00e9f\u00e9rence \u00e0 des sources anonymes.\" \/>\n<meta property=\"og:url\" content=\"https:\/\/www.ecinews.fr\/fr\/wp-json\/wp\/v2\/posts\/7947\/\" \/>\n<meta property=\"og:site_name\" content=\"EENewsEurope\" \/>\n<meta property=\"article:published_time\" content=\"2021-07-14T14:42:49+00:00\" \/>\n<meta property=\"og:image\" content=\"https:\/\/www.ecinews.fr\/wp-content\/uploads\/import\/default\/files\/images\/01-picture-library\/PeterClarke\/CorporateLogos\/tsmc600.jpg\" \/>\n\t<meta property=\"og:image:width\" content=\"600\" \/>\n\t<meta property=\"og:image:height\" content=\"400\" \/>\n\t<meta property=\"og:image:type\" content=\"image\/jpeg\" \/>\n<meta name=\"author\" content=\"Wisse Hettinga\" \/>\n<meta name=\"twitter:card\" content=\"summary_large_image\" \/>\n<meta name=\"twitter:label1\" content=\"Written by\" \/>\n\t<meta name=\"twitter:data1\" content=\"Wisse Hettinga\" \/>\n\t<meta name=\"twitter:label2\" content=\"Est. reading time\" \/>\n\t<meta name=\"twitter:data2\" content=\"4 minutes\" \/>\n<script type=\"application\/ld+json\" class=\"yoast-schema-graph\">{\"@context\":\"https:\/\/schema.org\",\"@graph\":[{\"@type\":\"Article\",\"@id\":\"https:\/\/www.ecinews.fr\/fr\/tsmc-fait-volte-face-et-envisage-de-construire-une-fab-en-europe\/#article\",\"isPartOf\":{\"@id\":\"https:\/\/www.ecinews.fr\/fr\/tsmc-fait-volte-face-et-envisage-de-construire-une-fab-en-europe\/\"},\"author\":{\"name\":\"Wisse Hettinga\",\"@id\":\"https:\/\/www.eenewseurope.com\/en\/#\/schema\/person\/c6b626c6c65f5e1e7794ce2d17b2ca82\"},\"headline\":\"TSMC fait volte face et envisage de construire une Fab en Europe\",\"datePublished\":\"2021-07-14T14:42:49+00:00\",\"dateModified\":\"2021-07-14T14:42:49+00:00\",\"mainEntityOfPage\":{\"@id\":\"https:\/\/www.ecinews.fr\/fr\/tsmc-fait-volte-face-et-envisage-de-construire-une-fab-en-europe\/\"},\"wordCount\":922,\"commentCount\":0,\"publisher\":{\"@id\":\"https:\/\/www.eenewseurope.com\/en\/#organization\"},\"keywords\":[\"Analog\",\"ArtificialIntelligence\",\"Authentication &amp; Encryption\",\"Automotive\",\"Batteries \/ Power Supplies\",\"Boards &amp; Embedded Cards\",\"DataAcquisition\",\"DevelopmentKits\",\"DigitalSignalProcessing\",\"Displays &amp; Interfaces\",\"Distributors\",\"EDA &amp; CAD tools\",\"Electromechanical\",\"EnergyHarvesting\",\"FlexibleElectronics\",\"Interconnect &amp; cables\",\"IoT\",\"LEDlighting\",\"Materials &amp; processes\",\"MedicalElectronics\",\"Memory &amp; Data Storage\",\"MPUs\/MCUs\",\"Optoelectronics\",\"PLDs\/FPGAs\/ASICs\",\"PowerManagement\",\"RF transmission\",\"Sensing \/ Conditioning\",\"Software &amp; Embedded tools\",\"TestandMeasurement\",\"Wearables\",\"Wireless Communications\"],\"articleSection\":[\"Actualit\u00e9s \u00e9conomiques\"],\"inLanguage\":\"fr-FR\",\"potentialAction\":[{\"@type\":\"CommentAction\",\"name\":\"Comment\",\"target\":[\"https:\/\/www.ecinews.fr\/fr\/tsmc-fait-volte-face-et-envisage-de-construire-une-fab-en-europe\/#respond\"]}]},{\"@type\":\"WebPage\",\"@id\":\"https:\/\/www.ecinews.fr\/fr\/tsmc-fait-volte-face-et-envisage-de-construire-une-fab-en-europe\/\",\"url\":\"https:\/\/www.ecinews.fr\/fr\/tsmc-fait-volte-face-et-envisage-de-construire-une-fab-en-europe\/\",\"name\":\"TSMC fait volte face et envisage de construire une Fab en Europe -\",\"isPartOf\":{\"@id\":\"https:\/\/www.eenewseurope.com\/en\/#website\"},\"datePublished\":\"2021-07-14T14:42:49+00:00\",\"dateModified\":\"2021-07-14T14:42:49+00:00\",\"breadcrumb\":{\"@id\":\"https:\/\/www.ecinews.fr\/fr\/tsmc-fait-volte-face-et-envisage-de-construire-une-fab-en-europe\/#breadcrumb\"},\"inLanguage\":\"fr-FR\",\"potentialAction\":[{\"@type\":\"ReadAction\",\"target\":[\"https:\/\/www.ecinews.fr\/fr\/tsmc-fait-volte-face-et-envisage-de-construire-une-fab-en-europe\/\"]}]},{\"@type\":\"BreadcrumbList\",\"@id\":\"https:\/\/www.ecinews.fr\/fr\/tsmc-fait-volte-face-et-envisage-de-construire-une-fab-en-europe\/#breadcrumb\",\"itemListElement\":[{\"@type\":\"ListItem\",\"position\":1,\"name\":\"Home\",\"item\":\"https:\/\/www.ecinews.fr\/fr\/\"},{\"@type\":\"ListItem\",\"position\":2,\"name\":\"TSMC fait volte face et envisage de construire une Fab en Europe\"}]},{\"@type\":\"WebSite\",\"@id\":\"https:\/\/www.eenewseurope.com\/en\/#website\",\"url\":\"https:\/\/www.eenewseurope.com\/en\/\",\"name\":\"EENewsEurope\",\"description\":\"Just another WordPress site\",\"publisher\":{\"@id\":\"https:\/\/www.eenewseurope.com\/en\/#organization\"},\"potentialAction\":[{\"@type\":\"SearchAction\",\"target\":{\"@type\":\"EntryPoint\",\"urlTemplate\":\"https:\/\/www.eenewseurope.com\/en\/?s={search_term_string}\"},\"query-input\":\"required name=search_term_string\"}],\"inLanguage\":\"fr-FR\"},{\"@type\":\"Organization\",\"@id\":\"https:\/\/www.eenewseurope.com\/en\/#organization\",\"name\":\"EENewsEurope\",\"url\":\"https:\/\/www.eenewseurope.com\/en\/\",\"logo\":{\"@type\":\"ImageObject\",\"inLanguage\":\"fr-FR\",\"@id\":\"https:\/\/www.eenewseurope.com\/en\/#\/schema\/logo\/image\/\",\"url\":\"https:\/\/www.ecinews.fr\/wp-content\/uploads\/2022\/02\/logo-1.jpg\",\"contentUrl\":\"https:\/\/www.ecinews.fr\/wp-content\/uploads\/2022\/02\/logo-1.jpg\",\"width\":283,\"height\":113,\"caption\":\"EENewsEurope\"},\"image\":{\"@id\":\"https:\/\/www.eenewseurope.com\/en\/#\/schema\/logo\/image\/\"}},{\"@type\":\"Person\",\"@id\":\"https:\/\/www.eenewseurope.com\/en\/#\/schema\/person\/c6b626c6c65f5e1e7794ce2d17b2ca82\",\"name\":\"Wisse Hettinga\",\"image\":{\"@type\":\"ImageObject\",\"inLanguage\":\"fr-FR\",\"@id\":\"https:\/\/www.eenewseurope.com\/en\/#\/schema\/person\/image\/5dc5f564ca306d7cb8b22735be49a465\",\"url\":\"https:\/\/secure.gravatar.com\/avatar\/24a36fe68de56eac2a45cbaf9aa4bb58?s=96&d=mm&r=g\",\"contentUrl\":\"https:\/\/secure.gravatar.com\/avatar\/24a36fe68de56eac2a45cbaf9aa4bb58?s=96&d=mm&r=g\",\"caption\":\"Wisse Hettinga\"}}]}<\/script>","yoast_head_json":{"title":"TSMC fait volte face et envisage de construire une Fab en Europe ...","description":"TSMC, la premi\u00e8re fonderie au monde, pourrait modifier sa politique et accepter de construire des usines de fabrication de plaquettes en Allemagne et au...","robots":{"index":"index","follow":"follow","max-snippet":"max-snippet:-1","max-image-preview":"max-image-preview:large","max-video-preview":"max-video-preview:-1"},"canonical":"https:\/\/www.ecinews.fr\/fr\/wp-json\/wp\/v2\/posts\/7947\/","og_locale":"fr_FR","og_type":"article","og_title":"TSMC fait volte face et envisage de construire une Fab en Europe","og_description":"TSMC, la premi\u00e8re fonderie au monde, pourrait modifier sa politique et accepter de construire des usines de fabrication de plaquettes en Allemagne et au Japon, selon un rapport de Digitimes qui fait r\u00e9f\u00e9rence \u00e0 des sources anonymes.","og_url":"https:\/\/www.ecinews.fr\/fr\/wp-json\/wp\/v2\/posts\/7947\/","og_site_name":"EENewsEurope","article_published_time":"2021-07-14T14:42:49+00:00","og_image":[{"width":600,"height":400,"url":"https:\/\/www.ecinews.fr\/wp-content\/uploads\/import\/default\/files\/images\/01-picture-library\/PeterClarke\/CorporateLogos\/tsmc600.jpg","type":"image\/jpeg"}],"author":"Wisse Hettinga","twitter_card":"summary_large_image","twitter_misc":{"Written by":"Wisse Hettinga","Est. reading time":"4 minutes"},"schema":{"@context":"https:\/\/schema.org","@graph":[{"@type":"Article","@id":"https:\/\/www.ecinews.fr\/fr\/tsmc-fait-volte-face-et-envisage-de-construire-une-fab-en-europe\/#article","isPartOf":{"@id":"https:\/\/www.ecinews.fr\/fr\/tsmc-fait-volte-face-et-envisage-de-construire-une-fab-en-europe\/"},"author":{"name":"Wisse Hettinga","@id":"https:\/\/www.eenewseurope.com\/en\/#\/schema\/person\/c6b626c6c65f5e1e7794ce2d17b2ca82"},"headline":"TSMC fait volte face et envisage de construire une Fab en Europe","datePublished":"2021-07-14T14:42:49+00:00","dateModified":"2021-07-14T14:42:49+00:00","mainEntityOfPage":{"@id":"https:\/\/www.ecinews.fr\/fr\/tsmc-fait-volte-face-et-envisage-de-construire-une-fab-en-europe\/"},"wordCount":922,"commentCount":0,"publisher":{"@id":"https:\/\/www.eenewseurope.com\/en\/#organization"},"keywords":["Analog","ArtificialIntelligence","Authentication &amp; Encryption","Automotive","Batteries \/ Power Supplies","Boards &amp; Embedded Cards","DataAcquisition","DevelopmentKits","DigitalSignalProcessing","Displays &amp; Interfaces","Distributors","EDA &amp; CAD tools","Electromechanical","EnergyHarvesting","FlexibleElectronics","Interconnect &amp; cables","IoT","LEDlighting","Materials &amp; processes","MedicalElectronics","Memory &amp; Data Storage","MPUs\/MCUs","Optoelectronics","PLDs\/FPGAs\/ASICs","PowerManagement","RF transmission","Sensing \/ Conditioning","Software &amp; Embedded tools","TestandMeasurement","Wearables","Wireless Communications"],"articleSection":["Actualit\u00e9s \u00e9conomiques"],"inLanguage":"fr-FR","potentialAction":[{"@type":"CommentAction","name":"Comment","target":["https:\/\/www.ecinews.fr\/fr\/tsmc-fait-volte-face-et-envisage-de-construire-une-fab-en-europe\/#respond"]}]},{"@type":"WebPage","@id":"https:\/\/www.ecinews.fr\/fr\/tsmc-fait-volte-face-et-envisage-de-construire-une-fab-en-europe\/","url":"https:\/\/www.ecinews.fr\/fr\/tsmc-fait-volte-face-et-envisage-de-construire-une-fab-en-europe\/","name":"TSMC fait volte face et envisage de construire une Fab en Europe -","isPartOf":{"@id":"https:\/\/www.eenewseurope.com\/en\/#website"},"datePublished":"2021-07-14T14:42:49+00:00","dateModified":"2021-07-14T14:42:49+00:00","breadcrumb":{"@id":"https:\/\/www.ecinews.fr\/fr\/tsmc-fait-volte-face-et-envisage-de-construire-une-fab-en-europe\/#breadcrumb"},"inLanguage":"fr-FR","potentialAction":[{"@type":"ReadAction","target":["https:\/\/www.ecinews.fr\/fr\/tsmc-fait-volte-face-et-envisage-de-construire-une-fab-en-europe\/"]}]},{"@type":"BreadcrumbList","@id":"https:\/\/www.ecinews.fr\/fr\/tsmc-fait-volte-face-et-envisage-de-construire-une-fab-en-europe\/#breadcrumb","itemListElement":[{"@type":"ListItem","position":1,"name":"Home","item":"https:\/\/www.ecinews.fr\/fr\/"},{"@type":"ListItem","position":2,"name":"TSMC fait volte face et envisage de construire une Fab en Europe"}]},{"@type":"WebSite","@id":"https:\/\/www.eenewseurope.com\/en\/#website","url":"https:\/\/www.eenewseurope.com\/en\/","name":"EENewsEurope","description":"Just another WordPress site","publisher":{"@id":"https:\/\/www.eenewseurope.com\/en\/#organization"},"potentialAction":[{"@type":"SearchAction","target":{"@type":"EntryPoint","urlTemplate":"https:\/\/www.eenewseurope.com\/en\/?s={search_term_string}"},"query-input":"required name=search_term_string"}],"inLanguage":"fr-FR"},{"@type":"Organization","@id":"https:\/\/www.eenewseurope.com\/en\/#organization","name":"EENewsEurope","url":"https:\/\/www.eenewseurope.com\/en\/","logo":{"@type":"ImageObject","inLanguage":"fr-FR","@id":"https:\/\/www.eenewseurope.com\/en\/#\/schema\/logo\/image\/","url":"https:\/\/www.ecinews.fr\/wp-content\/uploads\/2022\/02\/logo-1.jpg","contentUrl":"https:\/\/www.ecinews.fr\/wp-content\/uploads\/2022\/02\/logo-1.jpg","width":283,"height":113,"caption":"EENewsEurope"},"image":{"@id":"https:\/\/www.eenewseurope.com\/en\/#\/schema\/logo\/image\/"}},{"@type":"Person","@id":"https:\/\/www.eenewseurope.com\/en\/#\/schema\/person\/c6b626c6c65f5e1e7794ce2d17b2ca82","name":"Wisse Hettinga","image":{"@type":"ImageObject","inLanguage":"fr-FR","@id":"https:\/\/www.eenewseurope.com\/en\/#\/schema\/person\/image\/5dc5f564ca306d7cb8b22735be49a465","url":"https:\/\/secure.gravatar.com\/avatar\/24a36fe68de56eac2a45cbaf9aa4bb58?s=96&d=mm&r=g","contentUrl":"https:\/\/secure.gravatar.com\/avatar\/24a36fe68de56eac2a45cbaf9aa4bb58?s=96&d=mm&r=g","caption":"Wisse Hettinga"}}]}},"authors":[{"term_id":1139,"user_id":7,"is_guest":0,"slug":"wisse-hettinga","display_name":"Wisse Hettinga","avatar_url":"https:\/\/secure.gravatar.com\/avatar\/24a36fe68de56eac2a45cbaf9aa4bb58?s=96&d=mm&r=g","0":null,"1":"","2":"","3":"","4":"","5":"","6":"","7":"","8":""}],"_links":{"self":[{"href":"https:\/\/www.ecinews.fr\/fr\/wp-json\/wp\/v2\/posts\/7947"}],"collection":[{"href":"https:\/\/www.ecinews.fr\/fr\/wp-json\/wp\/v2\/posts"}],"about":[{"href":"https:\/\/www.ecinews.fr\/fr\/wp-json\/wp\/v2\/types\/post"}],"author":[{"embeddable":true,"href":"https:\/\/www.ecinews.fr\/fr\/wp-json\/wp\/v2\/users\/7"}],"replies":[{"embeddable":true,"href":"https:\/\/www.ecinews.fr\/fr\/wp-json\/wp\/v2\/comments?post=7947"}],"version-history":[{"count":0,"href":"https:\/\/www.ecinews.fr\/fr\/wp-json\/wp\/v2\/posts\/7947\/revisions"}],"wp:featuredmedia":[{"embeddable":true,"href":"https:\/\/www.ecinews.fr\/fr\/wp-json\/wp\/v2\/media\/7948"}],"wp:attachment":[{"href":"https:\/\/www.ecinews.fr\/fr\/wp-json\/wp\/v2\/media?parent=7947"}],"wp:term":[{"taxonomy":"category","embeddable":true,"href":"https:\/\/www.ecinews.fr\/fr\/wp-json\/wp\/v2\/categories?post=7947"},{"taxonomy":"post_tag","embeddable":true,"href":"https:\/\/www.ecinews.fr\/fr\/wp-json\/wp\/v2\/tags?post=7947"},{"taxonomy":"domains","embeddable":true,"href":"https:\/\/www.ecinews.fr\/fr\/wp-json\/wp\/v2\/domains?post=7947"},{"taxonomy":"author","embeddable":true,"href":"https:\/\/www.ecinews.fr\/fr\/wp-json\/wp\/v2\/ppma_author?post=7947"}],"curies":[{"name":"wp","href":"https:\/\/api.w.org\/{rel}","templated":true}]}}