{"id":7783,"date":"2021-07-15T19:40:18","date_gmt":"2021-07-15T19:40:18","guid":{"rendered":"https:\/\/\/renault-signe-avec-verkor-pour-une-gigafactory-de-batteries-en-france\/"},"modified":"2021-07-15T19:40:18","modified_gmt":"2021-07-15T19:40:18","slug":"renault-signe-avec-verkor-pour-une-gigafactory-de-batteries-en-france","status":"publish","type":"post","link":"https:\/\/www.ecinews.fr\/fr\/renault-signe-avec-verkor-pour-une-gigafactory-de-batteries-en-france\/","title":{"rendered":"Renault signe avec Verkor pour une gigafactory de batteries en France"},"content":{"rendered":"<p>La soci\u00e9t\u00e9 Verkor, \u00e9tablie \u00e0 Grenoble en France, l&rsquo;ann\u00e9e derni\u00e8re, a lev\u00e9 100 millions d&rsquo;euros aupr\u00e8s de Renault dans le cadre du plan pour les batteries \u00e0 partir de 2030.<\/p>\n<p>Le financement de Verkor par Renault sera utilis\u00e9 pour construire une installation de R&amp;D, le Verkor Innovation Center (VIC), et une ligne pilote pour les cellules de batterie haute performance et la fabrication intelligente. L&rsquo;entreprise pr\u00e9voit d&rsquo;avoir une usine produisant 50 GWh de batteries par an d&rsquo;ici 2030<\/p>\n<ul>\n<li><a href=\"https:\/\/www.eenewspower.com\/news\/stellantis-bets-eu30bn-solid-state-batteries\">Stellantis bets \u20ac30bn on solid state batteries<\/a><\/li>\n<li>\n<p><a href=\"https:\/\/www.ecinews.fr\/news\/renault-met-le-turbo-dans-les-ve-et-la-mobilite-electrique\">Renault met le turbo dans les VE et la mobilit\u00e9 \u00e9lectrique<\/a><\/p>\n<\/li>\n<\/ul>\n<p>Le financement a \u00e9t\u00e9 men\u00e9 par EQT Ventures et le Groupe Renault, avec la participation du gouvernement fran\u00e7ais et de la R\u00e9gion Auvergne-Rh\u00f4ne-Alpes. EIT InnoEnergy, Groupe IDEC, Schneider Electric, Capgemini, Arkema, Tokai COBEX et le Fonds pour la modernisation \u00e9cologique des transports (FMET) g\u00e9r\u00e9 par Demeter ont \u00e9galement particip\u00e9 au tour.<\/p>\n<p>Verkor pr\u00e9voit d&rsquo;avoir une capacit\u00e9 de fabrication de cellules de batterie de 16 GWh en 2024, port\u00e9e \u00e0 +50 GWh d&rsquo;ici 2030. Le VIC de Grenoble sera op\u00e9rationnel en 2022 avec la ligne pilote de fabrication de cellules de batterie, un centre de R&amp;D, des installations d&rsquo;essais, le prototypage de modules, et il permettra d&rsquo;assurer la formation d&rsquo;une nouvelle g\u00e9n\u00e9ration d&rsquo;ing\u00e9nieurs et de techniciens.<\/p>\n<p>\u00ab Nous sommes honor\u00e9s d&rsquo;avoir parmi nous des actionnaires d&rsquo;une telle qualit\u00e9. Je tiens \u00e0 remercier notre \u00e9quipe pour ce que nous avons accompli ensemble en moins d&rsquo;un an d&rsquo;existence \u00bb, a d\u00e9clar\u00e9 Benoit Lemaignan, PDG de Verkor, lors d&rsquo;une c\u00e9r\u00e9monie de signature \u00e0 Paris. \u00ab Notre nouvelle structure actionnariale refl\u00e8te totalement notre ambition : une approche de bout en bout de la fabrication de batteries, chacun de nous se concentrant sur ce que nous faisons le mieux, tout en fertilisant et croisant nos expertises.<\/p>\n<p>\u00ab Je me r\u00e9jouis de ce nouveau partenariat qui constitue une nouvelle pierre angulaire de l&rsquo;\u00e9cosyst\u00e8me industriel et technologique des batteries en France et en Europe. L&rsquo;industrie automobile \u00e9tant confront\u00e9e \u00e0 des d\u00e9fis sans pr\u00e9c\u00e9dent, les investissements que nous r\u00e9alisons aujourd&rsquo;hui se transformeront en emplois de demain \u00bb, a d\u00e9clar\u00e9 Agn\u00e8s Pannier-Runacher, ministre fran\u00e7aise de l&rsquo;Industrie. \u00ab Nous accompagnons la croissance de Verkor \u00e0 travers le CORAM, le comit\u00e9 fran\u00e7ais d&rsquo;orientation pour la recherche automobile et mobilit\u00e9, qui est financ\u00e9 par le programme fran\u00e7ais d&rsquo;investissement d&rsquo;avenir, le PIA. Notre objectif est d&rsquo;acc\u00e9l\u00e9rer le d\u00e9veloppement de processus num\u00e9riques innovants pour la fabrication de cellules de batterie, qui seront mis en \u0153uvre dans la future Gigafactory. \u00bb<\/p>\n<p>Maro\u0161 \u0160ef\u010dovi\u010d, vice-pr\u00e9sident de la Commission europ\u00e9enne pour les relations interinstitutionnelles et la prospective, \u00e9tait \u00e9galement pr\u00e9sent \u00e0 la c\u00e9r\u00e9monie : \u00ab Ce partenariat est une nouvelle preuve que l&rsquo;Alliance europ\u00e9enne de la batterie fait une r\u00e9elle diff\u00e9rence sur le terrain \u00bb, a-t-il d\u00e9clar\u00e9. \u00ab En trois ans, l&rsquo;Europe est devenue un hotspot mondial pour l&rsquo;investissement dans les batteries, montrant que nous pouvons atteindre une autonomie strat\u00e9gique ouverte dans ce secteur industriel cl\u00e9. Rien de tout cela n&rsquo;aurait \u00e9t\u00e9 possible sans le d\u00e9vouement et la collaboration de tous les acteurs, y compris nos acteurs industriels innovants et nos \u00c9tats membres.<\/p>\n<p>Arkema fournit des mat\u00e9riaux de sp\u00e9cialit\u00e9 haute performance tandis que Tokai COBEX est un fabricant sp\u00e9cialis\u00e9 de mat\u00e9riaux d&rsquo;anode de batterie ultra-efficaces et \u00e0 faible teneur en carbone.<\/p>\n<p><strong>Lire aussi:<\/strong><\/p>\n<p><a href=\"https:\/\/www.ecinews.fr\/news\/renault-met-le-turbo-dans-les-ve-et-la-mobilite-electrique\">Renault met le turbo dans les VE et la mobilit\u00e9 \u00e9lectrique<\/a><\/p>\n<p><a href=\"http:\/\/www.verkor.com\/en\/\">www.verkor.com\/en\/<\/a><\/p>\n<p><strong>Related gigafactory articles <\/strong><\/p>\n<ul>\n<li><a href=\"https:\/\/www.eenewspower.com\/news\/uks-billion-pound-battery-bet-should-look-solid-state-cells\">\u00a31bn battery plant for UK with Nissan EV hub<\/a><\/li>\n<li><a href=\"https:\/\/www.eenewspower.com\/news\/panasonic-finally-looks-european-battery-gigafactory?fnid=133711\">Panasonic finally looks at European battery factory<\/a><\/li>\n<li><a href=\"https:\/\/www.eenewspower.com\/news\/swiss-battery-maker-looks-gigafactory-0\">Swiss battery maker looks to plant<\/a><\/li>\n<li><a href=\"https:\/\/www.eenewspower.com\/news\/catl-breaks-ground-german-battery-gigafactory\">CATL breaks ground on German battery plant<\/a><\/li>\n<\/ul>\n<p>\u200b<\/p>\n<p>&nbsp;<\/p>\n<hr \/>\n<p>&nbsp;<\/p>\n","protected":false},"excerpt":{"rendered":"<p>La startup fran\u00e7aise Verkor a lev\u00e9 100 millions d&rsquo;euros aupr\u00e8s de Renault, Capgemini et d&rsquo;un fonds de la r\u00e9gion pour construire une ligne pilote de batteries \u00e0 Grenoble, qui sera suivie d&rsquo;une gigafactory. <\/p>\n","protected":false},"author":7,"featured_media":7784,"comment_status":"open","ping_status":"closed","sticky":false,"template":"","format":"standard","meta":{"_acf_changed":false,"footnotes":""},"categories":[880],"tags":[909,913],"domains":[47],"ppma_author":[1139],"class_list":["post-7783","post","type-post","status-publish","format-standard","has-post-thumbnail","hentry","category-actualites-economiques","tag-batteries-power-supplies-fr","tag-materials-processes-fr","domains-electronique-eci"],"acf":[],"yoast_head":"<title>Renault signe avec Verkor pour une gigafactory de batteries en ...<\/title>\n<meta name=\"description\" content=\"La startup fran\u00e7aise Verkor a lev\u00e9 100 millions d&#039;euros aupr\u00e8s de Renault, Capgemini et d&#039;un fonds de la r\u00e9gion pour construire une ligne pilote de...\" \/>\n<meta name=\"robots\" content=\"index, follow, max-snippet:-1, max-image-preview:large, max-video-preview:-1\" \/>\n<link rel=\"canonical\" href=\"https:\/\/www.ecinews.fr\/fr\/wp-json\/wp\/v2\/posts\/7783\/\" \/>\n<meta property=\"og:locale\" content=\"fr_FR\" \/>\n<meta property=\"og:type\" content=\"article\" \/>\n<meta property=\"og:title\" content=\"Renault signe avec Verkor pour une gigafactory de batteries en France\" \/>\n<meta property=\"og:description\" content=\"La startup fran\u00e7aise Verkor a lev\u00e9 100 millions d&#039;euros aupr\u00e8s de Renault, Capgemini et d&#039;un fonds de la r\u00e9gion pour construire une ligne pilote de batteries \u00e0 Grenoble, qui sera suivie d&#039;une gigafactory.\" \/>\n<meta property=\"og:url\" content=\"https:\/\/www.ecinews.fr\/fr\/wp-json\/wp\/v2\/posts\/7783\/\" \/>\n<meta property=\"og:site_name\" content=\"EENewsEurope\" \/>\n<meta property=\"article:published_time\" content=\"2021-07-15T19:40:18+00:00\" \/>\n<meta property=\"og:image\" content=\"https:\/\/www.ecinews.fr\/wp-content\/uploads\/import\/default\/files\/sites\/default\/files\/images\/verkor_plant_plan.jpg\" \/>\n\t<meta property=\"og:image:width\" content=\"1000\" \/>\n\t<meta property=\"og:image:height\" content=\"385\" \/>\n\t<meta property=\"og:image:type\" content=\"image\/jpeg\" \/>\n<meta name=\"author\" content=\"Wisse Hettinga\" \/>\n<meta name=\"twitter:card\" content=\"summary_large_image\" \/>\n<meta name=\"twitter:label1\" content=\"Written by\" \/>\n\t<meta name=\"twitter:data1\" content=\"Wisse Hettinga\" \/>\n\t<meta name=\"twitter:label2\" content=\"Est. reading time\" \/>\n\t<meta name=\"twitter:data2\" content=\"3 minutes\" \/>\n<script type=\"application\/ld+json\" class=\"yoast-schema-graph\">{\"@context\":\"https:\/\/schema.org\",\"@graph\":[{\"@type\":\"Article\",\"@id\":\"https:\/\/www.ecinews.fr\/fr\/renault-signe-avec-verkor-pour-une-gigafactory-de-batteries-en-france\/#article\",\"isPartOf\":{\"@id\":\"https:\/\/www.ecinews.fr\/fr\/renault-signe-avec-verkor-pour-une-gigafactory-de-batteries-en-france\/\"},\"author\":{\"name\":\"Wisse Hettinga\",\"@id\":\"https:\/\/www.eenewseurope.com\/en\/#\/schema\/person\/c6b626c6c65f5e1e7794ce2d17b2ca82\"},\"headline\":\"Renault signe avec Verkor pour une gigafactory de batteries en France\",\"datePublished\":\"2021-07-15T19:40:18+00:00\",\"dateModified\":\"2021-07-15T19:40:18+00:00\",\"mainEntityOfPage\":{\"@id\":\"https:\/\/www.ecinews.fr\/fr\/renault-signe-avec-verkor-pour-une-gigafactory-de-batteries-en-france\/\"},\"wordCount\":656,\"commentCount\":0,\"publisher\":{\"@id\":\"https:\/\/www.eenewseurope.com\/en\/#organization\"},\"keywords\":[\"Batteries \/ Power Supplies\",\"Materials &amp; processes\"],\"articleSection\":[\"Actualit\u00e9s \u00e9conomiques\"],\"inLanguage\":\"fr-FR\",\"potentialAction\":[{\"@type\":\"CommentAction\",\"name\":\"Comment\",\"target\":[\"https:\/\/www.ecinews.fr\/fr\/renault-signe-avec-verkor-pour-une-gigafactory-de-batteries-en-france\/#respond\"]}]},{\"@type\":\"WebPage\",\"@id\":\"https:\/\/www.ecinews.fr\/fr\/renault-signe-avec-verkor-pour-une-gigafactory-de-batteries-en-france\/\",\"url\":\"https:\/\/www.ecinews.fr\/fr\/renault-signe-avec-verkor-pour-une-gigafactory-de-batteries-en-france\/\",\"name\":\"Renault signe avec Verkor pour une gigafactory de batteries en France -\",\"isPartOf\":{\"@id\":\"https:\/\/www.eenewseurope.com\/en\/#website\"},\"datePublished\":\"2021-07-15T19:40:18+00:00\",\"dateModified\":\"2021-07-15T19:40:18+00:00\",\"breadcrumb\":{\"@id\":\"https:\/\/www.ecinews.fr\/fr\/renault-signe-avec-verkor-pour-une-gigafactory-de-batteries-en-france\/#breadcrumb\"},\"inLanguage\":\"fr-FR\",\"potentialAction\":[{\"@type\":\"ReadAction\",\"target\":[\"https:\/\/www.ecinews.fr\/fr\/renault-signe-avec-verkor-pour-une-gigafactory-de-batteries-en-france\/\"]}]},{\"@type\":\"BreadcrumbList\",\"@id\":\"https:\/\/www.ecinews.fr\/fr\/renault-signe-avec-verkor-pour-une-gigafactory-de-batteries-en-france\/#breadcrumb\",\"itemListElement\":[{\"@type\":\"ListItem\",\"position\":1,\"name\":\"Home\",\"item\":\"https:\/\/www.ecinews.fr\/fr\/\"},{\"@type\":\"ListItem\",\"position\":2,\"name\":\"Renault signe avec Verkor pour une gigafactory de batteries en France\"}]},{\"@type\":\"WebSite\",\"@id\":\"https:\/\/www.eenewseurope.com\/en\/#website\",\"url\":\"https:\/\/www.eenewseurope.com\/en\/\",\"name\":\"EENewsEurope\",\"description\":\"Just another WordPress site\",\"publisher\":{\"@id\":\"https:\/\/www.eenewseurope.com\/en\/#organization\"},\"potentialAction\":[{\"@type\":\"SearchAction\",\"target\":{\"@type\":\"EntryPoint\",\"urlTemplate\":\"https:\/\/www.eenewseurope.com\/en\/?s={search_term_string}\"},\"query-input\":\"required name=search_term_string\"}],\"inLanguage\":\"fr-FR\"},{\"@type\":\"Organization\",\"@id\":\"https:\/\/www.eenewseurope.com\/en\/#organization\",\"name\":\"EENewsEurope\",\"url\":\"https:\/\/www.eenewseurope.com\/en\/\",\"logo\":{\"@type\":\"ImageObject\",\"inLanguage\":\"fr-FR\",\"@id\":\"https:\/\/www.eenewseurope.com\/en\/#\/schema\/logo\/image\/\",\"url\":\"https:\/\/www.ecinews.fr\/wp-content\/uploads\/2022\/02\/logo-1.jpg\",\"contentUrl\":\"https:\/\/www.ecinews.fr\/wp-content\/uploads\/2022\/02\/logo-1.jpg\",\"width\":283,\"height\":113,\"caption\":\"EENewsEurope\"},\"image\":{\"@id\":\"https:\/\/www.eenewseurope.com\/en\/#\/schema\/logo\/image\/\"}},{\"@type\":\"Person\",\"@id\":\"https:\/\/www.eenewseurope.com\/en\/#\/schema\/person\/c6b626c6c65f5e1e7794ce2d17b2ca82\",\"name\":\"Wisse Hettinga\",\"image\":{\"@type\":\"ImageObject\",\"inLanguage\":\"fr-FR\",\"@id\":\"https:\/\/www.eenewseurope.com\/en\/#\/schema\/person\/image\/5dc5f564ca306d7cb8b22735be49a465\",\"url\":\"https:\/\/secure.gravatar.com\/avatar\/24a36fe68de56eac2a45cbaf9aa4bb58?s=96&d=mm&r=g\",\"contentUrl\":\"https:\/\/secure.gravatar.com\/avatar\/24a36fe68de56eac2a45cbaf9aa4bb58?s=96&d=mm&r=g\",\"caption\":\"Wisse Hettinga\"}}]}<\/script>","yoast_head_json":{"title":"Renault signe avec Verkor pour une gigafactory de batteries en ...","description":"La startup fran\u00e7aise Verkor a lev\u00e9 100 millions d'euros aupr\u00e8s de Renault, Capgemini et d'un fonds de la r\u00e9gion pour construire une ligne pilote de...","robots":{"index":"index","follow":"follow","max-snippet":"max-snippet:-1","max-image-preview":"max-image-preview:large","max-video-preview":"max-video-preview:-1"},"canonical":"https:\/\/www.ecinews.fr\/fr\/wp-json\/wp\/v2\/posts\/7783\/","og_locale":"fr_FR","og_type":"article","og_title":"Renault signe avec Verkor pour une gigafactory de batteries en France","og_description":"La startup fran\u00e7aise Verkor a lev\u00e9 100 millions d'euros aupr\u00e8s de Renault, Capgemini et d'un fonds de la r\u00e9gion pour construire une ligne pilote de batteries \u00e0 Grenoble, qui sera suivie d'une gigafactory.","og_url":"https:\/\/www.ecinews.fr\/fr\/wp-json\/wp\/v2\/posts\/7783\/","og_site_name":"EENewsEurope","article_published_time":"2021-07-15T19:40:18+00:00","og_image":[{"width":1000,"height":385,"url":"https:\/\/www.ecinews.fr\/wp-content\/uploads\/import\/default\/files\/sites\/default\/files\/images\/verkor_plant_plan.jpg","type":"image\/jpeg"}],"author":"Wisse Hettinga","twitter_card":"summary_large_image","twitter_misc":{"Written by":"Wisse Hettinga","Est. reading time":"3 minutes"},"schema":{"@context":"https:\/\/schema.org","@graph":[{"@type":"Article","@id":"https:\/\/www.ecinews.fr\/fr\/renault-signe-avec-verkor-pour-une-gigafactory-de-batteries-en-france\/#article","isPartOf":{"@id":"https:\/\/www.ecinews.fr\/fr\/renault-signe-avec-verkor-pour-une-gigafactory-de-batteries-en-france\/"},"author":{"name":"Wisse Hettinga","@id":"https:\/\/www.eenewseurope.com\/en\/#\/schema\/person\/c6b626c6c65f5e1e7794ce2d17b2ca82"},"headline":"Renault signe avec Verkor pour une gigafactory de batteries en France","datePublished":"2021-07-15T19:40:18+00:00","dateModified":"2021-07-15T19:40:18+00:00","mainEntityOfPage":{"@id":"https:\/\/www.ecinews.fr\/fr\/renault-signe-avec-verkor-pour-une-gigafactory-de-batteries-en-france\/"},"wordCount":656,"commentCount":0,"publisher":{"@id":"https:\/\/www.eenewseurope.com\/en\/#organization"},"keywords":["Batteries \/ Power Supplies","Materials &amp; processes"],"articleSection":["Actualit\u00e9s \u00e9conomiques"],"inLanguage":"fr-FR","potentialAction":[{"@type":"CommentAction","name":"Comment","target":["https:\/\/www.ecinews.fr\/fr\/renault-signe-avec-verkor-pour-une-gigafactory-de-batteries-en-france\/#respond"]}]},{"@type":"WebPage","@id":"https:\/\/www.ecinews.fr\/fr\/renault-signe-avec-verkor-pour-une-gigafactory-de-batteries-en-france\/","url":"https:\/\/www.ecinews.fr\/fr\/renault-signe-avec-verkor-pour-une-gigafactory-de-batteries-en-france\/","name":"Renault signe avec Verkor pour une gigafactory de batteries en France -","isPartOf":{"@id":"https:\/\/www.eenewseurope.com\/en\/#website"},"datePublished":"2021-07-15T19:40:18+00:00","dateModified":"2021-07-15T19:40:18+00:00","breadcrumb":{"@id":"https:\/\/www.ecinews.fr\/fr\/renault-signe-avec-verkor-pour-une-gigafactory-de-batteries-en-france\/#breadcrumb"},"inLanguage":"fr-FR","potentialAction":[{"@type":"ReadAction","target":["https:\/\/www.ecinews.fr\/fr\/renault-signe-avec-verkor-pour-une-gigafactory-de-batteries-en-france\/"]}]},{"@type":"BreadcrumbList","@id":"https:\/\/www.ecinews.fr\/fr\/renault-signe-avec-verkor-pour-une-gigafactory-de-batteries-en-france\/#breadcrumb","itemListElement":[{"@type":"ListItem","position":1,"name":"Home","item":"https:\/\/www.ecinews.fr\/fr\/"},{"@type":"ListItem","position":2,"name":"Renault signe avec Verkor pour une gigafactory de batteries en France"}]},{"@type":"WebSite","@id":"https:\/\/www.eenewseurope.com\/en\/#website","url":"https:\/\/www.eenewseurope.com\/en\/","name":"EENewsEurope","description":"Just another WordPress site","publisher":{"@id":"https:\/\/www.eenewseurope.com\/en\/#organization"},"potentialAction":[{"@type":"SearchAction","target":{"@type":"EntryPoint","urlTemplate":"https:\/\/www.eenewseurope.com\/en\/?s={search_term_string}"},"query-input":"required name=search_term_string"}],"inLanguage":"fr-FR"},{"@type":"Organization","@id":"https:\/\/www.eenewseurope.com\/en\/#organization","name":"EENewsEurope","url":"https:\/\/www.eenewseurope.com\/en\/","logo":{"@type":"ImageObject","inLanguage":"fr-FR","@id":"https:\/\/www.eenewseurope.com\/en\/#\/schema\/logo\/image\/","url":"https:\/\/www.ecinews.fr\/wp-content\/uploads\/2022\/02\/logo-1.jpg","contentUrl":"https:\/\/www.ecinews.fr\/wp-content\/uploads\/2022\/02\/logo-1.jpg","width":283,"height":113,"caption":"EENewsEurope"},"image":{"@id":"https:\/\/www.eenewseurope.com\/en\/#\/schema\/logo\/image\/"}},{"@type":"Person","@id":"https:\/\/www.eenewseurope.com\/en\/#\/schema\/person\/c6b626c6c65f5e1e7794ce2d17b2ca82","name":"Wisse Hettinga","image":{"@type":"ImageObject","inLanguage":"fr-FR","@id":"https:\/\/www.eenewseurope.com\/en\/#\/schema\/person\/image\/5dc5f564ca306d7cb8b22735be49a465","url":"https:\/\/secure.gravatar.com\/avatar\/24a36fe68de56eac2a45cbaf9aa4bb58?s=96&d=mm&r=g","contentUrl":"https:\/\/secure.gravatar.com\/avatar\/24a36fe68de56eac2a45cbaf9aa4bb58?s=96&d=mm&r=g","caption":"Wisse Hettinga"}}]}},"authors":[{"term_id":1139,"user_id":7,"is_guest":0,"slug":"wisse-hettinga","display_name":"Wisse Hettinga","avatar_url":"https:\/\/secure.gravatar.com\/avatar\/24a36fe68de56eac2a45cbaf9aa4bb58?s=96&d=mm&r=g","0":null,"1":"","2":"","3":"","4":"","5":"","6":"","7":"","8":""}],"_links":{"self":[{"href":"https:\/\/www.ecinews.fr\/fr\/wp-json\/wp\/v2\/posts\/7783"}],"collection":[{"href":"https:\/\/www.ecinews.fr\/fr\/wp-json\/wp\/v2\/posts"}],"about":[{"href":"https:\/\/www.ecinews.fr\/fr\/wp-json\/wp\/v2\/types\/post"}],"author":[{"embeddable":true,"href":"https:\/\/www.ecinews.fr\/fr\/wp-json\/wp\/v2\/users\/7"}],"replies":[{"embeddable":true,"href":"https:\/\/www.ecinews.fr\/fr\/wp-json\/wp\/v2\/comments?post=7783"}],"version-history":[{"count":0,"href":"https:\/\/www.ecinews.fr\/fr\/wp-json\/wp\/v2\/posts\/7783\/revisions"}],"wp:featuredmedia":[{"embeddable":true,"href":"https:\/\/www.ecinews.fr\/fr\/wp-json\/wp\/v2\/media\/7784"}],"wp:attachment":[{"href":"https:\/\/www.ecinews.fr\/fr\/wp-json\/wp\/v2\/media?parent=7783"}],"wp:term":[{"taxonomy":"category","embeddable":true,"href":"https:\/\/www.ecinews.fr\/fr\/wp-json\/wp\/v2\/categories?post=7783"},{"taxonomy":"post_tag","embeddable":true,"href":"https:\/\/www.ecinews.fr\/fr\/wp-json\/wp\/v2\/tags?post=7783"},{"taxonomy":"domains","embeddable":true,"href":"https:\/\/www.ecinews.fr\/fr\/wp-json\/wp\/v2\/domains?post=7783"},{"taxonomy":"author","embeddable":true,"href":"https:\/\/www.ecinews.fr\/fr\/wp-json\/wp\/v2\/ppma_author?post=7783"}],"curies":[{"name":"wp","href":"https:\/\/api.w.org\/{rel}","templated":true}]}}