{"id":76374,"date":"2019-09-10T16:45:52","date_gmt":"2019-09-10T16:45:52","guid":{"rendered":"https:\/\/\/selon-wsts-la-baisse-du-marche-2019-des-semiconducteurs-sera-de-13\/"},"modified":"2019-09-10T16:45:52","modified_gmt":"2019-09-10T16:45:52","slug":"selon-wsts-la-baisse-du-marche-2019-des-semiconducteurs-sera-de-13","status":"publish","type":"post","link":"https:\/\/www.ecinews.fr\/fr\/selon-wsts-la-baisse-du-marche-2019-des-semiconducteurs-sera-de-13\/","title":{"rendered":"Selon WSTS la baisse du march\u00e9 2019 des semiconducteurs sera de 13%"},"content":{"rendered":"<p><span class=\"tlid-translation translation\" lang=\"fr\">Alors que WSTS pr\u00e9voyait auparavant une contraction du march\u00e9 de 12,1% en 2019 et une croissance de 5,4% en 2020 (voir <a href=\"https:\/\/www.electronique-eci.com\/news\/le-marche-mondial-des-semi-conducteurs-en-baisse-de10-en-2019\">WSTS abaisse les pr\u00e9visions du march\u00e9 des puces<\/a>), l&rsquo;organisation pr\u00e9voit d\u00e9sormais une chute de 13,3% en 2019, suivie d&rsquo;une croissance plus faible de 4,8% en 2020.<\/span><\/p>\n<p><span class=\"tlid-translation translation\" lang=\"fr\">Cela se traduira par un march\u00e9 mondial des puces de 406,6 milliards de dollars en 2019 en baisee de plus de 62 milliards de dollards par rapport \u00e0 2018. Le march\u00e9 atteindrait 426,1 milliards de dollars en 2020, toujours inf\u00e9rieur \u00e0 2018 indique d\u00e9sormais l&rsquo;organisation. En 2020, toutes les r\u00e9gions g\u00e9ographiques devraient cro\u00eetre. L&rsquo;opto\u00e9lectronique devrait conna\u00eetre une croissance de 8,2%, tandis que tous les autres produits devraient afficher une croissance limit\u00e9e de 1 \u00e0 5% par rapport \u00e0 2019.<\/span><\/p>\n<p><span class=\"tlid-translation translation\" lang=\"fr\">I y a tout juste quelques mois, en mars 2019, le WSTS avait pr\u00e9dit que le march\u00e9 mondial des puces ne chuterait que de 3% et que, sans tenir compte des m\u00e9moires, il pourrait m\u00eame afficher une petite croissance. Comme les tensions commerciales entre les \u00c9tats-Unis et la Chine ont continu\u00e9 de s&rsquo;intensifier le march\u00e9 a continu\u00e9 \u00e0 ralentir en 2019.<\/span><\/p>\n<p>\u00e0 lire \u00e9galement:<\/p>\n<p><a href=\"https:\/\/www.electronique-eci.com\/news\/le-marche-des-semiconducteurs-perd-56-milliards-en-2019\">Le march\u00e9 des semiconducteurs perd $56 Milliards en 2019<\/a><\/p>\n<p><a href=\"https:\/\/www.electronique-eci.com\/news\/la-baisse-du-marche-des-semiconducteurs-saccelere-selon-ihs-markit\"><span class=\"tlid-translation translation\" lang=\"fr\" xml:lang=\"fr\">La baisse du march\u00e9 des semiconducteurs s&rsquo;acc\u00e9l\u00e8re selon IHS Markit <\/span><\/a><\/p>\n<p><a href=\"https:\/\/www.electronique-eci.com\/news\/la-chute-du-marche-des-semiconducteurs-impacte-les-etats-unis\">La chute du march\u00e9 des semiconducteurs impacte les \u00c9tats-Unis <\/a><\/p>\n<p><a href=\"https:\/\/www.electronique-eci.com\/news\/la-chute-du-marche-des-semiconducteurs-impacte-les-etats-unis\">STMicro en baisse au premier trimestre 2019 <\/a><\/p>\n<p><a href=\"https:\/\/www.electronique-eci.com\/news\/le-marche-mondial-des-semi-conducteurs-en-baisse-de10-en-2019\">Le march\u00e9 mondial des semi-conducteurs en baisse de10% en 2019? <\/a><\/p>\n<p><strong>Related links and articles: <\/strong><\/p>\n<p><a href=\"http:\/\/www.wsts.org\">www.wsts.org<\/a><\/p>\n<p><strong>News articles: <\/strong><\/p>\n<p><a href=\"https:\/\/www.eenewsanalog.com\/news\/wsts-dials-down-chip-market-forecast\">WSTS dials down the chip market forecast<\/a><\/p>\n<p><a href=\"https:\/\/www.eenewsanalog.com\/news\/chip-market-weakness-lingers-second-quarter\">Chip market weakness lingers in second quarter<\/a><\/p>\n<p><a href=\"https:\/\/www.eenewsanalog.com\/news\/faint-signs-chip-market-turn-slump-continues\">Faint signs of chip market turn as slump continues<\/a><\/p>\n<p><a href=\"https:\/\/www.eenewsanalog.com\/news\/chip-market-fall-10-2019-then-rebound\">Chip market to fall 10% in 2019, then rebound<\/a><\/p>\n","protected":false},"excerpt":{"rendered":"<p>L&rsquo;organisation WSTS (World Semiconductor Trade Statistics) a recalcul\u00e9 ses pr\u00e9visions du march\u00e9 des puces faites au printemps 2019 en utilisant les chiffres r\u00e9els du 2T19, entra\u00eenant une nouvelle r\u00e9duction des perspectives pour les ann\u00e9es 2019 et 2020.<\/p>\n","protected":false},"author":22,"featured_media":76375,"comment_status":"closed","ping_status":"closed","sticky":false,"template":"","format":"standard","meta":{"_acf_changed":false,"footnotes":""},"categories":[880],"tags":[889,920,893,891,909,894,912,895,896,897,898,899,900,901,902,903,919,892,913,904,905,906,907,908,890,916,910,917,911,914,915],"domains":[47],"ppma_author":[1149],"class_list":["post-76374","post","type-post","status-publish","format-standard","has-post-thumbnail","hentry","category-actualites-economiques","tag-analog-fr","tag-artificialintelligence-fr","tag-authentication-encryption-fr","tag-automotive-fr","tag-batteries-power-supplies-fr","tag-boards-embedded-cards-fr","tag-dataacquisition-fr","tag-developmentkits-fr","tag-digitalsignalprocessing-fr","tag-displays-interfaces-fr","tag-distributors-fr","tag-eda-cad-tools-fr","tag-electromechanical-fr","tag-energyharvesting-fr","tag-flexibleelectronics-fr","tag-interconnect-cables-fr","tag-iot-fr","tag-ledlighting-fr","tag-materials-processes-fr","tag-medicalelectronics-fr","tag-memory-data-storage-fr","tag-mpus-mcus-fr","tag-optoelectronics-fr","tag-plds-fpgas-asics-fr","tag-powermanagement-fr","tag-rf-transmission-fr","tag-sensing-conditioning-fr","tag-software-embedded-tools-fr","tag-testandmeasurement-fr","tag-wearables-fr","tag-wireless-communications-fr","domains-electronique-eci"],"acf":[],"yoast_head":"<title>Selon WSTS la baisse du march\u00e9 2019 des semiconducteurs sera d...<\/title>\n<meta name=\"description\" content=\"L&#039;organisation WSTS (World Semiconductor Trade Statistics) a recalcul\u00e9 ses pr\u00e9visions du march\u00e9 des puces faites au printemps 2019 en utilisant les...\" \/>\n<meta name=\"robots\" content=\"index, follow, max-snippet:-1, max-image-preview:large, max-video-preview:-1\" \/>\n<link rel=\"canonical\" href=\"https:\/\/www.ecinews.fr\/fr\/wp-json\/wp\/v2\/posts\/76374\/\" \/>\n<meta property=\"og:locale\" content=\"fr_FR\" \/>\n<meta property=\"og:type\" content=\"article\" \/>\n<meta property=\"og:title\" content=\"Selon WSTS la baisse du march\u00e9 2019 des semiconducteurs sera de 13%\" \/>\n<meta property=\"og:description\" content=\"L&#039;organisation WSTS (World Semiconductor Trade Statistics) a recalcul\u00e9 ses pr\u00e9visions du march\u00e9 des puces faites au printemps 2019 en utilisant les chiffres r\u00e9els du 2T19, entra\u00eenant une nouvelle r\u00e9duction des perspectives pour les ann\u00e9es 2019 et 2020.\" \/>\n<meta property=\"og:url\" content=\"https:\/\/www.ecinews.fr\/fr\/wp-json\/wp\/v2\/posts\/76374\/\" \/>\n<meta property=\"og:site_name\" content=\"EENewsEurope\" \/>\n<meta property=\"article:published_time\" content=\"2019-09-10T16:45:52+00:00\" \/>\n<meta property=\"og:image\" content=\"https:\/\/www.ecinews.fr\/wp-content\/uploads\/import\/default\/files\/images\/01-picture-library\/PeterClarke\/Business\/marketdown525.jpg\" \/>\n\t<meta property=\"og:image:width\" content=\"525\" \/>\n\t<meta property=\"og:image:height\" content=\"350\" \/>\n\t<meta property=\"og:image:type\" content=\"image\/jpeg\" \/>\n<meta name=\"author\" content=\"eeNews Europe\" \/>\n<meta name=\"twitter:card\" content=\"summary_large_image\" \/>\n<meta name=\"twitter:label1\" content=\"Written by\" \/>\n\t<meta name=\"twitter:data1\" content=\"eeNews Europe\" \/>\n\t<meta name=\"twitter:label2\" content=\"Est. reading time\" \/>\n\t<meta name=\"twitter:data2\" content=\"1 minute\" \/>\n<script type=\"application\/ld+json\" class=\"yoast-schema-graph\">{\"@context\":\"https:\/\/schema.org\",\"@graph\":[{\"@type\":\"Article\",\"@id\":\"https:\/\/www.ecinews.fr\/fr\/selon-wsts-la-baisse-du-marche-2019-des-semiconducteurs-sera-de-13\/#article\",\"isPartOf\":{\"@id\":\"https:\/\/www.ecinews.fr\/fr\/selon-wsts-la-baisse-du-marche-2019-des-semiconducteurs-sera-de-13\/\"},\"author\":{\"name\":\"eeNews Europe\",\"@id\":\"https:\/\/www.eenewseurope.com\/en\/#\/schema\/person\/9eff4051fa9dac8230052de45e32b0f4\"},\"headline\":\"Selon WSTS la baisse du march\u00e9 2019 des semiconducteurs sera de 13%\",\"datePublished\":\"2019-09-10T16:45:52+00:00\",\"dateModified\":\"2019-09-10T16:45:52+00:00\",\"mainEntityOfPage\":{\"@id\":\"https:\/\/www.ecinews.fr\/fr\/selon-wsts-la-baisse-du-marche-2019-des-semiconducteurs-sera-de-13\/\"},\"wordCount\":274,\"publisher\":{\"@id\":\"https:\/\/www.eenewseurope.com\/en\/#organization\"},\"keywords\":[\"Analog\",\"ArtificialIntelligence\",\"Authentication &amp; Encryption\",\"Automotive\",\"Batteries \/ Power Supplies\",\"Boards &amp; Embedded Cards\",\"DataAcquisition\",\"DevelopmentKits\",\"DigitalSignalProcessing\",\"Displays &amp; Interfaces\",\"Distributors\",\"EDA &amp; CAD tools\",\"Electromechanical\",\"EnergyHarvesting\",\"FlexibleElectronics\",\"Interconnect &amp; cables\",\"IoT\",\"LEDlighting\",\"Materials &amp; processes\",\"MedicalElectronics\",\"Memory &amp; Data Storage\",\"MPUs\/MCUs\",\"Optoelectronics\",\"PLDs\/FPGAs\/ASICs\",\"PowerManagement\",\"RF transmission\",\"Sensing \/ Conditioning\",\"Software &amp; Embedded tools\",\"TestandMeasurement\",\"Wearables\",\"Wireless Communications\"],\"articleSection\":[\"Actualit\u00e9s \u00e9conomiques\"],\"inLanguage\":\"fr-FR\"},{\"@type\":\"WebPage\",\"@id\":\"https:\/\/www.ecinews.fr\/fr\/selon-wsts-la-baisse-du-marche-2019-des-semiconducteurs-sera-de-13\/\",\"url\":\"https:\/\/www.ecinews.fr\/fr\/selon-wsts-la-baisse-du-marche-2019-des-semiconducteurs-sera-de-13\/\",\"name\":\"Selon WSTS la baisse du march\u00e9 2019 des semiconducteurs sera de 13% -\",\"isPartOf\":{\"@id\":\"https:\/\/www.eenewseurope.com\/en\/#website\"},\"datePublished\":\"2019-09-10T16:45:52+00:00\",\"dateModified\":\"2019-09-10T16:45:52+00:00\",\"breadcrumb\":{\"@id\":\"https:\/\/www.ecinews.fr\/fr\/selon-wsts-la-baisse-du-marche-2019-des-semiconducteurs-sera-de-13\/#breadcrumb\"},\"inLanguage\":\"fr-FR\",\"potentialAction\":[{\"@type\":\"ReadAction\",\"target\":[\"https:\/\/www.ecinews.fr\/fr\/selon-wsts-la-baisse-du-marche-2019-des-semiconducteurs-sera-de-13\/\"]}]},{\"@type\":\"BreadcrumbList\",\"@id\":\"https:\/\/www.ecinews.fr\/fr\/selon-wsts-la-baisse-du-marche-2019-des-semiconducteurs-sera-de-13\/#breadcrumb\",\"itemListElement\":[{\"@type\":\"ListItem\",\"position\":1,\"name\":\"Home\",\"item\":\"https:\/\/www.ecinews.fr\/fr\/\"},{\"@type\":\"ListItem\",\"position\":2,\"name\":\"Selon WSTS la baisse du march\u00e9 2019 des semiconducteurs sera de 13%\"}]},{\"@type\":\"WebSite\",\"@id\":\"https:\/\/www.eenewseurope.com\/en\/#website\",\"url\":\"https:\/\/www.eenewseurope.com\/en\/\",\"name\":\"EENewsEurope\",\"description\":\"Just another WordPress site\",\"publisher\":{\"@id\":\"https:\/\/www.eenewseurope.com\/en\/#organization\"},\"potentialAction\":[{\"@type\":\"SearchAction\",\"target\":{\"@type\":\"EntryPoint\",\"urlTemplate\":\"https:\/\/www.eenewseurope.com\/en\/?s={search_term_string}\"},\"query-input\":\"required name=search_term_string\"}],\"inLanguage\":\"fr-FR\"},{\"@type\":\"Organization\",\"@id\":\"https:\/\/www.eenewseurope.com\/en\/#organization\",\"name\":\"EENewsEurope\",\"url\":\"https:\/\/www.eenewseurope.com\/en\/\",\"logo\":{\"@type\":\"ImageObject\",\"inLanguage\":\"fr-FR\",\"@id\":\"https:\/\/www.eenewseurope.com\/en\/#\/schema\/logo\/image\/\",\"url\":\"https:\/\/www.ecinews.fr\/wp-content\/uploads\/2022\/02\/logo-1.jpg\",\"contentUrl\":\"https:\/\/www.ecinews.fr\/wp-content\/uploads\/2022\/02\/logo-1.jpg\",\"width\":283,\"height\":113,\"caption\":\"EENewsEurope\"},\"image\":{\"@id\":\"https:\/\/www.eenewseurope.com\/en\/#\/schema\/logo\/image\/\"}},{\"@type\":\"Person\",\"@id\":\"https:\/\/www.eenewseurope.com\/en\/#\/schema\/person\/9eff4051fa9dac8230052de45e32b0f4\",\"name\":\"eeNews Europe\",\"image\":{\"@type\":\"ImageObject\",\"inLanguage\":\"fr-FR\",\"@id\":\"https:\/\/www.eenewseurope.com\/en\/#\/schema\/person\/image\/fae8f0cb15861c4ae0ed4872e2c9fc22\",\"url\":\"https:\/\/secure.gravatar.com\/avatar\/5081509054e28b04ecd976976e723ce0?s=96&d=mm&r=g\",\"contentUrl\":\"https:\/\/secure.gravatar.com\/avatar\/5081509054e28b04ecd976976e723ce0?s=96&d=mm&r=g\",\"caption\":\"eeNews Europe\"}}]}<\/script>","yoast_head_json":{"title":"Selon WSTS la baisse du march\u00e9 2019 des semiconducteurs sera d...","description":"L'organisation WSTS (World Semiconductor Trade Statistics) a recalcul\u00e9 ses pr\u00e9visions du march\u00e9 des puces faites au printemps 2019 en utilisant les...","robots":{"index":"index","follow":"follow","max-snippet":"max-snippet:-1","max-image-preview":"max-image-preview:large","max-video-preview":"max-video-preview:-1"},"canonical":"https:\/\/www.ecinews.fr\/fr\/wp-json\/wp\/v2\/posts\/76374\/","og_locale":"fr_FR","og_type":"article","og_title":"Selon WSTS la baisse du march\u00e9 2019 des semiconducteurs sera de 13%","og_description":"L'organisation WSTS (World Semiconductor Trade Statistics) a recalcul\u00e9 ses pr\u00e9visions du march\u00e9 des puces faites au printemps 2019 en utilisant les chiffres r\u00e9els du 2T19, entra\u00eenant une nouvelle r\u00e9duction des perspectives pour les ann\u00e9es 2019 et 2020.","og_url":"https:\/\/www.ecinews.fr\/fr\/wp-json\/wp\/v2\/posts\/76374\/","og_site_name":"EENewsEurope","article_published_time":"2019-09-10T16:45:52+00:00","og_image":[{"width":525,"height":350,"url":"https:\/\/www.ecinews.fr\/wp-content\/uploads\/import\/default\/files\/images\/01-picture-library\/PeterClarke\/Business\/marketdown525.jpg","type":"image\/jpeg"}],"author":"eeNews Europe","twitter_card":"summary_large_image","twitter_misc":{"Written by":"eeNews Europe","Est. reading time":"1 minute"},"schema":{"@context":"https:\/\/schema.org","@graph":[{"@type":"Article","@id":"https:\/\/www.ecinews.fr\/fr\/selon-wsts-la-baisse-du-marche-2019-des-semiconducteurs-sera-de-13\/#article","isPartOf":{"@id":"https:\/\/www.ecinews.fr\/fr\/selon-wsts-la-baisse-du-marche-2019-des-semiconducteurs-sera-de-13\/"},"author":{"name":"eeNews Europe","@id":"https:\/\/www.eenewseurope.com\/en\/#\/schema\/person\/9eff4051fa9dac8230052de45e32b0f4"},"headline":"Selon WSTS la baisse du march\u00e9 2019 des semiconducteurs sera de 13%","datePublished":"2019-09-10T16:45:52+00:00","dateModified":"2019-09-10T16:45:52+00:00","mainEntityOfPage":{"@id":"https:\/\/www.ecinews.fr\/fr\/selon-wsts-la-baisse-du-marche-2019-des-semiconducteurs-sera-de-13\/"},"wordCount":274,"publisher":{"@id":"https:\/\/www.eenewseurope.com\/en\/#organization"},"keywords":["Analog","ArtificialIntelligence","Authentication &amp; Encryption","Automotive","Batteries \/ Power Supplies","Boards &amp; Embedded Cards","DataAcquisition","DevelopmentKits","DigitalSignalProcessing","Displays &amp; Interfaces","Distributors","EDA &amp; CAD tools","Electromechanical","EnergyHarvesting","FlexibleElectronics","Interconnect &amp; cables","IoT","LEDlighting","Materials &amp; processes","MedicalElectronics","Memory &amp; Data Storage","MPUs\/MCUs","Optoelectronics","PLDs\/FPGAs\/ASICs","PowerManagement","RF transmission","Sensing \/ Conditioning","Software &amp; Embedded tools","TestandMeasurement","Wearables","Wireless Communications"],"articleSection":["Actualit\u00e9s \u00e9conomiques"],"inLanguage":"fr-FR"},{"@type":"WebPage","@id":"https:\/\/www.ecinews.fr\/fr\/selon-wsts-la-baisse-du-marche-2019-des-semiconducteurs-sera-de-13\/","url":"https:\/\/www.ecinews.fr\/fr\/selon-wsts-la-baisse-du-marche-2019-des-semiconducteurs-sera-de-13\/","name":"Selon WSTS la baisse du march\u00e9 2019 des semiconducteurs sera de 13% -","isPartOf":{"@id":"https:\/\/www.eenewseurope.com\/en\/#website"},"datePublished":"2019-09-10T16:45:52+00:00","dateModified":"2019-09-10T16:45:52+00:00","breadcrumb":{"@id":"https:\/\/www.ecinews.fr\/fr\/selon-wsts-la-baisse-du-marche-2019-des-semiconducteurs-sera-de-13\/#breadcrumb"},"inLanguage":"fr-FR","potentialAction":[{"@type":"ReadAction","target":["https:\/\/www.ecinews.fr\/fr\/selon-wsts-la-baisse-du-marche-2019-des-semiconducteurs-sera-de-13\/"]}]},{"@type":"BreadcrumbList","@id":"https:\/\/www.ecinews.fr\/fr\/selon-wsts-la-baisse-du-marche-2019-des-semiconducteurs-sera-de-13\/#breadcrumb","itemListElement":[{"@type":"ListItem","position":1,"name":"Home","item":"https:\/\/www.ecinews.fr\/fr\/"},{"@type":"ListItem","position":2,"name":"Selon WSTS la baisse du march\u00e9 2019 des semiconducteurs sera de 13%"}]},{"@type":"WebSite","@id":"https:\/\/www.eenewseurope.com\/en\/#website","url":"https:\/\/www.eenewseurope.com\/en\/","name":"EENewsEurope","description":"Just another WordPress site","publisher":{"@id":"https:\/\/www.eenewseurope.com\/en\/#organization"},"potentialAction":[{"@type":"SearchAction","target":{"@type":"EntryPoint","urlTemplate":"https:\/\/www.eenewseurope.com\/en\/?s={search_term_string}"},"query-input":"required name=search_term_string"}],"inLanguage":"fr-FR"},{"@type":"Organization","@id":"https:\/\/www.eenewseurope.com\/en\/#organization","name":"EENewsEurope","url":"https:\/\/www.eenewseurope.com\/en\/","logo":{"@type":"ImageObject","inLanguage":"fr-FR","@id":"https:\/\/www.eenewseurope.com\/en\/#\/schema\/logo\/image\/","url":"https:\/\/www.ecinews.fr\/wp-content\/uploads\/2022\/02\/logo-1.jpg","contentUrl":"https:\/\/www.ecinews.fr\/wp-content\/uploads\/2022\/02\/logo-1.jpg","width":283,"height":113,"caption":"EENewsEurope"},"image":{"@id":"https:\/\/www.eenewseurope.com\/en\/#\/schema\/logo\/image\/"}},{"@type":"Person","@id":"https:\/\/www.eenewseurope.com\/en\/#\/schema\/person\/9eff4051fa9dac8230052de45e32b0f4","name":"eeNews Europe","image":{"@type":"ImageObject","inLanguage":"fr-FR","@id":"https:\/\/www.eenewseurope.com\/en\/#\/schema\/person\/image\/fae8f0cb15861c4ae0ed4872e2c9fc22","url":"https:\/\/secure.gravatar.com\/avatar\/5081509054e28b04ecd976976e723ce0?s=96&d=mm&r=g","contentUrl":"https:\/\/secure.gravatar.com\/avatar\/5081509054e28b04ecd976976e723ce0?s=96&d=mm&r=g","caption":"eeNews Europe"}}]}},"authors":[{"term_id":1149,"user_id":22,"is_guest":0,"slug":"eenews-europe","display_name":"eeNews Europe","avatar_url":"https:\/\/secure.gravatar.com\/avatar\/5081509054e28b04ecd976976e723ce0?s=96&d=mm&r=g","0":null,"1":"","2":"","3":"","4":"","5":"","6":"","7":"","8":""}],"_links":{"self":[{"href":"https:\/\/www.ecinews.fr\/fr\/wp-json\/wp\/v2\/posts\/76374"}],"collection":[{"href":"https:\/\/www.ecinews.fr\/fr\/wp-json\/wp\/v2\/posts"}],"about":[{"href":"https:\/\/www.ecinews.fr\/fr\/wp-json\/wp\/v2\/types\/post"}],"author":[{"embeddable":true,"href":"https:\/\/www.ecinews.fr\/fr\/wp-json\/wp\/v2\/users\/22"}],"replies":[{"embeddable":true,"href":"https:\/\/www.ecinews.fr\/fr\/wp-json\/wp\/v2\/comments?post=76374"}],"version-history":[{"count":0,"href":"https:\/\/www.ecinews.fr\/fr\/wp-json\/wp\/v2\/posts\/76374\/revisions"}],"wp:featuredmedia":[{"embeddable":true,"href":"https:\/\/www.ecinews.fr\/fr\/wp-json\/wp\/v2\/media\/76375"}],"wp:attachment":[{"href":"https:\/\/www.ecinews.fr\/fr\/wp-json\/wp\/v2\/media?parent=76374"}],"wp:term":[{"taxonomy":"category","embeddable":true,"href":"https:\/\/www.ecinews.fr\/fr\/wp-json\/wp\/v2\/categories?post=76374"},{"taxonomy":"post_tag","embeddable":true,"href":"https:\/\/www.ecinews.fr\/fr\/wp-json\/wp\/v2\/tags?post=76374"},{"taxonomy":"domains","embeddable":true,"href":"https:\/\/www.ecinews.fr\/fr\/wp-json\/wp\/v2\/domains?post=76374"},{"taxonomy":"author","embeddable":true,"href":"https:\/\/www.ecinews.fr\/fr\/wp-json\/wp\/v2\/ppma_author?post=76374"}],"curies":[{"name":"wp","href":"https:\/\/api.w.org\/{rel}","templated":true}]}}