{"id":73504,"date":"2019-10-15T22:31:44","date_gmt":"2019-10-15T22:31:44","guid":{"rendered":"https:\/\/\/automobile-de-demain-les-industriels-sassocient-a-lece-pour-preparer-les-besoins-en-competences\/"},"modified":"2019-10-15T22:31:44","modified_gmt":"2019-10-15T22:31:44","slug":"automobile-de-demain-les-industriels-sassocient-a-lece-pour-preparer-les-besoins-en-competences","status":"publish","type":"post","link":"https:\/\/www.ecinews.fr\/fr\/automobile-de-demain-les-industriels-sassocient-a-lece-pour-preparer-les-besoins-en-competences\/","title":{"rendered":"Automobile de demain : les industriels s\u2019associent \u00e0 l\u2019ECE pour pr\u00e9parer les besoins en comp\u00e9tences"},"content":{"rendered":"<p><strong><u>L\u2019automobile, fer de lance de l\u2019industrie doit faire face \u00e0 de nouveaux grands enjeux disruptifs<\/u><\/strong><\/p>\n<p>Le secteur automobile est depuis longtemps l\u2019un des fleurons de l\u2019industrie fran\u00e7aise. Premi\u00e8re industrie qui investit le plus en R&amp;D, elle&nbsp;repr\u00e9sente&nbsp;aujourd\u2019hui&nbsp;400.000 emplois et recrute 25.000 personnes par an, dont 8.000 ing\u00e9nieurs.&nbsp;<\/p>\n<p>En mai 2018,&nbsp;la Plateforme automobile (PFA), qui rassemble la fili\u00e8re automobile en France,&nbsp;a sign\u00e9 avec le gouvernement un contrat strat\u00e9gique de fili\u00e8re. Celui-ci&nbsp;a \u00e9labor\u00e9&nbsp;une feuille de route sur 5 ans entra\u00eenant des engagements r\u00e9ciproques entre les industriels de l\u2019automobile et les entreprises du secteur afin de d\u00e9finir les grands enjeux, et garantir la survie et l\u2019excellence de l\u2019industrie automobile fran\u00e7aise.&nbsp;4 grands axes ont \u00e9t\u00e9 retenus&nbsp;: le v\u00e9hicule \u00e9lectrique, le v\u00e9hicule autonome et connect\u00e9, l\u2019appr\u00e9hension des nouveaux m\u00e9tiers et comp\u00e9tences n\u00e9cessaires,&nbsp;et&nbsp;le d\u00e9veloppement d\u2019initiatives&nbsp;afin de conserver la comp\u00e9titivit\u00e9 de la fili\u00e8re.&nbsp;<\/p>\n<p>L\u2019industrie automobile conna\u00eet une v\u00e9ritable r\u00e9volution&nbsp;: elle fait face \u00e0&nbsp;3 grandes disruptions&nbsp;majeures qui, transformant profond\u00e9ment l\u2019industrie, exigent des besoins sans pr\u00e9c\u00e9dent en nouvelles comp\u00e9tences&nbsp;: des disruptions technologique, digitale et soci\u00e9tale.&nbsp;Face \u00e0 de tels d\u00e9fis, elle est donc conduite \u00e0 des efforts massifs d\u2019innovation, en particulier dans le domaine de la connectivit\u00e9 et du v\u00e9hicule autonome. Le syst\u00e8me embarqu\u00e9 repr\u00e9sentera bient\u00f4t plus de la moiti\u00e9 des co\u00fbts de d\u00e9veloppement des v\u00e9hicules, et les t\u00e9l\u00e9communications et l\u2019intelligence artificielle joueront un r\u00f4le d\u00e9terminant dans le v\u00e9hicule de demain.&nbsp;Jamais les besoins en ing\u00e9nieurs form\u00e9s \u00e0 ces enjeux d\u2019avenir n\u2019ont \u00e9t\u00e9 aussi grands.&nbsp;<\/p>\n<p>\n<strong><u>Le rapprochement de l\u2019industrie automobile \u00e0&nbsp;l\u2019ECE<\/u><\/strong><\/p>\n<p>Dans ce contexte, la fili\u00e8re automobile pilote le projet \u2018Attractivit\u00e9, Comp\u00e9titivit\u00e9, Emploi\u2019 dans le cadre d\u2019un&nbsp;Programme d\u2019Investissement d\u2019Avenir (PIA) avec pour enjeu l\u2019ad\u00e9quation entre l\u2019offre de formations et ces nouveaux d\u00e9fis de l\u2019industrie automobile et pour objet le co-financement de projets p\u00e9dagogiques structurants pour la fili\u00e8re. PFA,&nbsp;pilote du PIA, a lanc\u00e9 un appel \u00e0 projet&nbsp;destin\u00e9 \u00e0 mettre en place de nouvelles formations pour r\u00e9pondre aux besoins de l\u2019industrie.&nbsp;<\/p>\n<p>C\u2019est dans ce cadre que la proposition d\u2019ECE a \u00e9t\u00e9 retenue.&nbsp;L\u2019ECE a toujours \u00e9t\u00e9, depuis sa cr\u00e9ation, au c\u0153ur des technologies high-tech, et a notamment cr\u00e9\u00e9 la 1\u00e8re&nbsp;fili\u00e8re \u00ab&nbsp;Syst\u00e8mes Embarqu\u00e9s&nbsp;\u00bb il y a 20 ans.&nbsp;Reconnue pour la qualit\u00e9 de son projet p\u00e9dagogique et de ses dipl\u00f4m\u00e9s, l\u2019\u00e9cole dispose d\u2019une grande exp\u00e9rience dans l\u2019adaptation au futur technologique. Sa politique de formation s\u2019appuie sur ses liens forts avec&nbsp;le monde \u00e9conomique, et notamment des entreprises incontournables de l\u2019industrie automobile.&nbsp;Sa p\u00e9dagogie a re\u00e7u un label IDEFI (Initiative D\u2019Excellence en Formation Innovante) dans le cadre des Investissement d\u2019Avenir.<\/p>\n<p>\n<strong><u>La cr\u00e9ation d\u2019une formation innovante co-construite et adapt\u00e9e aux besoins des industriels&nbsp;<\/u><\/strong><\/p>\n<p>ECE a mont\u00e9 un comit\u00e9 de pilotage avec les acteurs, \u00e9quipementiers et grands constructeurs de l\u2019industrie automobile afin de cr\u00e9er une formation destin\u00e9e \u00e0&nbsp;r\u00e9pondre aux m\u00e9tiers en tension, d\u00e9finir les comp\u00e9tences dont ils auront besoin&nbsp;et fournir \u00e0 l\u2019industrie les ing\u00e9nieurs n\u00e9cessaires.<\/p>\n<p>C\u2019est ainsi qu\u2019est n\u00e9e la majeure&nbsp;\u00ab&nbsp;V\u00e9hicule Connect\u00e9&nbsp;&amp;&nbsp;Autonome&nbsp;MOBILITECH&nbsp;\u00bb.&nbsp;Destin\u00e9e aux \u00e9l\u00e8ves de 3\u00e8me&nbsp;ann\u00e9e \u00e0 l\u2019ECE,&nbsp;la formation accueillera en cette rentr\u00e9e 2019&nbsp;32 \u00e9l\u00e8ves en formation&nbsp;initiale.&nbsp;L\u2019\u00e9cole attend une centaine d\u2019\u00e9l\u00e8ve dans ce programme d\u2019ici 3 ans.<\/p>\n<p>La premi\u00e8re promotion de la majeure \u00ab&nbsp;V\u00e9hicule Connect\u00e9&nbsp;&amp;&nbsp;Autonome&nbsp;MOBILITECH&nbsp;\u00bb sera accompagn\u00e9e par&nbsp;deux marraines&nbsp;:&nbsp;Nadine Leclair, SVP, Expert Fellow du Groupe Renault, ainsi que&nbsp;Carla Gohin, CTO du Groupe PSA.<br \/>\n7 entreprises partenaires impliqu\u00e9es dans la formation&nbsp;:&nbsp;AVL, Faurecia, PSA, Renault, Transdev, Valeo, Vector.<\/p>\n<p>Chaque partenaire interviendra en moyenne une vingtaine d\u2019heures aupr\u00e8s des \u00e9l\u00e8ves au cours de l\u2019ann\u00e9e. Ils s\u2019impliqueront \u00e9galement dans les projets de fin d\u2019\u00e9tudes en proposant des sujets de travail. Il est \u00e9galement pr\u00e9vu qu\u2019ils proposent des stages ainsi que des contrats d\u2019apprentissage aux \u00e9l\u00e8ves de l\u2019ECE ayant choisi cette majeure.&nbsp;La formation marque la premi\u00e8re collaboration entre Renault et PSA pour former les ing\u00e9nieurs du futur. &nbsp;<\/p>\n<p>Au niveau de la p\u00e9dagogie,&nbsp;\u00ab&nbsp;V\u00e9hicule Connect\u00e9&nbsp;&amp;&nbsp;Autonome&nbsp;MOBILITECH&nbsp;\u00bb sera compos\u00e9e de&nbsp;4 modules uniques en France, qui permettront aux \u00e9l\u00e8ves d\u2019acqu\u00e9rir une vision globale des enjeux&nbsp;li\u00e9s au v\u00e9hicule connect\u00e9 et autonome&nbsp;:<\/p>\n<p>&#8211;&nbsp;Module 1&nbsp;: V\u00e9hicule Usage Clients (20h)&nbsp;<\/p>\n<p>\u00c9tude des enjeux g\u00e9n\u00e9rationnels, soci\u00e9taux et des attentes des clients.<\/p>\n<p>&#8211;&nbsp;Module 2&nbsp;: V\u00e9hicule Architecture et Outils (85h)<\/p>\n<p>\u00c9tude de l\u2019architecture syst\u00e8me, logicielle et \u00e9lectronique, de l\u2019engineering syst\u00e8me. Ce module a \u00e9t\u00e9 construit avec une vision Top\/Down, et b\u00e9n\u00e9ficiera de la participation des entreprises Renault, AVL, Vector et Valeo. Tr\u00e8s ax\u00e9 sur la pratique, il permettra aux \u00e9tudiants de se perfectionner aux logiciels VECTOR et MATLAB\/SIMULINK. L\u2019ECE a investi dans une cha\u00eene compl\u00e8te VECTOR install\u00e9e sur chaque poste dans une salle de laboratoire.&nbsp;<\/p>\n<p>&#8211;&nbsp;Module 3&nbsp;: V\u00e9hicule Connect\u00e9 (35h)<\/p>\n<p>Cybers\u00e9curit\u00e9, Car to X (v\u00e9hicule to infrastructure), communication (VCA 4G, 5G, Wifi, Lifi), logiciel embarqu\u00e9 vs. D\u00e9barqu\u00e9. Ce module a \u00e9t\u00e9 construit en partenariat avec FAURECIA\/TRANSDEV.<\/p>\n<p>&#8211;&nbsp;Module 4&nbsp;: V\u00e9hicule Autonome (50h)<\/p>\n<p>Capteurs, fusion de donn\u00e9es, suret\u00e9 de fonctionnement, architecture ADAS, intelligence artificielle. Ce module a \u00e9t\u00e9 construit en collaboration avec Renault\/PSA.&nbsp;<\/p>\n<p>En plus de ces 190h de formation, les \u00e9tudiants travailleront en \u00e9quipe de 5 sur un projet avec r\u00e9alisation technique avec un acteur industriel. Ils devront \u00e9galement r\u00e9aliser un stage de 100 jours minimum.&nbsp;<\/p>\n<p>\u00ab&nbsp;L\u2019ECE est une marque nationale, visible dans le paysage des grandes \u00e9coles d\u2019ing\u00e9nieurs fran\u00e7aises et reconnue pour la qualit\u00e9 de son projet p\u00e9dagogique et de ses dipl\u00f4m\u00e9s. Sa politique de formation s\u2019appuie sur ses liens forts avec le monde \u00e9conomique, et notamment avec des entreprises incontournables de l\u2019industrie automobile.&nbsp;Il est donc tout naturel que l\u2019ECE se positionne d\u00e8s aujourd\u2019hui pour former les ing\u00e9nieurs automobile de demain. Gr\u00e2ce \u00e0 cette nouvelle majeure, fruit de l\u2019expertise de l\u2019\u00e9cole et de ses partenariats avec de grandes entreprises automobiles, l\u2019ECE pourra r\u00e9pondre au plus vite aux besoins des acteurs du secteur \u00bb&nbsp;explique Christophe Baujault, directeur g\u00e9n\u00e9ral de l\u2019ECE.&nbsp;<\/p>\n","protected":false},"excerpt":{"rendered":"<p>L\u2019ECE Paris.Lyon, \u00e9cole d\u2019ing\u00e9nieurs g\u00e9n\u00e9raliste et high tech (INSEEC U.) propose d\u00e8s la rentr\u00e9e 2019 une nouvelle majeure innovante \u00ab V\u00e9hicule Connect\u00e9 &amp; Autonome MOBILITECH \u00bb, cr\u00e9\u00e9e en association avec les industriels de l\u2019automobile fran\u00e7ais. Elle a pour vocation de former les ing\u00e9nieurs du monde automobile de demain : des experts connect\u00e9s et acteurs des transformations auxquelles sera confront\u00e9e la fili\u00e8re.<\/p>\n","protected":false},"author":9,"featured_media":73505,"comment_status":"closed","ping_status":"closed","sticky":false,"template":"","format":"standard","meta":{"_acf_changed":false,"footnotes":""},"categories":[],"tags":[],"domains":[47],"ppma_author":[1141],"class_list":["post-73504","post","type-post","status-publish","format-standard","has-post-thumbnail","hentry","domains-electronique-eci"],"acf":[],"yoast_head":"<title>Automobile de demain : les industriels s\u2019associent \u00e0 l\u2019ECE...<\/title>\n<meta name=\"description\" content=\"L\u2019ECE Paris.Lyon, \u00e9cole d\u2019ing\u00e9nieurs g\u00e9n\u00e9raliste et high tech (INSEEC U.) propose d\u00e8s la rentr\u00e9e 2019 une nouvelle majeure innovante \u00ab V\u00e9hicule...\" \/>\n<meta name=\"robots\" content=\"index, follow, max-snippet:-1, max-image-preview:large, max-video-preview:-1\" \/>\n<link rel=\"canonical\" href=\"https:\/\/www.ecinews.fr\/fr\/wp-json\/wp\/v2\/posts\/73504\/\" \/>\n<meta property=\"og:locale\" content=\"fr_FR\" \/>\n<meta property=\"og:type\" content=\"article\" \/>\n<meta property=\"og:title\" content=\"Automobile de demain : les industriels s\u2019associent \u00e0 l\u2019ECE pour pr\u00e9parer les besoins en comp\u00e9tences\" \/>\n<meta property=\"og:description\" content=\"L\u2019ECE Paris.Lyon, \u00e9cole d\u2019ing\u00e9nieurs g\u00e9n\u00e9raliste et high tech (INSEEC U.) propose d\u00e8s la rentr\u00e9e 2019 une nouvelle majeure innovante \u00ab V\u00e9hicule Connect\u00e9 &amp; Autonome MOBILITECH \u00bb, cr\u00e9\u00e9e en association avec les industriels de l\u2019automobile fran\u00e7ais. Elle a pour vocation de former les ing\u00e9nieurs du monde automobile de demain : des experts connect\u00e9s et acteurs des transformations auxquelles sera confront\u00e9e la fili\u00e8re.\" \/>\n<meta property=\"og:url\" content=\"https:\/\/www.ecinews.fr\/fr\/wp-json\/wp\/v2\/posts\/73504\/\" \/>\n<meta property=\"og:site_name\" content=\"EENewsEurope\" \/>\n<meta property=\"article:published_time\" content=\"2019-10-15T22:31:44+00:00\" \/>\n<meta property=\"og:image\" content=\"https:\/\/www.ecinews.fr\/wp-content\/uploads\/import\/default\/files\/sites\/default\/files\/images\/eci8222_ece.jpg\" \/>\n\t<meta property=\"og:image:width\" content=\"443\" \/>\n\t<meta property=\"og:image:height\" content=\"463\" \/>\n\t<meta property=\"og:image:type\" content=\"image\/jpeg\" \/>\n<meta name=\"author\" content=\"Alain Dieul\" \/>\n<meta name=\"twitter:card\" content=\"summary_large_image\" \/>\n<meta name=\"twitter:label1\" content=\"Written by\" \/>\n\t<meta name=\"twitter:data1\" content=\"Alain Dieul\" \/>\n\t<meta name=\"twitter:label2\" content=\"Est. reading time\" \/>\n\t<meta name=\"twitter:data2\" content=\"6 minutes\" \/>\n<script type=\"application\/ld+json\" class=\"yoast-schema-graph\">{\"@context\":\"https:\/\/schema.org\",\"@graph\":[{\"@type\":\"Article\",\"@id\":\"https:\/\/www.ecinews.fr\/fr\/automobile-de-demain-les-industriels-sassocient-a-lece-pour-preparer-les-besoins-en-competences\/#article\",\"isPartOf\":{\"@id\":\"https:\/\/www.ecinews.fr\/fr\/automobile-de-demain-les-industriels-sassocient-a-lece-pour-preparer-les-besoins-en-competences\/\"},\"author\":{\"name\":\"Alain Dieul\",\"@id\":\"https:\/\/www.eenewseurope.com\/en\/#\/schema\/person\/568c789a4794bd460460501ba91f5daf\"},\"headline\":\"Automobile de demain : les industriels s\u2019associent \u00e0 l\u2019ECE pour pr\u00e9parer les besoins en comp\u00e9tences\",\"datePublished\":\"2019-10-15T22:31:44+00:00\",\"dateModified\":\"2019-10-15T22:31:44+00:00\",\"mainEntityOfPage\":{\"@id\":\"https:\/\/www.ecinews.fr\/fr\/automobile-de-demain-les-industriels-sassocient-a-lece-pour-preparer-les-besoins-en-competences\/\"},\"wordCount\":1227,\"publisher\":{\"@id\":\"https:\/\/www.eenewseurope.com\/en\/#organization\"},\"inLanguage\":\"fr-FR\"},{\"@type\":\"WebPage\",\"@id\":\"https:\/\/www.ecinews.fr\/fr\/automobile-de-demain-les-industriels-sassocient-a-lece-pour-preparer-les-besoins-en-competences\/\",\"url\":\"https:\/\/www.ecinews.fr\/fr\/automobile-de-demain-les-industriels-sassocient-a-lece-pour-preparer-les-besoins-en-competences\/\",\"name\":\"Automobile de demain : les industriels s\u2019associent \u00e0 l\u2019ECE pour pr\u00e9parer les besoins en comp\u00e9tences -\",\"isPartOf\":{\"@id\":\"https:\/\/www.eenewseurope.com\/en\/#website\"},\"datePublished\":\"2019-10-15T22:31:44+00:00\",\"dateModified\":\"2019-10-15T22:31:44+00:00\",\"breadcrumb\":{\"@id\":\"https:\/\/www.ecinews.fr\/fr\/automobile-de-demain-les-industriels-sassocient-a-lece-pour-preparer-les-besoins-en-competences\/#breadcrumb\"},\"inLanguage\":\"fr-FR\",\"potentialAction\":[{\"@type\":\"ReadAction\",\"target\":[\"https:\/\/www.ecinews.fr\/fr\/automobile-de-demain-les-industriels-sassocient-a-lece-pour-preparer-les-besoins-en-competences\/\"]}]},{\"@type\":\"BreadcrumbList\",\"@id\":\"https:\/\/www.ecinews.fr\/fr\/automobile-de-demain-les-industriels-sassocient-a-lece-pour-preparer-les-besoins-en-competences\/#breadcrumb\",\"itemListElement\":[{\"@type\":\"ListItem\",\"position\":1,\"name\":\"Home\",\"item\":\"https:\/\/www.ecinews.fr\/fr\/\"},{\"@type\":\"ListItem\",\"position\":2,\"name\":\"Automobile de demain : les industriels s\u2019associent \u00e0 l\u2019ECE pour pr\u00e9parer les besoins en comp\u00e9tences\"}]},{\"@type\":\"WebSite\",\"@id\":\"https:\/\/www.eenewseurope.com\/en\/#website\",\"url\":\"https:\/\/www.eenewseurope.com\/en\/\",\"name\":\"EENewsEurope\",\"description\":\"Just another WordPress site\",\"publisher\":{\"@id\":\"https:\/\/www.eenewseurope.com\/en\/#organization\"},\"potentialAction\":[{\"@type\":\"SearchAction\",\"target\":{\"@type\":\"EntryPoint\",\"urlTemplate\":\"https:\/\/www.eenewseurope.com\/en\/?s={search_term_string}\"},\"query-input\":\"required name=search_term_string\"}],\"inLanguage\":\"fr-FR\"},{\"@type\":\"Organization\",\"@id\":\"https:\/\/www.eenewseurope.com\/en\/#organization\",\"name\":\"EENewsEurope\",\"url\":\"https:\/\/www.eenewseurope.com\/en\/\",\"logo\":{\"@type\":\"ImageObject\",\"inLanguage\":\"fr-FR\",\"@id\":\"https:\/\/www.eenewseurope.com\/en\/#\/schema\/logo\/image\/\",\"url\":\"https:\/\/www.ecinews.fr\/wp-content\/uploads\/2022\/02\/logo-1.jpg\",\"contentUrl\":\"https:\/\/www.ecinews.fr\/wp-content\/uploads\/2022\/02\/logo-1.jpg\",\"width\":283,\"height\":113,\"caption\":\"EENewsEurope\"},\"image\":{\"@id\":\"https:\/\/www.eenewseurope.com\/en\/#\/schema\/logo\/image\/\"}},{\"@type\":\"Person\",\"@id\":\"https:\/\/www.eenewseurope.com\/en\/#\/schema\/person\/568c789a4794bd460460501ba91f5daf\",\"name\":\"Alain Dieul\",\"image\":{\"@type\":\"ImageObject\",\"inLanguage\":\"fr-FR\",\"@id\":\"https:\/\/www.eenewseurope.com\/en\/#\/schema\/person\/image\/6d32dc651fbcef3b338066625b118364\",\"url\":\"https:\/\/secure.gravatar.com\/avatar\/93708ec89b35deb10f4cfbfe144b4e07?s=96&d=mm&r=g\",\"contentUrl\":\"https:\/\/secure.gravatar.com\/avatar\/93708ec89b35deb10f4cfbfe144b4e07?s=96&d=mm&r=g\",\"caption\":\"Alain Dieul\"}}]}<\/script>","yoast_head_json":{"title":"Automobile de demain : les industriels s\u2019associent \u00e0 l\u2019ECE...","description":"L\u2019ECE Paris.Lyon, \u00e9cole d\u2019ing\u00e9nieurs g\u00e9n\u00e9raliste et high tech (INSEEC U.) propose d\u00e8s la rentr\u00e9e 2019 une nouvelle majeure innovante \u00ab V\u00e9hicule...","robots":{"index":"index","follow":"follow","max-snippet":"max-snippet:-1","max-image-preview":"max-image-preview:large","max-video-preview":"max-video-preview:-1"},"canonical":"https:\/\/www.ecinews.fr\/fr\/wp-json\/wp\/v2\/posts\/73504\/","og_locale":"fr_FR","og_type":"article","og_title":"Automobile de demain : les industriels s\u2019associent \u00e0 l\u2019ECE pour pr\u00e9parer les besoins en comp\u00e9tences","og_description":"L\u2019ECE Paris.Lyon, \u00e9cole d\u2019ing\u00e9nieurs g\u00e9n\u00e9raliste et high tech (INSEEC U.) propose d\u00e8s la rentr\u00e9e 2019 une nouvelle majeure innovante \u00ab V\u00e9hicule Connect\u00e9 &amp; Autonome MOBILITECH \u00bb, cr\u00e9\u00e9e en association avec les industriels de l\u2019automobile fran\u00e7ais. Elle a pour vocation de former les ing\u00e9nieurs du monde automobile de demain : des experts connect\u00e9s et acteurs des transformations auxquelles sera confront\u00e9e la fili\u00e8re.","og_url":"https:\/\/www.ecinews.fr\/fr\/wp-json\/wp\/v2\/posts\/73504\/","og_site_name":"EENewsEurope","article_published_time":"2019-10-15T22:31:44+00:00","og_image":[{"width":443,"height":463,"url":"https:\/\/www.ecinews.fr\/wp-content\/uploads\/import\/default\/files\/sites\/default\/files\/images\/eci8222_ece.jpg","type":"image\/jpeg"}],"author":"Alain Dieul","twitter_card":"summary_large_image","twitter_misc":{"Written by":"Alain Dieul","Est. reading time":"6 minutes"},"schema":{"@context":"https:\/\/schema.org","@graph":[{"@type":"Article","@id":"https:\/\/www.ecinews.fr\/fr\/automobile-de-demain-les-industriels-sassocient-a-lece-pour-preparer-les-besoins-en-competences\/#article","isPartOf":{"@id":"https:\/\/www.ecinews.fr\/fr\/automobile-de-demain-les-industriels-sassocient-a-lece-pour-preparer-les-besoins-en-competences\/"},"author":{"name":"Alain Dieul","@id":"https:\/\/www.eenewseurope.com\/en\/#\/schema\/person\/568c789a4794bd460460501ba91f5daf"},"headline":"Automobile de demain : les industriels s\u2019associent \u00e0 l\u2019ECE pour pr\u00e9parer les besoins en comp\u00e9tences","datePublished":"2019-10-15T22:31:44+00:00","dateModified":"2019-10-15T22:31:44+00:00","mainEntityOfPage":{"@id":"https:\/\/www.ecinews.fr\/fr\/automobile-de-demain-les-industriels-sassocient-a-lece-pour-preparer-les-besoins-en-competences\/"},"wordCount":1227,"publisher":{"@id":"https:\/\/www.eenewseurope.com\/en\/#organization"},"inLanguage":"fr-FR"},{"@type":"WebPage","@id":"https:\/\/www.ecinews.fr\/fr\/automobile-de-demain-les-industriels-sassocient-a-lece-pour-preparer-les-besoins-en-competences\/","url":"https:\/\/www.ecinews.fr\/fr\/automobile-de-demain-les-industriels-sassocient-a-lece-pour-preparer-les-besoins-en-competences\/","name":"Automobile de demain : les industriels s\u2019associent \u00e0 l\u2019ECE pour pr\u00e9parer les besoins en comp\u00e9tences -","isPartOf":{"@id":"https:\/\/www.eenewseurope.com\/en\/#website"},"datePublished":"2019-10-15T22:31:44+00:00","dateModified":"2019-10-15T22:31:44+00:00","breadcrumb":{"@id":"https:\/\/www.ecinews.fr\/fr\/automobile-de-demain-les-industriels-sassocient-a-lece-pour-preparer-les-besoins-en-competences\/#breadcrumb"},"inLanguage":"fr-FR","potentialAction":[{"@type":"ReadAction","target":["https:\/\/www.ecinews.fr\/fr\/automobile-de-demain-les-industriels-sassocient-a-lece-pour-preparer-les-besoins-en-competences\/"]}]},{"@type":"BreadcrumbList","@id":"https:\/\/www.ecinews.fr\/fr\/automobile-de-demain-les-industriels-sassocient-a-lece-pour-preparer-les-besoins-en-competences\/#breadcrumb","itemListElement":[{"@type":"ListItem","position":1,"name":"Home","item":"https:\/\/www.ecinews.fr\/fr\/"},{"@type":"ListItem","position":2,"name":"Automobile de demain : les industriels s\u2019associent \u00e0 l\u2019ECE pour pr\u00e9parer les besoins en comp\u00e9tences"}]},{"@type":"WebSite","@id":"https:\/\/www.eenewseurope.com\/en\/#website","url":"https:\/\/www.eenewseurope.com\/en\/","name":"EENewsEurope","description":"Just another WordPress site","publisher":{"@id":"https:\/\/www.eenewseurope.com\/en\/#organization"},"potentialAction":[{"@type":"SearchAction","target":{"@type":"EntryPoint","urlTemplate":"https:\/\/www.eenewseurope.com\/en\/?s={search_term_string}"},"query-input":"required name=search_term_string"}],"inLanguage":"fr-FR"},{"@type":"Organization","@id":"https:\/\/www.eenewseurope.com\/en\/#organization","name":"EENewsEurope","url":"https:\/\/www.eenewseurope.com\/en\/","logo":{"@type":"ImageObject","inLanguage":"fr-FR","@id":"https:\/\/www.eenewseurope.com\/en\/#\/schema\/logo\/image\/","url":"https:\/\/www.ecinews.fr\/wp-content\/uploads\/2022\/02\/logo-1.jpg","contentUrl":"https:\/\/www.ecinews.fr\/wp-content\/uploads\/2022\/02\/logo-1.jpg","width":283,"height":113,"caption":"EENewsEurope"},"image":{"@id":"https:\/\/www.eenewseurope.com\/en\/#\/schema\/logo\/image\/"}},{"@type":"Person","@id":"https:\/\/www.eenewseurope.com\/en\/#\/schema\/person\/568c789a4794bd460460501ba91f5daf","name":"Alain Dieul","image":{"@type":"ImageObject","inLanguage":"fr-FR","@id":"https:\/\/www.eenewseurope.com\/en\/#\/schema\/person\/image\/6d32dc651fbcef3b338066625b118364","url":"https:\/\/secure.gravatar.com\/avatar\/93708ec89b35deb10f4cfbfe144b4e07?s=96&d=mm&r=g","contentUrl":"https:\/\/secure.gravatar.com\/avatar\/93708ec89b35deb10f4cfbfe144b4e07?s=96&d=mm&r=g","caption":"Alain Dieul"}}]}},"authors":[{"term_id":1141,"user_id":9,"is_guest":0,"slug":"alaindieul","display_name":"Alain Dieul","avatar_url":"https:\/\/secure.gravatar.com\/avatar\/93708ec89b35deb10f4cfbfe144b4e07?s=96&d=mm&r=g","0":null,"1":"","2":"","3":"","4":"","5":"","6":"","7":"","8":""}],"_links":{"self":[{"href":"https:\/\/www.ecinews.fr\/fr\/wp-json\/wp\/v2\/posts\/73504"}],"collection":[{"href":"https:\/\/www.ecinews.fr\/fr\/wp-json\/wp\/v2\/posts"}],"about":[{"href":"https:\/\/www.ecinews.fr\/fr\/wp-json\/wp\/v2\/types\/post"}],"author":[{"embeddable":true,"href":"https:\/\/www.ecinews.fr\/fr\/wp-json\/wp\/v2\/users\/9"}],"replies":[{"embeddable":true,"href":"https:\/\/www.ecinews.fr\/fr\/wp-json\/wp\/v2\/comments?post=73504"}],"version-history":[{"count":0,"href":"https:\/\/www.ecinews.fr\/fr\/wp-json\/wp\/v2\/posts\/73504\/revisions"}],"wp:featuredmedia":[{"embeddable":true,"href":"https:\/\/www.ecinews.fr\/fr\/wp-json\/wp\/v2\/media\/73505"}],"wp:attachment":[{"href":"https:\/\/www.ecinews.fr\/fr\/wp-json\/wp\/v2\/media?parent=73504"}],"wp:term":[{"taxonomy":"category","embeddable":true,"href":"https:\/\/www.ecinews.fr\/fr\/wp-json\/wp\/v2\/categories?post=73504"},{"taxonomy":"post_tag","embeddable":true,"href":"https:\/\/www.ecinews.fr\/fr\/wp-json\/wp\/v2\/tags?post=73504"},{"taxonomy":"domains","embeddable":true,"href":"https:\/\/www.ecinews.fr\/fr\/wp-json\/wp\/v2\/domains?post=73504"},{"taxonomy":"author","embeddable":true,"href":"https:\/\/www.ecinews.fr\/fr\/wp-json\/wp\/v2\/ppma_author?post=73504"}],"curies":[{"name":"wp","href":"https:\/\/api.w.org\/{rel}","templated":true}]}}