{"id":73420,"date":"2019-10-15T06:15:57","date_gmt":"2019-10-15T06:15:57","guid":{"rendered":"https:\/\/\/le-208-de-peugeot-et-la-corsa-e-dopel-sont-equipees-du-systeme-de-transmission-de-vitesco\/"},"modified":"2019-10-15T06:15:57","modified_gmt":"2019-10-15T06:15:57","slug":"le-208-de-peugeot-et-la-corsa-e-dopel-sont-equipees-du-systeme-de-transmission-de-vitesco","status":"publish","type":"post","link":"https:\/\/www.ecinews.fr\/fr\/le-208-de-peugeot-et-la-corsa-e-dopel-sont-equipees-du-systeme-de-transmission-de-vitesco\/","title":{"rendered":"L&rsquo;e-208 de Peugeot et la Corsa-e d&rsquo;Opel sont \u00e9quip\u00e9es du syst\u00e8me de transmission de Vitesco"},"content":{"rendered":"<p>Le Groupe PSA a choisi le nouveau syst\u00e8me de motorisation \u00e9lectrique de Vitesco Technologies pour sa plate-forme \u00e9lectrique modulaire e-CMP, sur laquelle seront construits des mod\u00e8les de v\u00e9hicules \u00e9lectriques \u00e0 batterie compacts tels que les Peugeot e-208 et Opel Corsa-e. \u00abNous proposons notre cha\u00eene &nbsp;d&rsquo;entra\u00eenement \u00e9lectriques hautement int\u00e9gr\u00e9 avec des puissances allant de 100 \u00e0 150 kW\u00bb, a d\u00e9clar\u00e9 Thomas Stierle, responsable de la division v\u00e9hicules hybrides \u00e9lectriques de Vitesco. \u00abAvec une puissance maximale de 150 kW et un couple maximal de 310 Nm, la version la plus puissante est comparable \u00e0 un moteur turbodiesel de 2 litres classique, offrant la densit\u00e9 de puissance, la taille et le poids les meilleurs de sa cat\u00e9gorie\u00bb, a-t-il ajout\u00e9.<\/p>\n<p><img decoding=\"async\" alt=\"\" height=\"188\" data-src=\"https:\/\/eenews.cdnartwhere.eu\/sites\/default\/files\/images\/01-picture-library\/vitesco-psa1.jpg\" style=\"--smush-placeholder-width: 250px; --smush-placeholder-aspect-ratio: 250\/188;float:left\" width=\"250\" src=\"data:image\/svg+xml;base64,PHN2ZyB3aWR0aD0iMSIgaGVpZ2h0PSIxIiB4bWxucz0iaHR0cDovL3d3dy53My5vcmcvMjAwMC9zdmciPjwvc3ZnPg==\" class=\"lazyload\" \/>Forts de leur expertise des syst\u00e8mes et de l\u2019\u00e9lectronique, les ing\u00e9nieurs de Vitesco ont am\u00e9lior\u00e9 l\u2019interaction entre les composants individuels du syst\u00e8me: moteur \u00e9lectrique, \u00e9lectronique de puissance et transmission. Ces am\u00e9liorations se traduisent par un syst\u00e8me d\u2019entra\u00eenement plus l\u00e9ger, plus compact et plus \u00e9conomique. Le nouveau module&nbsp; dont le moteur \u00e9lectrique et l&rsquo;\u00e9lectronique de puissance sont refroidis par un liquide, p\u00e8se moins de 80 kg. Il dispose \u00e9galement d&rsquo;une nouvelle fonction de verrouillage de parking \u00e9lectrique int\u00e9gr\u00e9e \u00e0 la transmission. La combinaison intelligente et l\u2019int\u00e9gration des composants individuels du syst\u00e8me ont \u00e9galement permis d\u2019enlever de nombreux connecteurs et c\u00e2bles, r\u00e9duisant ainsi les co\u00fbts.<\/p>\n<p><a href=\"https:\/\/www.vitesco-technologies.com\/en\/\">https:\/\/www.vitesco-technologies.com\/en\/<\/a><\/p>\n<p>&nbsp;<\/p>\n","protected":false},"excerpt":{"rendered":"<p>Vitesco Technologies est la filiale de Continental qui s&rsquo;occupe de la chaine de transmission pour v\u00e9hicules \u00e9lectriques. La soci\u00e9t\u00e9 a sign\u00e9 des accords avec le Groupe PSA et Hyundai pour la fourniture du premier syst\u00e8me de transmission enti\u00e8rement int\u00e9gr\u00e9 pour plusieurs mod\u00e8les de production en s\u00e9rie.<\/p>\n","protected":false},"author":11,"featured_media":73421,"comment_status":"closed","ping_status":"closed","sticky":false,"template":"","format":"standard","meta":{"_acf_changed":false,"footnotes":""},"categories":[883],"tags":[],"domains":[47],"ppma_author":[1143],"class_list":["post-73420","post","type-post","status-publish","format-standard","has-post-thumbnail","hentry","category-technologies","domains-electronique-eci"],"acf":[],"yoast_head":"<title>L&#039;e-208 de Peugeot et la Corsa-e d&#039;Opel sont \u00e9quip\u00e9es du syst...<\/title>\n<meta name=\"description\" content=\"Vitesco Technologies est la filiale de Continental qui s&#039;occupe de la chaine de transmission pour v\u00e9hicules \u00e9lectriques. La soci\u00e9t\u00e9 a sign\u00e9 des accords...\" \/>\n<meta name=\"robots\" content=\"index, follow, max-snippet:-1, max-image-preview:large, max-video-preview:-1\" \/>\n<link rel=\"canonical\" href=\"https:\/\/www.ecinews.fr\/fr\/wp-json\/wp\/v2\/posts\/73420\/\" \/>\n<meta property=\"og:locale\" content=\"fr_FR\" \/>\n<meta property=\"og:type\" content=\"article\" \/>\n<meta property=\"og:title\" content=\"L&#039;e-208 de Peugeot et la Corsa-e d&#039;Opel sont \u00e9quip\u00e9es du syst\u00e8me de transmission de Vitesco\" \/>\n<meta property=\"og:description\" content=\"Vitesco Technologies est la filiale de Continental qui s&#039;occupe de la chaine de transmission pour v\u00e9hicules \u00e9lectriques. La soci\u00e9t\u00e9 a sign\u00e9 des accords avec le Groupe PSA et Hyundai pour la fourniture du premier syst\u00e8me de transmission enti\u00e8rement int\u00e9gr\u00e9 pour plusieurs mod\u00e8les de production en s\u00e9rie.\" \/>\n<meta property=\"og:url\" content=\"https:\/\/www.ecinews.fr\/fr\/wp-json\/wp\/v2\/posts\/73420\/\" \/>\n<meta property=\"og:site_name\" content=\"EENewsEurope\" \/>\n<meta property=\"article:published_time\" content=\"2019-10-15T06:15:57+00:00\" \/>\n<meta property=\"og:image\" content=\"https:\/\/www.ecinews.fr\/wp-content\/uploads\/import\/default\/files\/sites\/default\/files\/images\/vitesco_-_psa.jpg\" \/>\n\t<meta property=\"og:image:width\" content=\"500\" \/>\n\t<meta property=\"og:image:height\" content=\"401\" \/>\n\t<meta property=\"og:image:type\" content=\"image\/jpeg\" \/>\n<meta name=\"author\" content=\"Daniel Cardon\" \/>\n<meta name=\"twitter:card\" content=\"summary_large_image\" \/>\n<meta name=\"twitter:label1\" content=\"Written by\" \/>\n\t<meta name=\"twitter:data1\" content=\"Daniel Cardon\" \/>\n\t<meta name=\"twitter:label2\" content=\"Est. reading time\" \/>\n\t<meta name=\"twitter:data2\" content=\"1 minute\" \/>\n<script type=\"application\/ld+json\" class=\"yoast-schema-graph\">{\"@context\":\"https:\/\/schema.org\",\"@graph\":[{\"@type\":\"Article\",\"@id\":\"https:\/\/www.ecinews.fr\/fr\/le-208-de-peugeot-et-la-corsa-e-dopel-sont-equipees-du-systeme-de-transmission-de-vitesco\/#article\",\"isPartOf\":{\"@id\":\"https:\/\/www.ecinews.fr\/fr\/le-208-de-peugeot-et-la-corsa-e-dopel-sont-equipees-du-systeme-de-transmission-de-vitesco\/\"},\"author\":{\"name\":\"Daniel Cardon\",\"@id\":\"https:\/\/www.eenewseurope.com\/en\/#\/schema\/person\/93c44cde463762f40a8236eaa44c1c17\"},\"headline\":\"L&rsquo;e-208 de Peugeot et la Corsa-e d&rsquo;Opel sont \u00e9quip\u00e9es du syst\u00e8me de transmission de Vitesco\",\"datePublished\":\"2019-10-15T06:15:57+00:00\",\"dateModified\":\"2019-10-15T06:15:57+00:00\",\"mainEntityOfPage\":{\"@id\":\"https:\/\/www.ecinews.fr\/fr\/le-208-de-peugeot-et-la-corsa-e-dopel-sont-equipees-du-systeme-de-transmission-de-vitesco\/\"},\"wordCount\":269,\"publisher\":{\"@id\":\"https:\/\/www.eenewseurope.com\/en\/#organization\"},\"articleSection\":[\"Technologies\"],\"inLanguage\":\"fr-FR\"},{\"@type\":\"WebPage\",\"@id\":\"https:\/\/www.ecinews.fr\/fr\/le-208-de-peugeot-et-la-corsa-e-dopel-sont-equipees-du-systeme-de-transmission-de-vitesco\/\",\"url\":\"https:\/\/www.ecinews.fr\/fr\/le-208-de-peugeot-et-la-corsa-e-dopel-sont-equipees-du-systeme-de-transmission-de-vitesco\/\",\"name\":\"L'e-208 de Peugeot et la Corsa-e d'Opel sont \u00e9quip\u00e9es du syst\u00e8me de transmission de Vitesco -\",\"isPartOf\":{\"@id\":\"https:\/\/www.eenewseurope.com\/en\/#website\"},\"datePublished\":\"2019-10-15T06:15:57+00:00\",\"dateModified\":\"2019-10-15T06:15:57+00:00\",\"breadcrumb\":{\"@id\":\"https:\/\/www.ecinews.fr\/fr\/le-208-de-peugeot-et-la-corsa-e-dopel-sont-equipees-du-systeme-de-transmission-de-vitesco\/#breadcrumb\"},\"inLanguage\":\"fr-FR\",\"potentialAction\":[{\"@type\":\"ReadAction\",\"target\":[\"https:\/\/www.ecinews.fr\/fr\/le-208-de-peugeot-et-la-corsa-e-dopel-sont-equipees-du-systeme-de-transmission-de-vitesco\/\"]}]},{\"@type\":\"BreadcrumbList\",\"@id\":\"https:\/\/www.ecinews.fr\/fr\/le-208-de-peugeot-et-la-corsa-e-dopel-sont-equipees-du-systeme-de-transmission-de-vitesco\/#breadcrumb\",\"itemListElement\":[{\"@type\":\"ListItem\",\"position\":1,\"name\":\"Home\",\"item\":\"https:\/\/www.ecinews.fr\/fr\/\"},{\"@type\":\"ListItem\",\"position\":2,\"name\":\"L&rsquo;e-208 de Peugeot et la Corsa-e d&rsquo;Opel sont \u00e9quip\u00e9es du syst\u00e8me de transmission de Vitesco\"}]},{\"@type\":\"WebSite\",\"@id\":\"https:\/\/www.eenewseurope.com\/en\/#website\",\"url\":\"https:\/\/www.eenewseurope.com\/en\/\",\"name\":\"EENewsEurope\",\"description\":\"Just another WordPress site\",\"publisher\":{\"@id\":\"https:\/\/www.eenewseurope.com\/en\/#organization\"},\"potentialAction\":[{\"@type\":\"SearchAction\",\"target\":{\"@type\":\"EntryPoint\",\"urlTemplate\":\"https:\/\/www.eenewseurope.com\/en\/?s={search_term_string}\"},\"query-input\":\"required name=search_term_string\"}],\"inLanguage\":\"fr-FR\"},{\"@type\":\"Organization\",\"@id\":\"https:\/\/www.eenewseurope.com\/en\/#organization\",\"name\":\"EENewsEurope\",\"url\":\"https:\/\/www.eenewseurope.com\/en\/\",\"logo\":{\"@type\":\"ImageObject\",\"inLanguage\":\"fr-FR\",\"@id\":\"https:\/\/www.eenewseurope.com\/en\/#\/schema\/logo\/image\/\",\"url\":\"https:\/\/www.ecinews.fr\/wp-content\/uploads\/2022\/02\/logo-1.jpg\",\"contentUrl\":\"https:\/\/www.ecinews.fr\/wp-content\/uploads\/2022\/02\/logo-1.jpg\",\"width\":283,\"height\":113,\"caption\":\"EENewsEurope\"},\"image\":{\"@id\":\"https:\/\/www.eenewseurope.com\/en\/#\/schema\/logo\/image\/\"}},{\"@type\":\"Person\",\"@id\":\"https:\/\/www.eenewseurope.com\/en\/#\/schema\/person\/93c44cde463762f40a8236eaa44c1c17\",\"name\":\"Daniel Cardon\",\"image\":{\"@type\":\"ImageObject\",\"inLanguage\":\"fr-FR\",\"@id\":\"https:\/\/www.eenewseurope.com\/en\/#\/schema\/person\/image\/2b243f6bcc1cff7d86aadfb2cd0bd870\",\"url\":\"https:\/\/secure.gravatar.com\/avatar\/de9edc136dfc061ad4778e04635baefa?s=96&d=mm&r=g\",\"contentUrl\":\"https:\/\/secure.gravatar.com\/avatar\/de9edc136dfc061ad4778e04635baefa?s=96&d=mm&r=g\",\"caption\":\"Daniel Cardon\"}}]}<\/script>","yoast_head_json":{"title":"L'e-208 de Peugeot et la Corsa-e d'Opel sont \u00e9quip\u00e9es du syst...","description":"Vitesco Technologies est la filiale de Continental qui s'occupe de la chaine de transmission pour v\u00e9hicules \u00e9lectriques. La soci\u00e9t\u00e9 a sign\u00e9 des accords...","robots":{"index":"index","follow":"follow","max-snippet":"max-snippet:-1","max-image-preview":"max-image-preview:large","max-video-preview":"max-video-preview:-1"},"canonical":"https:\/\/www.ecinews.fr\/fr\/wp-json\/wp\/v2\/posts\/73420\/","og_locale":"fr_FR","og_type":"article","og_title":"L'e-208 de Peugeot et la Corsa-e d'Opel sont \u00e9quip\u00e9es du syst\u00e8me de transmission de Vitesco","og_description":"Vitesco Technologies est la filiale de Continental qui s'occupe de la chaine de transmission pour v\u00e9hicules \u00e9lectriques. La soci\u00e9t\u00e9 a sign\u00e9 des accords avec le Groupe PSA et Hyundai pour la fourniture du premier syst\u00e8me de transmission enti\u00e8rement int\u00e9gr\u00e9 pour plusieurs mod\u00e8les de production en s\u00e9rie.","og_url":"https:\/\/www.ecinews.fr\/fr\/wp-json\/wp\/v2\/posts\/73420\/","og_site_name":"EENewsEurope","article_published_time":"2019-10-15T06:15:57+00:00","og_image":[{"width":500,"height":401,"url":"https:\/\/www.ecinews.fr\/wp-content\/uploads\/import\/default\/files\/sites\/default\/files\/images\/vitesco_-_psa.jpg","type":"image\/jpeg"}],"author":"Daniel Cardon","twitter_card":"summary_large_image","twitter_misc":{"Written by":"Daniel Cardon","Est. reading time":"1 minute"},"schema":{"@context":"https:\/\/schema.org","@graph":[{"@type":"Article","@id":"https:\/\/www.ecinews.fr\/fr\/le-208-de-peugeot-et-la-corsa-e-dopel-sont-equipees-du-systeme-de-transmission-de-vitesco\/#article","isPartOf":{"@id":"https:\/\/www.ecinews.fr\/fr\/le-208-de-peugeot-et-la-corsa-e-dopel-sont-equipees-du-systeme-de-transmission-de-vitesco\/"},"author":{"name":"Daniel Cardon","@id":"https:\/\/www.eenewseurope.com\/en\/#\/schema\/person\/93c44cde463762f40a8236eaa44c1c17"},"headline":"L&rsquo;e-208 de Peugeot et la Corsa-e d&rsquo;Opel sont \u00e9quip\u00e9es du syst\u00e8me de transmission de Vitesco","datePublished":"2019-10-15T06:15:57+00:00","dateModified":"2019-10-15T06:15:57+00:00","mainEntityOfPage":{"@id":"https:\/\/www.ecinews.fr\/fr\/le-208-de-peugeot-et-la-corsa-e-dopel-sont-equipees-du-systeme-de-transmission-de-vitesco\/"},"wordCount":269,"publisher":{"@id":"https:\/\/www.eenewseurope.com\/en\/#organization"},"articleSection":["Technologies"],"inLanguage":"fr-FR"},{"@type":"WebPage","@id":"https:\/\/www.ecinews.fr\/fr\/le-208-de-peugeot-et-la-corsa-e-dopel-sont-equipees-du-systeme-de-transmission-de-vitesco\/","url":"https:\/\/www.ecinews.fr\/fr\/le-208-de-peugeot-et-la-corsa-e-dopel-sont-equipees-du-systeme-de-transmission-de-vitesco\/","name":"L'e-208 de Peugeot et la Corsa-e d'Opel sont \u00e9quip\u00e9es du syst\u00e8me de transmission de Vitesco -","isPartOf":{"@id":"https:\/\/www.eenewseurope.com\/en\/#website"},"datePublished":"2019-10-15T06:15:57+00:00","dateModified":"2019-10-15T06:15:57+00:00","breadcrumb":{"@id":"https:\/\/www.ecinews.fr\/fr\/le-208-de-peugeot-et-la-corsa-e-dopel-sont-equipees-du-systeme-de-transmission-de-vitesco\/#breadcrumb"},"inLanguage":"fr-FR","potentialAction":[{"@type":"ReadAction","target":["https:\/\/www.ecinews.fr\/fr\/le-208-de-peugeot-et-la-corsa-e-dopel-sont-equipees-du-systeme-de-transmission-de-vitesco\/"]}]},{"@type":"BreadcrumbList","@id":"https:\/\/www.ecinews.fr\/fr\/le-208-de-peugeot-et-la-corsa-e-dopel-sont-equipees-du-systeme-de-transmission-de-vitesco\/#breadcrumb","itemListElement":[{"@type":"ListItem","position":1,"name":"Home","item":"https:\/\/www.ecinews.fr\/fr\/"},{"@type":"ListItem","position":2,"name":"L&rsquo;e-208 de Peugeot et la Corsa-e d&rsquo;Opel sont \u00e9quip\u00e9es du syst\u00e8me de transmission de Vitesco"}]},{"@type":"WebSite","@id":"https:\/\/www.eenewseurope.com\/en\/#website","url":"https:\/\/www.eenewseurope.com\/en\/","name":"EENewsEurope","description":"Just another WordPress site","publisher":{"@id":"https:\/\/www.eenewseurope.com\/en\/#organization"},"potentialAction":[{"@type":"SearchAction","target":{"@type":"EntryPoint","urlTemplate":"https:\/\/www.eenewseurope.com\/en\/?s={search_term_string}"},"query-input":"required name=search_term_string"}],"inLanguage":"fr-FR"},{"@type":"Organization","@id":"https:\/\/www.eenewseurope.com\/en\/#organization","name":"EENewsEurope","url":"https:\/\/www.eenewseurope.com\/en\/","logo":{"@type":"ImageObject","inLanguage":"fr-FR","@id":"https:\/\/www.eenewseurope.com\/en\/#\/schema\/logo\/image\/","url":"https:\/\/www.ecinews.fr\/wp-content\/uploads\/2022\/02\/logo-1.jpg","contentUrl":"https:\/\/www.ecinews.fr\/wp-content\/uploads\/2022\/02\/logo-1.jpg","width":283,"height":113,"caption":"EENewsEurope"},"image":{"@id":"https:\/\/www.eenewseurope.com\/en\/#\/schema\/logo\/image\/"}},{"@type":"Person","@id":"https:\/\/www.eenewseurope.com\/en\/#\/schema\/person\/93c44cde463762f40a8236eaa44c1c17","name":"Daniel Cardon","image":{"@type":"ImageObject","inLanguage":"fr-FR","@id":"https:\/\/www.eenewseurope.com\/en\/#\/schema\/person\/image\/2b243f6bcc1cff7d86aadfb2cd0bd870","url":"https:\/\/secure.gravatar.com\/avatar\/de9edc136dfc061ad4778e04635baefa?s=96&d=mm&r=g","contentUrl":"https:\/\/secure.gravatar.com\/avatar\/de9edc136dfc061ad4778e04635baefa?s=96&d=mm&r=g","caption":"Daniel Cardon"}}]}},"authors":[{"term_id":1143,"user_id":11,"is_guest":0,"slug":"danielcardon","display_name":"Daniel Cardon","avatar_url":"https:\/\/secure.gravatar.com\/avatar\/de9edc136dfc061ad4778e04635baefa?s=96&d=mm&r=g","0":null,"1":"","2":"","3":"","4":"","5":"","6":"","7":"","8":""}],"_links":{"self":[{"href":"https:\/\/www.ecinews.fr\/fr\/wp-json\/wp\/v2\/posts\/73420"}],"collection":[{"href":"https:\/\/www.ecinews.fr\/fr\/wp-json\/wp\/v2\/posts"}],"about":[{"href":"https:\/\/www.ecinews.fr\/fr\/wp-json\/wp\/v2\/types\/post"}],"author":[{"embeddable":true,"href":"https:\/\/www.ecinews.fr\/fr\/wp-json\/wp\/v2\/users\/11"}],"replies":[{"embeddable":true,"href":"https:\/\/www.ecinews.fr\/fr\/wp-json\/wp\/v2\/comments?post=73420"}],"version-history":[{"count":0,"href":"https:\/\/www.ecinews.fr\/fr\/wp-json\/wp\/v2\/posts\/73420\/revisions"}],"wp:featuredmedia":[{"embeddable":true,"href":"https:\/\/www.ecinews.fr\/fr\/wp-json\/wp\/v2\/media\/73421"}],"wp:attachment":[{"href":"https:\/\/www.ecinews.fr\/fr\/wp-json\/wp\/v2\/media?parent=73420"}],"wp:term":[{"taxonomy":"category","embeddable":true,"href":"https:\/\/www.ecinews.fr\/fr\/wp-json\/wp\/v2\/categories?post=73420"},{"taxonomy":"post_tag","embeddable":true,"href":"https:\/\/www.ecinews.fr\/fr\/wp-json\/wp\/v2\/tags?post=73420"},{"taxonomy":"domains","embeddable":true,"href":"https:\/\/www.ecinews.fr\/fr\/wp-json\/wp\/v2\/domains?post=73420"},{"taxonomy":"author","embeddable":true,"href":"https:\/\/www.ecinews.fr\/fr\/wp-json\/wp\/v2\/ppma_author?post=73420"}],"curies":[{"name":"wp","href":"https:\/\/api.w.org\/{rel}","templated":true}]}}