{"id":73164,"date":"2019-10-16T16:04:10","date_gmt":"2019-10-16T16:04:10","guid":{"rendered":"https:\/\/\/la-5g-va-booster-le-marche-des-semiconducteurs-en-2020\/"},"modified":"2019-10-16T16:04:10","modified_gmt":"2019-10-16T16:04:10","slug":"la-5g-va-booster-le-marche-des-semiconducteurs-en-2020","status":"publish","type":"post","link":"https:\/\/www.ecinews.fr\/fr\/la-5g-va-booster-le-marche-des-semiconducteurs-en-2020\/","title":{"rendered":"La 5G va booster le march\u00e9 des semiconducteurs en 2020"},"content":{"rendered":"<p>L<span class=\"tlid-translation translation\" lang=\"fr\"><span title=\"\">e groupe d\u2019\u00e9tudes de march\u00e9 estime que le chiffre d\u2019affaires de l&rsquo;industrie <\/span><\/span>des semiconducteurs <span class=\"tlid-translation translation\" lang=\"fr\"><span title=\"\">atteindra 448 milliards de dollars l\u2019ann\u00e9e prochaine, contre 422,8 milliards en 2019. Le d\u00e9ploiement de la 5G constituera le moteur de la demande qui n\u00e9cessitera des semi-conducteurs pour l\u2019infrastructure et devrait revigorer le march\u00e9 des smartphones.<\/span> <span title=\"\">En outre, l\u2019arriv\u00e9e de la 5G g\u00e9n\u00e9rera de nouveaux services et de nouvelles activit\u00e9s \u00e9conomiques et stimulera d\u2019autres march\u00e9s des semiconducteurs dans les secteurs de la consommation, de l\u2019industrie et de l\u2019automobile.<\/span><\/span><\/p>\n<p><span class=\"tlid-translation translation\" lang=\"fr\"><span title=\"\">Le ralentissement actuel est principalement d\u00fb \u00e0 la baisse du prix des m\u00e9moires flash et des m\u00e9moires DRAM et NAND qui a d\u00e9but\u00e9 fin 2018 en raison d&rsquo;une offre exc\u00e9dentaire de composants.<\/span> <span title=\"\">Alors que cette situation s\u2019am\u00e9liorera au cours du deuxi\u00e8me semestre de 2019, le march\u00e9 des semiconducteurs devrait rester stable ou diminuer au cours du 1er semestre 2020.<\/span> <span title=\"\">La reprise se concr\u00e9tisera au second semestre 2020, gr\u00e2ce \u00e0 la 5G.<\/span><\/span><\/p>\n<p>&nbsp;<\/p>\n<p><img decoding=\"async\" alt=\"\" height=\"328\" data-src=\"https:\/\/eenews.cdnartwhere.eu\/sites\/default\/files\/images\/01-picture-library\/PeterClarke\/2019\/10\/ihschipmarket650.jpg\" width=\"530\" src=\"data:image\/svg+xml;base64,PHN2ZyB3aWR0aD0iMSIgaGVpZ2h0PSIxIiB4bWxucz0iaHR0cDovL3d3dy53My5vcmcvMjAwMC9zdmciPjwvc3ZnPg==\" class=\"lazyload\" style=\"--smush-placeholder-width: 530px; --smush-placeholder-aspect-ratio: 530\/328;\" \/><\/p>\n<p><strong><span class=\"tlid-translation translation\" lang=\"fr\">Pr\u00e9visions du march\u00e9 mondial des semiconducteurs (en millions de dollars). Source: IHS Markit.<\/span><\/strong><\/p>\n<p><span class=\"tlid-translation translation\" lang=\"fr\">\u00ab\u00a0Tout au long de l&rsquo;histoire de l&rsquo;industrie des semiconducteurs, chaque ralentissement du march\u00e9 s&rsquo;est termin\u00e9 par l&rsquo;arriv\u00e9e d&rsquo;une innovation technique qui a entra\u00een\u00e9 une augmentation importante de la demande\u00a0\u00bb, a d\u00e9clar\u00e9 Len Jelinek, directeur principal du secteur de la fabrication de semiconducteurs chez IHS Markit Technology. Il a \u00e9voqu\u00e9 l&rsquo;av\u00e8nement du Web mondial et de l&rsquo;iPhone comme innovations majeures ayant boost\u00e9 les march\u00e9s.<\/span><\/p>\n<p><span class=\"tlid-translation translation\" lang=\"fr\">Apr\u00e8s des baisses en 2018 et 2019, le march\u00e9 mondial des smartphones devrait retrouver une croissance annuelle du nombre d&rsquo;unit\u00e9s vendues en 2020. En cons\u00e9quence, les ventes de puces sur ce segment vont augment\u00e9 de 7% en 2020, apr\u00e8s une chute de 22% en 2019.<\/span><\/p>\n<p>nos lecteurs aiment aussi:<\/p>\n<p><a href=\"https:\/\/www.electronique-eci.com\/news\/selon-wsts-la-baisse-du-marche-2019-des-semiconducteurs-sera-de-13\">Selon WSTS la baisse du march\u00e9 2019 des semiconducteurs sera de 13%<\/a><\/p>\n<p><a href=\"https:\/\/www.electronique-eci.com\/news\/le-marche-des-semiconducteurs-perd-56-milliards-en-2019\">Le march\u00e9 des semiconducteurs perd $56 Milliards en 2019 <\/a><\/p>\n<p><a href=\"https:\/\/www.electronique-eci.com\/news\/la-baisse-du-marche-des-semiconducteurs-saccelere-selon-ihs-markit\"><span class=\"tlid-translation translation\" lang=\"fr\" xml:lang=\"fr\">La baisse du march\u00e9 des semiconducteurs s&rsquo;acc\u00e9l\u00e8re selon IHS Markit <\/span><\/a><\/p>\n<p><a href=\"https:\/\/www.electronique-eci.com\/news\/la-chute-du-marche-des-semiconducteurs-impacte-les-etats-unis\">La chute du march\u00e9 des semiconducteurs impacte les \u00c9tats-Unis <\/a><\/p>\n<p>&nbsp;<\/p>\n<p><strong>Related links and articles: <\/strong><\/p>\n<p><a href=\"http:\/\/www.ihsmarkit.com\">www.ihsmarkit.com<\/a><\/p>\n<p><strong>News articles:<\/strong><\/p>\n<p><a href=\"https:\/\/www.eenewsanalog.com\/news\/5g-roll-out-happening-faster-4gs-did\">5G roll out happening faster than 4G&rsquo;s did<\/a><\/p>\n<p><a href=\"https:\/\/www.eenewsanalog.com\/news\/huawei-ceo-offers-license-5g-tech-west\">Huawei CEO offers to license 5G tech to West<\/a><\/p>\n<p><a href=\"https:\/\/www.eenewsanalog.com\/news\/huawei-honours-turkish-professor-5g-polar-codes\">Huawei honours Turkish professor for 5G polar codes<\/a><\/p>\n<p><a href=\"https:\/\/www.eenewsanalog.com\/news\/despite-us-pressure-huawei-7nm-processors-address-5g\">Despite US pressure Huawei 7nm processors address 5G<\/a><\/p>\n","protected":false},"excerpt":{"rendered":"<p>Le march\u00e9 mondial va connaitre une chute de 18% en 2019, mais rebondira avec une croissance annuelle de 5,9% gr\u00e2ce \u00e0 la 5G en 2020, selon IHS Markit.<\/p>\n","protected":false},"author":22,"featured_media":73165,"comment_status":"closed","ping_status":"closed","sticky":false,"template":"","format":"standard","meta":{"_acf_changed":false,"footnotes":""},"categories":[880],"tags":[889,920,893,891,909,894,912,895,896,897,898,899,900,901,902,903,919,892,913,904,905,906,907,908,890,916,910,917,911,914,915],"domains":[47],"ppma_author":[1149],"class_list":["post-73164","post","type-post","status-publish","format-standard","has-post-thumbnail","hentry","category-actualites-economiques","tag-analog-fr","tag-artificialintelligence-fr","tag-authentication-encryption-fr","tag-automotive-fr","tag-batteries-power-supplies-fr","tag-boards-embedded-cards-fr","tag-dataacquisition-fr","tag-developmentkits-fr","tag-digitalsignalprocessing-fr","tag-displays-interfaces-fr","tag-distributors-fr","tag-eda-cad-tools-fr","tag-electromechanical-fr","tag-energyharvesting-fr","tag-flexibleelectronics-fr","tag-interconnect-cables-fr","tag-iot-fr","tag-ledlighting-fr","tag-materials-processes-fr","tag-medicalelectronics-fr","tag-memory-data-storage-fr","tag-mpus-mcus-fr","tag-optoelectronics-fr","tag-plds-fpgas-asics-fr","tag-powermanagement-fr","tag-rf-transmission-fr","tag-sensing-conditioning-fr","tag-software-embedded-tools-fr","tag-testandmeasurement-fr","tag-wearables-fr","tag-wireless-communications-fr","domains-electronique-eci"],"acf":[],"yoast_head":"<title>La 5G va booster le march\u00e9 des semiconducteurs en 2020 ...<\/title>\n<meta name=\"description\" content=\"Le march\u00e9 mondial va connaitre une chute de 18% en 2019, mais rebondira avec une croissance annuelle de 5,9% gr\u00e2ce \u00e0 la 5G en 2020, selon IHS Markit.\" \/>\n<meta name=\"robots\" content=\"index, follow, max-snippet:-1, max-image-preview:large, max-video-preview:-1\" \/>\n<link rel=\"canonical\" href=\"https:\/\/www.ecinews.fr\/fr\/wp-json\/wp\/v2\/posts\/73164\/\" \/>\n<meta property=\"og:locale\" content=\"fr_FR\" \/>\n<meta property=\"og:type\" content=\"article\" \/>\n<meta property=\"og:title\" content=\"La 5G va booster le march\u00e9 des semiconducteurs en 2020\" \/>\n<meta property=\"og:description\" content=\"Le march\u00e9 mondial va connaitre une chute de 18% en 2019, mais rebondira avec une croissance annuelle de 5,9% gr\u00e2ce \u00e0 la 5G en 2020, selon IHS Markit.\" \/>\n<meta property=\"og:url\" content=\"https:\/\/www.ecinews.fr\/fr\/wp-json\/wp\/v2\/posts\/73164\/\" \/>\n<meta property=\"og:site_name\" content=\"EENewsEurope\" \/>\n<meta property=\"article:published_time\" content=\"2019-10-16T16:04:10+00:00\" \/>\n<meta property=\"og:image\" content=\"https:\/\/www.ecinews.fr\/wp-content\/uploads\/import\/default\/files\/images\/01-picture-library\/PeterClarke\/Business\/analysismag600.jpg\" \/>\n\t<meta property=\"og:image:width\" content=\"600\" \/>\n\t<meta property=\"og:image:height\" content=\"450\" \/>\n\t<meta property=\"og:image:type\" content=\"image\/jpeg\" \/>\n<meta name=\"author\" content=\"eeNews Europe\" \/>\n<meta name=\"twitter:card\" content=\"summary_large_image\" \/>\n<meta name=\"twitter:label1\" content=\"Written by\" \/>\n\t<meta name=\"twitter:data1\" content=\"eeNews Europe\" \/>\n\t<meta name=\"twitter:label2\" content=\"Est. reading time\" \/>\n\t<meta name=\"twitter:data2\" content=\"2 minutes\" \/>\n<script type=\"application\/ld+json\" class=\"yoast-schema-graph\">{\"@context\":\"https:\/\/schema.org\",\"@graph\":[{\"@type\":\"Article\",\"@id\":\"https:\/\/www.ecinews.fr\/fr\/la-5g-va-booster-le-marche-des-semiconducteurs-en-2020\/#article\",\"isPartOf\":{\"@id\":\"https:\/\/www.ecinews.fr\/fr\/la-5g-va-booster-le-marche-des-semiconducteurs-en-2020\/\"},\"author\":{\"name\":\"eeNews Europe\",\"@id\":\"https:\/\/www.eenewseurope.com\/en\/#\/schema\/person\/9eff4051fa9dac8230052de45e32b0f4\"},\"headline\":\"La 5G va booster le march\u00e9 des semiconducteurs en 2020\",\"datePublished\":\"2019-10-16T16:04:10+00:00\",\"dateModified\":\"2019-10-16T16:04:10+00:00\",\"mainEntityOfPage\":{\"@id\":\"https:\/\/www.ecinews.fr\/fr\/la-5g-va-booster-le-marche-des-semiconducteurs-en-2020\/\"},\"wordCount\":401,\"publisher\":{\"@id\":\"https:\/\/www.eenewseurope.com\/en\/#organization\"},\"keywords\":[\"Analog\",\"ArtificialIntelligence\",\"Authentication &amp; Encryption\",\"Automotive\",\"Batteries \/ Power Supplies\",\"Boards &amp; Embedded Cards\",\"DataAcquisition\",\"DevelopmentKits\",\"DigitalSignalProcessing\",\"Displays &amp; Interfaces\",\"Distributors\",\"EDA &amp; CAD tools\",\"Electromechanical\",\"EnergyHarvesting\",\"FlexibleElectronics\",\"Interconnect &amp; cables\",\"IoT\",\"LEDlighting\",\"Materials &amp; processes\",\"MedicalElectronics\",\"Memory &amp; Data Storage\",\"MPUs\/MCUs\",\"Optoelectronics\",\"PLDs\/FPGAs\/ASICs\",\"PowerManagement\",\"RF transmission\",\"Sensing \/ Conditioning\",\"Software &amp; Embedded tools\",\"TestandMeasurement\",\"Wearables\",\"Wireless Communications\"],\"articleSection\":[\"Actualit\u00e9s \u00e9conomiques\"],\"inLanguage\":\"fr-FR\"},{\"@type\":\"WebPage\",\"@id\":\"https:\/\/www.ecinews.fr\/fr\/la-5g-va-booster-le-marche-des-semiconducteurs-en-2020\/\",\"url\":\"https:\/\/www.ecinews.fr\/fr\/la-5g-va-booster-le-marche-des-semiconducteurs-en-2020\/\",\"name\":\"La 5G va booster le march\u00e9 des semiconducteurs en 2020 -\",\"isPartOf\":{\"@id\":\"https:\/\/www.eenewseurope.com\/en\/#website\"},\"datePublished\":\"2019-10-16T16:04:10+00:00\",\"dateModified\":\"2019-10-16T16:04:10+00:00\",\"breadcrumb\":{\"@id\":\"https:\/\/www.ecinews.fr\/fr\/la-5g-va-booster-le-marche-des-semiconducteurs-en-2020\/#breadcrumb\"},\"inLanguage\":\"fr-FR\",\"potentialAction\":[{\"@type\":\"ReadAction\",\"target\":[\"https:\/\/www.ecinews.fr\/fr\/la-5g-va-booster-le-marche-des-semiconducteurs-en-2020\/\"]}]},{\"@type\":\"BreadcrumbList\",\"@id\":\"https:\/\/www.ecinews.fr\/fr\/la-5g-va-booster-le-marche-des-semiconducteurs-en-2020\/#breadcrumb\",\"itemListElement\":[{\"@type\":\"ListItem\",\"position\":1,\"name\":\"Home\",\"item\":\"https:\/\/www.ecinews.fr\/fr\/\"},{\"@type\":\"ListItem\",\"position\":2,\"name\":\"La 5G va booster le march\u00e9 des semiconducteurs en 2020\"}]},{\"@type\":\"WebSite\",\"@id\":\"https:\/\/www.eenewseurope.com\/en\/#website\",\"url\":\"https:\/\/www.eenewseurope.com\/en\/\",\"name\":\"EENewsEurope\",\"description\":\"Just another WordPress site\",\"publisher\":{\"@id\":\"https:\/\/www.eenewseurope.com\/en\/#organization\"},\"potentialAction\":[{\"@type\":\"SearchAction\",\"target\":{\"@type\":\"EntryPoint\",\"urlTemplate\":\"https:\/\/www.eenewseurope.com\/en\/?s={search_term_string}\"},\"query-input\":\"required name=search_term_string\"}],\"inLanguage\":\"fr-FR\"},{\"@type\":\"Organization\",\"@id\":\"https:\/\/www.eenewseurope.com\/en\/#organization\",\"name\":\"EENewsEurope\",\"url\":\"https:\/\/www.eenewseurope.com\/en\/\",\"logo\":{\"@type\":\"ImageObject\",\"inLanguage\":\"fr-FR\",\"@id\":\"https:\/\/www.eenewseurope.com\/en\/#\/schema\/logo\/image\/\",\"url\":\"https:\/\/www.ecinews.fr\/wp-content\/uploads\/2022\/02\/logo-1.jpg\",\"contentUrl\":\"https:\/\/www.ecinews.fr\/wp-content\/uploads\/2022\/02\/logo-1.jpg\",\"width\":283,\"height\":113,\"caption\":\"EENewsEurope\"},\"image\":{\"@id\":\"https:\/\/www.eenewseurope.com\/en\/#\/schema\/logo\/image\/\"}},{\"@type\":\"Person\",\"@id\":\"https:\/\/www.eenewseurope.com\/en\/#\/schema\/person\/9eff4051fa9dac8230052de45e32b0f4\",\"name\":\"eeNews Europe\",\"image\":{\"@type\":\"ImageObject\",\"inLanguage\":\"fr-FR\",\"@id\":\"https:\/\/www.eenewseurope.com\/en\/#\/schema\/person\/image\/fae8f0cb15861c4ae0ed4872e2c9fc22\",\"url\":\"https:\/\/secure.gravatar.com\/avatar\/5081509054e28b04ecd976976e723ce0?s=96&d=mm&r=g\",\"contentUrl\":\"https:\/\/secure.gravatar.com\/avatar\/5081509054e28b04ecd976976e723ce0?s=96&d=mm&r=g\",\"caption\":\"eeNews Europe\"}}]}<\/script>","yoast_head_json":{"title":"La 5G va booster le march\u00e9 des semiconducteurs en 2020 ...","description":"Le march\u00e9 mondial va connaitre une chute de 18% en 2019, mais rebondira avec une croissance annuelle de 5,9% gr\u00e2ce \u00e0 la 5G en 2020, selon IHS Markit.","robots":{"index":"index","follow":"follow","max-snippet":"max-snippet:-1","max-image-preview":"max-image-preview:large","max-video-preview":"max-video-preview:-1"},"canonical":"https:\/\/www.ecinews.fr\/fr\/wp-json\/wp\/v2\/posts\/73164\/","og_locale":"fr_FR","og_type":"article","og_title":"La 5G va booster le march\u00e9 des semiconducteurs en 2020","og_description":"Le march\u00e9 mondial va connaitre une chute de 18% en 2019, mais rebondira avec une croissance annuelle de 5,9% gr\u00e2ce \u00e0 la 5G en 2020, selon IHS Markit.","og_url":"https:\/\/www.ecinews.fr\/fr\/wp-json\/wp\/v2\/posts\/73164\/","og_site_name":"EENewsEurope","article_published_time":"2019-10-16T16:04:10+00:00","og_image":[{"width":600,"height":450,"url":"https:\/\/www.ecinews.fr\/wp-content\/uploads\/import\/default\/files\/images\/01-picture-library\/PeterClarke\/Business\/analysismag600.jpg","type":"image\/jpeg"}],"author":"eeNews Europe","twitter_card":"summary_large_image","twitter_misc":{"Written by":"eeNews Europe","Est. reading time":"2 minutes"},"schema":{"@context":"https:\/\/schema.org","@graph":[{"@type":"Article","@id":"https:\/\/www.ecinews.fr\/fr\/la-5g-va-booster-le-marche-des-semiconducteurs-en-2020\/#article","isPartOf":{"@id":"https:\/\/www.ecinews.fr\/fr\/la-5g-va-booster-le-marche-des-semiconducteurs-en-2020\/"},"author":{"name":"eeNews Europe","@id":"https:\/\/www.eenewseurope.com\/en\/#\/schema\/person\/9eff4051fa9dac8230052de45e32b0f4"},"headline":"La 5G va booster le march\u00e9 des semiconducteurs en 2020","datePublished":"2019-10-16T16:04:10+00:00","dateModified":"2019-10-16T16:04:10+00:00","mainEntityOfPage":{"@id":"https:\/\/www.ecinews.fr\/fr\/la-5g-va-booster-le-marche-des-semiconducteurs-en-2020\/"},"wordCount":401,"publisher":{"@id":"https:\/\/www.eenewseurope.com\/en\/#organization"},"keywords":["Analog","ArtificialIntelligence","Authentication &amp; Encryption","Automotive","Batteries \/ Power Supplies","Boards &amp; Embedded Cards","DataAcquisition","DevelopmentKits","DigitalSignalProcessing","Displays &amp; Interfaces","Distributors","EDA &amp; CAD tools","Electromechanical","EnergyHarvesting","FlexibleElectronics","Interconnect &amp; cables","IoT","LEDlighting","Materials &amp; processes","MedicalElectronics","Memory &amp; Data Storage","MPUs\/MCUs","Optoelectronics","PLDs\/FPGAs\/ASICs","PowerManagement","RF transmission","Sensing \/ Conditioning","Software &amp; Embedded tools","TestandMeasurement","Wearables","Wireless Communications"],"articleSection":["Actualit\u00e9s \u00e9conomiques"],"inLanguage":"fr-FR"},{"@type":"WebPage","@id":"https:\/\/www.ecinews.fr\/fr\/la-5g-va-booster-le-marche-des-semiconducteurs-en-2020\/","url":"https:\/\/www.ecinews.fr\/fr\/la-5g-va-booster-le-marche-des-semiconducteurs-en-2020\/","name":"La 5G va booster le march\u00e9 des semiconducteurs en 2020 -","isPartOf":{"@id":"https:\/\/www.eenewseurope.com\/en\/#website"},"datePublished":"2019-10-16T16:04:10+00:00","dateModified":"2019-10-16T16:04:10+00:00","breadcrumb":{"@id":"https:\/\/www.ecinews.fr\/fr\/la-5g-va-booster-le-marche-des-semiconducteurs-en-2020\/#breadcrumb"},"inLanguage":"fr-FR","potentialAction":[{"@type":"ReadAction","target":["https:\/\/www.ecinews.fr\/fr\/la-5g-va-booster-le-marche-des-semiconducteurs-en-2020\/"]}]},{"@type":"BreadcrumbList","@id":"https:\/\/www.ecinews.fr\/fr\/la-5g-va-booster-le-marche-des-semiconducteurs-en-2020\/#breadcrumb","itemListElement":[{"@type":"ListItem","position":1,"name":"Home","item":"https:\/\/www.ecinews.fr\/fr\/"},{"@type":"ListItem","position":2,"name":"La 5G va booster le march\u00e9 des semiconducteurs en 2020"}]},{"@type":"WebSite","@id":"https:\/\/www.eenewseurope.com\/en\/#website","url":"https:\/\/www.eenewseurope.com\/en\/","name":"EENewsEurope","description":"Just another WordPress site","publisher":{"@id":"https:\/\/www.eenewseurope.com\/en\/#organization"},"potentialAction":[{"@type":"SearchAction","target":{"@type":"EntryPoint","urlTemplate":"https:\/\/www.eenewseurope.com\/en\/?s={search_term_string}"},"query-input":"required name=search_term_string"}],"inLanguage":"fr-FR"},{"@type":"Organization","@id":"https:\/\/www.eenewseurope.com\/en\/#organization","name":"EENewsEurope","url":"https:\/\/www.eenewseurope.com\/en\/","logo":{"@type":"ImageObject","inLanguage":"fr-FR","@id":"https:\/\/www.eenewseurope.com\/en\/#\/schema\/logo\/image\/","url":"https:\/\/www.ecinews.fr\/wp-content\/uploads\/2022\/02\/logo-1.jpg","contentUrl":"https:\/\/www.ecinews.fr\/wp-content\/uploads\/2022\/02\/logo-1.jpg","width":283,"height":113,"caption":"EENewsEurope"},"image":{"@id":"https:\/\/www.eenewseurope.com\/en\/#\/schema\/logo\/image\/"}},{"@type":"Person","@id":"https:\/\/www.eenewseurope.com\/en\/#\/schema\/person\/9eff4051fa9dac8230052de45e32b0f4","name":"eeNews Europe","image":{"@type":"ImageObject","inLanguage":"fr-FR","@id":"https:\/\/www.eenewseurope.com\/en\/#\/schema\/person\/image\/fae8f0cb15861c4ae0ed4872e2c9fc22","url":"https:\/\/secure.gravatar.com\/avatar\/5081509054e28b04ecd976976e723ce0?s=96&d=mm&r=g","contentUrl":"https:\/\/secure.gravatar.com\/avatar\/5081509054e28b04ecd976976e723ce0?s=96&d=mm&r=g","caption":"eeNews Europe"}}]}},"authors":[{"term_id":1149,"user_id":22,"is_guest":0,"slug":"eenews-europe","display_name":"eeNews Europe","avatar_url":"https:\/\/secure.gravatar.com\/avatar\/5081509054e28b04ecd976976e723ce0?s=96&d=mm&r=g","0":null,"1":"","2":"","3":"","4":"","5":"","6":"","7":"","8":""}],"_links":{"self":[{"href":"https:\/\/www.ecinews.fr\/fr\/wp-json\/wp\/v2\/posts\/73164"}],"collection":[{"href":"https:\/\/www.ecinews.fr\/fr\/wp-json\/wp\/v2\/posts"}],"about":[{"href":"https:\/\/www.ecinews.fr\/fr\/wp-json\/wp\/v2\/types\/post"}],"author":[{"embeddable":true,"href":"https:\/\/www.ecinews.fr\/fr\/wp-json\/wp\/v2\/users\/22"}],"replies":[{"embeddable":true,"href":"https:\/\/www.ecinews.fr\/fr\/wp-json\/wp\/v2\/comments?post=73164"}],"version-history":[{"count":0,"href":"https:\/\/www.ecinews.fr\/fr\/wp-json\/wp\/v2\/posts\/73164\/revisions"}],"wp:featuredmedia":[{"embeddable":true,"href":"https:\/\/www.ecinews.fr\/fr\/wp-json\/wp\/v2\/media\/73165"}],"wp:attachment":[{"href":"https:\/\/www.ecinews.fr\/fr\/wp-json\/wp\/v2\/media?parent=73164"}],"wp:term":[{"taxonomy":"category","embeddable":true,"href":"https:\/\/www.ecinews.fr\/fr\/wp-json\/wp\/v2\/categories?post=73164"},{"taxonomy":"post_tag","embeddable":true,"href":"https:\/\/www.ecinews.fr\/fr\/wp-json\/wp\/v2\/tags?post=73164"},{"taxonomy":"domains","embeddable":true,"href":"https:\/\/www.ecinews.fr\/fr\/wp-json\/wp\/v2\/domains?post=73164"},{"taxonomy":"author","embeddable":true,"href":"https:\/\/www.ecinews.fr\/fr\/wp-json\/wp\/v2\/ppma_author?post=73164"}],"curies":[{"name":"wp","href":"https:\/\/api.w.org\/{rel}","templated":true}]}}