{"id":72260,"date":"2019-10-28T20:29:55","date_gmt":"2019-10-28T20:29:55","guid":{"rendered":"https:\/\/\/le-plastique-est-il-lavenir-du-cuivre\/"},"modified":"2019-10-28T20:29:55","modified_gmt":"2019-10-28T20:29:55","slug":"le-plastique-est-il-lavenir-du-cuivre","status":"publish","type":"post","link":"https:\/\/www.ecinews.fr\/fr\/le-plastique-est-il-lavenir-du-cuivre\/","title":{"rendered":"Le plastique est-il l\u2019avenir du cuivre ?"},"content":{"rendered":"<p>Le dispositif mis au point par les chercheurs du Leti, institut de CEA Tech, permet &nbsp;de transmettre une information jusqu&rsquo;\u00e0 10 m\u00e8tres de distance, avec un d\u00e9bit maximal de 15 Gbits par seconde. Son d\u00e9bit moyen de 6 Gbits par seconde sur un peu plus de deux m\u00e8tres est suffisant pour transmettre directement des vid\u00e9os 4K, \u00e9vitant ainsi une perte de qualit\u00e9 due \u00e0 la compression \/ d\u00e9compression de l&rsquo;information.<\/p>\n<p>Bien plus l\u00e9ger que le cuivre, facile \u00e0 mettre en \u0153uvre sans soudure, ni outillage complexe, P-Link peut trouver de nombreuses applications pour des liaisons haut d\u00e9bit sur de faibles distance, dans l&rsquo;a\u00e9ronautique, ou encore pourquoi pas dans l&rsquo;automobile. Il pr\u00e9sente bien des avantages par rapport aux technologies concurrentes que sont le c\u00e2ble de cuivre et la fibre optique. D&rsquo;abord, il r\u00e9duit d&rsquo;un facteur dix la quantit\u00e9 d&rsquo;\u00e9nergie n\u00e9cessaire pour transmettre un signal. Il est en outre beaucoup plus robuste, car moins sensible aux vibrations et aux ondes \u00e9lectromagn\u00e9tiques environnantes. Fond\u00e9 sur l&rsquo;utilisation d&rsquo;ondes millim\u00e9triques et non nanom\u00e9triques comme la fibre optique, le montage d&rsquo;un dispositif \u00e0 base de plastique est simple et peut \u00eatre fait \u00e0 la main.<\/p>\n<p><a href=\"http:\/\/www.cea-tech.fr\/cea-tech\">http:\/\/www.cea-tech.fr\/cea-tech<\/a><\/p>\n","protected":false},"excerpt":{"rendered":"<p>P-link, un \u00ab\u00a0lien de plastique\u00a0\u00bb qui d\u00e9montre pour la premi\u00e8re fois qu&rsquo;il est possible de guider des ondes radio dans un tube en plastique souple.\u200b Bon march\u00e9, robuste, efficace et peu gourmand en \u00e9nergie, il permet de transmettre des informations \u00e0 haut d\u00e9bit entre deux p\u00e9riph\u00e9riques.<\/p>\n","protected":false},"author":11,"featured_media":72261,"comment_status":"closed","ping_status":"closed","sticky":false,"template":"","format":"standard","meta":{"_acf_changed":false,"footnotes":""},"categories":[883],"tags":[],"domains":[47],"ppma_author":[1143],"class_list":["post-72260","post","type-post","status-publish","format-standard","has-post-thumbnail","hentry","category-technologies","domains-electronique-eci"],"acf":[],"yoast_head":"<title>Le plastique est-il l\u2019avenir du cuivre ? ...<\/title>\n<meta name=\"description\" content=\"P-link, un \u00ab\u00a0lien de plastique\u00a0\u00bb qui d\u00e9montre pour la premi\u00e8re fois qu&#039;il est possible de guider des ondes radio dans un tube en plastique souple.\u200b...\" \/>\n<meta name=\"robots\" content=\"index, follow, max-snippet:-1, max-image-preview:large, max-video-preview:-1\" \/>\n<link rel=\"canonical\" href=\"https:\/\/www.ecinews.fr\/fr\/wp-json\/wp\/v2\/posts\/72260\/\" \/>\n<meta property=\"og:locale\" content=\"fr_FR\" \/>\n<meta property=\"og:type\" content=\"article\" \/>\n<meta property=\"og:title\" content=\"Le plastique est-il l\u2019avenir du cuivre ?\" \/>\n<meta property=\"og:description\" content=\"P-link, un \u00ab\u00a0lien de plastique\u00a0\u00bb qui d\u00e9montre pour la premi\u00e8re fois qu&#039;il est possible de guider des ondes radio dans un tube en plastique souple.\u200b Bon march\u00e9, robuste, efficace et peu gourmand en \u00e9nergie, il permet de transmettre des informations \u00e0 haut d\u00e9bit entre deux p\u00e9riph\u00e9riques.\" \/>\n<meta property=\"og:url\" content=\"https:\/\/www.ecinews.fr\/fr\/wp-json\/wp\/v2\/posts\/72260\/\" \/>\n<meta property=\"og:site_name\" content=\"EENewsEurope\" \/>\n<meta property=\"article:published_time\" content=\"2019-10-28T20:29:55+00:00\" \/>\n<meta property=\"og:image\" content=\"https:\/\/www.ecinews.fr\/wp-content\/uploads\/import\/default\/files\/sites\/default\/files\/images\/leti-cea-p.link_.jpg\" \/>\n\t<meta property=\"og:image:width\" content=\"335\" \/>\n\t<meta property=\"og:image:height\" content=\"212\" \/>\n\t<meta property=\"og:image:type\" content=\"image\/jpeg\" \/>\n<meta name=\"author\" content=\"Daniel Cardon\" \/>\n<meta name=\"twitter:card\" content=\"summary_large_image\" \/>\n<meta name=\"twitter:label1\" content=\"Written by\" \/>\n\t<meta name=\"twitter:data1\" content=\"Daniel Cardon\" \/>\n\t<meta name=\"twitter:label2\" content=\"Est. reading time\" \/>\n\t<meta name=\"twitter:data2\" content=\"1 minute\" \/>\n<script type=\"application\/ld+json\" class=\"yoast-schema-graph\">{\"@context\":\"https:\/\/schema.org\",\"@graph\":[{\"@type\":\"Article\",\"@id\":\"https:\/\/www.ecinews.fr\/fr\/le-plastique-est-il-lavenir-du-cuivre\/#article\",\"isPartOf\":{\"@id\":\"https:\/\/www.ecinews.fr\/fr\/le-plastique-est-il-lavenir-du-cuivre\/\"},\"author\":{\"name\":\"Daniel Cardon\",\"@id\":\"https:\/\/www.eenewseurope.com\/en\/#\/schema\/person\/93c44cde463762f40a8236eaa44c1c17\"},\"headline\":\"Le plastique est-il l\u2019avenir du cuivre ?\",\"datePublished\":\"2019-10-28T20:29:55+00:00\",\"dateModified\":\"2019-10-28T20:29:55+00:00\",\"mainEntityOfPage\":{\"@id\":\"https:\/\/www.ecinews.fr\/fr\/le-plastique-est-il-lavenir-du-cuivre\/\"},\"wordCount\":219,\"publisher\":{\"@id\":\"https:\/\/www.eenewseurope.com\/en\/#organization\"},\"articleSection\":[\"Technologies\"],\"inLanguage\":\"fr-FR\"},{\"@type\":\"WebPage\",\"@id\":\"https:\/\/www.ecinews.fr\/fr\/le-plastique-est-il-lavenir-du-cuivre\/\",\"url\":\"https:\/\/www.ecinews.fr\/fr\/le-plastique-est-il-lavenir-du-cuivre\/\",\"name\":\"Le plastique est-il l\u2019avenir du cuivre ? -\",\"isPartOf\":{\"@id\":\"https:\/\/www.eenewseurope.com\/en\/#website\"},\"datePublished\":\"2019-10-28T20:29:55+00:00\",\"dateModified\":\"2019-10-28T20:29:55+00:00\",\"breadcrumb\":{\"@id\":\"https:\/\/www.ecinews.fr\/fr\/le-plastique-est-il-lavenir-du-cuivre\/#breadcrumb\"},\"inLanguage\":\"fr-FR\",\"potentialAction\":[{\"@type\":\"ReadAction\",\"target\":[\"https:\/\/www.ecinews.fr\/fr\/le-plastique-est-il-lavenir-du-cuivre\/\"]}]},{\"@type\":\"BreadcrumbList\",\"@id\":\"https:\/\/www.ecinews.fr\/fr\/le-plastique-est-il-lavenir-du-cuivre\/#breadcrumb\",\"itemListElement\":[{\"@type\":\"ListItem\",\"position\":1,\"name\":\"Home\",\"item\":\"https:\/\/www.ecinews.fr\/fr\/\"},{\"@type\":\"ListItem\",\"position\":2,\"name\":\"Le plastique est-il l\u2019avenir du cuivre ?\"}]},{\"@type\":\"WebSite\",\"@id\":\"https:\/\/www.eenewseurope.com\/en\/#website\",\"url\":\"https:\/\/www.eenewseurope.com\/en\/\",\"name\":\"EENewsEurope\",\"description\":\"Just another WordPress site\",\"publisher\":{\"@id\":\"https:\/\/www.eenewseurope.com\/en\/#organization\"},\"potentialAction\":[{\"@type\":\"SearchAction\",\"target\":{\"@type\":\"EntryPoint\",\"urlTemplate\":\"https:\/\/www.eenewseurope.com\/en\/?s={search_term_string}\"},\"query-input\":\"required name=search_term_string\"}],\"inLanguage\":\"fr-FR\"},{\"@type\":\"Organization\",\"@id\":\"https:\/\/www.eenewseurope.com\/en\/#organization\",\"name\":\"EENewsEurope\",\"url\":\"https:\/\/www.eenewseurope.com\/en\/\",\"logo\":{\"@type\":\"ImageObject\",\"inLanguage\":\"fr-FR\",\"@id\":\"https:\/\/www.eenewseurope.com\/en\/#\/schema\/logo\/image\/\",\"url\":\"https:\/\/www.ecinews.fr\/wp-content\/uploads\/2022\/02\/logo-1.jpg\",\"contentUrl\":\"https:\/\/www.ecinews.fr\/wp-content\/uploads\/2022\/02\/logo-1.jpg\",\"width\":283,\"height\":113,\"caption\":\"EENewsEurope\"},\"image\":{\"@id\":\"https:\/\/www.eenewseurope.com\/en\/#\/schema\/logo\/image\/\"}},{\"@type\":\"Person\",\"@id\":\"https:\/\/www.eenewseurope.com\/en\/#\/schema\/person\/93c44cde463762f40a8236eaa44c1c17\",\"name\":\"Daniel Cardon\",\"image\":{\"@type\":\"ImageObject\",\"inLanguage\":\"fr-FR\",\"@id\":\"https:\/\/www.eenewseurope.com\/en\/#\/schema\/person\/image\/2b243f6bcc1cff7d86aadfb2cd0bd870\",\"url\":\"https:\/\/secure.gravatar.com\/avatar\/de9edc136dfc061ad4778e04635baefa?s=96&d=mm&r=g\",\"contentUrl\":\"https:\/\/secure.gravatar.com\/avatar\/de9edc136dfc061ad4778e04635baefa?s=96&d=mm&r=g\",\"caption\":\"Daniel Cardon\"}}]}<\/script>","yoast_head_json":{"title":"Le plastique est-il l\u2019avenir du cuivre ? ...","description":"P-link, un \u00ab\u00a0lien de plastique\u00a0\u00bb qui d\u00e9montre pour la premi\u00e8re fois qu'il est possible de guider des ondes radio dans un tube en plastique souple.\u200b...","robots":{"index":"index","follow":"follow","max-snippet":"max-snippet:-1","max-image-preview":"max-image-preview:large","max-video-preview":"max-video-preview:-1"},"canonical":"https:\/\/www.ecinews.fr\/fr\/wp-json\/wp\/v2\/posts\/72260\/","og_locale":"fr_FR","og_type":"article","og_title":"Le plastique est-il l\u2019avenir du cuivre ?","og_description":"P-link, un \u00ab\u00a0lien de plastique\u00a0\u00bb qui d\u00e9montre pour la premi\u00e8re fois qu'il est possible de guider des ondes radio dans un tube en plastique souple.\u200b Bon march\u00e9, robuste, efficace et peu gourmand en \u00e9nergie, il permet de transmettre des informations \u00e0 haut d\u00e9bit entre deux p\u00e9riph\u00e9riques.","og_url":"https:\/\/www.ecinews.fr\/fr\/wp-json\/wp\/v2\/posts\/72260\/","og_site_name":"EENewsEurope","article_published_time":"2019-10-28T20:29:55+00:00","og_image":[{"width":335,"height":212,"url":"https:\/\/www.ecinews.fr\/wp-content\/uploads\/import\/default\/files\/sites\/default\/files\/images\/leti-cea-p.link_.jpg","type":"image\/jpeg"}],"author":"Daniel Cardon","twitter_card":"summary_large_image","twitter_misc":{"Written by":"Daniel Cardon","Est. reading time":"1 minute"},"schema":{"@context":"https:\/\/schema.org","@graph":[{"@type":"Article","@id":"https:\/\/www.ecinews.fr\/fr\/le-plastique-est-il-lavenir-du-cuivre\/#article","isPartOf":{"@id":"https:\/\/www.ecinews.fr\/fr\/le-plastique-est-il-lavenir-du-cuivre\/"},"author":{"name":"Daniel Cardon","@id":"https:\/\/www.eenewseurope.com\/en\/#\/schema\/person\/93c44cde463762f40a8236eaa44c1c17"},"headline":"Le plastique est-il l\u2019avenir du cuivre ?","datePublished":"2019-10-28T20:29:55+00:00","dateModified":"2019-10-28T20:29:55+00:00","mainEntityOfPage":{"@id":"https:\/\/www.ecinews.fr\/fr\/le-plastique-est-il-lavenir-du-cuivre\/"},"wordCount":219,"publisher":{"@id":"https:\/\/www.eenewseurope.com\/en\/#organization"},"articleSection":["Technologies"],"inLanguage":"fr-FR"},{"@type":"WebPage","@id":"https:\/\/www.ecinews.fr\/fr\/le-plastique-est-il-lavenir-du-cuivre\/","url":"https:\/\/www.ecinews.fr\/fr\/le-plastique-est-il-lavenir-du-cuivre\/","name":"Le plastique est-il l\u2019avenir du cuivre ? -","isPartOf":{"@id":"https:\/\/www.eenewseurope.com\/en\/#website"},"datePublished":"2019-10-28T20:29:55+00:00","dateModified":"2019-10-28T20:29:55+00:00","breadcrumb":{"@id":"https:\/\/www.ecinews.fr\/fr\/le-plastique-est-il-lavenir-du-cuivre\/#breadcrumb"},"inLanguage":"fr-FR","potentialAction":[{"@type":"ReadAction","target":["https:\/\/www.ecinews.fr\/fr\/le-plastique-est-il-lavenir-du-cuivre\/"]}]},{"@type":"BreadcrumbList","@id":"https:\/\/www.ecinews.fr\/fr\/le-plastique-est-il-lavenir-du-cuivre\/#breadcrumb","itemListElement":[{"@type":"ListItem","position":1,"name":"Home","item":"https:\/\/www.ecinews.fr\/fr\/"},{"@type":"ListItem","position":2,"name":"Le plastique est-il l\u2019avenir du cuivre ?"}]},{"@type":"WebSite","@id":"https:\/\/www.eenewseurope.com\/en\/#website","url":"https:\/\/www.eenewseurope.com\/en\/","name":"EENewsEurope","description":"Just another WordPress site","publisher":{"@id":"https:\/\/www.eenewseurope.com\/en\/#organization"},"potentialAction":[{"@type":"SearchAction","target":{"@type":"EntryPoint","urlTemplate":"https:\/\/www.eenewseurope.com\/en\/?s={search_term_string}"},"query-input":"required name=search_term_string"}],"inLanguage":"fr-FR"},{"@type":"Organization","@id":"https:\/\/www.eenewseurope.com\/en\/#organization","name":"EENewsEurope","url":"https:\/\/www.eenewseurope.com\/en\/","logo":{"@type":"ImageObject","inLanguage":"fr-FR","@id":"https:\/\/www.eenewseurope.com\/en\/#\/schema\/logo\/image\/","url":"https:\/\/www.ecinews.fr\/wp-content\/uploads\/2022\/02\/logo-1.jpg","contentUrl":"https:\/\/www.ecinews.fr\/wp-content\/uploads\/2022\/02\/logo-1.jpg","width":283,"height":113,"caption":"EENewsEurope"},"image":{"@id":"https:\/\/www.eenewseurope.com\/en\/#\/schema\/logo\/image\/"}},{"@type":"Person","@id":"https:\/\/www.eenewseurope.com\/en\/#\/schema\/person\/93c44cde463762f40a8236eaa44c1c17","name":"Daniel Cardon","image":{"@type":"ImageObject","inLanguage":"fr-FR","@id":"https:\/\/www.eenewseurope.com\/en\/#\/schema\/person\/image\/2b243f6bcc1cff7d86aadfb2cd0bd870","url":"https:\/\/secure.gravatar.com\/avatar\/de9edc136dfc061ad4778e04635baefa?s=96&d=mm&r=g","contentUrl":"https:\/\/secure.gravatar.com\/avatar\/de9edc136dfc061ad4778e04635baefa?s=96&d=mm&r=g","caption":"Daniel Cardon"}}]}},"authors":[{"term_id":1143,"user_id":11,"is_guest":0,"slug":"danielcardon","display_name":"Daniel Cardon","avatar_url":"https:\/\/secure.gravatar.com\/avatar\/de9edc136dfc061ad4778e04635baefa?s=96&d=mm&r=g","0":null,"1":"","2":"","3":"","4":"","5":"","6":"","7":"","8":""}],"_links":{"self":[{"href":"https:\/\/www.ecinews.fr\/fr\/wp-json\/wp\/v2\/posts\/72260"}],"collection":[{"href":"https:\/\/www.ecinews.fr\/fr\/wp-json\/wp\/v2\/posts"}],"about":[{"href":"https:\/\/www.ecinews.fr\/fr\/wp-json\/wp\/v2\/types\/post"}],"author":[{"embeddable":true,"href":"https:\/\/www.ecinews.fr\/fr\/wp-json\/wp\/v2\/users\/11"}],"replies":[{"embeddable":true,"href":"https:\/\/www.ecinews.fr\/fr\/wp-json\/wp\/v2\/comments?post=72260"}],"version-history":[{"count":0,"href":"https:\/\/www.ecinews.fr\/fr\/wp-json\/wp\/v2\/posts\/72260\/revisions"}],"wp:featuredmedia":[{"embeddable":true,"href":"https:\/\/www.ecinews.fr\/fr\/wp-json\/wp\/v2\/media\/72261"}],"wp:attachment":[{"href":"https:\/\/www.ecinews.fr\/fr\/wp-json\/wp\/v2\/media?parent=72260"}],"wp:term":[{"taxonomy":"category","embeddable":true,"href":"https:\/\/www.ecinews.fr\/fr\/wp-json\/wp\/v2\/categories?post=72260"},{"taxonomy":"post_tag","embeddable":true,"href":"https:\/\/www.ecinews.fr\/fr\/wp-json\/wp\/v2\/tags?post=72260"},{"taxonomy":"domains","embeddable":true,"href":"https:\/\/www.ecinews.fr\/fr\/wp-json\/wp\/v2\/domains?post=72260"},{"taxonomy":"author","embeddable":true,"href":"https:\/\/www.ecinews.fr\/fr\/wp-json\/wp\/v2\/ppma_author?post=72260"}],"curies":[{"name":"wp","href":"https:\/\/api.w.org\/{rel}","templated":true}]}}