{"id":71704,"date":"2019-11-04T16:30:20","date_gmt":"2019-11-04T16:30:20","guid":{"rendered":"https:\/\/\/air-france-experimente-la-technologie-lifi-en-vol\/"},"modified":"2019-11-04T16:30:20","modified_gmt":"2019-11-04T16:30:20","slug":"air-france-experimente-la-technologie-lifi-en-vol","status":"publish","type":"post","link":"https:\/\/www.ecinews.fr\/fr\/air-france-experimente-la-technologie-lifi-en-vol\/","title":{"rendered":"Air France exp\u00e9rimente la technologie LiFi en vol"},"content":{"rendered":"<p>Engag\u00e9e dans une recherche de nouveaux cas d\u2019usage en vol pour ses clients, Air France a \u00e9galement accueilli des \u00ab\u00a0gamers\u00a0\u00bb, finalistes du \u00ab Air France Trackmania Cup \u00bb d\u00e9velopp\u00e9 par Ubisoft qui se sont affront\u00e9s en plein vol. Air France et Lat\u00e9co\u00e8re exp\u00e9rimentent ainsi&nbsp;la&nbsp;simplicit\u00e9 d\u2019int\u00e9gration et de certification de cette technologie pour des vols commerciaux.<\/p>\n<p><strong>Connectivit\u00e9 sup\u00e9rieure&nbsp;\u00e0 bord<\/strong><br \/>\nLe LiFi permet une&nbsp;connectivit\u00e9 \u00e0 bord d\u2019un avion sup\u00e9rieure&nbsp;en termes de bande passante, de latence et de stabilit\u00e9. Un autre avantage du LiFi est qu\u2019il n\u2019interf\u00e8re pas avec les \u00e9quipements sensibles et que la connexion n\u2019est pas affect\u00e9e par les mouvements de l\u2019avion. Le LiFi permet \u00e9galement de r\u00e9duire le c\u00e2blage et, associ\u00e9e \u00e0 une mise \u00e0 niveau de l\u2019infrastructure vers des solutions en fibre optique \u00e0 faible poids, il r\u00e9duira le poids et participera \u00e0 la baisse de consommation en carburant de l\u2019avion.<\/p>\n<p>Deux jours plus t\u00f4t, Lat\u00e9co\u00e8re annon\u00e7ait le&nbsp;passage \u00e0 l\u2019industrialisation de sa technologie LiFi, gr\u00e2ce \u00e0 deux partenariats strat\u00e9giques avec Signify, leader mondial de l\u2019\u00e9clairage, sur sa technologie Trulifi, et avec Huneed Technologies, sp\u00e9cialiste sud-cor\u00e9en de l\u2019a\u00e9ronautique et de la d\u00e9fense, sur l\u2019\u00e9lectronique et les logiciels de partage de donn\u00e9es.<\/p>\n<p>Dans un premier temps, Trulifi sera utilis\u00e9 pour la connexion des lecteurs multim\u00e9dia des appuie-t\u00eates. Dans une deuxi\u00e8me phase, le LiFi permettra aux passagers de connecter leurs appareils personnels aux m\u00e9dias embarqu\u00e9s et \u00e0 Internet, mais aussi d\u2019interagir entre eux et d\u2019avoir la m\u00eame qualit\u00e9 de connectivit\u00e9 \u00e0 bord et au sol.<\/p>\n<p><a href=\"https:\/\/www.latecoere.aero\/\">https:\/\/www.latecoere.aero\/<\/a><\/p>\n<p>A lire aussi :<\/p>\n<p><a href=\"https:\/\/www.electronique-eci.com\/news\/le-lifi-est-pret-pour-lintegration-de-masse\">https:\/\/www.electronique-eci.com\/news\/le-lifi-est-pret-pour-lintegration-de-masse<\/a><\/p>\n<p><a href=\"https:\/\/www.electronique-eci.com\/news\/le-lifi-produit-de-masse-grace-au-projet-eliot\">https:\/\/www.electronique-eci.com\/news\/le-lifi-produit-de-masse-grace-au-projet-eliot<\/a><\/p>\n<p><a href=\"https:\/\/www.electronique-eci.com\/news\/lifi-en-complement-de-la-5g-pour-une-connexion-plus-rapide\">https:\/\/www.electronique-eci.com\/news\/lifi-en-complement-de-la-5g-pour-une-connexion-plus-rapide<\/a><\/p>\n","protected":false},"excerpt":{"rendered":"<p>En 1\u00e8re mondiale le 30 octobre dernier, Air France et ses partenaires Lat\u00e9co\u00e8re et Ubisoft ont test\u00e9 la technologie LiFi lors d&rsquo;un vol commercial Paris-Orly Toulouse \u00e0 bord d&rsquo;un Aibus A321.<\/p>\n","protected":false},"author":11,"featured_media":71705,"comment_status":"closed","ping_status":"closed","sticky":false,"template":"","format":"standard","meta":{"_acf_changed":false,"footnotes":""},"categories":[883],"tags":[],"domains":[47],"ppma_author":[1143],"class_list":["post-71704","post","type-post","status-publish","format-standard","has-post-thumbnail","hentry","category-technologies","domains-electronique-eci"],"acf":[],"yoast_head":"<title>Air France exp\u00e9rimente la technologie LiFi en vol ...<\/title>\n<meta name=\"description\" content=\"En 1\u00e8re mondiale le 30 octobre dernier, Air France et ses partenaires Lat\u00e9co\u00e8re et Ubisoft ont test\u00e9 la technologie LiFi lors d&#039;un vol commercial...\" \/>\n<meta name=\"robots\" content=\"index, follow, max-snippet:-1, max-image-preview:large, max-video-preview:-1\" \/>\n<link rel=\"canonical\" href=\"https:\/\/www.ecinews.fr\/fr\/wp-json\/wp\/v2\/posts\/71704\/\" \/>\n<meta property=\"og:locale\" content=\"fr_FR\" \/>\n<meta property=\"og:type\" content=\"article\" \/>\n<meta property=\"og:title\" content=\"Air France exp\u00e9rimente la technologie LiFi en vol\" \/>\n<meta property=\"og:description\" content=\"En 1\u00e8re mondiale le 30 octobre dernier, Air France et ses partenaires Lat\u00e9co\u00e8re et Ubisoft ont test\u00e9 la technologie LiFi lors d&#039;un vol commercial Paris-Orly Toulouse \u00e0 bord d&#039;un Aibus A321.\" \/>\n<meta property=\"og:url\" content=\"https:\/\/www.ecinews.fr\/fr\/wp-json\/wp\/v2\/posts\/71704\/\" \/>\n<meta property=\"og:site_name\" content=\"EENewsEurope\" \/>\n<meta property=\"article:published_time\" content=\"2019-11-04T16:30:20+00:00\" \/>\n<meta property=\"og:image\" content=\"https:\/\/www.ecinews.fr\/wp-content\/uploads\/import\/default\/files\/sites\/default\/files\/images\/latecoere_lifi.jpg\" \/>\n\t<meta property=\"og:image:width\" content=\"538\" \/>\n\t<meta property=\"og:image:height\" content=\"248\" \/>\n\t<meta property=\"og:image:type\" content=\"image\/jpeg\" \/>\n<meta name=\"author\" content=\"Daniel Cardon\" \/>\n<meta name=\"twitter:card\" content=\"summary_large_image\" \/>\n<meta name=\"twitter:label1\" content=\"Written by\" \/>\n\t<meta name=\"twitter:data1\" content=\"Daniel Cardon\" \/>\n\t<meta name=\"twitter:label2\" content=\"Est. reading time\" \/>\n\t<meta name=\"twitter:data2\" content=\"2 minutes\" \/>\n<script type=\"application\/ld+json\" class=\"yoast-schema-graph\">{\"@context\":\"https:\/\/schema.org\",\"@graph\":[{\"@type\":\"Article\",\"@id\":\"https:\/\/www.ecinews.fr\/fr\/air-france-experimente-la-technologie-lifi-en-vol\/#article\",\"isPartOf\":{\"@id\":\"https:\/\/www.ecinews.fr\/fr\/air-france-experimente-la-technologie-lifi-en-vol\/\"},\"author\":{\"name\":\"Daniel Cardon\",\"@id\":\"https:\/\/www.eenewseurope.com\/en\/#\/schema\/person\/93c44cde463762f40a8236eaa44c1c17\"},\"headline\":\"Air France exp\u00e9rimente la technologie LiFi en vol\",\"datePublished\":\"2019-11-04T16:30:20+00:00\",\"dateModified\":\"2019-11-04T16:30:20+00:00\",\"mainEntityOfPage\":{\"@id\":\"https:\/\/www.ecinews.fr\/fr\/air-france-experimente-la-technologie-lifi-en-vol\/\"},\"wordCount\":325,\"publisher\":{\"@id\":\"https:\/\/www.eenewseurope.com\/en\/#organization\"},\"articleSection\":[\"Technologies\"],\"inLanguage\":\"fr-FR\"},{\"@type\":\"WebPage\",\"@id\":\"https:\/\/www.ecinews.fr\/fr\/air-france-experimente-la-technologie-lifi-en-vol\/\",\"url\":\"https:\/\/www.ecinews.fr\/fr\/air-france-experimente-la-technologie-lifi-en-vol\/\",\"name\":\"Air France exp\u00e9rimente la technologie LiFi en vol -\",\"isPartOf\":{\"@id\":\"https:\/\/www.eenewseurope.com\/en\/#website\"},\"datePublished\":\"2019-11-04T16:30:20+00:00\",\"dateModified\":\"2019-11-04T16:30:20+00:00\",\"breadcrumb\":{\"@id\":\"https:\/\/www.ecinews.fr\/fr\/air-france-experimente-la-technologie-lifi-en-vol\/#breadcrumb\"},\"inLanguage\":\"fr-FR\",\"potentialAction\":[{\"@type\":\"ReadAction\",\"target\":[\"https:\/\/www.ecinews.fr\/fr\/air-france-experimente-la-technologie-lifi-en-vol\/\"]}]},{\"@type\":\"BreadcrumbList\",\"@id\":\"https:\/\/www.ecinews.fr\/fr\/air-france-experimente-la-technologie-lifi-en-vol\/#breadcrumb\",\"itemListElement\":[{\"@type\":\"ListItem\",\"position\":1,\"name\":\"Home\",\"item\":\"https:\/\/www.ecinews.fr\/fr\/\"},{\"@type\":\"ListItem\",\"position\":2,\"name\":\"Air France exp\u00e9rimente la technologie LiFi en vol\"}]},{\"@type\":\"WebSite\",\"@id\":\"https:\/\/www.eenewseurope.com\/en\/#website\",\"url\":\"https:\/\/www.eenewseurope.com\/en\/\",\"name\":\"EENewsEurope\",\"description\":\"Just another WordPress site\",\"publisher\":{\"@id\":\"https:\/\/www.eenewseurope.com\/en\/#organization\"},\"potentialAction\":[{\"@type\":\"SearchAction\",\"target\":{\"@type\":\"EntryPoint\",\"urlTemplate\":\"https:\/\/www.eenewseurope.com\/en\/?s={search_term_string}\"},\"query-input\":\"required name=search_term_string\"}],\"inLanguage\":\"fr-FR\"},{\"@type\":\"Organization\",\"@id\":\"https:\/\/www.eenewseurope.com\/en\/#organization\",\"name\":\"EENewsEurope\",\"url\":\"https:\/\/www.eenewseurope.com\/en\/\",\"logo\":{\"@type\":\"ImageObject\",\"inLanguage\":\"fr-FR\",\"@id\":\"https:\/\/www.eenewseurope.com\/en\/#\/schema\/logo\/image\/\",\"url\":\"https:\/\/www.ecinews.fr\/wp-content\/uploads\/2022\/02\/logo-1.jpg\",\"contentUrl\":\"https:\/\/www.ecinews.fr\/wp-content\/uploads\/2022\/02\/logo-1.jpg\",\"width\":283,\"height\":113,\"caption\":\"EENewsEurope\"},\"image\":{\"@id\":\"https:\/\/www.eenewseurope.com\/en\/#\/schema\/logo\/image\/\"}},{\"@type\":\"Person\",\"@id\":\"https:\/\/www.eenewseurope.com\/en\/#\/schema\/person\/93c44cde463762f40a8236eaa44c1c17\",\"name\":\"Daniel Cardon\",\"image\":{\"@type\":\"ImageObject\",\"inLanguage\":\"fr-FR\",\"@id\":\"https:\/\/www.eenewseurope.com\/en\/#\/schema\/person\/image\/2b243f6bcc1cff7d86aadfb2cd0bd870\",\"url\":\"https:\/\/secure.gravatar.com\/avatar\/de9edc136dfc061ad4778e04635baefa?s=96&d=mm&r=g\",\"contentUrl\":\"https:\/\/secure.gravatar.com\/avatar\/de9edc136dfc061ad4778e04635baefa?s=96&d=mm&r=g\",\"caption\":\"Daniel Cardon\"}}]}<\/script>","yoast_head_json":{"title":"Air France exp\u00e9rimente la technologie LiFi en vol ...","description":"En 1\u00e8re mondiale le 30 octobre dernier, Air France et ses partenaires Lat\u00e9co\u00e8re et Ubisoft ont test\u00e9 la technologie LiFi lors d'un vol commercial...","robots":{"index":"index","follow":"follow","max-snippet":"max-snippet:-1","max-image-preview":"max-image-preview:large","max-video-preview":"max-video-preview:-1"},"canonical":"https:\/\/www.ecinews.fr\/fr\/wp-json\/wp\/v2\/posts\/71704\/","og_locale":"fr_FR","og_type":"article","og_title":"Air France exp\u00e9rimente la technologie LiFi en vol","og_description":"En 1\u00e8re mondiale le 30 octobre dernier, Air France et ses partenaires Lat\u00e9co\u00e8re et Ubisoft ont test\u00e9 la technologie LiFi lors d'un vol commercial Paris-Orly Toulouse \u00e0 bord d'un Aibus A321.","og_url":"https:\/\/www.ecinews.fr\/fr\/wp-json\/wp\/v2\/posts\/71704\/","og_site_name":"EENewsEurope","article_published_time":"2019-11-04T16:30:20+00:00","og_image":[{"width":538,"height":248,"url":"https:\/\/www.ecinews.fr\/wp-content\/uploads\/import\/default\/files\/sites\/default\/files\/images\/latecoere_lifi.jpg","type":"image\/jpeg"}],"author":"Daniel Cardon","twitter_card":"summary_large_image","twitter_misc":{"Written by":"Daniel Cardon","Est. reading time":"2 minutes"},"schema":{"@context":"https:\/\/schema.org","@graph":[{"@type":"Article","@id":"https:\/\/www.ecinews.fr\/fr\/air-france-experimente-la-technologie-lifi-en-vol\/#article","isPartOf":{"@id":"https:\/\/www.ecinews.fr\/fr\/air-france-experimente-la-technologie-lifi-en-vol\/"},"author":{"name":"Daniel Cardon","@id":"https:\/\/www.eenewseurope.com\/en\/#\/schema\/person\/93c44cde463762f40a8236eaa44c1c17"},"headline":"Air France exp\u00e9rimente la technologie LiFi en vol","datePublished":"2019-11-04T16:30:20+00:00","dateModified":"2019-11-04T16:30:20+00:00","mainEntityOfPage":{"@id":"https:\/\/www.ecinews.fr\/fr\/air-france-experimente-la-technologie-lifi-en-vol\/"},"wordCount":325,"publisher":{"@id":"https:\/\/www.eenewseurope.com\/en\/#organization"},"articleSection":["Technologies"],"inLanguage":"fr-FR"},{"@type":"WebPage","@id":"https:\/\/www.ecinews.fr\/fr\/air-france-experimente-la-technologie-lifi-en-vol\/","url":"https:\/\/www.ecinews.fr\/fr\/air-france-experimente-la-technologie-lifi-en-vol\/","name":"Air France exp\u00e9rimente la technologie LiFi en vol -","isPartOf":{"@id":"https:\/\/www.eenewseurope.com\/en\/#website"},"datePublished":"2019-11-04T16:30:20+00:00","dateModified":"2019-11-04T16:30:20+00:00","breadcrumb":{"@id":"https:\/\/www.ecinews.fr\/fr\/air-france-experimente-la-technologie-lifi-en-vol\/#breadcrumb"},"inLanguage":"fr-FR","potentialAction":[{"@type":"ReadAction","target":["https:\/\/www.ecinews.fr\/fr\/air-france-experimente-la-technologie-lifi-en-vol\/"]}]},{"@type":"BreadcrumbList","@id":"https:\/\/www.ecinews.fr\/fr\/air-france-experimente-la-technologie-lifi-en-vol\/#breadcrumb","itemListElement":[{"@type":"ListItem","position":1,"name":"Home","item":"https:\/\/www.ecinews.fr\/fr\/"},{"@type":"ListItem","position":2,"name":"Air France exp\u00e9rimente la technologie LiFi en vol"}]},{"@type":"WebSite","@id":"https:\/\/www.eenewseurope.com\/en\/#website","url":"https:\/\/www.eenewseurope.com\/en\/","name":"EENewsEurope","description":"Just another WordPress site","publisher":{"@id":"https:\/\/www.eenewseurope.com\/en\/#organization"},"potentialAction":[{"@type":"SearchAction","target":{"@type":"EntryPoint","urlTemplate":"https:\/\/www.eenewseurope.com\/en\/?s={search_term_string}"},"query-input":"required name=search_term_string"}],"inLanguage":"fr-FR"},{"@type":"Organization","@id":"https:\/\/www.eenewseurope.com\/en\/#organization","name":"EENewsEurope","url":"https:\/\/www.eenewseurope.com\/en\/","logo":{"@type":"ImageObject","inLanguage":"fr-FR","@id":"https:\/\/www.eenewseurope.com\/en\/#\/schema\/logo\/image\/","url":"https:\/\/www.ecinews.fr\/wp-content\/uploads\/2022\/02\/logo-1.jpg","contentUrl":"https:\/\/www.ecinews.fr\/wp-content\/uploads\/2022\/02\/logo-1.jpg","width":283,"height":113,"caption":"EENewsEurope"},"image":{"@id":"https:\/\/www.eenewseurope.com\/en\/#\/schema\/logo\/image\/"}},{"@type":"Person","@id":"https:\/\/www.eenewseurope.com\/en\/#\/schema\/person\/93c44cde463762f40a8236eaa44c1c17","name":"Daniel Cardon","image":{"@type":"ImageObject","inLanguage":"fr-FR","@id":"https:\/\/www.eenewseurope.com\/en\/#\/schema\/person\/image\/2b243f6bcc1cff7d86aadfb2cd0bd870","url":"https:\/\/secure.gravatar.com\/avatar\/de9edc136dfc061ad4778e04635baefa?s=96&d=mm&r=g","contentUrl":"https:\/\/secure.gravatar.com\/avatar\/de9edc136dfc061ad4778e04635baefa?s=96&d=mm&r=g","caption":"Daniel Cardon"}}]}},"authors":[{"term_id":1143,"user_id":11,"is_guest":0,"slug":"danielcardon","display_name":"Daniel Cardon","avatar_url":"https:\/\/secure.gravatar.com\/avatar\/de9edc136dfc061ad4778e04635baefa?s=96&d=mm&r=g","0":null,"1":"","2":"","3":"","4":"","5":"","6":"","7":"","8":""}],"_links":{"self":[{"href":"https:\/\/www.ecinews.fr\/fr\/wp-json\/wp\/v2\/posts\/71704"}],"collection":[{"href":"https:\/\/www.ecinews.fr\/fr\/wp-json\/wp\/v2\/posts"}],"about":[{"href":"https:\/\/www.ecinews.fr\/fr\/wp-json\/wp\/v2\/types\/post"}],"author":[{"embeddable":true,"href":"https:\/\/www.ecinews.fr\/fr\/wp-json\/wp\/v2\/users\/11"}],"replies":[{"embeddable":true,"href":"https:\/\/www.ecinews.fr\/fr\/wp-json\/wp\/v2\/comments?post=71704"}],"version-history":[{"count":0,"href":"https:\/\/www.ecinews.fr\/fr\/wp-json\/wp\/v2\/posts\/71704\/revisions"}],"wp:featuredmedia":[{"embeddable":true,"href":"https:\/\/www.ecinews.fr\/fr\/wp-json\/wp\/v2\/media\/71705"}],"wp:attachment":[{"href":"https:\/\/www.ecinews.fr\/fr\/wp-json\/wp\/v2\/media?parent=71704"}],"wp:term":[{"taxonomy":"category","embeddable":true,"href":"https:\/\/www.ecinews.fr\/fr\/wp-json\/wp\/v2\/categories?post=71704"},{"taxonomy":"post_tag","embeddable":true,"href":"https:\/\/www.ecinews.fr\/fr\/wp-json\/wp\/v2\/tags?post=71704"},{"taxonomy":"domains","embeddable":true,"href":"https:\/\/www.ecinews.fr\/fr\/wp-json\/wp\/v2\/domains?post=71704"},{"taxonomy":"author","embeddable":true,"href":"https:\/\/www.ecinews.fr\/fr\/wp-json\/wp\/v2\/ppma_author?post=71704"}],"curies":[{"name":"wp","href":"https:\/\/api.w.org\/{rel}","templated":true}]}}