{"id":71440,"date":"2019-11-06T14:57:43","date_gmt":"2019-11-06T14:57:43","guid":{"rendered":"https:\/\/\/initiative-de-processeur-europeen-epi-deja-les-premiers-resultats\/"},"modified":"2019-11-06T14:57:43","modified_gmt":"2019-11-06T14:57:43","slug":"initiative-de-processeur-europeen-epi-deja-les-premiers-resultats","status":"publish","type":"post","link":"https:\/\/www.ecinews.fr\/fr\/initiative-de-processeur-europeen-epi-deja-les-premiers-resultats\/","title":{"rendered":"Initiative de Processeur europ\u00e9en EPI : d\u00e9j\u00e0 les premiers r\u00e9sultats"},"content":{"rendered":"<p><span class=\"tlid-translation translation\" lang=\"fr\">La famille de puces de premi\u00e8re g\u00e9n\u00e9ration, nomm\u00e9e Rhea, comprendra des coeurs bas\u00e9s sur l\u2019architecture Arm ZEUS et des prototypes d\u2019acc\u00e9l\u00e9rateurs \u00e0 haute efficacit\u00e9 \u00e9nerg\u00e9tique: bas\u00e9 sur RISC-V<\/span> <span class=\"tlid-translation translation\" lang=\"fr\"> (EPAC) , des circuits de traitement polyvalent (MPPA), FPGA embarqu\u00e9 (eFPGA) et un moteur cryptographique HW. Le consortium pr\u00e9voit que les premi\u00e8res puces Rhea seront fabriqu\u00e9es avec la technologie N6 dans le but d\u2019optimiser les capacit\u00e9s de traitement et d\u2019efficacit\u00e9 \u00e9nerg\u00e9tique.<\/span><\/p>\n<p><span class=\"tlid-translation translation\" lang=\"fr\">Les puces Rhea seront int\u00e9gr\u00e9es \u00e0 des plates-formes de test, \u00e0 la fois sur des postes de travail et des superordinateurs, afin de valider les unit\u00e9s hardware, de d\u00e9velopper les interfaces logicielles n\u00e9cessaires et de faire tourner des applications. Rhea a pour ambition d\u2019\u00eatre le processeur europ\u00e9en de plusieurs plates-formes exp\u00e9rimentales destin\u00e9es aux syst\u00e8mes HPC exascale et aux applications automobile.<\/span><\/p>\n<p><span class=\"tlid-translation translation\" lang=\"fr\">Les membres du projet ont \u00e9galement d\u00e9fini une approche commune: la plate-forme commune&nbsp; (CP) EPI, comprenant une sp\u00e9cification d&rsquo;architecture globale (mat\u00e9riel et logiciel), une m\u00e9thodologie de conception commune et une approche globale de la gestion de l&rsquo;\u00e9nergie et de la s\u00e9curit\u00e9. La d\u00e9finition dd la PC EPI a pour objectif d\u2019harmoniser l\u2019environnement informatique h\u00e9t\u00e9rog\u00e8ne. La plate-forme commune de la famille de processeurs Rhea s&rsquo;organisera autour d&rsquo;un r\u00e9seau NoC (Network-on-Chip) maill\u00e9 en 2D connectant des unit\u00e9s de calcul bas\u00e9es sur des c\u0153urs Arm \u00e0 usage g\u00e9n\u00e9ral avec des pav\u00e9s acc\u00e9l\u00e9rateur mentionn\u00e9s pr\u00e9c\u00e9demment.<\/span><\/p>\n<p><span class=\"tlid-translation translation\" lang=\"fr\">Un environnement logiciel commun entre des unit\u00e9s de calcul h\u00e9t\u00e9rog\u00e8nes harmonisera le syst\u00e8me, agissant comme un r\u00e9seau f\u00e9d\u00e9rateur de composants IP pour la connexion IO avec l&rsquo;environnement externe, tels que des m\u00e9moires et des acc\u00e9l\u00e9rateurs interconnect\u00e9s ou faiblement coupl\u00e9s.<\/span><\/p>\n<p><span class=\"tlid-translation translation\" lang=\"fr\">Avec cette approche CP, EPI fournira un environnement capable d\u2019int\u00e9grer de mani\u00e8re transparente n\u2019importe quelle unit\u00e9 informatique. Le bon \u00e9quilibre entre les ressources informatiques et les besoins de l&rsquo;application sera d\u00e9fini par le rapport soigneusement choisi entre les pav\u00e9s acc\u00e9l\u00e9rateur et polyvalents.<\/span><\/p>\n<p><span class=\"tlid-translation translation\" lang=\"fr\">La European Processor Initiative pr\u00e9sentera ses r\u00e9sultats \u00e0 la conf\u00e9rence Supercomputing \u00e0 Denver, aux \u00c9tats-Unis (du 17 au 22 novembre 2019), ainsi qu&rsquo;au Forum europ\u00e9en sur les composants et syst\u00e8mes \u00e9lectroniques \u00e0 Helsinki, en Finlande (du 19 au 21 novembre 2019).<\/span><\/p>\n<p>Lire aussi:<\/p>\n<p><a href=\"https:\/\/www.electronique-eci.com\/news\/kalray-partenaire-et-fournisseur-dune-technologie-cle-du-processeur-europeen-epi\">Kalray partenaire et fournisseur d\u2019une technologie cl\u00e9 du processeur europ\u00e9en EPI<\/a><\/p>\n<p><a href=\"https:\/\/www.electronique-eci.com\/news\/kalray-partenaire-et-fournisseur-dune-technologie-cle-du-processeur-europeen-epi\">Avec EPI, l&rsquo;Europe cherche l&rsquo;ind\u00e9pendance pour ses syst\u00e8mes exascale<\/a><\/p>\n<p>European Processor Initiative &#8211; <a href=\"http:\/\/www.european-processor-initiative.eu\/\">www.european-processor-initiative.eu<\/a><\/p>\n<p><strong>Related articles:<\/strong><\/p>\n<p><a href=\"https:\/\/www.eenewseurope.com\/news\/europe-seeks-independance-its-exascale-systems\">Europe seeks independance for its exascale systems<\/a><\/p>\n<p><a href=\"https:\/\/www.eenewseurope.com\/news\/risc-v-processor-mr-wolf-arrives-solve-problems\">RISC-V processor Mr Wolf arrives to solve problems <\/a><\/p>\n<p>\n&nbsp;<\/p>\n","protected":false},"excerpt":{"rendered":"<p>Impliquant 27 partenaires de 10 pays europ\u00e9ens, l&rsquo;Initiative de processeur europ\u00e9enn (EPI), qui est pr\u00e9vue sur trois ans, approche de la cl\u00f4ture de sa premi\u00e8re ann\u00e9e. Elle propose plusieurs conceptions architecturales \u00e0 la Commission europ\u00e9enne avec une feuille de route mise \u00e0 jour.<\/p>\n","protected":false},"author":22,"featured_media":71441,"comment_status":"closed","ping_status":"closed","sticky":false,"template":"","format":"standard","meta":{"_acf_changed":false,"footnotes":""},"categories":[883],"tags":[896,908],"domains":[47],"ppma_author":[1149],"class_list":["post-71440","post","type-post","status-publish","format-standard","has-post-thumbnail","hentry","category-technologies","tag-digitalsignalprocessing-fr","tag-plds-fpgas-asics-fr","domains-electronique-eci"],"acf":[],"yoast_head":"<title><\/title>\n<meta name=\"description\" content=\"Impliquant 27 partenaires de 10 pays europ\u00e9ens, l&#039;Initiative de processeur europ\u00e9enn (EPI), qui est pr\u00e9vue sur trois ans, approche de la cl\u00f4ture de sa...\" \/>\n<meta name=\"robots\" content=\"index, follow, max-snippet:-1, max-image-preview:large, max-video-preview:-1\" \/>\n<link rel=\"canonical\" href=\"https:\/\/www.ecinews.fr\/fr\/wp-json\/wp\/v2\/posts\/71440\/\" \/>\n<meta property=\"og:locale\" content=\"fr_FR\" \/>\n<meta property=\"og:type\" content=\"article\" \/>\n<meta property=\"og:title\" content=\"Initiative de Processeur europ\u00e9en EPI : d\u00e9j\u00e0 les premiers r\u00e9sultats\" \/>\n<meta property=\"og:description\" content=\"Impliquant 27 partenaires de 10 pays europ\u00e9ens, l&#039;Initiative de processeur europ\u00e9enn (EPI), qui est pr\u00e9vue sur trois ans, approche de la cl\u00f4ture de sa premi\u00e8re ann\u00e9e. Elle propose plusieurs conceptions architecturales \u00e0 la Commission europ\u00e9enne avec une feuille de route mise \u00e0 jour.\" \/>\n<meta property=\"og:url\" content=\"https:\/\/www.ecinews.fr\/fr\/wp-json\/wp\/v2\/posts\/71440\/\" \/>\n<meta property=\"og:site_name\" content=\"EENewsEurope\" \/>\n<meta property=\"article:published_time\" content=\"2019-11-06T14:57:43+00:00\" \/>\n<meta property=\"og:image\" content=\"https:\/\/cdn.eenewseurope.com\/wp-content\/uploads\/import\/default\/files\/sites\/default\/files\/images\/2019-11-05-jh-processor2.png\" \/>\n\t<meta property=\"og:image:width\" content=\"768\" \/>\n\t<meta property=\"og:image:height\" content=\"435\" \/>\n\t<meta property=\"og:image:type\" content=\"image\/png\" \/>\n<meta name=\"author\" content=\"eeNews Europe\" \/>\n<meta name=\"twitter:card\" content=\"summary_large_image\" \/>\n<meta name=\"twitter:label1\" content=\"Written by\" \/>\n\t<meta name=\"twitter:data1\" content=\"eeNews Europe\" \/>\n\t<meta name=\"twitter:label2\" content=\"Est. reading time\" \/>\n\t<meta name=\"twitter:data2\" content=\"2 minutes\" \/>\n<script type=\"application\/ld+json\" class=\"yoast-schema-graph\">{\"@context\":\"https:\/\/schema.org\",\"@graph\":[{\"@type\":\"Article\",\"@id\":\"https:\/\/cdn.eenewseurope.com\/fr\/initiative-de-processeur-europeen-epi-deja-les-premiers-resultats\/#article\",\"isPartOf\":{\"@id\":\"https:\/\/cdn.eenewseurope.com\/fr\/initiative-de-processeur-europeen-epi-deja-les-premiers-resultats\/\"},\"author\":{\"name\":\"eeNews Europe\",\"@id\":\"https:\/\/www.eenewseurope.com\/en\/#\/schema\/person\/9eff4051fa9dac8230052de45e32b0f4\"},\"headline\":\"Initiative de Processeur europ\u00e9en EPI : d\u00e9j\u00e0 les premiers r\u00e9sultats\",\"datePublished\":\"2019-11-06T14:57:43+00:00\",\"dateModified\":\"2019-11-06T14:57:43+00:00\",\"mainEntityOfPage\":{\"@id\":\"https:\/\/cdn.eenewseurope.com\/fr\/initiative-de-processeur-europeen-epi-deja-les-premiers-resultats\/\"},\"wordCount\":477,\"publisher\":{\"@id\":\"https:\/\/www.eenewseurope.com\/en\/#organization\"},\"keywords\":[\"DigitalSignalProcessing\",\"PLDs\/FPGAs\/ASICs\"],\"articleSection\":[\"Technologies\"],\"inLanguage\":\"fr-FR\"},{\"@type\":\"WebPage\",\"@id\":\"https:\/\/cdn.eenewseurope.com\/fr\/initiative-de-processeur-europeen-epi-deja-les-premiers-resultats\/\",\"url\":\"https:\/\/cdn.eenewseurope.com\/fr\/initiative-de-processeur-europeen-epi-deja-les-premiers-resultats\/\",\"name\":\"Initiative de Processeur europ\u00e9en EPI : d\u00e9j\u00e0 les premiers r\u00e9sultats -\",\"isPartOf\":{\"@id\":\"https:\/\/www.eenewseurope.com\/en\/#website\"},\"datePublished\":\"2019-11-06T14:57:43+00:00\",\"dateModified\":\"2019-11-06T14:57:43+00:00\",\"breadcrumb\":{\"@id\":\"https:\/\/cdn.eenewseurope.com\/fr\/initiative-de-processeur-europeen-epi-deja-les-premiers-resultats\/#breadcrumb\"},\"inLanguage\":\"fr-FR\",\"potentialAction\":[{\"@type\":\"ReadAction\",\"target\":[\"https:\/\/cdn.eenewseurope.com\/fr\/initiative-de-processeur-europeen-epi-deja-les-premiers-resultats\/\"]}]},{\"@type\":\"BreadcrumbList\",\"@id\":\"https:\/\/cdn.eenewseurope.com\/fr\/initiative-de-processeur-europeen-epi-deja-les-premiers-resultats\/#breadcrumb\",\"itemListElement\":[{\"@type\":\"ListItem\",\"position\":1,\"name\":\"Home\",\"item\":\"https:\/\/www.ecinews.fr\/fr\/\"},{\"@type\":\"ListItem\",\"position\":2,\"name\":\"Initiative de Processeur europ\u00e9en EPI : d\u00e9j\u00e0 les premiers r\u00e9sultats\"}]},{\"@type\":\"WebSite\",\"@id\":\"https:\/\/www.eenewseurope.com\/en\/#website\",\"url\":\"https:\/\/www.eenewseurope.com\/en\/\",\"name\":\"EENewsEurope\",\"description\":\"Just another WordPress site\",\"publisher\":{\"@id\":\"https:\/\/www.eenewseurope.com\/en\/#organization\"},\"potentialAction\":[{\"@type\":\"SearchAction\",\"target\":{\"@type\":\"EntryPoint\",\"urlTemplate\":\"https:\/\/www.eenewseurope.com\/en\/?s={search_term_string}\"},\"query-input\":\"required name=search_term_string\"}],\"inLanguage\":\"fr-FR\"},{\"@type\":\"Organization\",\"@id\":\"https:\/\/www.eenewseurope.com\/en\/#organization\",\"name\":\"EENewsEurope\",\"url\":\"https:\/\/www.eenewseurope.com\/en\/\",\"logo\":{\"@type\":\"ImageObject\",\"inLanguage\":\"fr-FR\",\"@id\":\"https:\/\/www.eenewseurope.com\/en\/#\/schema\/logo\/image\/\",\"url\":\"https:\/\/www.ecinews.fr\/wp-content\/uploads\/2022\/02\/logo-1.jpg\",\"contentUrl\":\"https:\/\/www.ecinews.fr\/wp-content\/uploads\/2022\/02\/logo-1.jpg\",\"width\":283,\"height\":113,\"caption\":\"EENewsEurope\"},\"image\":{\"@id\":\"https:\/\/www.eenewseurope.com\/en\/#\/schema\/logo\/image\/\"}},{\"@type\":\"Person\",\"@id\":\"https:\/\/www.eenewseurope.com\/en\/#\/schema\/person\/9eff4051fa9dac8230052de45e32b0f4\",\"name\":\"eeNews Europe\",\"image\":{\"@type\":\"ImageObject\",\"inLanguage\":\"fr-FR\",\"@id\":\"https:\/\/www.eenewseurope.com\/en\/#\/schema\/person\/image\/fae8f0cb15861c4ae0ed4872e2c9fc22\",\"url\":\"https:\/\/secure.gravatar.com\/avatar\/5081509054e28b04ecd976976e723ce0?s=96&d=mm&r=g\",\"contentUrl\":\"https:\/\/secure.gravatar.com\/avatar\/5081509054e28b04ecd976976e723ce0?s=96&d=mm&r=g\",\"caption\":\"eeNews Europe\"}}]}<\/script>","yoast_head_json":{"title":"Initiative de Processeur europ\u00e9en EPI : d\u00e9j\u00e0 les premiers r?...","description":"Impliquant 27 partenaires de 10 pays europ\u00e9ens, l'Initiative de processeur europ\u00e9enn (EPI), qui est pr\u00e9vue sur trois ans, approche de la cl\u00f4ture de sa...","robots":{"index":"index","follow":"follow","max-snippet":"max-snippet:-1","max-image-preview":"max-image-preview:large","max-video-preview":"max-video-preview:-1"},"canonical":"https:\/\/www.ecinews.fr\/fr\/wp-json\/wp\/v2\/posts\/71440\/","og_locale":"fr_FR","og_type":"article","og_title":"Initiative de Processeur europ\u00e9en EPI : d\u00e9j\u00e0 les premiers r\u00e9sultats","og_description":"Impliquant 27 partenaires de 10 pays europ\u00e9ens, l'Initiative de processeur europ\u00e9enn (EPI), qui est pr\u00e9vue sur trois ans, approche de la cl\u00f4ture de sa premi\u00e8re ann\u00e9e. Elle propose plusieurs conceptions architecturales \u00e0 la Commission europ\u00e9enne avec une feuille de route mise \u00e0 jour.","og_url":"https:\/\/www.ecinews.fr\/fr\/wp-json\/wp\/v2\/posts\/71440\/","og_site_name":"EENewsEurope","article_published_time":"2019-11-06T14:57:43+00:00","og_image":[{"width":768,"height":435,"url":"https:\/\/cdn.eenewseurope.com\/wp-content\/uploads\/import\/default\/files\/sites\/default\/files\/images\/2019-11-05-jh-processor2.png","type":"image\/png"}],"author":"eeNews Europe","twitter_card":"summary_large_image","twitter_misc":{"Written by":"eeNews Europe","Est. reading time":"2 minutes"},"schema":{"@context":"https:\/\/schema.org","@graph":[{"@type":"Article","@id":"https:\/\/cdn.eenewseurope.com\/fr\/initiative-de-processeur-europeen-epi-deja-les-premiers-resultats\/#article","isPartOf":{"@id":"https:\/\/cdn.eenewseurope.com\/fr\/initiative-de-processeur-europeen-epi-deja-les-premiers-resultats\/"},"author":{"name":"eeNews Europe","@id":"https:\/\/www.eenewseurope.com\/en\/#\/schema\/person\/9eff4051fa9dac8230052de45e32b0f4"},"headline":"Initiative de Processeur europ\u00e9en EPI : d\u00e9j\u00e0 les premiers r\u00e9sultats","datePublished":"2019-11-06T14:57:43+00:00","dateModified":"2019-11-06T14:57:43+00:00","mainEntityOfPage":{"@id":"https:\/\/cdn.eenewseurope.com\/fr\/initiative-de-processeur-europeen-epi-deja-les-premiers-resultats\/"},"wordCount":477,"publisher":{"@id":"https:\/\/www.eenewseurope.com\/en\/#organization"},"keywords":["DigitalSignalProcessing","PLDs\/FPGAs\/ASICs"],"articleSection":["Technologies"],"inLanguage":"fr-FR"},{"@type":"WebPage","@id":"https:\/\/cdn.eenewseurope.com\/fr\/initiative-de-processeur-europeen-epi-deja-les-premiers-resultats\/","url":"https:\/\/cdn.eenewseurope.com\/fr\/initiative-de-processeur-europeen-epi-deja-les-premiers-resultats\/","name":"Initiative de Processeur europ\u00e9en EPI : d\u00e9j\u00e0 les premiers r\u00e9sultats -","isPartOf":{"@id":"https:\/\/www.eenewseurope.com\/en\/#website"},"datePublished":"2019-11-06T14:57:43+00:00","dateModified":"2019-11-06T14:57:43+00:00","breadcrumb":{"@id":"https:\/\/cdn.eenewseurope.com\/fr\/initiative-de-processeur-europeen-epi-deja-les-premiers-resultats\/#breadcrumb"},"inLanguage":"fr-FR","potentialAction":[{"@type":"ReadAction","target":["https:\/\/cdn.eenewseurope.com\/fr\/initiative-de-processeur-europeen-epi-deja-les-premiers-resultats\/"]}]},{"@type":"BreadcrumbList","@id":"https:\/\/cdn.eenewseurope.com\/fr\/initiative-de-processeur-europeen-epi-deja-les-premiers-resultats\/#breadcrumb","itemListElement":[{"@type":"ListItem","position":1,"name":"Home","item":"https:\/\/www.ecinews.fr\/fr\/"},{"@type":"ListItem","position":2,"name":"Initiative de Processeur europ\u00e9en EPI : d\u00e9j\u00e0 les premiers r\u00e9sultats"}]},{"@type":"WebSite","@id":"https:\/\/www.eenewseurope.com\/en\/#website","url":"https:\/\/www.eenewseurope.com\/en\/","name":"EENewsEurope","description":"Just another WordPress site","publisher":{"@id":"https:\/\/www.eenewseurope.com\/en\/#organization"},"potentialAction":[{"@type":"SearchAction","target":{"@type":"EntryPoint","urlTemplate":"https:\/\/www.eenewseurope.com\/en\/?s={search_term_string}"},"query-input":"required name=search_term_string"}],"inLanguage":"fr-FR"},{"@type":"Organization","@id":"https:\/\/www.eenewseurope.com\/en\/#organization","name":"EENewsEurope","url":"https:\/\/www.eenewseurope.com\/en\/","logo":{"@type":"ImageObject","inLanguage":"fr-FR","@id":"https:\/\/www.eenewseurope.com\/en\/#\/schema\/logo\/image\/","url":"https:\/\/www.ecinews.fr\/wp-content\/uploads\/2022\/02\/logo-1.jpg","contentUrl":"https:\/\/www.ecinews.fr\/wp-content\/uploads\/2022\/02\/logo-1.jpg","width":283,"height":113,"caption":"EENewsEurope"},"image":{"@id":"https:\/\/www.eenewseurope.com\/en\/#\/schema\/logo\/image\/"}},{"@type":"Person","@id":"https:\/\/www.eenewseurope.com\/en\/#\/schema\/person\/9eff4051fa9dac8230052de45e32b0f4","name":"eeNews Europe","image":{"@type":"ImageObject","inLanguage":"fr-FR","@id":"https:\/\/www.eenewseurope.com\/en\/#\/schema\/person\/image\/fae8f0cb15861c4ae0ed4872e2c9fc22","url":"https:\/\/secure.gravatar.com\/avatar\/5081509054e28b04ecd976976e723ce0?s=96&d=mm&r=g","contentUrl":"https:\/\/secure.gravatar.com\/avatar\/5081509054e28b04ecd976976e723ce0?s=96&d=mm&r=g","caption":"eeNews Europe"}}]}},"authors":[{"term_id":1149,"user_id":22,"is_guest":0,"slug":"eenews-europe","display_name":"eeNews Europe","avatar_url":"https:\/\/secure.gravatar.com\/avatar\/5081509054e28b04ecd976976e723ce0?s=96&d=mm&r=g","0":null,"1":"","2":"","3":"","4":"","5":"","6":"","7":"","8":""}],"_links":{"self":[{"href":"https:\/\/www.ecinews.fr\/fr\/wp-json\/wp\/v2\/posts\/71440"}],"collection":[{"href":"https:\/\/www.ecinews.fr\/fr\/wp-json\/wp\/v2\/posts"}],"about":[{"href":"https:\/\/www.ecinews.fr\/fr\/wp-json\/wp\/v2\/types\/post"}],"author":[{"embeddable":true,"href":"https:\/\/www.ecinews.fr\/fr\/wp-json\/wp\/v2\/users\/22"}],"replies":[{"embeddable":true,"href":"https:\/\/www.ecinews.fr\/fr\/wp-json\/wp\/v2\/comments?post=71440"}],"version-history":[{"count":0,"href":"https:\/\/www.ecinews.fr\/fr\/wp-json\/wp\/v2\/posts\/71440\/revisions"}],"wp:featuredmedia":[{"embeddable":true,"href":"https:\/\/www.ecinews.fr\/fr\/wp-json\/wp\/v2\/media\/71441"}],"wp:attachment":[{"href":"https:\/\/www.ecinews.fr\/fr\/wp-json\/wp\/v2\/media?parent=71440"}],"wp:term":[{"taxonomy":"category","embeddable":true,"href":"https:\/\/www.ecinews.fr\/fr\/wp-json\/wp\/v2\/categories?post=71440"},{"taxonomy":"post_tag","embeddable":true,"href":"https:\/\/www.ecinews.fr\/fr\/wp-json\/wp\/v2\/tags?post=71440"},{"taxonomy":"domains","embeddable":true,"href":"https:\/\/www.ecinews.fr\/fr\/wp-json\/wp\/v2\/domains?post=71440"},{"taxonomy":"author","embeddable":true,"href":"https:\/\/www.ecinews.fr\/fr\/wp-json\/wp\/v2\/ppma_author?post=71440"}],"curies":[{"name":"wp","href":"https:\/\/api.w.org\/{rel}","templated":true}]}}