{"id":7107,"date":"2021-07-27T14:41:09","date_gmt":"2021-07-27T14:41:09","guid":{"rendered":"https:\/\/\/alliances-europeennes-pour-processeurs-2nm-et-informatique-edge\/"},"modified":"2021-07-27T14:41:09","modified_gmt":"2021-07-27T14:41:09","slug":"alliances-europeennes-pour-processeurs-2nm-et-informatique-edge","status":"publish","type":"post","link":"https:\/\/www.ecinews.fr\/fr\/alliances-europeennes-pour-processeurs-2nm-et-informatique-edge\/","title":{"rendered":"Alliances Europ\u00e9ennes pour processeurs 2nm et informatique edge"},"content":{"rendered":"<p>Les deux alliances visent \u00e0 acc\u00e9l\u00e9rer le d\u00e9veloppement de nouvelles conceptions de puces et de technologies industrielles de cloud computing\/edge computing, rassemblant les entreprises, les gouvernements, les universit\u00e9s et les utilisateurs, ainsi que les organisations de recherche et de technologie.<\/p>\n<p>L&rsquo; Alliance&nbsp;Industrielle sur les processeurs et les technologies des semiconducteurs identifie une capacit\u00e9 de production de semiconducteurs dans la technologie de process de 16 nm \u00e0 10 nm pour r\u00e9pondre aux besoins actuels. Cela correspond \u00e0 l&rsquo;offre annonc\u00e9e de TSMC de construire une usine de 16 nm dans la r\u00e9gion, ainsi qu&rsquo;\u00e0 l&rsquo;offre d&rsquo;Intel d&rsquo;une usine, \u00e9ventuellement en Bavi\u00e8re, ou via l&rsquo;achat de GlobalFoundries.<\/p>\n<p>Cela vise \u00e0 plus que doubler la part de l&rsquo;Europe dans la production mondiale de semiconducteurs \u00e0 20 % d&rsquo;ici 2030 et la Commission affirme que l&rsquo;alliance identifiera et traitera les goulets d&rsquo;\u00e9tranglement, les besoins et les d\u00e9pendances actuels dans l&rsquo;industrie et d\u00e9finira des feuilles de route technologiques.<\/p>\n<p>Cependant, l&rsquo;alliance pointe \u00e9galement vers des n\u0153uds de process de 5 \u00e0 2 nm et au-del\u00e0 pour anticiper les futurs besoins technologiques et pointe vers la r\u00e9duction de la consommation d&rsquo;\u00e9nergie dans les t\u00e9l\u00e9phones et les centres de donn\u00e9es, m\u00eame s&rsquo;il n&rsquo;y a pas de soci\u00e9t\u00e9s europ\u00e9ennes de conception de puces pour smartphones et peu de fabricants de puces de centres de donn\u00e9es qui soutiendraient le besoin d&rsquo;une technologie de process de 2 nm.<\/p>\n<p>&nbsp;<\/p>\n<p><strong>Les projets de nouvelles Fab en Europe:<\/strong><\/p>\n<ul>\n<li><a href=\"https:\/\/www.eenewseurope.com\/news\/european-2nm-project-includes-no-chip-companies\">European 2nm project includes no chip companies<\/a><\/li>\n<li>\n<p><a href=\"https:\/\/www.ecinews.fr\/news\/intel-pourrait-installer-sa-wafer-fab-en-baviere\">Intel pourrait installer sa wafer Fab en Bavi\u00e8re<\/a><\/p>\n<\/li>\n<li>\n<p><a href=\"https:\/\/www.ecinews.fr\/news\/intel-reclame-8-milliards-deuros-daides-pour-construire-eurofab\">Intel r\u00e9clame 8 milliards d&rsquo;euros d&rsquo;aides pour construire EuroFab <\/a><\/p>\n<\/li>\n<li>\n<p><a href=\"https:\/\/www.ecinews.fr\/news\/la-commission-europeenne-parle-de-fab-2nm-avec-tsmc-intel-et-samsung\">La Commission Europ\u00e9enne parle de Fab 2nm avec TSMC, Intel et Samsung<\/a><\/p>\n<\/li>\n<li>\n<p><a href=\"https:\/\/www.ecinews.fr\/news\/bosch-inaugure-sa-nouvelle-usine-de-semiconducteurs-dresde\">Bosch inaugure sa nouvelle usine de semiconducteurs \u00e0 Dresde<\/a><\/p>\n<\/li>\n<li>\n<p><a href=\"https:\/\/www.ecinews.fr\/news\/pourquoi-une-fab-europeenne-2nm-serait-futile-et-ruineuse\">Pourquoi une Fab Europ\u00e9enne \u00e0 2nm serait futile et ruineuse<\/a><\/p>\n<\/li>\n<\/ul>\n<p>&nbsp;<\/p>\n<p>De tels projets ont tendance \u00e0 prendre un \u00e0 deux ans pour se concr\u00e9tiser, puis toute capacit\u00e9 suppl\u00e9mentaire prendrait au moins 12 mois \u00e0 se mettre en place, et plus probablement deux \u00e0 trois ans. \u00c0 ce stade, le cycle des semiconducteurs aura chang\u00e9 et une plus grande capacit\u00e9 sera mise en ligne, ce qui ralentira le processus et aura un impact sur l&rsquo;argument \u00e9conomique en faveur d&rsquo;une telle capacit\u00e9.<\/p>\n<p>En cons\u00e9quence, cela n\u00e9cessitera un soutien financier plus important de la part des 22 \u00c9tats membres qui ont adh\u00e9r\u00e9 \u00e0 l&rsquo;alliance et de la commission. La micro\u00e9lectronique, notamment les microprocesseurs, fait d\u00e9j\u00e0 partie des domaines cl\u00e9s identifi\u00e9s pour l&rsquo;investissement financ\u00e9 par le fonds de r\u00e9cup\u00e9ration et de r\u00e9silience et les \u00c9tats membres se sont engag\u00e9s \u00e0 utiliser 20 % des plans europ\u00e9ens de r\u00e9cup\u00e9ration et de r\u00e9silience pour la transition num\u00e9rique, ce qui repr\u00e9sente 145 milliards d&rsquo;euros sur les trois prochains ans. Cette opportunit\u00e9 d&rsquo;investir dans la recherche, la conception et la capacit\u00e9 de production de processeurs en Europe ne doit pas \u00eatre manqu\u00e9e, d\u00e9clare la Processor and Semiconductor Alliance.<\/p>\n<p>Dans le m\u00eame temps, la Commission a \u00e9galement lanc\u00e9 une alliance pour le cloud industriel et les donn\u00e9es \u00ab\u00a0edge\u00a0\u00bb, qui devrait passer de 20 % aujourd&rsquo;hui \u00e0 80 % d&rsquo;ici 2025.<\/p>\n<p>Ce changement repr\u00e9sente une opportunit\u00e9 majeure pour l&rsquo;UE de renforcer ses propres capacit\u00e9s dans le cloud et edge, et donc sa souverainet\u00e9 technologique, selon la commission. Cela n\u00e9cessitera le d\u00e9veloppement et le d\u00e9ploiement de technologies de traitement des donn\u00e9es fondamentalement nouvelles, englobant edge, s&rsquo;\u00e9loignant des mod\u00e8les d&rsquo;infrastructure de traitement des donn\u00e9es enti\u00e8rement centralis\u00e9s et s&rsquo;int\u00e9grerait dans la strat\u00e9gie de cloud gaia-X d\u00e9j\u00e0 en cours de d\u00e9ploiement. voir<a href=\"https:\/\/www.ecinews.fr\/news\/leurope-lance-son-grand-projet-6g-hexa-x\"> L&rsquo;Europe lance son grand projet 6G Hexa-X<\/a><\/p>\n<p><strong>\u00e0 suivre: Alliance europ\u00e9enne pour les Data<\/strong><\/p>\n<hr \/>\n<p>L&rsquo;Alliance europ\u00e9enne pour les donn\u00e9es industrielles, edge et le cloud se concentrera sur un cloud computing hautement s\u00e9curis\u00e9, \u00e9conome en \u00e9nergie et en ressources et enti\u00e8rement interop\u00e9rable dans tous les secteurs, y compris \u00e0 des fins militaires et de s\u00e9curit\u00e9 pour traiter des donn\u00e9es hautement sensibles, tout en renfor\u00e7ant la comp\u00e9titivit\u00e9 de l&rsquo;industrie de l&rsquo;UE sur les technologies cloud et edge. 27 \u00c9tats membres ont adh\u00e9r\u00e9 \u00e0 cette Alliance.<\/p>\n<p>\u00ab Les technologies du cloud et edge pr\u00e9sentent un \u00e9norme potentiel \u00e9conomique pour les citoyens, les entreprises et les administrations publiques, par exemple en termes de comp\u00e9titivit\u00e9 accrue et de r\u00e9ponse aux besoins sp\u00e9cifiques de l&rsquo;industrie. Les puces \u00e9lectroniques sont au c\u0153ur de chaque appareil que nous utilisons tous les jours. De nos t\u00e9l\u00e9phones portables \u00e0 nos passeports, ces petits composants offrent une multitude de possibilit\u00e9s d&rsquo;avanc\u00e9es technologiques. Soutenir l&rsquo;innovation dans ces secteurs critiques est donc crucial et peut aider l&rsquo;Europe \u00e0 aller de l&rsquo;avant avec des partenaires partageant les m\u00eames id\u00e9es \u00bb, a d\u00e9clar\u00e9 Margrethe Vestager, vice-pr\u00e9sidente ex\u00e9cutive pour une Europe digne de l&rsquo;\u00e8re num\u00e9rique.<\/p>\n<p>Le commissaire charg\u00e9 du march\u00e9 int\u00e9rieur, Thierry Breton, a d\u00e9clar\u00e9 : \u00ab L&rsquo;Europe a tous les atouts pour mener la course technologique. Les deux alliances \u00e9laboreront des feuilles de route technologiques ambitieuses pour d\u00e9velopper et d\u00e9ployer en Europe la prochaine g\u00e9n\u00e9ration de technologies de traitement des donn\u00e9es, du cloud et edge et aux semiconducteurs de pointe. L&rsquo;alliance sur le cloud et edge vise \u00e0 d\u00e9velopper des clouds industriels europ\u00e9ens \u00e9conomes en \u00e9nergie et hautement s\u00e9curis\u00e9s, qui ne sont pas soumis au contr\u00f4le ou \u00e0 l&rsquo;acc\u00e8s des autorit\u00e9s de pays tiers. L&rsquo;alliance dans les semiconducteurs r\u00e9\u00e9quilibrera les cha\u00eenes d&rsquo;approvisionnement mondiales en semiconducteurs en veillant \u00e0 ce que nous ayons la capacit\u00e9 de concevoir et de produire, en Europe, les puces les plus avanc\u00e9es vers 2 nm et en dessous.<\/p>\n<p>Les deux alliances sont ouvertes \u00e0 la participation de toutes les entit\u00e9s publiques et priv\u00e9es ayant un repr\u00e9sentant l\u00e9gal dans l&rsquo;Union et ayant des activit\u00e9s pertinentes, \u00e0 condition qu&rsquo;elles remplissent les conditions d\u00e9finies dans les Termes de R\u00e9f\u00e9rence. Les parties prenantes concern\u00e9es doivent r\u00e9pondre aux crit\u00e8res d&rsquo;\u00e9ligibilit\u00e9, li\u00e9s notamment \u00e0 la s\u00e9curit\u00e9 (y compris la cybers\u00e9curit\u00e9), la s\u00e9curit\u00e9 d&rsquo;approvisionnement, la protection de la propri\u00e9t\u00e9 intellectuelle, la protection des donn\u00e9es et l&rsquo;acc\u00e8s aux donn\u00e9es et leur utilit\u00e9 pratique pour l&rsquo;Alliance. Cela pourrait restreindre la participation dans les deux alliances de soci\u00e9t\u00e9s ayant leur si\u00e8ge social en Europe mais d\u00e9tenues par des investisseurs chinois.<\/p>\n<p><strong>Lire aussi:<\/strong><\/p>\n<p><a href=\"https:\/\/www.ecinews.fr\/news\/leurope-lance-le-quantum-industry-consortium\"><strong>L&rsquo;Europe lance le Quantum Industry Consortium<\/strong><\/a><\/p>\n<p><a href=\"https:\/\/www.ecinews.fr\/news\/lue-lance-son-programme-spatial-integre-13-milliards-deuros\"><strong>L&rsquo;UE lance son programme spatial int\u00e9gr\u00e9 \u00e0 13 milliards d&rsquo;euros<\/strong><\/a><\/p>\n<p><a href=\"https:\/\/www.ecinews.fr\/news\/sipearl-et-graphcore-sassocient-pour-les-super-calculateurs-ia\"><strong>SiPearl et Graphcore s&rsquo;associent pour les super calculateurs IA<\/strong><\/a><\/p>\n<p><a href=\"https:\/\/www.ecinews.fr\/news\/leurope-se-projette-au-dela-du-telephone-mobile-avec-la-ar\"><strong>L&rsquo;Europe se projette au del\u00e0 du t\u00e9l\u00e9phone mobile avec la AR<\/strong><\/a><\/p>\n<ul>\n<li><a href=\"https:\/\/www.eenewseurope.com\/news\/ownership-worries-stoke-cold-war-china\">Ownership worries stoke cold war with China<\/a><\/li>\n<li><a href=\"https:\/\/www.eenewseurope.com\/news\/gaia-x\">Europe&rsquo;s Gaia-X takes on Amazon and Microsoft clouds<\/a><\/li>\n<li><a href=\"https:\/\/www.eenewseurope.com\/news\/hpe-backs-gaia-x-european-cloud\">HPE backs Gaia-X for the European cloud<\/a><\/li>\n<li><a href=\"https:\/\/www.eenewseurope.com\/news\/germany-build-digital-platform-automotive-industry\/page\/0\/1\">German automotive industry creates sector-spanning digital cloud<\/a><\/li>\n<\/ul>\n<p><a href=\"http:\/\/ec.europa.eu\">ec.europa.eu<\/a><\/p>\n","protected":false},"excerpt":{"rendered":"<p>La Commission europ\u00e9enne a lanc\u00e9 deux alliances industrielles, l&rsquo;une pour les technologies Processeurs et semiconducteurs et l&rsquo;autre pour les donn\u00e9es industrielles, Edge et Cloud. <\/p>\n","protected":false},"author":7,"featured_media":7108,"comment_status":"open","ping_status":"closed","sticky":false,"template":"","format":"standard","meta":{"_acf_changed":false,"footnotes":""},"categories":[883],"tags":[920,899,919,906,917],"domains":[47],"ppma_author":[1139],"class_list":["post-7107","post","type-post","status-publish","format-standard","has-post-thumbnail","hentry","category-technologies","tag-artificialintelligence-fr","tag-eda-cad-tools-fr","tag-iot-fr","tag-mpus-mcus-fr","tag-software-embedded-tools-fr","domains-electronique-eci"],"acf":[],"yoast_head":"<title>Alliances Europ\u00e9ennes pour processeurs 2nm et informatique edge ...<\/title>\n<meta name=\"description\" content=\"La Commission europ\u00e9enne a lanc\u00e9 deux alliances industrielles, l&#039;une pour les technologies Processeurs et semiconducteurs et l&#039;autre pour les donn\u00e9es...\" \/>\n<meta name=\"robots\" content=\"index, follow, max-snippet:-1, max-image-preview:large, max-video-preview:-1\" \/>\n<link rel=\"canonical\" href=\"https:\/\/www.ecinews.fr\/fr\/wp-json\/wp\/v2\/posts\/7107\/\" \/>\n<meta property=\"og:locale\" content=\"fr_FR\" \/>\n<meta property=\"og:type\" content=\"article\" \/>\n<meta property=\"og:title\" content=\"Alliances Europ\u00e9ennes pour processeurs 2nm et informatique edge\" \/>\n<meta property=\"og:description\" content=\"La Commission europ\u00e9enne a lanc\u00e9 deux alliances industrielles, l&#039;une pour les technologies Processeurs et semiconducteurs et l&#039;autre pour les donn\u00e9es industrielles, Edge et Cloud.\" \/>\n<meta property=\"og:url\" content=\"https:\/\/www.ecinews.fr\/fr\/wp-json\/wp\/v2\/posts\/7107\/\" \/>\n<meta property=\"og:site_name\" content=\"EENewsEurope\" \/>\n<meta property=\"article:published_time\" content=\"2021-07-27T14:41:09+00:00\" \/>\n<meta property=\"og:image\" content=\"https:\/\/www.ecinews.fr\/wp-content\/uploads\/import\/default\/files\/images\/01-picture-library\/electronic-components2.jpg\" \/>\n\t<meta property=\"og:image:width\" content=\"849\" \/>\n\t<meta property=\"og:image:height\" content=\"565\" \/>\n\t<meta property=\"og:image:type\" content=\"image\/jpeg\" \/>\n<meta name=\"author\" content=\"Wisse Hettinga\" \/>\n<meta name=\"twitter:card\" content=\"summary_large_image\" \/>\n<meta name=\"twitter:label1\" content=\"Written by\" \/>\n\t<meta name=\"twitter:data1\" content=\"Wisse Hettinga\" \/>\n\t<meta name=\"twitter:label2\" content=\"Est. reading time\" \/>\n\t<meta name=\"twitter:data2\" content=\"6 minutes\" \/>\n<script type=\"application\/ld+json\" class=\"yoast-schema-graph\">{\"@context\":\"https:\/\/schema.org\",\"@graph\":[{\"@type\":\"Article\",\"@id\":\"https:\/\/www.ecinews.fr\/fr\/alliances-europeennes-pour-processeurs-2nm-et-informatique-edge\/#article\",\"isPartOf\":{\"@id\":\"https:\/\/www.ecinews.fr\/fr\/alliances-europeennes-pour-processeurs-2nm-et-informatique-edge\/\"},\"author\":{\"name\":\"Wisse Hettinga\",\"@id\":\"https:\/\/www.eenewseurope.com\/en\/#\/schema\/person\/c6b626c6c65f5e1e7794ce2d17b2ca82\"},\"headline\":\"Alliances Europ\u00e9ennes pour processeurs 2nm et informatique edge\",\"datePublished\":\"2021-07-27T14:41:09+00:00\",\"dateModified\":\"2021-07-27T14:41:09+00:00\",\"mainEntityOfPage\":{\"@id\":\"https:\/\/www.ecinews.fr\/fr\/alliances-europeennes-pour-processeurs-2nm-et-informatique-edge\/\"},\"wordCount\":1200,\"commentCount\":0,\"publisher\":{\"@id\":\"https:\/\/www.eenewseurope.com\/en\/#organization\"},\"keywords\":[\"ArtificialIntelligence\",\"EDA &amp; CAD tools\",\"IoT\",\"MPUs\/MCUs\",\"Software &amp; Embedded tools\"],\"articleSection\":[\"Technologies\"],\"inLanguage\":\"fr-FR\",\"potentialAction\":[{\"@type\":\"CommentAction\",\"name\":\"Comment\",\"target\":[\"https:\/\/www.ecinews.fr\/fr\/alliances-europeennes-pour-processeurs-2nm-et-informatique-edge\/#respond\"]}]},{\"@type\":\"WebPage\",\"@id\":\"https:\/\/www.ecinews.fr\/fr\/alliances-europeennes-pour-processeurs-2nm-et-informatique-edge\/\",\"url\":\"https:\/\/www.ecinews.fr\/fr\/alliances-europeennes-pour-processeurs-2nm-et-informatique-edge\/\",\"name\":\"Alliances Europ\u00e9ennes pour processeurs 2nm et informatique edge -\",\"isPartOf\":{\"@id\":\"https:\/\/www.eenewseurope.com\/en\/#website\"},\"datePublished\":\"2021-07-27T14:41:09+00:00\",\"dateModified\":\"2021-07-27T14:41:09+00:00\",\"breadcrumb\":{\"@id\":\"https:\/\/www.ecinews.fr\/fr\/alliances-europeennes-pour-processeurs-2nm-et-informatique-edge\/#breadcrumb\"},\"inLanguage\":\"fr-FR\",\"potentialAction\":[{\"@type\":\"ReadAction\",\"target\":[\"https:\/\/www.ecinews.fr\/fr\/alliances-europeennes-pour-processeurs-2nm-et-informatique-edge\/\"]}]},{\"@type\":\"BreadcrumbList\",\"@id\":\"https:\/\/www.ecinews.fr\/fr\/alliances-europeennes-pour-processeurs-2nm-et-informatique-edge\/#breadcrumb\",\"itemListElement\":[{\"@type\":\"ListItem\",\"position\":1,\"name\":\"Home\",\"item\":\"https:\/\/www.ecinews.fr\/fr\/\"},{\"@type\":\"ListItem\",\"position\":2,\"name\":\"Alliances Europ\u00e9ennes pour processeurs 2nm et informatique edge\"}]},{\"@type\":\"WebSite\",\"@id\":\"https:\/\/www.eenewseurope.com\/en\/#website\",\"url\":\"https:\/\/www.eenewseurope.com\/en\/\",\"name\":\"EENewsEurope\",\"description\":\"Just another WordPress site\",\"publisher\":{\"@id\":\"https:\/\/www.eenewseurope.com\/en\/#organization\"},\"potentialAction\":[{\"@type\":\"SearchAction\",\"target\":{\"@type\":\"EntryPoint\",\"urlTemplate\":\"https:\/\/www.eenewseurope.com\/en\/?s={search_term_string}\"},\"query-input\":\"required name=search_term_string\"}],\"inLanguage\":\"fr-FR\"},{\"@type\":\"Organization\",\"@id\":\"https:\/\/www.eenewseurope.com\/en\/#organization\",\"name\":\"EENewsEurope\",\"url\":\"https:\/\/www.eenewseurope.com\/en\/\",\"logo\":{\"@type\":\"ImageObject\",\"inLanguage\":\"fr-FR\",\"@id\":\"https:\/\/www.eenewseurope.com\/en\/#\/schema\/logo\/image\/\",\"url\":\"https:\/\/www.ecinews.fr\/wp-content\/uploads\/2022\/02\/logo-1.jpg\",\"contentUrl\":\"https:\/\/www.ecinews.fr\/wp-content\/uploads\/2022\/02\/logo-1.jpg\",\"width\":283,\"height\":113,\"caption\":\"EENewsEurope\"},\"image\":{\"@id\":\"https:\/\/www.eenewseurope.com\/en\/#\/schema\/logo\/image\/\"}},{\"@type\":\"Person\",\"@id\":\"https:\/\/www.eenewseurope.com\/en\/#\/schema\/person\/c6b626c6c65f5e1e7794ce2d17b2ca82\",\"name\":\"Wisse Hettinga\",\"image\":{\"@type\":\"ImageObject\",\"inLanguage\":\"fr-FR\",\"@id\":\"https:\/\/www.eenewseurope.com\/en\/#\/schema\/person\/image\/5dc5f564ca306d7cb8b22735be49a465\",\"url\":\"https:\/\/secure.gravatar.com\/avatar\/24a36fe68de56eac2a45cbaf9aa4bb58?s=96&d=mm&r=g\",\"contentUrl\":\"https:\/\/secure.gravatar.com\/avatar\/24a36fe68de56eac2a45cbaf9aa4bb58?s=96&d=mm&r=g\",\"caption\":\"Wisse Hettinga\"}}]}<\/script>","yoast_head_json":{"title":"Alliances Europ\u00e9ennes pour processeurs 2nm et informatique edge ...","description":"La Commission europ\u00e9enne a lanc\u00e9 deux alliances industrielles, l'une pour les technologies Processeurs et semiconducteurs et l'autre pour les donn\u00e9es...","robots":{"index":"index","follow":"follow","max-snippet":"max-snippet:-1","max-image-preview":"max-image-preview:large","max-video-preview":"max-video-preview:-1"},"canonical":"https:\/\/www.ecinews.fr\/fr\/wp-json\/wp\/v2\/posts\/7107\/","og_locale":"fr_FR","og_type":"article","og_title":"Alliances Europ\u00e9ennes pour processeurs 2nm et informatique edge","og_description":"La Commission europ\u00e9enne a lanc\u00e9 deux alliances industrielles, l'une pour les technologies Processeurs et semiconducteurs et l'autre pour les donn\u00e9es industrielles, Edge et Cloud.","og_url":"https:\/\/www.ecinews.fr\/fr\/wp-json\/wp\/v2\/posts\/7107\/","og_site_name":"EENewsEurope","article_published_time":"2021-07-27T14:41:09+00:00","og_image":[{"width":849,"height":565,"url":"https:\/\/www.ecinews.fr\/wp-content\/uploads\/import\/default\/files\/images\/01-picture-library\/electronic-components2.jpg","type":"image\/jpeg"}],"author":"Wisse Hettinga","twitter_card":"summary_large_image","twitter_misc":{"Written by":"Wisse Hettinga","Est. reading time":"6 minutes"},"schema":{"@context":"https:\/\/schema.org","@graph":[{"@type":"Article","@id":"https:\/\/www.ecinews.fr\/fr\/alliances-europeennes-pour-processeurs-2nm-et-informatique-edge\/#article","isPartOf":{"@id":"https:\/\/www.ecinews.fr\/fr\/alliances-europeennes-pour-processeurs-2nm-et-informatique-edge\/"},"author":{"name":"Wisse Hettinga","@id":"https:\/\/www.eenewseurope.com\/en\/#\/schema\/person\/c6b626c6c65f5e1e7794ce2d17b2ca82"},"headline":"Alliances Europ\u00e9ennes pour processeurs 2nm et informatique edge","datePublished":"2021-07-27T14:41:09+00:00","dateModified":"2021-07-27T14:41:09+00:00","mainEntityOfPage":{"@id":"https:\/\/www.ecinews.fr\/fr\/alliances-europeennes-pour-processeurs-2nm-et-informatique-edge\/"},"wordCount":1200,"commentCount":0,"publisher":{"@id":"https:\/\/www.eenewseurope.com\/en\/#organization"},"keywords":["ArtificialIntelligence","EDA &amp; CAD tools","IoT","MPUs\/MCUs","Software &amp; Embedded tools"],"articleSection":["Technologies"],"inLanguage":"fr-FR","potentialAction":[{"@type":"CommentAction","name":"Comment","target":["https:\/\/www.ecinews.fr\/fr\/alliances-europeennes-pour-processeurs-2nm-et-informatique-edge\/#respond"]}]},{"@type":"WebPage","@id":"https:\/\/www.ecinews.fr\/fr\/alliances-europeennes-pour-processeurs-2nm-et-informatique-edge\/","url":"https:\/\/www.ecinews.fr\/fr\/alliances-europeennes-pour-processeurs-2nm-et-informatique-edge\/","name":"Alliances Europ\u00e9ennes pour processeurs 2nm et informatique edge -","isPartOf":{"@id":"https:\/\/www.eenewseurope.com\/en\/#website"},"datePublished":"2021-07-27T14:41:09+00:00","dateModified":"2021-07-27T14:41:09+00:00","breadcrumb":{"@id":"https:\/\/www.ecinews.fr\/fr\/alliances-europeennes-pour-processeurs-2nm-et-informatique-edge\/#breadcrumb"},"inLanguage":"fr-FR","potentialAction":[{"@type":"ReadAction","target":["https:\/\/www.ecinews.fr\/fr\/alliances-europeennes-pour-processeurs-2nm-et-informatique-edge\/"]}]},{"@type":"BreadcrumbList","@id":"https:\/\/www.ecinews.fr\/fr\/alliances-europeennes-pour-processeurs-2nm-et-informatique-edge\/#breadcrumb","itemListElement":[{"@type":"ListItem","position":1,"name":"Home","item":"https:\/\/www.ecinews.fr\/fr\/"},{"@type":"ListItem","position":2,"name":"Alliances Europ\u00e9ennes pour processeurs 2nm et informatique edge"}]},{"@type":"WebSite","@id":"https:\/\/www.eenewseurope.com\/en\/#website","url":"https:\/\/www.eenewseurope.com\/en\/","name":"EENewsEurope","description":"Just another WordPress site","publisher":{"@id":"https:\/\/www.eenewseurope.com\/en\/#organization"},"potentialAction":[{"@type":"SearchAction","target":{"@type":"EntryPoint","urlTemplate":"https:\/\/www.eenewseurope.com\/en\/?s={search_term_string}"},"query-input":"required name=search_term_string"}],"inLanguage":"fr-FR"},{"@type":"Organization","@id":"https:\/\/www.eenewseurope.com\/en\/#organization","name":"EENewsEurope","url":"https:\/\/www.eenewseurope.com\/en\/","logo":{"@type":"ImageObject","inLanguage":"fr-FR","@id":"https:\/\/www.eenewseurope.com\/en\/#\/schema\/logo\/image\/","url":"https:\/\/www.ecinews.fr\/wp-content\/uploads\/2022\/02\/logo-1.jpg","contentUrl":"https:\/\/www.ecinews.fr\/wp-content\/uploads\/2022\/02\/logo-1.jpg","width":283,"height":113,"caption":"EENewsEurope"},"image":{"@id":"https:\/\/www.eenewseurope.com\/en\/#\/schema\/logo\/image\/"}},{"@type":"Person","@id":"https:\/\/www.eenewseurope.com\/en\/#\/schema\/person\/c6b626c6c65f5e1e7794ce2d17b2ca82","name":"Wisse Hettinga","image":{"@type":"ImageObject","inLanguage":"fr-FR","@id":"https:\/\/www.eenewseurope.com\/en\/#\/schema\/person\/image\/5dc5f564ca306d7cb8b22735be49a465","url":"https:\/\/secure.gravatar.com\/avatar\/24a36fe68de56eac2a45cbaf9aa4bb58?s=96&d=mm&r=g","contentUrl":"https:\/\/secure.gravatar.com\/avatar\/24a36fe68de56eac2a45cbaf9aa4bb58?s=96&d=mm&r=g","caption":"Wisse Hettinga"}}]}},"authors":[{"term_id":1139,"user_id":7,"is_guest":0,"slug":"wisse-hettinga","display_name":"Wisse Hettinga","avatar_url":"https:\/\/secure.gravatar.com\/avatar\/24a36fe68de56eac2a45cbaf9aa4bb58?s=96&d=mm&r=g","0":null,"1":"","2":"","3":"","4":"","5":"","6":"","7":"","8":""}],"_links":{"self":[{"href":"https:\/\/www.ecinews.fr\/fr\/wp-json\/wp\/v2\/posts\/7107"}],"collection":[{"href":"https:\/\/www.ecinews.fr\/fr\/wp-json\/wp\/v2\/posts"}],"about":[{"href":"https:\/\/www.ecinews.fr\/fr\/wp-json\/wp\/v2\/types\/post"}],"author":[{"embeddable":true,"href":"https:\/\/www.ecinews.fr\/fr\/wp-json\/wp\/v2\/users\/7"}],"replies":[{"embeddable":true,"href":"https:\/\/www.ecinews.fr\/fr\/wp-json\/wp\/v2\/comments?post=7107"}],"version-history":[{"count":0,"href":"https:\/\/www.ecinews.fr\/fr\/wp-json\/wp\/v2\/posts\/7107\/revisions"}],"wp:featuredmedia":[{"embeddable":true,"href":"https:\/\/www.ecinews.fr\/fr\/wp-json\/wp\/v2\/media\/7108"}],"wp:attachment":[{"href":"https:\/\/www.ecinews.fr\/fr\/wp-json\/wp\/v2\/media?parent=7107"}],"wp:term":[{"taxonomy":"category","embeddable":true,"href":"https:\/\/www.ecinews.fr\/fr\/wp-json\/wp\/v2\/categories?post=7107"},{"taxonomy":"post_tag","embeddable":true,"href":"https:\/\/www.ecinews.fr\/fr\/wp-json\/wp\/v2\/tags?post=7107"},{"taxonomy":"domains","embeddable":true,"href":"https:\/\/www.ecinews.fr\/fr\/wp-json\/wp\/v2\/domains?post=7107"},{"taxonomy":"author","embeddable":true,"href":"https:\/\/www.ecinews.fr\/fr\/wp-json\/wp\/v2\/ppma_author?post=7107"}],"curies":[{"name":"wp","href":"https:\/\/api.w.org\/{rel}","templated":true}]}}