{"id":68230,"date":"2019-12-11T16:54:57","date_gmt":"2019-12-11T16:54:57","guid":{"rendered":"https:\/\/\/ams-rachete-le-groupe-declairage-osram\/"},"modified":"2019-12-11T16:54:57","modified_gmt":"2019-12-11T16:54:57","slug":"ams-rachete-le-groupe-declairage-osram","status":"publish","type":"post","link":"https:\/\/www.ecinews.fr\/fr\/ams-rachete-le-groupe-declairage-osram\/","title":{"rendered":"ams rach\u00e8te le groupe d&rsquo;\u00e9clairage Osram"},"content":{"rendered":"<p>&nbsp; <span class=\"tlid-translation translation\" lang=\"fr\">Cette annonce marque la fin d&rsquo;une prise de contr\u00f4le tenant du jeu de poker qui avait tenu Osram en suspens pendant plus d&rsquo;un an. Six ans apr\u00e8s l&rsquo;introduction en bourse, l&rsquo;ancienne filiale de Siemens perd son ind\u00e9pendance. D\u00e9but octobre, <strong>ams<\/strong> a \u00e9chou\u00e9 lors d&rsquo;une premi\u00e8re tentative de prise de contr\u00f4le en raison de l&rsquo;opposition des actionnaires d&rsquo;Osram, mais a ensuite convaincu le Directoire d&rsquo;Olaf Berlien des avantages d&rsquo;une telle op\u00e9ration. \u00ab\u00a0Le succ\u00e8s d&rsquo;aujourd&rsquo;hui est \u00e9galement le r\u00e9sultat de la relation constructive et positive que nous avons \u00e9tablie\u00a0\u00bb, a d\u00e9clar\u00e9 Alexander Everke, PDG de ams et ancien directeur de Siemens et d&rsquo;Infineon.<\/span><\/p>\n<p><span class=\"tlid-translation translation\" lang=\"fr\">Selon ses propres d\u00e9clarations, ams s&rsquo;int\u00e9resse avant tout aux capteurs et technologies d&rsquo;\u00e9clairage prometteurs d&rsquo;Osram. Cela comprend, par exemple, les puces LED pour les industries automobile et \u00e9lectronique. Avec un tel deuxi\u00e8me pilier commercial, ams serait moins d\u00e9pendant de son principal client Apple. La fusion pourrait \u00ab\u00a0mettre en mouvement un champion de classe mondiale de la photonique et de la technologie des capteurs\u00a0\u00bb, a d\u00e9clar\u00e9 Berlien dans un communiqu\u00e9 de presse.<\/span><\/p>\n<p><span class=\"tlid-translation translation\" lang=\"fr\">Osram traverse actuellement une crise profonde: par-dessus tout, le chiffre d&rsquo;affaires avec l&rsquo;industrie automobile n&rsquo;a pas r\u00e9pondu aux attentes \u00e9lev\u00e9es et les ventes ont chut\u00e9 de 13% \u00e0 3,5 milliards d&rsquo;euros au cours du dernier exercice et le r\u00e9sultat net faisait \u00e9tat d&rsquo;une perte de pr\u00e8s d&rsquo;un demi-milliard d&rsquo;euros. Berlien avait arrach\u00e9 des concessions \u00e0 <strong>ams<\/strong>, qui ne faisait que la moiti\u00e9 de son chiffre d&rsquo;affaires mais qui r\u00e9alisait des r\u00e9sultats florissants gr\u00e2ce au boom des smartphones. La fusion ne devrait entra\u00eener aucun licenciement avant la fin de 2022.<\/span><\/p>\n<p><span class=\"tlid-translation translation\" lang=\"fr\">La direction d&rsquo;Osram voit de nombreuses opportunit\u00e9s dans le regroupement des atouts respectifs, en particulier en vue de d\u00e9velopper davantage la business unit \u00ab\u00a0opto semiconductors\u00a0\u00bb. Une fusion avec ams permettra \u00e0 la division LED de b\u00e9n\u00e9ficier, entre autres, du d\u00e9veloppement de solutions innovantes de capteurs et photoniques et de l&rsquo;utilisation d&rsquo;un acc\u00e8s \u00e0 une base de client\u00e8le \u00e9tablie.<\/span><\/p>\n<p><span class=\"tlid-translation translation\" lang=\"fr\">La fusion est encore soumise aux v\u00e9rifications dues aux restrictions antitrust et relatives au commerce ext\u00e9rieur. Le respect de ces \u00e9tapes r\u00e9glementaires et des agr\u00e9ments l\u00e9gaux ainsi que la coordination organisationnelle devraient se poursuivre jusqu&rsquo;\u00e0 l&rsquo;\u00e9t\u00e9 2020. Au second semestre 2020, les \u00e9tapes n\u00e9cessaires \u00e0 la fusion des deux groupes pourraient alors \u00eatre prises.<\/span><\/p>\n<p>lire aussi:<\/p>\n<p><a href=\"https:\/\/www.electronique-eci.com\/news\/osram-en-difficultes-supprime-300-postes\">Osram en difficult\u00e9s supprime 300 postes<\/a><\/p>\n<p><a href=\"https:\/\/www.electronique-eci.com\/news\/lalliance-iseled-sagrandit-pour-stimuler-lavenement-du-digital-led\">L\u2019Alliance ISELED s&rsquo;agrandit pour stimuler l&rsquo;av\u00e8nement du \u00ab\u00a0Digital LED\u00a0\u00bb<\/a><\/p>\n<p>Related articles:<\/p>\n<p><a href=\"https:\/\/www.eenewseurope.com\/news\/ams-values-osram-46-billion-euros-new-offer\">ams values Osram at 4.6 billion euros with new offer<\/a><\/p>\n<p><a href=\"https:\/\/www.eenewseurope.com\/news\/ams-denies-interest-osram-takeover\">ams denies interest in Osram takeover<\/a><\/p>\n<p><a href=\"https:\/\/www.eenewseurope.com\/news\/osram-lights-switch-red\">At Osram, the lights switch to red<\/a><\/p>\n<p><a href=\"https:\/\/www.eenewseurope.com\/news\/osram-sends-sos-seeks-investor\">Osram sends SOS, seeks investor<\/a><\/p>\n","protected":false},"excerpt":{"rendered":"<p>Le fournisseur autrichien de capteurs et de semiconducteurs \u00e0 signaux mixtes ams AG a obtenu plus de 55% des actions de la soci\u00e9t\u00e9 de technologie d&rsquo;\u00e9clairage Osram lors de sa deuxi\u00e8me tentative, comme annonc\u00e9 vendredi 6 d\u00e9cembre 2019.<\/p>\n","protected":false},"author":22,"featured_media":68231,"comment_status":"closed","ping_status":"closed","sticky":false,"template":"","format":"standard","meta":{"_acf_changed":false,"footnotes":""},"categories":[880],"tags":[889,891,892,910],"domains":[47],"ppma_author":[1149],"class_list":["post-68230","post","type-post","status-publish","format-standard","has-post-thumbnail","hentry","category-actualites-economiques","tag-analog-fr","tag-automotive-fr","tag-ledlighting-fr","tag-sensing-conditioning-fr","domains-electronique-eci"],"acf":[],"yoast_head":"<title>ams rach\u00e8te le groupe d&#039;\u00e9clairage Osram ...<\/title>\n<meta name=\"description\" content=\"Le fournisseur autrichien de capteurs et de semiconducteurs \u00e0 signaux mixtes ams AG a obtenu plus de 55% des actions de la soci\u00e9t\u00e9 de technologie...\" \/>\n<meta name=\"robots\" content=\"index, follow, max-snippet:-1, max-image-preview:large, max-video-preview:-1\" \/>\n<link rel=\"canonical\" href=\"https:\/\/www.ecinews.fr\/fr\/wp-json\/wp\/v2\/posts\/68230\/\" \/>\n<meta property=\"og:locale\" content=\"fr_FR\" \/>\n<meta property=\"og:type\" content=\"article\" \/>\n<meta property=\"og:title\" content=\"ams rach\u00e8te le groupe d&#039;\u00e9clairage Osram\" \/>\n<meta property=\"og:description\" content=\"Le fournisseur autrichien de capteurs et de semiconducteurs \u00e0 signaux mixtes ams AG a obtenu plus de 55% des actions de la soci\u00e9t\u00e9 de technologie d&#039;\u00e9clairage Osram lors de sa deuxi\u00e8me tentative, comme annonc\u00e9 vendredi 6 d\u00e9cembre 2019.\" \/>\n<meta property=\"og:url\" content=\"https:\/\/www.ecinews.fr\/fr\/wp-json\/wp\/v2\/posts\/68230\/\" \/>\n<meta property=\"og:site_name\" content=\"EENewsEurope\" \/>\n<meta property=\"article:published_time\" content=\"2019-12-11T16:54:57+00:00\" \/>\n<meta property=\"og:image\" content=\"https:\/\/www.ecinews.fr\/wp-content\/uploads\/import\/default\/files\/images\/01-picture-library\/ChristophHammerschmidt\/2019\/2019-december\/osram.jpg\" \/>\n\t<meta property=\"og:image:width\" content=\"618\" \/>\n\t<meta property=\"og:image:height\" content=\"340\" \/>\n\t<meta property=\"og:image:type\" content=\"image\/jpeg\" \/>\n<meta name=\"author\" content=\"eeNews Europe\" \/>\n<meta name=\"twitter:card\" content=\"summary_large_image\" \/>\n<meta name=\"twitter:label1\" content=\"Written by\" \/>\n\t<meta name=\"twitter:data1\" content=\"eeNews Europe\" \/>\n\t<meta name=\"twitter:label2\" content=\"Est. reading time\" \/>\n\t<meta name=\"twitter:data2\" content=\"2 minutes\" \/>\n<script type=\"application\/ld+json\" class=\"yoast-schema-graph\">{\"@context\":\"https:\/\/schema.org\",\"@graph\":[{\"@type\":\"Article\",\"@id\":\"https:\/\/www.ecinews.fr\/fr\/ams-rachete-le-groupe-declairage-osram\/#article\",\"isPartOf\":{\"@id\":\"https:\/\/www.ecinews.fr\/fr\/ams-rachete-le-groupe-declairage-osram\/\"},\"author\":{\"name\":\"eeNews Europe\",\"@id\":\"https:\/\/www.ecinews.fr\/fr\/#\/schema\/person\/9eff4051fa9dac8230052de45e32b0f4\"},\"headline\":\"ams rach\u00e8te le groupe d&rsquo;\u00e9clairage Osram\",\"datePublished\":\"2019-12-11T16:54:57+00:00\",\"dateModified\":\"2019-12-11T16:54:57+00:00\",\"mainEntityOfPage\":{\"@id\":\"https:\/\/www.ecinews.fr\/fr\/ams-rachete-le-groupe-declairage-osram\/\"},\"wordCount\":485,\"publisher\":{\"@id\":\"https:\/\/www.ecinews.fr\/fr\/#organization\"},\"keywords\":[\"Analog\",\"Automotive\",\"LEDlighting\",\"Sensing \/ Conditioning\"],\"articleSection\":[\"Actualit\u00e9s \u00e9conomiques\"],\"inLanguage\":\"fr-FR\"},{\"@type\":\"WebPage\",\"@id\":\"https:\/\/www.ecinews.fr\/fr\/ams-rachete-le-groupe-declairage-osram\/\",\"url\":\"https:\/\/www.ecinews.fr\/fr\/ams-rachete-le-groupe-declairage-osram\/\",\"name\":\"ams rach\u00e8te le groupe d'\u00e9clairage Osram -\",\"isPartOf\":{\"@id\":\"https:\/\/www.ecinews.fr\/fr\/#website\"},\"datePublished\":\"2019-12-11T16:54:57+00:00\",\"dateModified\":\"2019-12-11T16:54:57+00:00\",\"breadcrumb\":{\"@id\":\"https:\/\/www.ecinews.fr\/fr\/ams-rachete-le-groupe-declairage-osram\/#breadcrumb\"},\"inLanguage\":\"fr-FR\",\"potentialAction\":[{\"@type\":\"ReadAction\",\"target\":[\"https:\/\/www.ecinews.fr\/fr\/ams-rachete-le-groupe-declairage-osram\/\"]}]},{\"@type\":\"BreadcrumbList\",\"@id\":\"https:\/\/www.ecinews.fr\/fr\/ams-rachete-le-groupe-declairage-osram\/#breadcrumb\",\"itemListElement\":[{\"@type\":\"ListItem\",\"position\":1,\"name\":\"Home\",\"item\":\"https:\/\/www.ecinews.fr\/fr\/\"},{\"@type\":\"ListItem\",\"position\":2,\"name\":\"ams rach\u00e8te le groupe d&rsquo;\u00e9clairage Osram\"}]},{\"@type\":\"WebSite\",\"@id\":\"https:\/\/www.ecinews.fr\/fr\/#website\",\"url\":\"https:\/\/www.ecinews.fr\/fr\/\",\"name\":\"EENewsEurope\",\"description\":\"Just another WordPress site\",\"publisher\":{\"@id\":\"https:\/\/www.ecinews.fr\/fr\/#organization\"},\"potentialAction\":[{\"@type\":\"SearchAction\",\"target\":{\"@type\":\"EntryPoint\",\"urlTemplate\":\"https:\/\/www.ecinews.fr\/fr\/?s={search_term_string}\"},\"query-input\":\"required name=search_term_string\"}],\"inLanguage\":\"fr-FR\"},{\"@type\":\"Organization\",\"@id\":\"https:\/\/www.ecinews.fr\/fr\/#organization\",\"name\":\"EENewsEurope\",\"url\":\"https:\/\/www.ecinews.fr\/fr\/\",\"logo\":{\"@type\":\"ImageObject\",\"inLanguage\":\"fr-FR\",\"@id\":\"https:\/\/www.ecinews.fr\/fr\/#\/schema\/logo\/image\/\",\"url\":\"https:\/\/www.ecinews.fr\/wp-content\/uploads\/2022\/02\/logo-1.jpg\",\"contentUrl\":\"https:\/\/www.ecinews.fr\/wp-content\/uploads\/2022\/02\/logo-1.jpg\",\"width\":283,\"height\":113,\"caption\":\"EENewsEurope\"},\"image\":{\"@id\":\"https:\/\/www.ecinews.fr\/fr\/#\/schema\/logo\/image\/\"}},{\"@type\":\"Person\",\"@id\":\"https:\/\/www.ecinews.fr\/fr\/#\/schema\/person\/9eff4051fa9dac8230052de45e32b0f4\",\"name\":\"eeNews Europe\",\"image\":{\"@type\":\"ImageObject\",\"inLanguage\":\"fr-FR\",\"@id\":\"https:\/\/www.ecinews.fr\/fr\/#\/schema\/person\/image\/fae8f0cb15861c4ae0ed4872e2c9fc22\",\"url\":\"https:\/\/secure.gravatar.com\/avatar\/5081509054e28b04ecd976976e723ce0?s=96&d=mm&r=g\",\"contentUrl\":\"https:\/\/secure.gravatar.com\/avatar\/5081509054e28b04ecd976976e723ce0?s=96&d=mm&r=g\",\"caption\":\"eeNews Europe\"}}]}<\/script>","yoast_head_json":{"title":"ams rach\u00e8te le groupe d'\u00e9clairage Osram ...","description":"Le fournisseur autrichien de capteurs et de semiconducteurs \u00e0 signaux mixtes ams AG a obtenu plus de 55% des actions de la soci\u00e9t\u00e9 de technologie...","robots":{"index":"index","follow":"follow","max-snippet":"max-snippet:-1","max-image-preview":"max-image-preview:large","max-video-preview":"max-video-preview:-1"},"canonical":"https:\/\/www.ecinews.fr\/fr\/wp-json\/wp\/v2\/posts\/68230\/","og_locale":"fr_FR","og_type":"article","og_title":"ams rach\u00e8te le groupe d'\u00e9clairage Osram","og_description":"Le fournisseur autrichien de capteurs et de semiconducteurs \u00e0 signaux mixtes ams AG a obtenu plus de 55% des actions de la soci\u00e9t\u00e9 de technologie d'\u00e9clairage Osram lors de sa deuxi\u00e8me tentative, comme annonc\u00e9 vendredi 6 d\u00e9cembre 2019.","og_url":"https:\/\/www.ecinews.fr\/fr\/wp-json\/wp\/v2\/posts\/68230\/","og_site_name":"EENewsEurope","article_published_time":"2019-12-11T16:54:57+00:00","og_image":[{"width":618,"height":340,"url":"https:\/\/www.ecinews.fr\/wp-content\/uploads\/import\/default\/files\/images\/01-picture-library\/ChristophHammerschmidt\/2019\/2019-december\/osram.jpg","type":"image\/jpeg"}],"author":"eeNews Europe","twitter_card":"summary_large_image","twitter_misc":{"Written by":"eeNews Europe","Est. reading time":"2 minutes"},"schema":{"@context":"https:\/\/schema.org","@graph":[{"@type":"Article","@id":"https:\/\/www.ecinews.fr\/fr\/ams-rachete-le-groupe-declairage-osram\/#article","isPartOf":{"@id":"https:\/\/www.ecinews.fr\/fr\/ams-rachete-le-groupe-declairage-osram\/"},"author":{"name":"eeNews Europe","@id":"https:\/\/www.ecinews.fr\/fr\/#\/schema\/person\/9eff4051fa9dac8230052de45e32b0f4"},"headline":"ams rach\u00e8te le groupe d&rsquo;\u00e9clairage Osram","datePublished":"2019-12-11T16:54:57+00:00","dateModified":"2019-12-11T16:54:57+00:00","mainEntityOfPage":{"@id":"https:\/\/www.ecinews.fr\/fr\/ams-rachete-le-groupe-declairage-osram\/"},"wordCount":485,"publisher":{"@id":"https:\/\/www.ecinews.fr\/fr\/#organization"},"keywords":["Analog","Automotive","LEDlighting","Sensing \/ Conditioning"],"articleSection":["Actualit\u00e9s \u00e9conomiques"],"inLanguage":"fr-FR"},{"@type":"WebPage","@id":"https:\/\/www.ecinews.fr\/fr\/ams-rachete-le-groupe-declairage-osram\/","url":"https:\/\/www.ecinews.fr\/fr\/ams-rachete-le-groupe-declairage-osram\/","name":"ams rach\u00e8te le groupe d'\u00e9clairage Osram -","isPartOf":{"@id":"https:\/\/www.ecinews.fr\/fr\/#website"},"datePublished":"2019-12-11T16:54:57+00:00","dateModified":"2019-12-11T16:54:57+00:00","breadcrumb":{"@id":"https:\/\/www.ecinews.fr\/fr\/ams-rachete-le-groupe-declairage-osram\/#breadcrumb"},"inLanguage":"fr-FR","potentialAction":[{"@type":"ReadAction","target":["https:\/\/www.ecinews.fr\/fr\/ams-rachete-le-groupe-declairage-osram\/"]}]},{"@type":"BreadcrumbList","@id":"https:\/\/www.ecinews.fr\/fr\/ams-rachete-le-groupe-declairage-osram\/#breadcrumb","itemListElement":[{"@type":"ListItem","position":1,"name":"Home","item":"https:\/\/www.ecinews.fr\/fr\/"},{"@type":"ListItem","position":2,"name":"ams rach\u00e8te le groupe d&rsquo;\u00e9clairage Osram"}]},{"@type":"WebSite","@id":"https:\/\/www.ecinews.fr\/fr\/#website","url":"https:\/\/www.ecinews.fr\/fr\/","name":"EENewsEurope","description":"Just another WordPress site","publisher":{"@id":"https:\/\/www.ecinews.fr\/fr\/#organization"},"potentialAction":[{"@type":"SearchAction","target":{"@type":"EntryPoint","urlTemplate":"https:\/\/www.ecinews.fr\/fr\/?s={search_term_string}"},"query-input":"required name=search_term_string"}],"inLanguage":"fr-FR"},{"@type":"Organization","@id":"https:\/\/www.ecinews.fr\/fr\/#organization","name":"EENewsEurope","url":"https:\/\/www.ecinews.fr\/fr\/","logo":{"@type":"ImageObject","inLanguage":"fr-FR","@id":"https:\/\/www.ecinews.fr\/fr\/#\/schema\/logo\/image\/","url":"https:\/\/www.ecinews.fr\/wp-content\/uploads\/2022\/02\/logo-1.jpg","contentUrl":"https:\/\/www.ecinews.fr\/wp-content\/uploads\/2022\/02\/logo-1.jpg","width":283,"height":113,"caption":"EENewsEurope"},"image":{"@id":"https:\/\/www.ecinews.fr\/fr\/#\/schema\/logo\/image\/"}},{"@type":"Person","@id":"https:\/\/www.ecinews.fr\/fr\/#\/schema\/person\/9eff4051fa9dac8230052de45e32b0f4","name":"eeNews Europe","image":{"@type":"ImageObject","inLanguage":"fr-FR","@id":"https:\/\/www.ecinews.fr\/fr\/#\/schema\/person\/image\/fae8f0cb15861c4ae0ed4872e2c9fc22","url":"https:\/\/secure.gravatar.com\/avatar\/5081509054e28b04ecd976976e723ce0?s=96&d=mm&r=g","contentUrl":"https:\/\/secure.gravatar.com\/avatar\/5081509054e28b04ecd976976e723ce0?s=96&d=mm&r=g","caption":"eeNews Europe"}}]}},"authors":[{"term_id":1149,"user_id":22,"is_guest":0,"slug":"eenews-europe","display_name":"eeNews Europe","avatar_url":"https:\/\/secure.gravatar.com\/avatar\/5081509054e28b04ecd976976e723ce0?s=96&d=mm&r=g","0":null,"1":"","2":"","3":"","4":"","5":"","6":"","7":"","8":""}],"_links":{"self":[{"href":"https:\/\/www.ecinews.fr\/fr\/wp-json\/wp\/v2\/posts\/68230"}],"collection":[{"href":"https:\/\/www.ecinews.fr\/fr\/wp-json\/wp\/v2\/posts"}],"about":[{"href":"https:\/\/www.ecinews.fr\/fr\/wp-json\/wp\/v2\/types\/post"}],"author":[{"embeddable":true,"href":"https:\/\/www.ecinews.fr\/fr\/wp-json\/wp\/v2\/users\/22"}],"replies":[{"embeddable":true,"href":"https:\/\/www.ecinews.fr\/fr\/wp-json\/wp\/v2\/comments?post=68230"}],"version-history":[{"count":0,"href":"https:\/\/www.ecinews.fr\/fr\/wp-json\/wp\/v2\/posts\/68230\/revisions"}],"wp:featuredmedia":[{"embeddable":true,"href":"https:\/\/www.ecinews.fr\/fr\/wp-json\/wp\/v2\/media\/68231"}],"wp:attachment":[{"href":"https:\/\/www.ecinews.fr\/fr\/wp-json\/wp\/v2\/media?parent=68230"}],"wp:term":[{"taxonomy":"category","embeddable":true,"href":"https:\/\/www.ecinews.fr\/fr\/wp-json\/wp\/v2\/categories?post=68230"},{"taxonomy":"post_tag","embeddable":true,"href":"https:\/\/www.ecinews.fr\/fr\/wp-json\/wp\/v2\/tags?post=68230"},{"taxonomy":"domains","embeddable":true,"href":"https:\/\/www.ecinews.fr\/fr\/wp-json\/wp\/v2\/domains?post=68230"},{"taxonomy":"author","embeddable":true,"href":"https:\/\/www.ecinews.fr\/fr\/wp-json\/wp\/v2\/ppma_author?post=68230"}],"curies":[{"name":"wp","href":"https:\/\/api.w.org\/{rel}","templated":true}]}}