{"id":6649,"date":"2021-08-04T10:39:07","date_gmt":"2021-08-04T10:39:07","guid":{"rendered":"https:\/\/\/ceo-interview-tom-caulfield-de-globalfoundries-sur-le-projet-europeen\/"},"modified":"2021-08-04T10:39:07","modified_gmt":"2021-08-04T10:39:07","slug":"ceo-interview-tom-caulfield-de-globalfoundries-sur-le-projet-europeen","status":"publish","type":"post","link":"https:\/\/www.ecinews.fr\/fr\/ceo-interview-tom-caulfield-de-globalfoundries-sur-le-projet-europeen\/","title":{"rendered":"CEO interview: Tom Caulfield de Globalfoundries sur le projet Europ\u00e9en"},"content":{"rendered":"<p>Globalfoundries est une fonderie pure play de premier plan, dont le si\u00e8ge est \u00e0 New York, mais avec une wafer Fab \u00e0 Dresde, en Allemagne. Ce campus constitue un point d&rsquo;ancrage pour l&rsquo;initiative Silicon Saxony et il pourrait \u00eatre un \u00e9l\u00e9ment cl\u00e9 des plans de l&rsquo;Europe pour revigorer ses capacit\u00e9s dans les semiconducteurs dans la poursuite de l&rsquo;ind\u00e9pendance strat\u00e9gique.<\/p>\n<p><strong><span style=\"color:#2F4F4F\">Nous avons commenc\u00e9 par interroger Caulfield sur l&rsquo;objectif proclam\u00e9 de plus que doubler la capacit\u00e9 de fabrication de puces en Europe \u00e0 20 % de la production mondiale d&rsquo;ici 2030, alors qu&rsquo;actuellement, sa part est estim\u00e9e \u00e0 6 ou 7 % par certains analystes. D&rsquo;autres ont soulign\u00e9 que la part de l&rsquo;Europe dans la fabrication de puces les plus avanc\u00e9es sur des plaquettes de 300 mm de diam\u00e8tre \u00e9tait inf\u00e9rieure \u00e0 1 % de la production mondiale (voir <\/span><u><a href=\"https:\/\/www.eenewsanalog.com\/news\/europes-300mm-ic-manufacturing-falls-below-1-world-output\"><span style=\"color:#2F4F4F\">Europe&rsquo;s 300mm IC manufacturing falls below 1% of world output<\/span><\/a><\/u><span style=\"color:#2F4F4F\">). Avec la part du continent sur une tendance \u00e0 la baisse, 20 % est-il un objectif irr\u00e9aliste ?<\/span><\/strong><\/p>\n<p>\u00ab\u00a0Il existe de nombreux exemples dans l&rsquo;histoire o\u00f9 il a \u00e9t\u00e9 important de se fixer des objectifs ambitieux. Le plus \u00e9vident est JFK lorsqu&rsquo;il a d\u00e9clar\u00e9 que les \u00c9tats-Unis mettraient un homme sur la lune d&rsquo;ici une d\u00e9cennie. Le plus important est que cela provoque un changement de mentalit\u00e9 . Vous devez changer ce que vous faites. Cela force un paradigme diff\u00e9rent et ensuite vous vous d\u00e9barrassez des blocages \u00bb, a d\u00e9clar\u00e9 Caulfield<\/p>\n<p>\u00ab\u00a0Si l&rsquo;Europe atteint 17 ou 18 pour cent d&rsquo;ici 2030, personne ne dira qu&rsquo;elle a \u00e9chou\u00e9. On dira que les choses vont dans la bonne direction. C&rsquo;est ambitieux et le monde ne reste pas immobile. Donc ce sera 20 pour cent d&rsquo;une capacit\u00e9 de fabrication mondiale beaucoup plus \u00e9lev\u00e9e \u00bb, a d\u00e9clar\u00e9 Caulfield. Il a ajout\u00e9 que, \u00e9tant donn\u00e9 que beaucoup d&rsquo;investissements dans la fabrication de semiconducteurs vont \u00eatre r\u00e9alis\u00e9s, pourquoi ne pas en faire une partie importante en Europe<\/p>\n<p><em><strong>\u00e0 suivre: IPCEI ou les financements europ\u00e9ens<\/strong><\/em><\/p>\n<hr \/>\n<p>Au cours des derni\u00e8res ann\u00e9es, Globalfoundries a b\u00e9n\u00e9fici\u00e9 d&rsquo;un coup de pouce financier important pour sa Fab \u00e0 Dresde par le biais d&rsquo;un projet important d&rsquo;int\u00e9r\u00eat europ\u00e9en commun (IPCEI) sur la micro\u00e9lectronique. Il y a beaucoup de discussions sur un deuxi\u00e8me projet dont Globalfoundries b\u00e9n\u00e9ficierait probablement.<\/p>\n<p>Globalfoundries investit dans l&rsquo;usine actuelle de Dresde &#8211; 1 milliard de dollars au cours des deux prochaines ann\u00e9es &#8211; mais Caulfield a indiqu\u00e9 que la construction d&rsquo;un autre module de Fab \u00e0 Dresde serait possible, en fonction du soutien \u00e0 l&rsquo;investissement ( voir <a href=\"https:\/\/www.eenewsanalog.com\/news\/globalfoundries-moves-towards-next-dresden-wafer-fab?fnid=138916\">Globalfoundries moves towards next Dresden wafer fab<\/a><span style=\"color:black\">)<\/span>. \u00ab Globalfoundries finance la part du lion de chaque investissement, mais nous avons besoin du gouvernement et de partenaires pour que cela ait un sens \u00e9conomique \u00bb, a d\u00e9clar\u00e9 Caulfield. \u00ab\u00a0Sans partenariat gouvernemental et investissement appropri\u00e9, ces objectifs ambitieux n&rsquo;ont aucune chance.\u00a0\u00bb<\/p>\n<p>Il y a aussi le probl\u00e8me que parfois, avec les initiatives gouvernementales, les d\u00e9penses sont r\u00e9parties en tranches minces entre des dizaines de b\u00e9n\u00e9ficiaires. Il est clair que pour un module de fabrication de plaquettes avanc\u00e9 de 300 mm, le support doit \u00eatre \u00e0 l&rsquo;\u00e9chelle appropri\u00e9e.<\/p>\n<p><span style=\"color:#2F4F4F\"><strong>Apr\u00e8s avoir discut\u00e9 du r\u00f4le potentiel de Globalfoundries dans l&rsquo;augmentation de la production de puces en volume en Europe et de son projet de construction d&rsquo;une nouvelle Fab pour partager l&rsquo;infrastructure de Dresde, nous avons interrog\u00e9 Caulfield sur l&rsquo;objectif de l&rsquo;Europe de d\u00e9velopper ou d&rsquo;attirer un fabricant de puces de pointe au n\u0153ud 2 nm.<\/strong><\/span>&nbsp; \u00ab&nbsp;L&rsquo;Europe ne devrait pas s&rsquo;inqui\u00e9ter des probl\u00e8mes de leadership technologique pour deux raisons. Premi\u00e8rement&nbsp;: vous ne pouvez rien faire dans le domaine des semiconducteurs sans la lithographie et l&rsquo;Europe a ASML le leader de la lithographie. Personne ne peut rien faire dans les semiconducteurs sans acheter des \u00e9quipements de AMSL et donc l&rsquo;Europe a un grand contr\u00f4le de l&rsquo;industrie des semiconducteurs.\u00a0\u00bb<\/p>\n<p>Caulfield a donn\u00e9 sa deuxi\u00e8me raison en soulignant que l&rsquo;industrie a d\u00e9pass\u00e9 le point o\u00f9 vous vous \u00eates d\u00e9plac\u00e9 d&rsquo;un n\u0153ud \u00e0 l&rsquo;autre pour obtenir les meilleures performances par dollar dans l&rsquo;\u00e8re de l&rsquo;\u00e9lectronique centr\u00e9e sur le calcul et domin\u00e9e par les ordinateurs personnels. Dans l&rsquo;\u00e8re suivante du smartphone, la diversit\u00e9 des besoins en semiconducteurs a explos\u00e9, notamment les circuits RF, les \u00e9crans tactiles, les capteurs, etc. \u00ab\u00a0Notre industrie est pass\u00e9e d&rsquo;un d\u00e9ploiement centr\u00e9 sur l&rsquo;ordinateur \u00e0 un d\u00e9ploiement omnipr\u00e9sent. Les fabricants de puces ne manquent pas de puces nanom\u00e9triques \u00e0 un chiffre, ce sont les divers types de puces dont ils manquent. Ce n&rsquo;est plus la loi de Moore avec deux \u00ab\u00a0O\u00a0\u00bb, c&rsquo;est More avec un \u00ab&nbsp;O&nbsp;\u00bb, a d\u00e9clar\u00e9 Caulfield.<\/p>\n<p>&nbsp;<\/p>\n<p><em><strong><span style=\"color:black\">\u00e0 suivre: 2nm ou ne pas 2nm<\/span><\/strong><\/em><\/p>\n<hr \/>\n<p>Caulfield a poursuivi avec sa deuxi\u00e8me raison pour laquelle l&rsquo;Europe devait \u00eatre optimiste: \u00ab Dans le contexte de l&rsquo;Europe, il y a FDSOI. Il s&rsquo;agit du proc\u00e9d\u00e9 de fabrication de silicium sur isolant enti\u00e8rement apauvri utilis\u00e9 par Globalfoundries \u00e0 Dresde sous le nom de process 22FDX. \u00ab\u00a0FDX est une r\u00e9alisation technique europ\u00e9enne majeure. Les wafers sont fabriqu\u00e9es par une soci\u00e9t\u00e9 fran\u00e7aise Soitec. Le d\u00e9veloppement a \u00e9t\u00e9 r\u00e9alis\u00e9 par STMicroelectronics et Globalfoundries.\u00a0\u00bb<\/p>\n<p><strong><span style=\"color:#2F4F4F\">Mais il n&rsquo;en est pas moins que les politiciens europ\u00e9ens parlent d&rsquo;obtenir une capacit\u00e9 de fabrication de processus de 2 nm. Ont-ils tort ?<\/span> <\/strong>Caulfield a r\u00e9pondu : \u00ab La r\u00e9duction de la taille des transistors est un d\u00e9fi important et co\u00fbteux. Est-ce n\u00e9cessaire ? Eh bien, les cas d&rsquo;utilisation diminuent avec le temps. \u00c0 chaque n\u0153ud, il y a moins de clients. Mais Caulfield a reconnu que la poursuite de l&rsquo;acc\u00e8s \u00e0 la pointe de la technologie est ce que font les \u00c9tats-Unis<\/p>\n<p>\u00ab\u00a0Il y a beaucoup de perspectives. Avec la pand\u00e9mie et les p\u00e9nuries, les politiciens ont pass\u00e9 plus de temps \u00e0 essayer de comprendre les semiconducteurs. Les \u00c9tats-Unis adoptent une approche holistique. Ils ont besoin de processus nanom\u00e9triques \u00e0 un chiffre, mais aussi de m\u00e9moire et de stockage, et de signaux analogiques et mixtes produits par d&rsquo;ADI [Analog Devices Inc.] et TI [TexasInstruments] entre autres.\u00a0\u00bb<\/p>\n<p>\u00ab&nbsp;Pour que l&rsquo;Europe atteigne 20&nbsp;%, elle doit couvrir ses bases. La fabrication de puces nationales doit couvrir les industries les plus importantes&nbsp;; c&rsquo;est l&rsquo;industrie et l&rsquo;automobile en Europe. Concentrez-vous sur 28 nm, 12\/14 nm, 40 nm, les choses que vous utilisez aujourd&rsquo;hui et ensuite, peut-\u00eatre aussi passer au nanom\u00e8tre \u00e0 un chiffre.\u00a0\u00bb<\/p>\n<p><span style=\"color:#2F4F4F\"><strong>Mais qu&rsquo;en est-il de l&rsquo;id\u00e9e que le processus nanom\u00e9trique \u00e0 un chiffre d&rsquo;aujourd&rsquo;hui devienne le processus de plate-forme \u00ab&nbsp;cheval de travail&nbsp;\u00bb de demain, prenant en charge divers besoins avec une densit\u00e9 de transistors et une int\u00e9gration accrues&nbsp;? Si vous \u00eates lent \u00e0 l&rsquo;avant-garde actuelle, serez-vous lent \u00e0 la prochaine technologie \u00e0 grande \u00e9chelle&nbsp;?<\/strong><\/span><\/p>\n<p>Caulfield a d\u00e9clar\u00e9: \u00ab\u00a0C&rsquo;est un faux r\u00e9cit. Le n\u0153ud devient la plate-forme lorsque vous ajoutez des blocs de propri\u00e9t\u00e9 intellectuelle. Nous avons investi dans le 28 nm et c&rsquo;est en partie de l\u00e0 que vient le 22FDX.\u00a0\u00bb \u00ab&nbsp;Est-ce que tout sera r\u00e9duit au nanom\u00e8tre \u00e0 un chiffre&nbsp;? Non. L&rsquo;avantage n&rsquo;est tout simplement pas l\u00e0. C&rsquo;est pourquoi il y a de moins en moins de clients aux g\u00e9om\u00e9tries plus fines. Les technologies \u00e0 simple nm ne se pr\u00eatent pas aux circuits RF, de puissance, basse tension, qui s&rsquo;int\u00e8grent dans les n\u0153uds de processus \u00e9tablis. C&rsquo;est ce qui cause une partie du blocage de la loi de Moore. Certaines des entreprises les plus rentables dans le domaine des semiconducteurs fabriquent aujourd&rsquo;hui \u00e0 65 et 45 nm et elles n&rsquo;ont pas l&rsquo;intention de bouger. \u00ab\u00a0<\/p>\n<p><em><strong><span style=\"color:black\">\u00e0 suivre: aucun avantage<\/span><\/strong><\/em><\/p>\n<hr \/>\n<p><span style=\"color:#2F4F4F\"><strong>N\u00e9anmoins, la Commission europ\u00e9enne tente apparemment d&rsquo;inciter Intel et TSMC \u00e0 amener la fabrication de proc\u00e9d\u00e9s avanc\u00e9s en Europe:<\/strong><\/span> \u00ab\u00a0Je ne dis pas que l&rsquo;Europe ne devrait pas l&rsquo;avoir [capacit\u00e9 de pointe] mais ce n&rsquo;est que 30 % du march\u00e9. Une quantit\u00e9 disproportionn\u00e9e d&rsquo;\u00e9nergie et d&rsquo;efforts a \u00e9t\u00e9 consacr\u00e9e \u00e0 cela\u00a0\u00bb, a d\u00e9clar\u00e9 Caulfield.<\/p>\n<p><span style=\"color:#2F4F4F\"><strong>Certains rapports indiquent que les int\u00e9r\u00eats de Globalfoundries et d&rsquo;Intel pourraient \u00eatre align\u00e9s par une fusion<\/strong><\/span> (voir&nbsp;<a href=\"https:\/\/www.ecinews.fr\/news\/intel-en-pourparlers-pour-acheter-globalfoundries\">Intel en pourparlers pour acheter Globalfoundries<\/a>). Caulfield est absolu dans son d\u00e9ni. \u00ab\u00a0Il n&rsquo;y a rien \u00e0 la rumeur. Notre actionnaire est tr\u00e8s fier de cet actif\u00a0\u00bb, a-t-il d\u00e9clar\u00e9. Apr\u00e8s 12 ans sous la propri\u00e9t\u00e9 de Mubadala, le fonds souverain d&rsquo;Abu Dhabi, il existe un projet d&rsquo;IPO de Globalfoundries. \u00ab\u00a0Il y a une diff\u00e9rence entre poss\u00e9der 100 pour cent d&rsquo;un actif et poss\u00e9der une part d&rsquo;un actif. C&rsquo;est une question d&rsquo;\u00e9quilibre\u00a0\u00bb, a expliqu\u00e9 Caulfield.<\/p>\n<p>&nbsp;<\/p>\n<p><strong>Chiplets <\/strong><\/p>\n<p>&nbsp;<\/p>\n<p>Caulfield voit le passage de l&rsquo;industrie \u00e0 un assemblage de composants de type Chiplets comme une confirmation de l&rsquo;applicabilit\u00e9 limit\u00e9e du process de fabrication de silicium de pointe. \u00ab&nbsp;Les modules multipuces [MCM] existent depuis que j&rsquo;ai commenc\u00e9 dans cette industrie. Chaque fois que vous pouviez int\u00e9grer de mani\u00e8re monolithique, vous pouviez \u00e9liminer les fonctions du MCM, car c&rsquo;est moins cher. Maintenant, ces aspects \u00e9conomiques ne fonctionnent pas \u00bb, a-t-il d\u00e9clar\u00e9. Cela a commenc\u00e9 avec les fabricants de processeurs haut de gamme Intel et AMD, a-t-il ajout\u00e9. \u00ab\u00a0La situation vous dit vraiment que le nanom\u00e8tre \u00e0 un chiffre ne conduit pas \u00e0 des applications \u00e0 grande \u00e9chelle. Vous devez entourer le [processeur] de technologies de process suppl\u00e9mentaires\u00a0\u00bb, a d\u00e9clar\u00e9 Caulfield.<\/p>\n<p><em><strong><span style=\"color:black\">\u00e0 suivre: la force du Campus<\/span><\/strong><\/em><\/p>\n<hr \/>\n<p><span style=\"color:#2F4F4F\"><strong>Il semble tout de m\u00eame que les \u00c9tats-Unis, la Chine, le Japon et l&rsquo;Europe souhaitent tous rattraper Ta\u00efwan et la Cor\u00e9e du Sud avec des capacit\u00e9s de pointe. Et pourtant, Morris Chang, fondateur et ancien PDG et pr\u00e9sident de la principale fonderie TSMC, a mis en garde contre diff\u00e9rentes r\u00e9gions du monde qui tentent d&rsquo;atteindre l&rsquo;autosuffisance<\/strong><\/span> (voir <a href=\"https:\/\/www.eenewsanalog.com\/news\/tsmc-founder-warns-shoring-chip-manufacturing-could-backfire\">TSMC founder warns &lsquo;on-shoring&rsquo; chip manufacturing could backfire<\/a>).<\/p>\n<p>\u00ab\u00a0Vous devez adopter une approche holistique. Si vous pouvez fabriquer les plaquettes mais qu&rsquo;elles doivent toutes aller ailleurs pour \u00eatre mises en bo\u00eetier, cela peut devenir un goulot d&rsquo;\u00e9tranglement. Vous devez tenir compte de la capacit\u00e9 de bout en bout\u00a0\u00bb, a d\u00e9clar\u00e9 Caulfield. \u00ab\u00a0Mais les politiciens r\u00e9alisent que les semiconducteurs sont le nouveau p\u00e9trole. Toute l&rsquo;\u00e9conomie en d\u00e9pend. C&rsquo;est trop strat\u00e9gique pour la soci\u00e9t\u00e9 et pour les nations de le laisser se concentrer en un seul endroit.\u00a0\u00bb<\/p>\n<p>Caulfield a d\u00e9clar\u00e9 qu&rsquo;il \u00e9tait d&rsquo;accord avec Chang et TSMC sur la politique de construction de Fabs dans des clusters de campus. \u00ab Nous avons cette empreinte \u00e0 Dresde. Le moyen le plus rapide d&rsquo;augmenter la capacit\u00e9 est d&rsquo;\u00e9tendre une empreinte existante. Cela peut faire une diff\u00e9rence de temps de 18 mois \u00e0 deux ans par rapport \u00e0 une construction sur un nouvel emplacement.<\/p>\n<p>C&rsquo;est quelque chose \u00e0 garder \u00e0 l&rsquo;esprit lorsque l&rsquo;on envisage l&rsquo;arriv\u00e9e potentielle en Europe de TSMC, qui aurait tr\u00e8s probablement besoin de cr\u00e9er une nouvelle infrastructure de campus. Intel semble \u00e9galement indiquer qu&rsquo;il optera pour un nouveau site allemand plut\u00f4t que de se d\u00e9velopper sur son site de Dublin, en Irlande (voir <a href=\"https:\/\/www.eenewsanalog.com\/news\/intel-talks-bavaria-over-wafer-fab-location\"><span style=\"color:blue\">Intel in talks with Bavaria over wafer fab location<\/span><\/a>).<span style=\"color:black\">&nbsp;<\/span><\/p>\n<p><span style=\"color:#2F4F4F\"><strong>Globalfoundries va-t-elle donc construire une nouvelle usine de fabrication de plaquettes \u00e0 Dresde&nbsp;?<\/strong><\/span> \u00ab\u00a0Si et quand le projet de la Commission IPCEI-2 se r\u00e9alise, oui, absolument\u00a0\u00bb, a d\u00e9clar\u00e9 Caulfield. \u00ab\u00a0Nous sommes pr\u00eats \u00e0 faire notre part pour stimuler l&rsquo;\u00e9conomie europ\u00e9enne.\u00a0\u00bb<\/p>\n<p>&nbsp;<\/p>\n<p><span style=\"color:black\">So will Globalfoundries be building a new wafer fab in Dresden? <\/span><\/p>\n<p><span style=\"color:black\">\u00ab\u00a0If and when IPCEI-2 comes to pass, absolutely,\u00a0\u00bb said Caulfield. \u00ab\u00a0We&rsquo;re ready to do our part to boost the European economy.\u00a0\u00bb<\/span><\/p>\n<p><strong>Lire aussi:<\/strong><\/p>\n<p><a href=\"https:\/\/www.ecinews.fr\/news\/intel-pourrait-installer-sa-wafer-fab-en-baviere\"><strong>Intel pourrait installer sa wafer Fab en Bavi\u00e8re<\/strong><\/a><\/p>\n<p><a href=\"http:\/\/www.ecinews.fr\/news\/la-commission-europeenne-parle-de-fab-2nm-avec-tsmc-intel-et-samsung\">La Commission Europ\u00e9enne parle de Fab 2nm avec TSMC, Intel et Samsung<\/a><\/p>\n<div>\n<p><a href=\"https:\/\/www.ecinews.fr\/news\/pourquoi-une-fab-europeenne-2nm-serait-futile-et-ruineuse\">Pourquoi une Fab Europ\u00e9enne \u00e0 2nm serait futile et ruineuse<\/a><\/p>\n<\/div>\n<p><strong><span style=\"color:black\">Related links and articles: <\/span><\/strong><\/p>\n<p><span style=\"color:black\"><a href=\"http:\/\/www.globalfoundries.com\">www.globalfoundries.com<\/a><\/span><\/p>\n<p><strong><span style=\"color:black\">News articles:<\/span><\/strong><\/p>\n<p><u><span style=\"color:blue\">Europe&rsquo;s 300mm IC manufacturing falls below 1% of world output<\/span><\/u><\/p>\n<p><a href=\"https:\/\/www.eenewsanalog.com\/news\/globalfoundries-moves-towards-next-dresden-wafer-fab?fnid=138916\">Globalfoundries moves towards next Dresden wafer fab<\/a><\/p>\n<p><a href=\"https:\/\/www.eenewsanalog.com\/news\/intel-discussions-about-buying-globalfoundries\">Intel in discussions about buying Globalfoundries<\/a><\/p>\n<p><a href=\"https:\/\/www.eenewsanalog.com\/news\/tsmc-founder-warns-shoring-chip-manufacturing-could-backfire\">TSMC founder warns &lsquo;on-shoring&rsquo; chip manufacturing could backfire<\/a><\/p>\n<p><a href=\"https:\/\/www.eenewsanalog.com\/news\/intel-talks-bavaria-over-wafer-fab-location\"><span style=\"color:blue\">Intel in talks with Bavaria over wafer fab location<\/span><\/a><\/p>\n","protected":false},"excerpt":{"rendered":"<p>Nous nous sommes entretenus avec Tom Caulfield, PDG de Globalfoundries, et avons discut\u00e9 avec lui des plans de l&rsquo;Europe pour d\u00e9velopper sa cha\u00eene d&rsquo;approvisionnement en semiconducteurs, un domaine dans lequel GF devrait jouer un r\u00f4le majeur.<\/p>\n","protected":false},"author":7,"featured_media":6650,"comment_status":"open","ping_status":"closed","sticky":false,"template":"","format":"standard","meta":{"_acf_changed":false,"footnotes":""},"categories":[885],"tags":[889,920,893,891,909,912,895,896,897,898,899,900,901,902,903,919,892,913,904,905,906,907,908,890,916,910,917,911,914,915],"domains":[47],"ppma_author":[1139],"class_list":["post-6649","post","type-post","status-publish","format-standard","has-post-thumbnail","hentry","category-interviews-fr","tag-analog-fr","tag-artificialintelligence-fr","tag-authentication-encryption-fr","tag-automotive-fr","tag-batteries-power-supplies-fr","tag-dataacquisition-fr","tag-developmentkits-fr","tag-digitalsignalprocessing-fr","tag-displays-interfaces-fr","tag-distributors-fr","tag-eda-cad-tools-fr","tag-electromechanical-fr","tag-energyharvesting-fr","tag-flexibleelectronics-fr","tag-interconnect-cables-fr","tag-iot-fr","tag-ledlighting-fr","tag-materials-processes-fr","tag-medicalelectronics-fr","tag-memory-data-storage-fr","tag-mpus-mcus-fr","tag-optoelectronics-fr","tag-plds-fpgas-asics-fr","tag-powermanagement-fr","tag-rf-transmission-fr","tag-sensing-conditioning-fr","tag-software-embedded-tools-fr","tag-testandmeasurement-fr","tag-wearables-fr","tag-wireless-communications-fr","domains-electronique-eci"],"acf":[],"yoast_head":"<title>CEO interview: Tom Caulfield de Globalfoundries sur le projet E...<\/title>\n<meta name=\"description\" content=\"Nous nous sommes entretenus avec Tom Caulfield, PDG de Globalfoundries, et avons discut\u00e9 avec lui des plans de l&#039;Europe pour d\u00e9velopper sa cha\u00eene...\" \/>\n<meta name=\"robots\" content=\"index, follow, max-snippet:-1, max-image-preview:large, max-video-preview:-1\" \/>\n<link rel=\"canonical\" href=\"https:\/\/www.ecinews.fr\/fr\/wp-json\/wp\/v2\/posts\/6649\/\" \/>\n<meta property=\"og:locale\" content=\"fr_FR\" \/>\n<meta property=\"og:type\" content=\"article\" \/>\n<meta property=\"og:title\" content=\"CEO interview: Tom Caulfield de Globalfoundries sur le projet Europ\u00e9en\" \/>\n<meta property=\"og:description\" content=\"Nous nous sommes entretenus avec Tom Caulfield, PDG de Globalfoundries, et avons discut\u00e9 avec lui des plans de l&#039;Europe pour d\u00e9velopper sa cha\u00eene d&#039;approvisionnement en semiconducteurs, un domaine dans lequel GF devrait jouer un r\u00f4le majeur.\" \/>\n<meta property=\"og:url\" content=\"https:\/\/www.ecinews.fr\/fr\/wp-json\/wp\/v2\/posts\/6649\/\" \/>\n<meta property=\"og:site_name\" content=\"EENewsEurope\" \/>\n<meta property=\"article:published_time\" content=\"2021-08-04T10:39:07+00:00\" \/>\n<meta property=\"og:image\" content=\"https:\/\/test.ecinews.fr\/wp-content\/uploads\/import\/default\/files\/sites\/default\/files\/images\/tomcaulfield630_0.jpg\" \/>\n\t<meta property=\"og:image:width\" content=\"630\" \/>\n\t<meta property=\"og:image:height\" content=\"387\" \/>\n\t<meta property=\"og:image:type\" content=\"image\/jpeg\" \/>\n<meta name=\"author\" content=\"Wisse Hettinga\" \/>\n<meta name=\"twitter:card\" content=\"summary_large_image\" \/>\n<meta name=\"twitter:label1\" content=\"Written by\" \/>\n\t<meta name=\"twitter:data1\" content=\"Wisse Hettinga\" \/>\n\t<meta name=\"twitter:label2\" content=\"Est. reading time\" \/>\n\t<meta name=\"twitter:data2\" content=\"10 minutes\" \/>\n<script type=\"application\/ld+json\" class=\"yoast-schema-graph\">{\"@context\":\"https:\/\/schema.org\",\"@graph\":[{\"@type\":\"Article\",\"@id\":\"https:\/\/test.ecinews.fr\/fr\/ceo-interview-tom-caulfield-de-globalfoundries-sur-le-projet-europeen\/#article\",\"isPartOf\":{\"@id\":\"https:\/\/test.ecinews.fr\/fr\/ceo-interview-tom-caulfield-de-globalfoundries-sur-le-projet-europeen\/\"},\"author\":{\"name\":\"Wisse Hettinga\",\"@id\":\"https:\/\/www.eenewseurope.com\/en\/#\/schema\/person\/c6b626c6c65f5e1e7794ce2d17b2ca82\"},\"headline\":\"CEO interview: Tom Caulfield de Globalfoundries sur le projet Europ\u00e9en\",\"datePublished\":\"2021-08-04T10:39:07+00:00\",\"dateModified\":\"2021-08-04T10:39:07+00:00\",\"mainEntityOfPage\":{\"@id\":\"https:\/\/test.ecinews.fr\/fr\/ceo-interview-tom-caulfield-de-globalfoundries-sur-le-projet-europeen\/\"},\"wordCount\":2108,\"commentCount\":0,\"publisher\":{\"@id\":\"https:\/\/www.eenewseurope.com\/en\/#organization\"},\"keywords\":[\"Analog\",\"ArtificialIntelligence\",\"Authentication &amp; Encryption\",\"Automotive\",\"Batteries \/ Power Supplies\",\"DataAcquisition\",\"DevelopmentKits\",\"DigitalSignalProcessing\",\"Displays &amp; Interfaces\",\"Distributors\",\"EDA &amp; CAD tools\",\"Electromechanical\",\"EnergyHarvesting\",\"FlexibleElectronics\",\"Interconnect &amp; cables\",\"IoT\",\"LEDlighting\",\"Materials &amp; processes\",\"MedicalElectronics\",\"Memory &amp; Data Storage\",\"MPUs\/MCUs\",\"Optoelectronics\",\"PLDs\/FPGAs\/ASICs\",\"PowerManagement\",\"RF transmission\",\"Sensing \/ Conditioning\",\"Software &amp; Embedded tools\",\"TestandMeasurement\",\"Wearables\",\"Wireless Communications\"],\"articleSection\":[\"Interviews\"],\"inLanguage\":\"fr-FR\",\"potentialAction\":[{\"@type\":\"CommentAction\",\"name\":\"Comment\",\"target\":[\"https:\/\/test.ecinews.fr\/fr\/ceo-interview-tom-caulfield-de-globalfoundries-sur-le-projet-europeen\/#respond\"]}]},{\"@type\":\"WebPage\",\"@id\":\"https:\/\/test.ecinews.fr\/fr\/ceo-interview-tom-caulfield-de-globalfoundries-sur-le-projet-europeen\/\",\"url\":\"https:\/\/test.ecinews.fr\/fr\/ceo-interview-tom-caulfield-de-globalfoundries-sur-le-projet-europeen\/\",\"name\":\"CEO interview: Tom Caulfield de Globalfoundries sur le projet Europ\u00e9en -\",\"isPartOf\":{\"@id\":\"https:\/\/www.eenewseurope.com\/en\/#website\"},\"datePublished\":\"2021-08-04T10:39:07+00:00\",\"dateModified\":\"2021-08-04T10:39:07+00:00\",\"breadcrumb\":{\"@id\":\"https:\/\/test.ecinews.fr\/fr\/ceo-interview-tom-caulfield-de-globalfoundries-sur-le-projet-europeen\/#breadcrumb\"},\"inLanguage\":\"fr-FR\",\"potentialAction\":[{\"@type\":\"ReadAction\",\"target\":[\"https:\/\/test.ecinews.fr\/fr\/ceo-interview-tom-caulfield-de-globalfoundries-sur-le-projet-europeen\/\"]}]},{\"@type\":\"BreadcrumbList\",\"@id\":\"https:\/\/test.ecinews.fr\/fr\/ceo-interview-tom-caulfield-de-globalfoundries-sur-le-projet-europeen\/#breadcrumb\",\"itemListElement\":[{\"@type\":\"ListItem\",\"position\":1,\"name\":\"Home\",\"item\":\"https:\/\/www.ecinews.fr\/fr\/\"},{\"@type\":\"ListItem\",\"position\":2,\"name\":\"CEO interview: Tom Caulfield de Globalfoundries sur le projet Europ\u00e9en\"}]},{\"@type\":\"WebSite\",\"@id\":\"https:\/\/www.eenewseurope.com\/en\/#website\",\"url\":\"https:\/\/www.eenewseurope.com\/en\/\",\"name\":\"EENewsEurope\",\"description\":\"Just another WordPress site\",\"publisher\":{\"@id\":\"https:\/\/www.eenewseurope.com\/en\/#organization\"},\"potentialAction\":[{\"@type\":\"SearchAction\",\"target\":{\"@type\":\"EntryPoint\",\"urlTemplate\":\"https:\/\/www.eenewseurope.com\/en\/?s={search_term_string}\"},\"query-input\":\"required name=search_term_string\"}],\"inLanguage\":\"fr-FR\"},{\"@type\":\"Organization\",\"@id\":\"https:\/\/www.eenewseurope.com\/en\/#organization\",\"name\":\"EENewsEurope\",\"url\":\"https:\/\/www.eenewseurope.com\/en\/\",\"logo\":{\"@type\":\"ImageObject\",\"inLanguage\":\"fr-FR\",\"@id\":\"https:\/\/www.eenewseurope.com\/en\/#\/schema\/logo\/image\/\",\"url\":\"https:\/\/www.ecinews.fr\/wp-content\/uploads\/2022\/02\/logo-1.jpg\",\"contentUrl\":\"https:\/\/www.ecinews.fr\/wp-content\/uploads\/2022\/02\/logo-1.jpg\",\"width\":283,\"height\":113,\"caption\":\"EENewsEurope\"},\"image\":{\"@id\":\"https:\/\/www.eenewseurope.com\/en\/#\/schema\/logo\/image\/\"}},{\"@type\":\"Person\",\"@id\":\"https:\/\/www.eenewseurope.com\/en\/#\/schema\/person\/c6b626c6c65f5e1e7794ce2d17b2ca82\",\"name\":\"Wisse Hettinga\",\"image\":{\"@type\":\"ImageObject\",\"inLanguage\":\"fr-FR\",\"@id\":\"https:\/\/www.eenewseurope.com\/en\/#\/schema\/person\/image\/5dc5f564ca306d7cb8b22735be49a465\",\"url\":\"https:\/\/secure.gravatar.com\/avatar\/24a36fe68de56eac2a45cbaf9aa4bb58?s=96&d=mm&r=g\",\"contentUrl\":\"https:\/\/secure.gravatar.com\/avatar\/24a36fe68de56eac2a45cbaf9aa4bb58?s=96&d=mm&r=g\",\"caption\":\"Wisse Hettinga\"}}]}<\/script>","yoast_head_json":{"title":"CEO interview: Tom Caulfield de Globalfoundries sur le projet E...","description":"Nous nous sommes entretenus avec Tom Caulfield, PDG de Globalfoundries, et avons discut\u00e9 avec lui des plans de l'Europe pour d\u00e9velopper sa cha\u00eene...","robots":{"index":"index","follow":"follow","max-snippet":"max-snippet:-1","max-image-preview":"max-image-preview:large","max-video-preview":"max-video-preview:-1"},"canonical":"https:\/\/www.ecinews.fr\/fr\/wp-json\/wp\/v2\/posts\/6649\/","og_locale":"fr_FR","og_type":"article","og_title":"CEO interview: Tom Caulfield de Globalfoundries sur le projet Europ\u00e9en","og_description":"Nous nous sommes entretenus avec Tom Caulfield, PDG de Globalfoundries, et avons discut\u00e9 avec lui des plans de l'Europe pour d\u00e9velopper sa cha\u00eene d'approvisionnement en semiconducteurs, un domaine dans lequel GF devrait jouer un r\u00f4le majeur.","og_url":"https:\/\/www.ecinews.fr\/fr\/wp-json\/wp\/v2\/posts\/6649\/","og_site_name":"EENewsEurope","article_published_time":"2021-08-04T10:39:07+00:00","og_image":[{"width":630,"height":387,"url":"https:\/\/test.ecinews.fr\/wp-content\/uploads\/import\/default\/files\/sites\/default\/files\/images\/tomcaulfield630_0.jpg","type":"image\/jpeg"}],"author":"Wisse Hettinga","twitter_card":"summary_large_image","twitter_misc":{"Written by":"Wisse Hettinga","Est. reading time":"10 minutes"},"schema":{"@context":"https:\/\/schema.org","@graph":[{"@type":"Article","@id":"https:\/\/test.ecinews.fr\/fr\/ceo-interview-tom-caulfield-de-globalfoundries-sur-le-projet-europeen\/#article","isPartOf":{"@id":"https:\/\/test.ecinews.fr\/fr\/ceo-interview-tom-caulfield-de-globalfoundries-sur-le-projet-europeen\/"},"author":{"name":"Wisse Hettinga","@id":"https:\/\/www.eenewseurope.com\/en\/#\/schema\/person\/c6b626c6c65f5e1e7794ce2d17b2ca82"},"headline":"CEO interview: Tom Caulfield de Globalfoundries sur le projet Europ\u00e9en","datePublished":"2021-08-04T10:39:07+00:00","dateModified":"2021-08-04T10:39:07+00:00","mainEntityOfPage":{"@id":"https:\/\/test.ecinews.fr\/fr\/ceo-interview-tom-caulfield-de-globalfoundries-sur-le-projet-europeen\/"},"wordCount":2108,"commentCount":0,"publisher":{"@id":"https:\/\/www.eenewseurope.com\/en\/#organization"},"keywords":["Analog","ArtificialIntelligence","Authentication &amp; Encryption","Automotive","Batteries \/ Power Supplies","DataAcquisition","DevelopmentKits","DigitalSignalProcessing","Displays &amp; Interfaces","Distributors","EDA &amp; CAD tools","Electromechanical","EnergyHarvesting","FlexibleElectronics","Interconnect &amp; cables","IoT","LEDlighting","Materials &amp; processes","MedicalElectronics","Memory &amp; Data Storage","MPUs\/MCUs","Optoelectronics","PLDs\/FPGAs\/ASICs","PowerManagement","RF transmission","Sensing \/ Conditioning","Software &amp; Embedded tools","TestandMeasurement","Wearables","Wireless Communications"],"articleSection":["Interviews"],"inLanguage":"fr-FR","potentialAction":[{"@type":"CommentAction","name":"Comment","target":["https:\/\/test.ecinews.fr\/fr\/ceo-interview-tom-caulfield-de-globalfoundries-sur-le-projet-europeen\/#respond"]}]},{"@type":"WebPage","@id":"https:\/\/test.ecinews.fr\/fr\/ceo-interview-tom-caulfield-de-globalfoundries-sur-le-projet-europeen\/","url":"https:\/\/test.ecinews.fr\/fr\/ceo-interview-tom-caulfield-de-globalfoundries-sur-le-projet-europeen\/","name":"CEO interview: Tom Caulfield de Globalfoundries sur le projet Europ\u00e9en -","isPartOf":{"@id":"https:\/\/www.eenewseurope.com\/en\/#website"},"datePublished":"2021-08-04T10:39:07+00:00","dateModified":"2021-08-04T10:39:07+00:00","breadcrumb":{"@id":"https:\/\/test.ecinews.fr\/fr\/ceo-interview-tom-caulfield-de-globalfoundries-sur-le-projet-europeen\/#breadcrumb"},"inLanguage":"fr-FR","potentialAction":[{"@type":"ReadAction","target":["https:\/\/test.ecinews.fr\/fr\/ceo-interview-tom-caulfield-de-globalfoundries-sur-le-projet-europeen\/"]}]},{"@type":"BreadcrumbList","@id":"https:\/\/test.ecinews.fr\/fr\/ceo-interview-tom-caulfield-de-globalfoundries-sur-le-projet-europeen\/#breadcrumb","itemListElement":[{"@type":"ListItem","position":1,"name":"Home","item":"https:\/\/www.ecinews.fr\/fr\/"},{"@type":"ListItem","position":2,"name":"CEO interview: Tom Caulfield de Globalfoundries sur le projet Europ\u00e9en"}]},{"@type":"WebSite","@id":"https:\/\/www.eenewseurope.com\/en\/#website","url":"https:\/\/www.eenewseurope.com\/en\/","name":"EENewsEurope","description":"Just another WordPress site","publisher":{"@id":"https:\/\/www.eenewseurope.com\/en\/#organization"},"potentialAction":[{"@type":"SearchAction","target":{"@type":"EntryPoint","urlTemplate":"https:\/\/www.eenewseurope.com\/en\/?s={search_term_string}"},"query-input":"required name=search_term_string"}],"inLanguage":"fr-FR"},{"@type":"Organization","@id":"https:\/\/www.eenewseurope.com\/en\/#organization","name":"EENewsEurope","url":"https:\/\/www.eenewseurope.com\/en\/","logo":{"@type":"ImageObject","inLanguage":"fr-FR","@id":"https:\/\/www.eenewseurope.com\/en\/#\/schema\/logo\/image\/","url":"https:\/\/www.ecinews.fr\/wp-content\/uploads\/2022\/02\/logo-1.jpg","contentUrl":"https:\/\/www.ecinews.fr\/wp-content\/uploads\/2022\/02\/logo-1.jpg","width":283,"height":113,"caption":"EENewsEurope"},"image":{"@id":"https:\/\/www.eenewseurope.com\/en\/#\/schema\/logo\/image\/"}},{"@type":"Person","@id":"https:\/\/www.eenewseurope.com\/en\/#\/schema\/person\/c6b626c6c65f5e1e7794ce2d17b2ca82","name":"Wisse Hettinga","image":{"@type":"ImageObject","inLanguage":"fr-FR","@id":"https:\/\/www.eenewseurope.com\/en\/#\/schema\/person\/image\/5dc5f564ca306d7cb8b22735be49a465","url":"https:\/\/secure.gravatar.com\/avatar\/24a36fe68de56eac2a45cbaf9aa4bb58?s=96&d=mm&r=g","contentUrl":"https:\/\/secure.gravatar.com\/avatar\/24a36fe68de56eac2a45cbaf9aa4bb58?s=96&d=mm&r=g","caption":"Wisse Hettinga"}}]}},"authors":[{"term_id":1139,"user_id":7,"is_guest":0,"slug":"wisse-hettinga","display_name":"Wisse Hettinga","avatar_url":"https:\/\/secure.gravatar.com\/avatar\/24a36fe68de56eac2a45cbaf9aa4bb58?s=96&d=mm&r=g","0":null,"1":"","2":"","3":"","4":"","5":"","6":"","7":"","8":""}],"_links":{"self":[{"href":"https:\/\/www.ecinews.fr\/fr\/wp-json\/wp\/v2\/posts\/6649"}],"collection":[{"href":"https:\/\/www.ecinews.fr\/fr\/wp-json\/wp\/v2\/posts"}],"about":[{"href":"https:\/\/www.ecinews.fr\/fr\/wp-json\/wp\/v2\/types\/post"}],"author":[{"embeddable":true,"href":"https:\/\/www.ecinews.fr\/fr\/wp-json\/wp\/v2\/users\/7"}],"replies":[{"embeddable":true,"href":"https:\/\/www.ecinews.fr\/fr\/wp-json\/wp\/v2\/comments?post=6649"}],"version-history":[{"count":0,"href":"https:\/\/www.ecinews.fr\/fr\/wp-json\/wp\/v2\/posts\/6649\/revisions"}],"wp:featuredmedia":[{"embeddable":true,"href":"https:\/\/www.ecinews.fr\/fr\/wp-json\/wp\/v2\/media\/6650"}],"wp:attachment":[{"href":"https:\/\/www.ecinews.fr\/fr\/wp-json\/wp\/v2\/media?parent=6649"}],"wp:term":[{"taxonomy":"category","embeddable":true,"href":"https:\/\/www.ecinews.fr\/fr\/wp-json\/wp\/v2\/categories?post=6649"},{"taxonomy":"post_tag","embeddable":true,"href":"https:\/\/www.ecinews.fr\/fr\/wp-json\/wp\/v2\/tags?post=6649"},{"taxonomy":"domains","embeddable":true,"href":"https:\/\/www.ecinews.fr\/fr\/wp-json\/wp\/v2\/domains?post=6649"},{"taxonomy":"author","embeddable":true,"href":"https:\/\/www.ecinews.fr\/fr\/wp-json\/wp\/v2\/ppma_author?post=6649"}],"curies":[{"name":"wp","href":"https:\/\/api.w.org\/{rel}","templated":true}]}}