{"id":63334,"date":"2020-02-19T14:48:37","date_gmt":"2020-02-19T14:48:37","guid":{"rendered":"https:\/\/\/sipearl-paris-obtient-e6-2m-de-leurope-pour-ses-mpu-exascale\/"},"modified":"2020-02-19T14:48:37","modified_gmt":"2020-02-19T14:48:37","slug":"sipearl-paris-obtient-e6-2m-de-leurope-pour-ses-mpu-exascale","status":"publish","type":"post","link":"https:\/\/www.ecinews.fr\/fr\/sipearl-paris-obtient-e6-2m-de-leurope-pour-ses-mpu-exascale\/","title":{"rendered":"SiPearl, Paris obtient \u20ac6.2m de l&rsquo;Europe pour ses MPU exascale"},"content":{"rendered":"<p><span class=\"tlid-translation translation\" lang=\"fr\">La soci\u00e9t\u00e9 SiPearl a \u00e9t\u00e9 cr\u00e9\u00e9e en juin 2019 par le v\u00e9t\u00e9ran de l&rsquo;industrie Philippe Notton pour donner vie au projet commun des 27 membres de l&rsquo;European Processor Initiative (EPI), le consortium s\u00e9lectionn\u00e9 par l&rsquo;Union europ\u00e9enne pour soutenir le d\u00e9veloppement du microprocesseur europ\u00e9en. Sur la base d&rsquo;une feuille de route \u00e9troitement align\u00e9e sur les objectifs de l&rsquo;Union europ\u00e9enne, l&rsquo;entreprise vise un lancement commercial en 2022 pour sa premi\u00e8re gamme de microprocesseurs. <\/span>En 2017, Philippe Notton a rejoint le Groupe Atos pour monter le consortium de l\u2019European Processor Initiative qui a remport\u00e9 l\u2019appel \u00e0 projet de l\u2019Union Europ\u00e9enne en d\u00e9cembre 2018. Il est \u00e9galement General Manager de l\u2019European Processor Initiative.<\/p>\n<p><span class=\"tlid-translation translation\" lang=\"fr\">En \u00e0 peine quelques mois, son PDG et fondateur a construit les bases solides qui soutiendront le d\u00e9veloppement de SiPearl : un \u00e9cosyst\u00e8me puissant r\u00e9unissant ses 26 partenaires au sein du consortium European Processor Initiative; une \u00e9quipe de direction avec des domaines d&rsquo;expertise compl\u00e9mentaires et des ant\u00e9c\u00e9dents \u00e9prouv\u00e9s; les meilleurs fournisseurs industriels et technologiques de leur cat\u00e9gorie; et 6,2 M \u20ac de subventions europ\u00e9ennes pour lancer son d\u00e9veloppement, qui seront suivis d&rsquo;une importante lev\u00e9e de fonds.<\/span><\/p>\n<p><span class=\"tlid-translation translation\" lang=\"fr\">Depuis d\u00e9cembre 2018, le projet commun a impliqu\u00e9 plus de 200 ing\u00e9nieurs travaillant chaque jour \u00e0 d\u00e9velopper les composants technologiques logiciels et mat\u00e9riels de base. En \u00e9troite collaboration avec ses partenaires, SiPearl les int\u00e9grera \u00e0 ses propres technologies et \u00e0 celles des meilleurs fournisseurs mondiaux pour donner vie au microprocesseur europ\u00e9en alliant puissance de supercalcul, efficacit\u00e9 \u00e9nerg\u00e9tique et s\u00e9curit\u00e9 sans porte d\u00e9rob\u00e9e.<\/span><\/p>\n<p><span class=\"tlid-translation translation\" lang=\"fr\">S&rsquo;appuyant sur son r\u00e9seau fran\u00e7ais et international, Philippe Notton met en place une \u00e9quipe de 10 cadres aux ant\u00e9c\u00e9dents \u00e9prouv\u00e9s et aux domaines d&rsquo;expertise compl\u00e9mentaires (recherche et d\u00e9veloppement, architecture informatique, semi-conducteurs, calcul haute performance, automobile, etc.). Leurs nominations seront officiellement annonc\u00e9es au cours du premier semestre de cette ann\u00e9e.<\/span><\/p>\n<p><span class=\"tlid-translation translation\" lang=\"fr\">SiPearl est une entreprise Fabless et a choisi de confier initialement sa production au groupe ta\u00efwanais TSMC.<\/span><\/p>\n<p>Lire aussi:<\/p>\n<p><a href=\"https:\/\/www.electronique-eci.com\/news\/initiative-de-processeur-europeen-epi-deja-les-premiers-resultats\">Initiative de Processeur europ\u00e9en EPI : d\u00e9j\u00e0 les premiers r\u00e9sultats<\/a><\/p>\n<p><a href=\"https:\/\/www.electronique-eci.com\/news\/kalray-partenaire-et-fournisseur-dune-technologie-cle-du-processeur-europeen-epi\">Kalray partenaire et fournisseur d\u2019une technologie cl\u00e9 du processeur europ\u00e9en EPI <\/a><\/p>\n<p><a href=\"https:\/\/www.electronique-eci.com\/news\/kalray-partenaire-et-fournisseur-dune-technologie-cle-du-processeur-europeen-epi\">Avec EPI, l&rsquo;Europe cherche l&rsquo;ind\u00e9pendance pour ses syst\u00e8mes exascale <\/a><\/p>\n<p><strong>Related articles:<\/strong><\/p>\n<p><a href=\"https:\/\/www.eenewseurope.com\/news\/european-processor-initiative-roadmap-update\">European Processor Initiative: roadmap update<\/a><\/p>\n<p><a href=\"https:\/\/www.eenewseurope.com\/news\/europe-seeks-independance-its-exascale-systems\">Europe seeks independance for its exascale systems<\/a><\/p>\n","protected":false},"excerpt":{"rendered":"<p>La soci\u00e9t\u00e9 Fabless SiPearl a pour but de concevoir, commercialiser et distribuer un microprocesseur haute performance et basse consommation pour garantir la souverainet\u00e9 technologique et l&rsquo;ind\u00e9pendance de l&rsquo;Europe sur les march\u00e9s strat\u00e9giques de l&rsquo;informatique haute performance, de l&rsquo;intelligence artificielle et de la mobilit\u00e9 connect\u00e9e.<\/p>\n","protected":false},"author":22,"featured_media":63335,"comment_status":"closed","ping_status":"closed","sticky":false,"template":"","format":"standard","meta":{"_acf_changed":false,"footnotes":""},"categories":[883],"tags":[908],"domains":[47],"ppma_author":[1149],"class_list":["post-63334","post","type-post","status-publish","format-standard","has-post-thumbnail","hentry","category-technologies","tag-plds-fpgas-asics-fr","domains-electronique-eci"],"acf":[],"yoast_head":"<title>SiPearl, Paris obtient \u20ac6.2m de l&#039;Europe pour ses MPU exascale ...<\/title>\n<meta name=\"description\" content=\"La soci\u00e9t\u00e9 Fabless SiPearl a pour but de concevoir, commercialiser et distribuer un microprocesseur haute performance et basse consommation pour garantir...\" \/>\n<meta name=\"robots\" content=\"index, follow, max-snippet:-1, max-image-preview:large, max-video-preview:-1\" \/>\n<link rel=\"canonical\" href=\"https:\/\/www.ecinews.fr\/fr\/wp-json\/wp\/v2\/posts\/63334\/\" \/>\n<meta property=\"og:locale\" content=\"fr_FR\" \/>\n<meta property=\"og:type\" content=\"article\" \/>\n<meta property=\"og:title\" content=\"SiPearl, Paris obtient \u20ac6.2m de l&#039;Europe pour ses MPU exascale\" \/>\n<meta property=\"og:description\" content=\"La soci\u00e9t\u00e9 Fabless SiPearl a pour but de concevoir, commercialiser et distribuer un microprocesseur haute performance et basse consommation pour garantir la souverainet\u00e9 technologique et l&#039;ind\u00e9pendance de l&#039;Europe sur les march\u00e9s strat\u00e9giques de l&#039;informatique haute performance, de l&#039;intelligence artificielle et de la mobilit\u00e9 connect\u00e9e.\" \/>\n<meta property=\"og:url\" content=\"https:\/\/www.ecinews.fr\/fr\/wp-json\/wp\/v2\/posts\/63334\/\" \/>\n<meta property=\"og:site_name\" content=\"EENewsEurope\" \/>\n<meta property=\"article:published_time\" content=\"2020-02-19T14:48:37+00:00\" \/>\n<meta property=\"og:image\" content=\"https:\/\/www.ecinews.fr\/wp-content\/uploads\/import\/default\/files\/sites\/default\/files\/images\/2020-02-12-eenews-jh-sipearl.png\" \/>\n\t<meta property=\"og:image:width\" content=\"928\" \/>\n\t<meta property=\"og:image:height\" content=\"744\" \/>\n\t<meta property=\"og:image:type\" content=\"image\/png\" \/>\n<meta name=\"author\" content=\"eeNews Europe\" \/>\n<meta name=\"twitter:card\" content=\"summary_large_image\" \/>\n<meta name=\"twitter:label1\" content=\"Written by\" \/>\n\t<meta name=\"twitter:data1\" content=\"eeNews Europe\" \/>\n\t<meta name=\"twitter:label2\" content=\"Est. reading time\" \/>\n\t<meta name=\"twitter:data2\" content=\"2 minutes\" \/>\n<script type=\"application\/ld+json\" class=\"yoast-schema-graph\">{\"@context\":\"https:\/\/schema.org\",\"@graph\":[{\"@type\":\"Article\",\"@id\":\"https:\/\/www.ecinews.fr\/fr\/sipearl-paris-obtient-e6-2m-de-leurope-pour-ses-mpu-exascale\/#article\",\"isPartOf\":{\"@id\":\"https:\/\/www.ecinews.fr\/fr\/sipearl-paris-obtient-e6-2m-de-leurope-pour-ses-mpu-exascale\/\"},\"author\":{\"name\":\"eeNews Europe\",\"@id\":\"https:\/\/www.eenewseurope.com\/en\/#\/schema\/person\/9eff4051fa9dac8230052de45e32b0f4\"},\"headline\":\"SiPearl, Paris obtient \u20ac6.2m de l&rsquo;Europe pour ses MPU exascale\",\"datePublished\":\"2020-02-19T14:48:37+00:00\",\"dateModified\":\"2020-02-19T14:48:37+00:00\",\"mainEntityOfPage\":{\"@id\":\"https:\/\/www.ecinews.fr\/fr\/sipearl-paris-obtient-e6-2m-de-leurope-pour-ses-mpu-exascale\/\"},\"wordCount\":419,\"publisher\":{\"@id\":\"https:\/\/www.eenewseurope.com\/en\/#organization\"},\"keywords\":[\"PLDs\/FPGAs\/ASICs\"],\"articleSection\":[\"Technologies\"],\"inLanguage\":\"fr-FR\"},{\"@type\":\"WebPage\",\"@id\":\"https:\/\/www.ecinews.fr\/fr\/sipearl-paris-obtient-e6-2m-de-leurope-pour-ses-mpu-exascale\/\",\"url\":\"https:\/\/www.ecinews.fr\/fr\/sipearl-paris-obtient-e6-2m-de-leurope-pour-ses-mpu-exascale\/\",\"name\":\"SiPearl, Paris obtient \u20ac6.2m de l'Europe pour ses MPU exascale -\",\"isPartOf\":{\"@id\":\"https:\/\/www.eenewseurope.com\/en\/#website\"},\"datePublished\":\"2020-02-19T14:48:37+00:00\",\"dateModified\":\"2020-02-19T14:48:37+00:00\",\"breadcrumb\":{\"@id\":\"https:\/\/www.ecinews.fr\/fr\/sipearl-paris-obtient-e6-2m-de-leurope-pour-ses-mpu-exascale\/#breadcrumb\"},\"inLanguage\":\"fr-FR\",\"potentialAction\":[{\"@type\":\"ReadAction\",\"target\":[\"https:\/\/www.ecinews.fr\/fr\/sipearl-paris-obtient-e6-2m-de-leurope-pour-ses-mpu-exascale\/\"]}]},{\"@type\":\"BreadcrumbList\",\"@id\":\"https:\/\/www.ecinews.fr\/fr\/sipearl-paris-obtient-e6-2m-de-leurope-pour-ses-mpu-exascale\/#breadcrumb\",\"itemListElement\":[{\"@type\":\"ListItem\",\"position\":1,\"name\":\"Home\",\"item\":\"https:\/\/www.ecinews.fr\/fr\/\"},{\"@type\":\"ListItem\",\"position\":2,\"name\":\"SiPearl, Paris obtient \u20ac6.2m de l&rsquo;Europe pour ses MPU exascale\"}]},{\"@type\":\"WebSite\",\"@id\":\"https:\/\/www.eenewseurope.com\/en\/#website\",\"url\":\"https:\/\/www.eenewseurope.com\/en\/\",\"name\":\"EENewsEurope\",\"description\":\"Just another WordPress site\",\"publisher\":{\"@id\":\"https:\/\/www.eenewseurope.com\/en\/#organization\"},\"potentialAction\":[{\"@type\":\"SearchAction\",\"target\":{\"@type\":\"EntryPoint\",\"urlTemplate\":\"https:\/\/www.eenewseurope.com\/en\/?s={search_term_string}\"},\"query-input\":\"required name=search_term_string\"}],\"inLanguage\":\"fr-FR\"},{\"@type\":\"Organization\",\"@id\":\"https:\/\/www.eenewseurope.com\/en\/#organization\",\"name\":\"EENewsEurope\",\"url\":\"https:\/\/www.eenewseurope.com\/en\/\",\"logo\":{\"@type\":\"ImageObject\",\"inLanguage\":\"fr-FR\",\"@id\":\"https:\/\/www.eenewseurope.com\/en\/#\/schema\/logo\/image\/\",\"url\":\"https:\/\/www.ecinews.fr\/wp-content\/uploads\/2022\/02\/logo-1.jpg\",\"contentUrl\":\"https:\/\/www.ecinews.fr\/wp-content\/uploads\/2022\/02\/logo-1.jpg\",\"width\":283,\"height\":113,\"caption\":\"EENewsEurope\"},\"image\":{\"@id\":\"https:\/\/www.eenewseurope.com\/en\/#\/schema\/logo\/image\/\"}},{\"@type\":\"Person\",\"@id\":\"https:\/\/www.eenewseurope.com\/en\/#\/schema\/person\/9eff4051fa9dac8230052de45e32b0f4\",\"name\":\"eeNews Europe\",\"image\":{\"@type\":\"ImageObject\",\"inLanguage\":\"fr-FR\",\"@id\":\"https:\/\/www.eenewseurope.com\/en\/#\/schema\/person\/image\/fae8f0cb15861c4ae0ed4872e2c9fc22\",\"url\":\"https:\/\/secure.gravatar.com\/avatar\/5081509054e28b04ecd976976e723ce0?s=96&d=mm&r=g\",\"contentUrl\":\"https:\/\/secure.gravatar.com\/avatar\/5081509054e28b04ecd976976e723ce0?s=96&d=mm&r=g\",\"caption\":\"eeNews Europe\"}}]}<\/script>","yoast_head_json":{"title":"SiPearl, Paris obtient \u20ac6.2m de l'Europe pour ses MPU exascale ...","description":"La soci\u00e9t\u00e9 Fabless SiPearl a pour but de concevoir, commercialiser et distribuer un microprocesseur haute performance et basse consommation pour garantir...","robots":{"index":"index","follow":"follow","max-snippet":"max-snippet:-1","max-image-preview":"max-image-preview:large","max-video-preview":"max-video-preview:-1"},"canonical":"https:\/\/www.ecinews.fr\/fr\/wp-json\/wp\/v2\/posts\/63334\/","og_locale":"fr_FR","og_type":"article","og_title":"SiPearl, Paris obtient \u20ac6.2m de l'Europe pour ses MPU exascale","og_description":"La soci\u00e9t\u00e9 Fabless SiPearl a pour but de concevoir, commercialiser et distribuer un microprocesseur haute performance et basse consommation pour garantir la souverainet\u00e9 technologique et l'ind\u00e9pendance de l'Europe sur les march\u00e9s strat\u00e9giques de l'informatique haute performance, de l'intelligence artificielle et de la mobilit\u00e9 connect\u00e9e.","og_url":"https:\/\/www.ecinews.fr\/fr\/wp-json\/wp\/v2\/posts\/63334\/","og_site_name":"EENewsEurope","article_published_time":"2020-02-19T14:48:37+00:00","og_image":[{"width":928,"height":744,"url":"https:\/\/www.ecinews.fr\/wp-content\/uploads\/import\/default\/files\/sites\/default\/files\/images\/2020-02-12-eenews-jh-sipearl.png","type":"image\/png"}],"author":"eeNews Europe","twitter_card":"summary_large_image","twitter_misc":{"Written by":"eeNews Europe","Est. reading time":"2 minutes"},"schema":{"@context":"https:\/\/schema.org","@graph":[{"@type":"Article","@id":"https:\/\/www.ecinews.fr\/fr\/sipearl-paris-obtient-e6-2m-de-leurope-pour-ses-mpu-exascale\/#article","isPartOf":{"@id":"https:\/\/www.ecinews.fr\/fr\/sipearl-paris-obtient-e6-2m-de-leurope-pour-ses-mpu-exascale\/"},"author":{"name":"eeNews Europe","@id":"https:\/\/www.eenewseurope.com\/en\/#\/schema\/person\/9eff4051fa9dac8230052de45e32b0f4"},"headline":"SiPearl, Paris obtient \u20ac6.2m de l&rsquo;Europe pour ses MPU exascale","datePublished":"2020-02-19T14:48:37+00:00","dateModified":"2020-02-19T14:48:37+00:00","mainEntityOfPage":{"@id":"https:\/\/www.ecinews.fr\/fr\/sipearl-paris-obtient-e6-2m-de-leurope-pour-ses-mpu-exascale\/"},"wordCount":419,"publisher":{"@id":"https:\/\/www.eenewseurope.com\/en\/#organization"},"keywords":["PLDs\/FPGAs\/ASICs"],"articleSection":["Technologies"],"inLanguage":"fr-FR"},{"@type":"WebPage","@id":"https:\/\/www.ecinews.fr\/fr\/sipearl-paris-obtient-e6-2m-de-leurope-pour-ses-mpu-exascale\/","url":"https:\/\/www.ecinews.fr\/fr\/sipearl-paris-obtient-e6-2m-de-leurope-pour-ses-mpu-exascale\/","name":"SiPearl, Paris obtient \u20ac6.2m de l'Europe pour ses MPU exascale -","isPartOf":{"@id":"https:\/\/www.eenewseurope.com\/en\/#website"},"datePublished":"2020-02-19T14:48:37+00:00","dateModified":"2020-02-19T14:48:37+00:00","breadcrumb":{"@id":"https:\/\/www.ecinews.fr\/fr\/sipearl-paris-obtient-e6-2m-de-leurope-pour-ses-mpu-exascale\/#breadcrumb"},"inLanguage":"fr-FR","potentialAction":[{"@type":"ReadAction","target":["https:\/\/www.ecinews.fr\/fr\/sipearl-paris-obtient-e6-2m-de-leurope-pour-ses-mpu-exascale\/"]}]},{"@type":"BreadcrumbList","@id":"https:\/\/www.ecinews.fr\/fr\/sipearl-paris-obtient-e6-2m-de-leurope-pour-ses-mpu-exascale\/#breadcrumb","itemListElement":[{"@type":"ListItem","position":1,"name":"Home","item":"https:\/\/www.ecinews.fr\/fr\/"},{"@type":"ListItem","position":2,"name":"SiPearl, Paris obtient \u20ac6.2m de l&rsquo;Europe pour ses MPU exascale"}]},{"@type":"WebSite","@id":"https:\/\/www.eenewseurope.com\/en\/#website","url":"https:\/\/www.eenewseurope.com\/en\/","name":"EENewsEurope","description":"Just another WordPress site","publisher":{"@id":"https:\/\/www.eenewseurope.com\/en\/#organization"},"potentialAction":[{"@type":"SearchAction","target":{"@type":"EntryPoint","urlTemplate":"https:\/\/www.eenewseurope.com\/en\/?s={search_term_string}"},"query-input":"required name=search_term_string"}],"inLanguage":"fr-FR"},{"@type":"Organization","@id":"https:\/\/www.eenewseurope.com\/en\/#organization","name":"EENewsEurope","url":"https:\/\/www.eenewseurope.com\/en\/","logo":{"@type":"ImageObject","inLanguage":"fr-FR","@id":"https:\/\/www.eenewseurope.com\/en\/#\/schema\/logo\/image\/","url":"https:\/\/www.ecinews.fr\/wp-content\/uploads\/2022\/02\/logo-1.jpg","contentUrl":"https:\/\/www.ecinews.fr\/wp-content\/uploads\/2022\/02\/logo-1.jpg","width":283,"height":113,"caption":"EENewsEurope"},"image":{"@id":"https:\/\/www.eenewseurope.com\/en\/#\/schema\/logo\/image\/"}},{"@type":"Person","@id":"https:\/\/www.eenewseurope.com\/en\/#\/schema\/person\/9eff4051fa9dac8230052de45e32b0f4","name":"eeNews Europe","image":{"@type":"ImageObject","inLanguage":"fr-FR","@id":"https:\/\/www.eenewseurope.com\/en\/#\/schema\/person\/image\/fae8f0cb15861c4ae0ed4872e2c9fc22","url":"https:\/\/secure.gravatar.com\/avatar\/5081509054e28b04ecd976976e723ce0?s=96&d=mm&r=g","contentUrl":"https:\/\/secure.gravatar.com\/avatar\/5081509054e28b04ecd976976e723ce0?s=96&d=mm&r=g","caption":"eeNews Europe"}}]}},"authors":[{"term_id":1149,"user_id":22,"is_guest":0,"slug":"eenews-europe","display_name":"eeNews Europe","avatar_url":"https:\/\/secure.gravatar.com\/avatar\/5081509054e28b04ecd976976e723ce0?s=96&d=mm&r=g","0":null,"1":"","2":"","3":"","4":"","5":"","6":"","7":"","8":""}],"_links":{"self":[{"href":"https:\/\/www.ecinews.fr\/fr\/wp-json\/wp\/v2\/posts\/63334"}],"collection":[{"href":"https:\/\/www.ecinews.fr\/fr\/wp-json\/wp\/v2\/posts"}],"about":[{"href":"https:\/\/www.ecinews.fr\/fr\/wp-json\/wp\/v2\/types\/post"}],"author":[{"embeddable":true,"href":"https:\/\/www.ecinews.fr\/fr\/wp-json\/wp\/v2\/users\/22"}],"replies":[{"embeddable":true,"href":"https:\/\/www.ecinews.fr\/fr\/wp-json\/wp\/v2\/comments?post=63334"}],"version-history":[{"count":0,"href":"https:\/\/www.ecinews.fr\/fr\/wp-json\/wp\/v2\/posts\/63334\/revisions"}],"wp:featuredmedia":[{"embeddable":true,"href":"https:\/\/www.ecinews.fr\/fr\/wp-json\/wp\/v2\/media\/63335"}],"wp:attachment":[{"href":"https:\/\/www.ecinews.fr\/fr\/wp-json\/wp\/v2\/media?parent=63334"}],"wp:term":[{"taxonomy":"category","embeddable":true,"href":"https:\/\/www.ecinews.fr\/fr\/wp-json\/wp\/v2\/categories?post=63334"},{"taxonomy":"post_tag","embeddable":true,"href":"https:\/\/www.ecinews.fr\/fr\/wp-json\/wp\/v2\/tags?post=63334"},{"taxonomy":"domains","embeddable":true,"href":"https:\/\/www.ecinews.fr\/fr\/wp-json\/wp\/v2\/domains?post=63334"},{"taxonomy":"author","embeddable":true,"href":"https:\/\/www.ecinews.fr\/fr\/wp-json\/wp\/v2\/ppma_author?post=63334"}],"curies":[{"name":"wp","href":"https:\/\/api.w.org\/{rel}","templated":true}]}}