{"id":62290,"date":"2020-03-02T14:46:18","date_gmt":"2020-03-02T14:46:18","guid":{"rendered":"https:\/\/\/arm-ou-risc-v-pour-lepi-en-debat-a-paris-16-17-mars-2020\/"},"modified":"2020-03-02T14:46:18","modified_gmt":"2020-03-02T14:46:18","slug":"arm-ou-risc-v-pour-lepi-en-debat-a-paris-16-17-mars-2020","status":"publish","type":"post","link":"https:\/\/www.ecinews.fr\/fr\/arm-ou-risc-v-pour-lepi-en-debat-a-paris-16-17-mars-2020\/","title":{"rendered":"ARM ou RISC-V pour l&rsquo;EPI en d\u00e9bat \u00e0 Paris &#8211; 16-17 mars 2020"},"content":{"rendered":"<p><span class=\"tlid-translation translation\" lang=\"fr\">Des dirigeants d&rsquo;ARM, de la Fondation RISC-V, de Hewlett-Packard Enterprises et de TSMC, entre autres, prendront la parole lors d&rsquo;une conf\u00e9rence organis\u00e9e pour discuter de l&rsquo;initiative EPI et des besoins europ\u00e9ens pour l&rsquo;informatique exascale, l&rsquo;acc\u00e9l\u00e9ration mat\u00e9rielle et l&rsquo;informatique automobile.<\/span><\/p>\n<p><span class=\"tlid-translation translation\" lang=\"fr\">L&rsquo;EPI <\/span>(European Processor Initiative)<span class=\"tlid-translation translation\" lang=\"fr\">, est un \u00e9l\u00e9ment cl\u00e9 de ce mandat, \u00e0 savoir, la n\u00e9cessit\u00e9 de cr\u00e9er des processeurs qui soutiendront l&rsquo;ind\u00e9pendance strat\u00e9gique de l&rsquo;Europe et sa position \u00e9conomique mondiale favorable dans l&rsquo;informatique exascale.<\/span><\/p>\n<p><span class=\"tlid-translation translation\" lang=\"fr\">RISC-V est consid\u00e9r\u00e9 comme devant \u00eatre la base des solutions europ\u00e9ennes pour le mat\u00e9riel d&rsquo;acc\u00e9l\u00e9ration et les applications automobiles tandis que l&rsquo;architecture ARM Neoverse a \u00e9t\u00e9 choisie pour le calcul haute performance. Parall\u00e8lement, une start-up SiPearl a \u00e9t\u00e9 cr\u00e9\u00e9e pour concevoir les puces n\u00e9cessaires (voir <a href=\"https:\/\/www.electronique-eci.com\/news\/sipearl-paris-obtient-eu62m-de-leurope-pour-ses-mpu-exascale\">SiPearl, Paris obtient \u20ac6.2m de l&rsquo;Europe pour ses MPU exascale<\/a>).<\/span><\/p>\n<p><span class=\"tlid-translation translation\" lang=\"fr\">La premi\u00e8re journ\u00e9e comprendra une allocution de Brent Gorda, directeur principal du HPC ( High Power Computing ou Informatique exascale) chez ARM. La deuxi\u00e8me journ\u00e9e comprendra un discours d&rsquo;ouverture de Calista Redmond, PDG de la Fondation RISC-V. ( voir interview de Calista Redmond:&nbsp;<a href=\"https:\/\/www.eenewsembedded.com\/content\/world-big-enough-calista-redmond-ceo-risc-v\">The world is big enough! &#8211; Calista Redmond, CEO RISC-V )<\/a><\/span><\/p>\n<p><span class=\"tlid-translation translation\" lang=\"fr\">\u00ab\u00a0Alors que la souverainet\u00e9 devient de plus en plus importante, EPI va jouer un r\u00f4le central dans le paysage HPC europ\u00e9en. Dans un premier temps, avec la conception du processeur RHEA, sur l&rsquo;architecture ARM Neoverse de nouvelle g\u00e9n\u00e9ration, nous allons \u00e9quiper le supercalculateur&nbsp;exascale europ\u00e9en\u00a0\u00bb, a d\u00e9clar\u00e9 Jean-Marc Denis, pr\u00e9sident du PEV, dans un communiqu\u00e9.&nbsp;<\/span> <span class=\"tlid-translation translation\" lang=\"fr\">Il a ajout\u00e9: \u00ab\u00a0Parall\u00e8lement, dans le cadre de notre strat\u00e9gie \u00e0 long terme, nous commen\u00e7ons \u00e0 jeter les bases de notre future bo\u00eete \u00e0 outils IP europ\u00e9enne bas\u00e9e sur une vari\u00e9t\u00e9 de solutions IP, y compris RISC-V, qui cibleront les acc\u00e9l\u00e9rateurs et microprocesseurs personnalis\u00e9s.\u00a0\u00bb<\/span><\/p>\n<p><span class=\"tlid-translation translation\" lang=\"fr\">Denis a ajout\u00e9 que SiPearl aura cr\u00e9\u00e9 et livr\u00e9 ses processeurs de premi\u00e8re g\u00e9n\u00e9ration en 2022.<\/p>\n<p>De plus amples informations sur la conf\u00e9rence sont disponibles sur le site Web de EPI dont le lien figure ci-dessous.<\/span><\/p>\n<p>Denis added that he expected SiPearl to have created first-generation processors and have them in the field in 2022.<\/p>\n<p>Further details of the conference can be found at EPI&rsquo;s website linked below.<\/p>\n<p><strong>Lire aussi:<\/strong><\/p>\n<p><span class=\"tlid-translation translation\" lang=\"fr\"><a href=\"https:\/\/www.electronique-eci.com\/news\/sipearl-paris-obtient-eu62m-de-leurope-pour-ses-mpu-exascale\">SiPearl, Paris obtient \u20ac6.2m de l&rsquo;Europe pour ses MPU exascale<\/a><\/span><\/p>\n<p><a href=\"https:\/\/www.electronique-eci.com\/news\/kalray-devoile-sa-3eme-generation-de-coolidge-au-ces\">Kalray d\u00e9voile sa 3\u00e8me g\u00e9n\u00e9ration de Coolidge au CES<\/a><\/p>\n<p><a href=\"https:\/\/www.electronique-eci.com\/news\/kalray-partenaire-et-fournisseur-dune-technologie-cle-du-processeur-europeen-epi\">Kalray partenaire et fournisseur d\u2019une technologie cl\u00e9 du processeur europ\u00e9en EPI <\/a><\/p>\n<p><a href=\"https:\/\/www.electronique-eci.com\/news\/esol-et-kalray-etendent-leur-collaboration\">eSOL et Kalray \u00e9tendent leur collaboration <\/a><\/p>\n<p><span class=\"tlid-translation translation\" lang=\"fr\"><a href=\"https:\/\/www.eenewsembedded.com\/content\/world-big-enough-calista-redmond-ceo-risc-v\">The world is big enough! &#8211; Calista Redmond, CEO RISC-V <\/a><\/span><\/p>\n<p><strong>Related links and articles: <\/strong><\/p>\n<p><a href=\"http:\/\/www.european-processor-initiative.eu\">www.european-processor-initiative.eu<\/a><\/p>\n<p><strong>News articles: <\/strong><\/p>\n<p><a href=\"https:\/\/www.eenewsanalog.com\/news\/european-processor-startup-gets-eu62-million-kickstart-grant\">European processor startup gets \u20ac6.2 million kickstart grant<\/a><\/p>\n<p><a href=\"https:\/\/www.eenewsanalog.com\/news\/grai-matter-paris-research-gives-rise-ai-processor-edge\">GrAI Matter, Paris research gives rise to AI processor for the edge <\/a><\/p>\n<p><a href=\"https:\/\/www.eenewsanalog.com\/news\/nxp-kalray-demo-coolidge-parallel-processor-bluebox\">NXP, Kalray demo Coolidge parallel processor in &lsquo;BlueBox&rsquo; <\/a><\/p>\n","protected":false},"excerpt":{"rendered":"<p>Les architectures de processeur ARM et RISC-V seront toutes deux repr\u00e9sent\u00e9es au Forum europ\u00e9en de l&rsquo;initiative des processeurs europ\u00e9ens (European Processor Initiative), une conf\u00e9rence de deux jours qui se tiendra le 16 et 17 mars 2020 \u00e0 Paris au centre de conf\u00e9rences Elys\u00e9es Biarritz, 22-24 rue Quentin Bauchart \u2013 Paris 75008 .<\/p>\n","protected":false},"author":22,"featured_media":62291,"comment_status":"closed","ping_status":"closed","sticky":false,"template":"","format":"standard","meta":{"_acf_changed":false,"footnotes":""},"categories":[883],"tags":[889,920,893,891,894,896,899,919,905,906,908,916,917,915],"domains":[47],"ppma_author":[1149],"class_list":["post-62290","post","type-post","status-publish","format-standard","has-post-thumbnail","hentry","category-technologies","tag-analog-fr","tag-artificialintelligence-fr","tag-authentication-encryption-fr","tag-automotive-fr","tag-boards-embedded-cards-fr","tag-digitalsignalprocessing-fr","tag-eda-cad-tools-fr","tag-iot-fr","tag-memory-data-storage-fr","tag-mpus-mcus-fr","tag-plds-fpgas-asics-fr","tag-rf-transmission-fr","tag-software-embedded-tools-fr","tag-wireless-communications-fr","domains-electronique-eci"],"acf":[],"yoast_head":"<title>ARM ou RISC-V pour l&#039;EPI en d\u00e9bat \u00e0 Paris - 16-17 mars 2020 ...<\/title>\n<meta name=\"description\" content=\"Les architectures de processeur ARM et RISC-V seront toutes deux repr\u00e9sent\u00e9es au Forum europ\u00e9en de l&#039;initiative des processeurs europ\u00e9ens (European...\" \/>\n<meta name=\"robots\" content=\"index, follow, max-snippet:-1, max-image-preview:large, max-video-preview:-1\" \/>\n<link rel=\"canonical\" href=\"https:\/\/www.ecinews.fr\/fr\/wp-json\/wp\/v2\/posts\/62290\/\" \/>\n<meta property=\"og:locale\" content=\"fr_FR\" \/>\n<meta property=\"og:type\" content=\"article\" \/>\n<meta property=\"og:title\" content=\"ARM ou RISC-V pour l&#039;EPI en d\u00e9bat \u00e0 Paris - 16-17 mars 2020\" \/>\n<meta property=\"og:description\" content=\"Les architectures de processeur ARM et RISC-V seront toutes deux repr\u00e9sent\u00e9es au Forum europ\u00e9en de l&#039;initiative des processeurs europ\u00e9ens (European Processor Initiative), une conf\u00e9rence de deux jours qui se tiendra le 16 et 17 mars 2020 \u00e0 Paris au centre de conf\u00e9rences Elys\u00e9es Biarritz, 22-24 rue Quentin Bauchart \u2013 Paris 75008 .\" \/>\n<meta property=\"og:url\" content=\"https:\/\/www.ecinews.fr\/fr\/wp-json\/wp\/v2\/posts\/62290\/\" \/>\n<meta property=\"og:site_name\" content=\"EENewsEurope\" \/>\n<meta property=\"article:published_time\" content=\"2020-03-02T14:46:18+00:00\" \/>\n<meta property=\"og:image\" content=\"https:\/\/www.ecinews.fr\/wp-content\/uploads\/import\/default\/files\/sites\/default\/files\/images\/conference630.jpg\" \/>\n\t<meta property=\"og:image:width\" content=\"630\" \/>\n\t<meta property=\"og:image:height\" content=\"400\" \/>\n\t<meta property=\"og:image:type\" content=\"image\/jpeg\" \/>\n<meta name=\"author\" content=\"eeNews Europe\" \/>\n<meta name=\"twitter:card\" content=\"summary_large_image\" \/>\n<meta name=\"twitter:label1\" content=\"Written by\" \/>\n\t<meta name=\"twitter:data1\" content=\"eeNews Europe\" \/>\n\t<meta name=\"twitter:label2\" content=\"Est. reading time\" \/>\n\t<meta name=\"twitter:data2\" content=\"2 minutes\" \/>\n<script type=\"application\/ld+json\" class=\"yoast-schema-graph\">{\"@context\":\"https:\/\/schema.org\",\"@graph\":[{\"@type\":\"Article\",\"@id\":\"https:\/\/www.ecinews.fr\/fr\/arm-ou-risc-v-pour-lepi-en-debat-a-paris-16-17-mars-2020\/#article\",\"isPartOf\":{\"@id\":\"https:\/\/www.ecinews.fr\/fr\/arm-ou-risc-v-pour-lepi-en-debat-a-paris-16-17-mars-2020\/\"},\"author\":{\"name\":\"eeNews Europe\",\"@id\":\"https:\/\/www.eenewseurope.com\/en\/#\/schema\/person\/9eff4051fa9dac8230052de45e32b0f4\"},\"headline\":\"ARM ou RISC-V pour l&rsquo;EPI en d\u00e9bat \u00e0 Paris &#8211; 16-17 mars 2020\",\"datePublished\":\"2020-03-02T14:46:18+00:00\",\"dateModified\":\"2020-03-02T14:46:18+00:00\",\"mainEntityOfPage\":{\"@id\":\"https:\/\/www.ecinews.fr\/fr\/arm-ou-risc-v-pour-lepi-en-debat-a-paris-16-17-mars-2020\/\"},\"wordCount\":506,\"publisher\":{\"@id\":\"https:\/\/www.eenewseurope.com\/en\/#organization\"},\"keywords\":[\"Analog\",\"ArtificialIntelligence\",\"Authentication &amp; Encryption\",\"Automotive\",\"Boards &amp; Embedded Cards\",\"DigitalSignalProcessing\",\"EDA &amp; CAD tools\",\"IoT\",\"Memory &amp; Data Storage\",\"MPUs\/MCUs\",\"PLDs\/FPGAs\/ASICs\",\"RF transmission\",\"Software &amp; Embedded tools\",\"Wireless Communications\"],\"articleSection\":[\"Technologies\"],\"inLanguage\":\"fr-FR\"},{\"@type\":\"WebPage\",\"@id\":\"https:\/\/www.ecinews.fr\/fr\/arm-ou-risc-v-pour-lepi-en-debat-a-paris-16-17-mars-2020\/\",\"url\":\"https:\/\/www.ecinews.fr\/fr\/arm-ou-risc-v-pour-lepi-en-debat-a-paris-16-17-mars-2020\/\",\"name\":\"ARM ou RISC-V pour l'EPI en d\u00e9bat \u00e0 Paris - 16-17 mars 2020 -\",\"isPartOf\":{\"@id\":\"https:\/\/www.eenewseurope.com\/en\/#website\"},\"datePublished\":\"2020-03-02T14:46:18+00:00\",\"dateModified\":\"2020-03-02T14:46:18+00:00\",\"breadcrumb\":{\"@id\":\"https:\/\/www.ecinews.fr\/fr\/arm-ou-risc-v-pour-lepi-en-debat-a-paris-16-17-mars-2020\/#breadcrumb\"},\"inLanguage\":\"fr-FR\",\"potentialAction\":[{\"@type\":\"ReadAction\",\"target\":[\"https:\/\/www.ecinews.fr\/fr\/arm-ou-risc-v-pour-lepi-en-debat-a-paris-16-17-mars-2020\/\"]}]},{\"@type\":\"BreadcrumbList\",\"@id\":\"https:\/\/www.ecinews.fr\/fr\/arm-ou-risc-v-pour-lepi-en-debat-a-paris-16-17-mars-2020\/#breadcrumb\",\"itemListElement\":[{\"@type\":\"ListItem\",\"position\":1,\"name\":\"Home\",\"item\":\"https:\/\/www.ecinews.fr\/fr\/\"},{\"@type\":\"ListItem\",\"position\":2,\"name\":\"ARM ou RISC-V pour l&rsquo;EPI en d\u00e9bat \u00e0 Paris &#8211; 16-17 mars 2020\"}]},{\"@type\":\"WebSite\",\"@id\":\"https:\/\/www.eenewseurope.com\/en\/#website\",\"url\":\"https:\/\/www.eenewseurope.com\/en\/\",\"name\":\"EENewsEurope\",\"description\":\"Just another WordPress site\",\"publisher\":{\"@id\":\"https:\/\/www.eenewseurope.com\/en\/#organization\"},\"potentialAction\":[{\"@type\":\"SearchAction\",\"target\":{\"@type\":\"EntryPoint\",\"urlTemplate\":\"https:\/\/www.eenewseurope.com\/en\/?s={search_term_string}\"},\"query-input\":\"required name=search_term_string\"}],\"inLanguage\":\"fr-FR\"},{\"@type\":\"Organization\",\"@id\":\"https:\/\/www.eenewseurope.com\/en\/#organization\",\"name\":\"EENewsEurope\",\"url\":\"https:\/\/www.eenewseurope.com\/en\/\",\"logo\":{\"@type\":\"ImageObject\",\"inLanguage\":\"fr-FR\",\"@id\":\"https:\/\/www.eenewseurope.com\/en\/#\/schema\/logo\/image\/\",\"url\":\"https:\/\/www.ecinews.fr\/wp-content\/uploads\/2022\/02\/logo-1.jpg\",\"contentUrl\":\"https:\/\/www.ecinews.fr\/wp-content\/uploads\/2022\/02\/logo-1.jpg\",\"width\":283,\"height\":113,\"caption\":\"EENewsEurope\"},\"image\":{\"@id\":\"https:\/\/www.eenewseurope.com\/en\/#\/schema\/logo\/image\/\"}},{\"@type\":\"Person\",\"@id\":\"https:\/\/www.eenewseurope.com\/en\/#\/schema\/person\/9eff4051fa9dac8230052de45e32b0f4\",\"name\":\"eeNews Europe\",\"image\":{\"@type\":\"ImageObject\",\"inLanguage\":\"fr-FR\",\"@id\":\"https:\/\/www.eenewseurope.com\/en\/#\/schema\/person\/image\/fae8f0cb15861c4ae0ed4872e2c9fc22\",\"url\":\"https:\/\/secure.gravatar.com\/avatar\/5081509054e28b04ecd976976e723ce0?s=96&d=mm&r=g\",\"contentUrl\":\"https:\/\/secure.gravatar.com\/avatar\/5081509054e28b04ecd976976e723ce0?s=96&d=mm&r=g\",\"caption\":\"eeNews Europe\"}}]}<\/script>","yoast_head_json":{"title":"ARM ou RISC-V pour l'EPI en d\u00e9bat \u00e0 Paris - 16-17 mars 2020 ...","description":"Les architectures de processeur ARM et RISC-V seront toutes deux repr\u00e9sent\u00e9es au Forum europ\u00e9en de l'initiative des processeurs europ\u00e9ens (European...","robots":{"index":"index","follow":"follow","max-snippet":"max-snippet:-1","max-image-preview":"max-image-preview:large","max-video-preview":"max-video-preview:-1"},"canonical":"https:\/\/www.ecinews.fr\/fr\/wp-json\/wp\/v2\/posts\/62290\/","og_locale":"fr_FR","og_type":"article","og_title":"ARM ou RISC-V pour l'EPI en d\u00e9bat \u00e0 Paris - 16-17 mars 2020","og_description":"Les architectures de processeur ARM et RISC-V seront toutes deux repr\u00e9sent\u00e9es au Forum europ\u00e9en de l'initiative des processeurs europ\u00e9ens (European Processor Initiative), une conf\u00e9rence de deux jours qui se tiendra le 16 et 17 mars 2020 \u00e0 Paris au centre de conf\u00e9rences Elys\u00e9es Biarritz, 22-24 rue Quentin Bauchart \u2013 Paris 75008 .","og_url":"https:\/\/www.ecinews.fr\/fr\/wp-json\/wp\/v2\/posts\/62290\/","og_site_name":"EENewsEurope","article_published_time":"2020-03-02T14:46:18+00:00","og_image":[{"width":630,"height":400,"url":"https:\/\/www.ecinews.fr\/wp-content\/uploads\/import\/default\/files\/sites\/default\/files\/images\/conference630.jpg","type":"image\/jpeg"}],"author":"eeNews Europe","twitter_card":"summary_large_image","twitter_misc":{"Written by":"eeNews Europe","Est. reading time":"2 minutes"},"schema":{"@context":"https:\/\/schema.org","@graph":[{"@type":"Article","@id":"https:\/\/www.ecinews.fr\/fr\/arm-ou-risc-v-pour-lepi-en-debat-a-paris-16-17-mars-2020\/#article","isPartOf":{"@id":"https:\/\/www.ecinews.fr\/fr\/arm-ou-risc-v-pour-lepi-en-debat-a-paris-16-17-mars-2020\/"},"author":{"name":"eeNews Europe","@id":"https:\/\/www.eenewseurope.com\/en\/#\/schema\/person\/9eff4051fa9dac8230052de45e32b0f4"},"headline":"ARM ou RISC-V pour l&rsquo;EPI en d\u00e9bat \u00e0 Paris &#8211; 16-17 mars 2020","datePublished":"2020-03-02T14:46:18+00:00","dateModified":"2020-03-02T14:46:18+00:00","mainEntityOfPage":{"@id":"https:\/\/www.ecinews.fr\/fr\/arm-ou-risc-v-pour-lepi-en-debat-a-paris-16-17-mars-2020\/"},"wordCount":506,"publisher":{"@id":"https:\/\/www.eenewseurope.com\/en\/#organization"},"keywords":["Analog","ArtificialIntelligence","Authentication &amp; Encryption","Automotive","Boards &amp; Embedded Cards","DigitalSignalProcessing","EDA &amp; CAD tools","IoT","Memory &amp; Data Storage","MPUs\/MCUs","PLDs\/FPGAs\/ASICs","RF transmission","Software &amp; Embedded tools","Wireless Communications"],"articleSection":["Technologies"],"inLanguage":"fr-FR"},{"@type":"WebPage","@id":"https:\/\/www.ecinews.fr\/fr\/arm-ou-risc-v-pour-lepi-en-debat-a-paris-16-17-mars-2020\/","url":"https:\/\/www.ecinews.fr\/fr\/arm-ou-risc-v-pour-lepi-en-debat-a-paris-16-17-mars-2020\/","name":"ARM ou RISC-V pour l'EPI en d\u00e9bat \u00e0 Paris - 16-17 mars 2020 -","isPartOf":{"@id":"https:\/\/www.eenewseurope.com\/en\/#website"},"datePublished":"2020-03-02T14:46:18+00:00","dateModified":"2020-03-02T14:46:18+00:00","breadcrumb":{"@id":"https:\/\/www.ecinews.fr\/fr\/arm-ou-risc-v-pour-lepi-en-debat-a-paris-16-17-mars-2020\/#breadcrumb"},"inLanguage":"fr-FR","potentialAction":[{"@type":"ReadAction","target":["https:\/\/www.ecinews.fr\/fr\/arm-ou-risc-v-pour-lepi-en-debat-a-paris-16-17-mars-2020\/"]}]},{"@type":"BreadcrumbList","@id":"https:\/\/www.ecinews.fr\/fr\/arm-ou-risc-v-pour-lepi-en-debat-a-paris-16-17-mars-2020\/#breadcrumb","itemListElement":[{"@type":"ListItem","position":1,"name":"Home","item":"https:\/\/www.ecinews.fr\/fr\/"},{"@type":"ListItem","position":2,"name":"ARM ou RISC-V pour l&rsquo;EPI en d\u00e9bat \u00e0 Paris &#8211; 16-17 mars 2020"}]},{"@type":"WebSite","@id":"https:\/\/www.eenewseurope.com\/en\/#website","url":"https:\/\/www.eenewseurope.com\/en\/","name":"EENewsEurope","description":"Just another WordPress site","publisher":{"@id":"https:\/\/www.eenewseurope.com\/en\/#organization"},"potentialAction":[{"@type":"SearchAction","target":{"@type":"EntryPoint","urlTemplate":"https:\/\/www.eenewseurope.com\/en\/?s={search_term_string}"},"query-input":"required name=search_term_string"}],"inLanguage":"fr-FR"},{"@type":"Organization","@id":"https:\/\/www.eenewseurope.com\/en\/#organization","name":"EENewsEurope","url":"https:\/\/www.eenewseurope.com\/en\/","logo":{"@type":"ImageObject","inLanguage":"fr-FR","@id":"https:\/\/www.eenewseurope.com\/en\/#\/schema\/logo\/image\/","url":"https:\/\/www.ecinews.fr\/wp-content\/uploads\/2022\/02\/logo-1.jpg","contentUrl":"https:\/\/www.ecinews.fr\/wp-content\/uploads\/2022\/02\/logo-1.jpg","width":283,"height":113,"caption":"EENewsEurope"},"image":{"@id":"https:\/\/www.eenewseurope.com\/en\/#\/schema\/logo\/image\/"}},{"@type":"Person","@id":"https:\/\/www.eenewseurope.com\/en\/#\/schema\/person\/9eff4051fa9dac8230052de45e32b0f4","name":"eeNews Europe","image":{"@type":"ImageObject","inLanguage":"fr-FR","@id":"https:\/\/www.eenewseurope.com\/en\/#\/schema\/person\/image\/fae8f0cb15861c4ae0ed4872e2c9fc22","url":"https:\/\/secure.gravatar.com\/avatar\/5081509054e28b04ecd976976e723ce0?s=96&d=mm&r=g","contentUrl":"https:\/\/secure.gravatar.com\/avatar\/5081509054e28b04ecd976976e723ce0?s=96&d=mm&r=g","caption":"eeNews Europe"}}]}},"authors":[{"term_id":1149,"user_id":22,"is_guest":0,"slug":"eenews-europe","display_name":"eeNews Europe","avatar_url":"https:\/\/secure.gravatar.com\/avatar\/5081509054e28b04ecd976976e723ce0?s=96&d=mm&r=g","0":null,"1":"","2":"","3":"","4":"","5":"","6":"","7":"","8":""}],"_links":{"self":[{"href":"https:\/\/www.ecinews.fr\/fr\/wp-json\/wp\/v2\/posts\/62290"}],"collection":[{"href":"https:\/\/www.ecinews.fr\/fr\/wp-json\/wp\/v2\/posts"}],"about":[{"href":"https:\/\/www.ecinews.fr\/fr\/wp-json\/wp\/v2\/types\/post"}],"author":[{"embeddable":true,"href":"https:\/\/www.ecinews.fr\/fr\/wp-json\/wp\/v2\/users\/22"}],"replies":[{"embeddable":true,"href":"https:\/\/www.ecinews.fr\/fr\/wp-json\/wp\/v2\/comments?post=62290"}],"version-history":[{"count":0,"href":"https:\/\/www.ecinews.fr\/fr\/wp-json\/wp\/v2\/posts\/62290\/revisions"}],"wp:featuredmedia":[{"embeddable":true,"href":"https:\/\/www.ecinews.fr\/fr\/wp-json\/wp\/v2\/media\/62291"}],"wp:attachment":[{"href":"https:\/\/www.ecinews.fr\/fr\/wp-json\/wp\/v2\/media?parent=62290"}],"wp:term":[{"taxonomy":"category","embeddable":true,"href":"https:\/\/www.ecinews.fr\/fr\/wp-json\/wp\/v2\/categories?post=62290"},{"taxonomy":"post_tag","embeddable":true,"href":"https:\/\/www.ecinews.fr\/fr\/wp-json\/wp\/v2\/tags?post=62290"},{"taxonomy":"domains","embeddable":true,"href":"https:\/\/www.ecinews.fr\/fr\/wp-json\/wp\/v2\/domains?post=62290"},{"taxonomy":"author","embeddable":true,"href":"https:\/\/www.ecinews.fr\/fr\/wp-json\/wp\/v2\/ppma_author?post=62290"}],"curies":[{"name":"wp","href":"https:\/\/api.w.org\/{rel}","templated":true}]}}