{"id":6165,"date":"2021-08-11T14:36:03","date_gmt":"2021-08-11T14:36:03","guid":{"rendered":"https:\/\/\/le-marche-global-des-semiconducteurs-a-augmente-de-29-au-t2\/"},"modified":"2021-08-11T14:36:03","modified_gmt":"2021-08-11T14:36:03","slug":"le-marche-global-des-semiconducteurs-a-augmente-de-29-au-t2","status":"publish","type":"post","link":"https:\/\/www.ecinews.fr\/fr\/le-marche-global-des-semiconducteurs-a-augmente-de-29-au-t2\/","title":{"rendered":"Le march\u00e9 global des semiconducteurs a augment\u00e9 de 29% au T2"},"content":{"rendered":"<p>&nbsp;<\/p>\n<p>Comme la SIA rapporte des chiffres moyens sur trois mois, il s&rsquo;agit de chiffres proxi pour le deuxi\u00e8me trimestre de 2021. La croissance du march\u00e9 a augment\u00e9 au fur et \u00e0 mesure en 2021 gr\u00e2ce \u00e0 une comparaison flateuse avec 2020, alors que le march\u00e9 a plong\u00e9 au 1S20 en r\u00e9ponse \u00e0 la pand\u00e9mie de Covid-19.<\/p>\n<p>Toutes les r\u00e9gions du monde suivies par World Semiconductor Trade Statistics et rapport\u00e9es par SIA ont enregistr\u00e9 une croissance annuelle sup\u00e9rieure \u00e0 20 % en moyenne, l&rsquo;Europe atteignant une croissance de 43,2 % en glissement annuel. Quelques mois seulement auparavant, l&rsquo;Europe \u00e9tait la r\u00e9gion dont la croissance \u00e9tait la plus lente.<\/p>\n<p>Cette croissance europ\u00e9enne extr\u00eame refl\u00e8te qu&rsquo;elle a particuli\u00e8rement souffert au 2T20 avec la fermeture d&rsquo;un certain nombre d&rsquo;usines automobiles et industrielles en raison des r\u00e9ponses soci\u00e9tales \u00e0 la pand\u00e9mie de Covid-19. D&rsquo;autres r\u00e9gions ont \u00e9galement r\u00e9pondu mais \u00e0 des moments l\u00e9g\u00e8rement diff\u00e9rents et \u00e0 des degr\u00e9s plus ou moins importants, de sorte que la derni\u00e8re s\u00e9rie de chiffres refl\u00e8te une situation dynamique mais avec une forte croissance sous-jacente.<\/p>\n<p>Le march\u00e9 moyen des puces en Europe en juin a augment\u00e9 de 43,2 % en croissance par rapport \u00e0 31,2 % en moyenne en mai et 20,1 % en avril. Les ventes de puces en Europe au 1T21 ont augment\u00e9 de 8,7% par rapport \u00e0 l&rsquo;ann\u00e9e pr\u00e9c\u00e9dente. Le march\u00e9 chinois des puces \u00e9tait en hausse de 28,3% en glissement annuel en juin, la r\u00e9gion Asie-Pacifique hors Chine \u00e0 34%.<\/p>\n<p>&nbsp;<\/p>\n<p><img decoding=\"async\" alt=\"\" height=\"604\" data-src=\"https:\/\/eenews.cdnartwhere.eu\/sites\/default\/files\/images\/01-picture-library\/PeterClarke\/2021\/08\/siatable575.jpg\" width=\"530\" src=\"data:image\/svg+xml;base64,PHN2ZyB3aWR0aD0iMSIgaGVpZ2h0PSIxIiB4bWxucz0iaHR0cDovL3d3dy53My5vcmcvMjAwMC9zdmciPjwvc3ZnPg==\" class=\"lazyload\" style=\"--smush-placeholder-width: 530px; --smush-placeholder-aspect-ratio: 530\/604;\" \/><\/p>\n<p>&nbsp;<\/p>\n<p><em><strong>Moyenne sur trois mois des ventes de puces par zone g\u00e9ographique pour juin et mai 2021. Source : SIA\/WSTS. <\/strong><\/em><\/p>\n<p>\u00ab Les ventes de semi-conducteurs au deuxi\u00e8me trimestre ont consid\u00e9rablement augment\u00e9 par rapport au deuxi\u00e8me trimestre de l&rsquo;ann\u00e9e derni\u00e8re, augmentant dans toutes les principales cat\u00e9gories de produits et sur tous les principaux march\u00e9s r\u00e9gionaux \u00bb, a d\u00e9clar\u00e9 John Neuffer, PDG de la SIA, dans un communiqu\u00e9. \u00ab&nbsp;La demande de semiconducteurs devrait continuer \u00e0 augmenter consid\u00e9rablement \u00e0 long terme, alors que le monde utilise de plus en plus des puce pour devenir plus intelligent, plus \u00e9cologique, plus productif et mieux connect\u00e9. Nous exhortons les dirigeants de Washington \u00e0 promulguer un financement pour le CHIPS for America Act afin que l&rsquo;Am\u00e9rique puisse capter une plus grande part de l&rsquo;augmentation de la production et de l&rsquo;innovation de semiconducteurs dans les ann\u00e9es \u00e0 venir.\u00a0\u00bb<\/p>\n<p>Les donn\u00e9es mensuelles sont fournies par la SIA sous la forme d&rsquo;une moyenne sur trois mois, bien que la source des donn\u00e9es, World Semiconductor Trade Statistics, suive les donn\u00e9es mensuelles r\u00e9elles. La SIA et d&rsquo;autres organismes r\u00e9gionaux de l&rsquo;industrie des semiconducteurs choisissent d&rsquo;utiliser des donn\u00e9es moyennes car elles lissent les donn\u00e9es r\u00e9elles qui montrent g\u00e9n\u00e9ralement des creux au d\u00e9but des trimestres et des pics \u00e0 la fin des trimestres.<\/p>\n<p><strong>Lire aussi:<\/strong><\/p>\n<p><a href=\"https:\/\/www.ecinews.fr\/news\/le-marche-des-semiconducteurs-va-depasser-les-500-milliards-us-en-2021\">Le march\u00e9 des semiconducteurs va d\u00e9passer les 500 milliards US$ en 2021<\/a><\/p>\n<p><strong>Related links and articles: <\/strong><\/p>\n<p><a href=\"https:\/\/www.semiconductors.org\/\">www.semiconductors.org<\/a><\/p>\n<p><a href=\"https:\/\/www.eusemiconductors.eu\/\">www.eusemiconductors.eu<\/a><\/p>\n<p><strong>News articles:<\/strong><\/p>\n<p><a href=\"https:\/\/www.eenewsanalog.com\/news\/after-pandemic-perturbation-comes-extreme-chip-market-growth\">After pandemic perturbation comes extreme chip market growth<\/a><\/p>\n<p><a href=\"https:\/\/www.eenewsanalog.com\/news\/pandemic-comparison-makes-chip-market-look-strong\">Pandemic comparison makes chip market look strong<\/a><\/p>\n<p><a href=\"https:\/\/www.eenewsanalog.com\/news\/wsts-recasts-2021-20-growth-year-chip-market\">WSTS recasts 2021 as 20% growth year for chip market <\/a><\/p>\n<p><a href=\"https:\/\/www.eenewsanalog.com\/news\/china-asia-chip-markets-gain-strength\">China, Asia chip markets gain strength <\/a><\/p>\n<p><a href=\"https:\/\/www.eenewsanalog.com\/news\/chinas-chip-market-booms-global-sales-strength-continues\">China&rsquo;s chip market booms as global sales strength continues <\/a><\/p>\n","protected":false},"excerpt":{"rendered":"<p>Le march\u00e9 mondial des semiconducteurs a continu\u00e9 de surchauffer en juin avec une croissance annuelle de 29,2 % selon la Semiconductor Industry Association, qui publie des chiffres collect\u00e9s par World Semiconductor Trade Statistics (WSTS). <\/p>\n","protected":false},"author":7,"featured_media":6166,"comment_status":"open","ping_status":"closed","sticky":false,"template":"","format":"standard","meta":{"_acf_changed":false,"footnotes":""},"categories":[880],"tags":[889,920,893,891,909,894,912,895,896,897,898,899,900,901,902,903,919,892,913,904,905,906,907,908,890,916,910,917,911,914,915],"domains":[47],"ppma_author":[1139],"class_list":["post-6165","post","type-post","status-publish","format-standard","has-post-thumbnail","hentry","category-actualites-economiques","tag-analog-fr","tag-artificialintelligence-fr","tag-authentication-encryption-fr","tag-automotive-fr","tag-batteries-power-supplies-fr","tag-boards-embedded-cards-fr","tag-dataacquisition-fr","tag-developmentkits-fr","tag-digitalsignalprocessing-fr","tag-displays-interfaces-fr","tag-distributors-fr","tag-eda-cad-tools-fr","tag-electromechanical-fr","tag-energyharvesting-fr","tag-flexibleelectronics-fr","tag-interconnect-cables-fr","tag-iot-fr","tag-ledlighting-fr","tag-materials-processes-fr","tag-medicalelectronics-fr","tag-memory-data-storage-fr","tag-mpus-mcus-fr","tag-optoelectronics-fr","tag-plds-fpgas-asics-fr","tag-powermanagement-fr","tag-rf-transmission-fr","tag-sensing-conditioning-fr","tag-software-embedded-tools-fr","tag-testandmeasurement-fr","tag-wearables-fr","tag-wireless-communications-fr","domains-electronique-eci"],"acf":[],"yoast_head":"<title>Le march\u00e9 global des semiconducteurs a augment\u00e9 de 29% au T2 ...<\/title>\n<meta name=\"description\" content=\"Le march\u00e9 mondial des semiconducteurs a continu\u00e9 de surchauffer en juin avec une croissance annuelle de 29,2 % selon la Semiconductor Industry Association,...\" \/>\n<meta name=\"robots\" content=\"index, follow, max-snippet:-1, max-image-preview:large, max-video-preview:-1\" \/>\n<link rel=\"canonical\" href=\"https:\/\/www.ecinews.fr\/fr\/wp-json\/wp\/v2\/posts\/6165\/\" \/>\n<meta property=\"og:locale\" content=\"fr_FR\" \/>\n<meta property=\"og:type\" content=\"article\" \/>\n<meta property=\"og:title\" content=\"Le march\u00e9 global des semiconducteurs a augment\u00e9 de 29% au T2\" \/>\n<meta property=\"og:description\" content=\"Le march\u00e9 mondial des semiconducteurs a continu\u00e9 de surchauffer en juin avec une croissance annuelle de 29,2 % selon la Semiconductor Industry Association, qui publie des chiffres collect\u00e9s par World Semiconductor Trade Statistics (WSTS).\" \/>\n<meta property=\"og:url\" content=\"https:\/\/www.ecinews.fr\/fr\/wp-json\/wp\/v2\/posts\/6165\/\" \/>\n<meta property=\"og:site_name\" content=\"EENewsEurope\" \/>\n<meta property=\"article:published_time\" content=\"2021-08-11T14:36:03+00:00\" \/>\n<meta property=\"og:image\" content=\"https:\/\/www.eenewseurope.com\/wp-content\/uploads\/import\/default\/files\/images\/01-picture-library\/PeterClarke\/Business\/crystalball700.jpg\" \/>\n\t<meta property=\"og:image:width\" content=\"700\" \/>\n\t<meta property=\"og:image:height\" content=\"367\" \/>\n\t<meta property=\"og:image:type\" content=\"image\/jpeg\" \/>\n<meta name=\"author\" content=\"Wisse Hettinga\" \/>\n<meta name=\"twitter:card\" content=\"summary_large_image\" \/>\n<meta name=\"twitter:label1\" content=\"Written by\" \/>\n\t<meta name=\"twitter:data1\" content=\"Wisse Hettinga\" \/>\n\t<meta name=\"twitter:label2\" content=\"Est. reading time\" \/>\n\t<meta name=\"twitter:data2\" content=\"3 minutes\" \/>\n<script type=\"application\/ld+json\" class=\"yoast-schema-graph\">{\"@context\":\"https:\/\/schema.org\",\"@graph\":[{\"@type\":\"Article\",\"@id\":\"https:\/\/www.eenewseurope.com\/fr\/le-marche-global-des-semiconducteurs-a-augmente-de-29-au-t2\/#article\",\"isPartOf\":{\"@id\":\"https:\/\/www.eenewseurope.com\/fr\/le-marche-global-des-semiconducteurs-a-augmente-de-29-au-t2\/\"},\"author\":{\"name\":\"Wisse Hettinga\",\"@id\":\"https:\/\/www.eenewseurope.com\/en\/#\/schema\/person\/c6b626c6c65f5e1e7794ce2d17b2ca82\"},\"headline\":\"Le march\u00e9 global des semiconducteurs a augment\u00e9 de 29% au T2\",\"datePublished\":\"2021-08-11T14:36:03+00:00\",\"dateModified\":\"2021-08-11T14:36:03+00:00\",\"mainEntityOfPage\":{\"@id\":\"https:\/\/www.eenewseurope.com\/fr\/le-marche-global-des-semiconducteurs-a-augmente-de-29-au-t2\/\"},\"wordCount\":564,\"commentCount\":0,\"publisher\":{\"@id\":\"https:\/\/www.eenewseurope.com\/en\/#organization\"},\"keywords\":[\"Analog\",\"ArtificialIntelligence\",\"Authentication &amp; Encryption\",\"Automotive\",\"Batteries \/ Power Supplies\",\"Boards &amp; Embedded Cards\",\"DataAcquisition\",\"DevelopmentKits\",\"DigitalSignalProcessing\",\"Displays &amp; Interfaces\",\"Distributors\",\"EDA &amp; CAD tools\",\"Electromechanical\",\"EnergyHarvesting\",\"FlexibleElectronics\",\"Interconnect &amp; cables\",\"IoT\",\"LEDlighting\",\"Materials &amp; processes\",\"MedicalElectronics\",\"Memory &amp; Data Storage\",\"MPUs\/MCUs\",\"Optoelectronics\",\"PLDs\/FPGAs\/ASICs\",\"PowerManagement\",\"RF transmission\",\"Sensing \/ Conditioning\",\"Software &amp; Embedded tools\",\"TestandMeasurement\",\"Wearables\",\"Wireless Communications\"],\"articleSection\":[\"Actualit\u00e9s \u00e9conomiques\"],\"inLanguage\":\"fr-FR\",\"potentialAction\":[{\"@type\":\"CommentAction\",\"name\":\"Comment\",\"target\":[\"https:\/\/www.eenewseurope.com\/fr\/le-marche-global-des-semiconducteurs-a-augmente-de-29-au-t2\/#respond\"]}]},{\"@type\":\"WebPage\",\"@id\":\"https:\/\/www.eenewseurope.com\/fr\/le-marche-global-des-semiconducteurs-a-augmente-de-29-au-t2\/\",\"url\":\"https:\/\/www.eenewseurope.com\/fr\/le-marche-global-des-semiconducteurs-a-augmente-de-29-au-t2\/\",\"name\":\"Le march\u00e9 global des semiconducteurs a augment\u00e9 de 29% au T2 -\",\"isPartOf\":{\"@id\":\"https:\/\/www.eenewseurope.com\/en\/#website\"},\"datePublished\":\"2021-08-11T14:36:03+00:00\",\"dateModified\":\"2021-08-11T14:36:03+00:00\",\"breadcrumb\":{\"@id\":\"https:\/\/www.eenewseurope.com\/fr\/le-marche-global-des-semiconducteurs-a-augmente-de-29-au-t2\/#breadcrumb\"},\"inLanguage\":\"fr-FR\",\"potentialAction\":[{\"@type\":\"ReadAction\",\"target\":[\"https:\/\/www.eenewseurope.com\/fr\/le-marche-global-des-semiconducteurs-a-augmente-de-29-au-t2\/\"]}]},{\"@type\":\"BreadcrumbList\",\"@id\":\"https:\/\/www.eenewseurope.com\/fr\/le-marche-global-des-semiconducteurs-a-augmente-de-29-au-t2\/#breadcrumb\",\"itemListElement\":[{\"@type\":\"ListItem\",\"position\":1,\"name\":\"Home\",\"item\":\"https:\/\/www.ecinews.fr\/fr\/\"},{\"@type\":\"ListItem\",\"position\":2,\"name\":\"Le march\u00e9 global des semiconducteurs a augment\u00e9 de 29% au T2\"}]},{\"@type\":\"WebSite\",\"@id\":\"https:\/\/www.eenewseurope.com\/en\/#website\",\"url\":\"https:\/\/www.eenewseurope.com\/en\/\",\"name\":\"EENewsEurope\",\"description\":\"Just another WordPress site\",\"publisher\":{\"@id\":\"https:\/\/www.eenewseurope.com\/en\/#organization\"},\"potentialAction\":[{\"@type\":\"SearchAction\",\"target\":{\"@type\":\"EntryPoint\",\"urlTemplate\":\"https:\/\/www.eenewseurope.com\/en\/?s={search_term_string}\"},\"query-input\":\"required name=search_term_string\"}],\"inLanguage\":\"fr-FR\"},{\"@type\":\"Organization\",\"@id\":\"https:\/\/www.eenewseurope.com\/en\/#organization\",\"name\":\"EENewsEurope\",\"url\":\"https:\/\/www.eenewseurope.com\/en\/\",\"logo\":{\"@type\":\"ImageObject\",\"inLanguage\":\"fr-FR\",\"@id\":\"https:\/\/www.eenewseurope.com\/en\/#\/schema\/logo\/image\/\",\"url\":\"https:\/\/www.ecinews.fr\/wp-content\/uploads\/2022\/02\/logo-1.jpg\",\"contentUrl\":\"https:\/\/www.ecinews.fr\/wp-content\/uploads\/2022\/02\/logo-1.jpg\",\"width\":283,\"height\":113,\"caption\":\"EENewsEurope\"},\"image\":{\"@id\":\"https:\/\/www.eenewseurope.com\/en\/#\/schema\/logo\/image\/\"}},{\"@type\":\"Person\",\"@id\":\"https:\/\/www.eenewseurope.com\/en\/#\/schema\/person\/c6b626c6c65f5e1e7794ce2d17b2ca82\",\"name\":\"Wisse Hettinga\",\"image\":{\"@type\":\"ImageObject\",\"inLanguage\":\"fr-FR\",\"@id\":\"https:\/\/www.eenewseurope.com\/en\/#\/schema\/person\/image\/5dc5f564ca306d7cb8b22735be49a465\",\"url\":\"https:\/\/secure.gravatar.com\/avatar\/24a36fe68de56eac2a45cbaf9aa4bb58?s=96&d=mm&r=g\",\"contentUrl\":\"https:\/\/secure.gravatar.com\/avatar\/24a36fe68de56eac2a45cbaf9aa4bb58?s=96&d=mm&r=g\",\"caption\":\"Wisse Hettinga\"}}]}<\/script>","yoast_head_json":{"title":"Le march\u00e9 global des semiconducteurs a augment\u00e9 de 29% au T2 ...","description":"Le march\u00e9 mondial des semiconducteurs a continu\u00e9 de surchauffer en juin avec une croissance annuelle de 29,2 % selon la Semiconductor Industry Association,...","robots":{"index":"index","follow":"follow","max-snippet":"max-snippet:-1","max-image-preview":"max-image-preview:large","max-video-preview":"max-video-preview:-1"},"canonical":"https:\/\/www.ecinews.fr\/fr\/wp-json\/wp\/v2\/posts\/6165\/","og_locale":"fr_FR","og_type":"article","og_title":"Le march\u00e9 global des semiconducteurs a augment\u00e9 de 29% au T2","og_description":"Le march\u00e9 mondial des semiconducteurs a continu\u00e9 de surchauffer en juin avec une croissance annuelle de 29,2 % selon la Semiconductor Industry Association, qui publie des chiffres collect\u00e9s par World Semiconductor Trade Statistics (WSTS).","og_url":"https:\/\/www.ecinews.fr\/fr\/wp-json\/wp\/v2\/posts\/6165\/","og_site_name":"EENewsEurope","article_published_time":"2021-08-11T14:36:03+00:00","og_image":[{"width":700,"height":367,"url":"https:\/\/www.eenewseurope.com\/wp-content\/uploads\/import\/default\/files\/images\/01-picture-library\/PeterClarke\/Business\/crystalball700.jpg","type":"image\/jpeg"}],"author":"Wisse Hettinga","twitter_card":"summary_large_image","twitter_misc":{"Written by":"Wisse Hettinga","Est. reading time":"3 minutes"},"schema":{"@context":"https:\/\/schema.org","@graph":[{"@type":"Article","@id":"https:\/\/www.eenewseurope.com\/fr\/le-marche-global-des-semiconducteurs-a-augmente-de-29-au-t2\/#article","isPartOf":{"@id":"https:\/\/www.eenewseurope.com\/fr\/le-marche-global-des-semiconducteurs-a-augmente-de-29-au-t2\/"},"author":{"name":"Wisse Hettinga","@id":"https:\/\/www.eenewseurope.com\/en\/#\/schema\/person\/c6b626c6c65f5e1e7794ce2d17b2ca82"},"headline":"Le march\u00e9 global des semiconducteurs a augment\u00e9 de 29% au T2","datePublished":"2021-08-11T14:36:03+00:00","dateModified":"2021-08-11T14:36:03+00:00","mainEntityOfPage":{"@id":"https:\/\/www.eenewseurope.com\/fr\/le-marche-global-des-semiconducteurs-a-augmente-de-29-au-t2\/"},"wordCount":564,"commentCount":0,"publisher":{"@id":"https:\/\/www.eenewseurope.com\/en\/#organization"},"keywords":["Analog","ArtificialIntelligence","Authentication &amp; Encryption","Automotive","Batteries \/ Power Supplies","Boards &amp; Embedded Cards","DataAcquisition","DevelopmentKits","DigitalSignalProcessing","Displays &amp; Interfaces","Distributors","EDA &amp; CAD tools","Electromechanical","EnergyHarvesting","FlexibleElectronics","Interconnect &amp; cables","IoT","LEDlighting","Materials &amp; processes","MedicalElectronics","Memory &amp; Data Storage","MPUs\/MCUs","Optoelectronics","PLDs\/FPGAs\/ASICs","PowerManagement","RF transmission","Sensing \/ Conditioning","Software &amp; Embedded tools","TestandMeasurement","Wearables","Wireless Communications"],"articleSection":["Actualit\u00e9s \u00e9conomiques"],"inLanguage":"fr-FR","potentialAction":[{"@type":"CommentAction","name":"Comment","target":["https:\/\/www.eenewseurope.com\/fr\/le-marche-global-des-semiconducteurs-a-augmente-de-29-au-t2\/#respond"]}]},{"@type":"WebPage","@id":"https:\/\/www.eenewseurope.com\/fr\/le-marche-global-des-semiconducteurs-a-augmente-de-29-au-t2\/","url":"https:\/\/www.eenewseurope.com\/fr\/le-marche-global-des-semiconducteurs-a-augmente-de-29-au-t2\/","name":"Le march\u00e9 global des semiconducteurs a augment\u00e9 de 29% au T2 -","isPartOf":{"@id":"https:\/\/www.eenewseurope.com\/en\/#website"},"datePublished":"2021-08-11T14:36:03+00:00","dateModified":"2021-08-11T14:36:03+00:00","breadcrumb":{"@id":"https:\/\/www.eenewseurope.com\/fr\/le-marche-global-des-semiconducteurs-a-augmente-de-29-au-t2\/#breadcrumb"},"inLanguage":"fr-FR","potentialAction":[{"@type":"ReadAction","target":["https:\/\/www.eenewseurope.com\/fr\/le-marche-global-des-semiconducteurs-a-augmente-de-29-au-t2\/"]}]},{"@type":"BreadcrumbList","@id":"https:\/\/www.eenewseurope.com\/fr\/le-marche-global-des-semiconducteurs-a-augmente-de-29-au-t2\/#breadcrumb","itemListElement":[{"@type":"ListItem","position":1,"name":"Home","item":"https:\/\/www.ecinews.fr\/fr\/"},{"@type":"ListItem","position":2,"name":"Le march\u00e9 global des semiconducteurs a augment\u00e9 de 29% au T2"}]},{"@type":"WebSite","@id":"https:\/\/www.eenewseurope.com\/en\/#website","url":"https:\/\/www.eenewseurope.com\/en\/","name":"EENewsEurope","description":"Just another WordPress site","publisher":{"@id":"https:\/\/www.eenewseurope.com\/en\/#organization"},"potentialAction":[{"@type":"SearchAction","target":{"@type":"EntryPoint","urlTemplate":"https:\/\/www.eenewseurope.com\/en\/?s={search_term_string}"},"query-input":"required name=search_term_string"}],"inLanguage":"fr-FR"},{"@type":"Organization","@id":"https:\/\/www.eenewseurope.com\/en\/#organization","name":"EENewsEurope","url":"https:\/\/www.eenewseurope.com\/en\/","logo":{"@type":"ImageObject","inLanguage":"fr-FR","@id":"https:\/\/www.eenewseurope.com\/en\/#\/schema\/logo\/image\/","url":"https:\/\/www.ecinews.fr\/wp-content\/uploads\/2022\/02\/logo-1.jpg","contentUrl":"https:\/\/www.ecinews.fr\/wp-content\/uploads\/2022\/02\/logo-1.jpg","width":283,"height":113,"caption":"EENewsEurope"},"image":{"@id":"https:\/\/www.eenewseurope.com\/en\/#\/schema\/logo\/image\/"}},{"@type":"Person","@id":"https:\/\/www.eenewseurope.com\/en\/#\/schema\/person\/c6b626c6c65f5e1e7794ce2d17b2ca82","name":"Wisse Hettinga","image":{"@type":"ImageObject","inLanguage":"fr-FR","@id":"https:\/\/www.eenewseurope.com\/en\/#\/schema\/person\/image\/5dc5f564ca306d7cb8b22735be49a465","url":"https:\/\/secure.gravatar.com\/avatar\/24a36fe68de56eac2a45cbaf9aa4bb58?s=96&d=mm&r=g","contentUrl":"https:\/\/secure.gravatar.com\/avatar\/24a36fe68de56eac2a45cbaf9aa4bb58?s=96&d=mm&r=g","caption":"Wisse Hettinga"}}]}},"authors":[{"term_id":1139,"user_id":7,"is_guest":0,"slug":"wisse-hettinga","display_name":"Wisse Hettinga","avatar_url":"https:\/\/secure.gravatar.com\/avatar\/24a36fe68de56eac2a45cbaf9aa4bb58?s=96&d=mm&r=g","0":null,"1":"","2":"","3":"","4":"","5":"","6":"","7":"","8":""}],"_links":{"self":[{"href":"https:\/\/www.ecinews.fr\/fr\/wp-json\/wp\/v2\/posts\/6165"}],"collection":[{"href":"https:\/\/www.ecinews.fr\/fr\/wp-json\/wp\/v2\/posts"}],"about":[{"href":"https:\/\/www.ecinews.fr\/fr\/wp-json\/wp\/v2\/types\/post"}],"author":[{"embeddable":true,"href":"https:\/\/www.ecinews.fr\/fr\/wp-json\/wp\/v2\/users\/7"}],"replies":[{"embeddable":true,"href":"https:\/\/www.ecinews.fr\/fr\/wp-json\/wp\/v2\/comments?post=6165"}],"version-history":[{"count":0,"href":"https:\/\/www.ecinews.fr\/fr\/wp-json\/wp\/v2\/posts\/6165\/revisions"}],"wp:featuredmedia":[{"embeddable":true,"href":"https:\/\/www.ecinews.fr\/fr\/wp-json\/wp\/v2\/media\/6166"}],"wp:attachment":[{"href":"https:\/\/www.ecinews.fr\/fr\/wp-json\/wp\/v2\/media?parent=6165"}],"wp:term":[{"taxonomy":"category","embeddable":true,"href":"https:\/\/www.ecinews.fr\/fr\/wp-json\/wp\/v2\/categories?post=6165"},{"taxonomy":"post_tag","embeddable":true,"href":"https:\/\/www.ecinews.fr\/fr\/wp-json\/wp\/v2\/tags?post=6165"},{"taxonomy":"domains","embeddable":true,"href":"https:\/\/www.ecinews.fr\/fr\/wp-json\/wp\/v2\/domains?post=6165"},{"taxonomy":"author","embeddable":true,"href":"https:\/\/www.ecinews.fr\/fr\/wp-json\/wp\/v2\/ppma_author?post=6165"}],"curies":[{"name":"wp","href":"https:\/\/api.w.org\/{rel}","templated":true}]}}