{"id":60343,"date":"2020-03-23T15:32:59","date_gmt":"2020-03-23T15:32:59","guid":{"rendered":"https:\/\/\/limpact-du-covid-19-sur-lelectronique-mondiale-en-2020\/"},"modified":"2020-03-23T15:32:59","modified_gmt":"2020-03-23T15:32:59","slug":"limpact-du-covid-19-sur-lelectronique-mondiale-en-2020","status":"publish","type":"post","link":"https:\/\/www.ecinews.fr\/fr\/limpact-du-covid-19-sur-lelectronique-mondiale-en-2020\/","title":{"rendered":"L&rsquo;impact du Covid-19 sur l&rsquo;\u00e9lectronique mondiale en 2020"},"content":{"rendered":"<p><span class=\"tlid-translation translation\" lang=\"fr\"><span title=\"\">Les analystes s&rsquo;attendaient \u00e0 ce que le march\u00e9 mondial des puces enregistre une croissance mod\u00e9r\u00e9e de moins de 10% sur un an en 2020 &#8211; jusqu&rsquo;\u00e0 ce que toutes les implications de la pand\u00e9mie Covid-19 se fassent jour.<\/span> <span title=\"\">Ces implications sont \u00e0 la fois humaines, en termes de pertes en vies humaines, mais aussi \u00e9conomiques en termes de r\u00e9cession mondiale probable et de perturbation des cha\u00eenes d&rsquo;approvisionnement des industries technologiques.<\/span><\/span><br \/>\n<span class=\"tlid-translation translation\" lang=\"fr\"><span title=\"\">IDC a tent\u00e9 d&rsquo;analyser une situation qui \u00e9volue encore rapidement et pr\u00e9voit maintenant une forte probabilit\u00e9 d&rsquo;une contraction des revenus mondiaux d&rsquo;une ann\u00e9e sur l&rsquo;autre de 3 \u00e0 6% en 2020. IDC donne \u00e0 ce sc\u00e9nario une probabilit\u00e9 de 54% indiquant qu&rsquo;<\/span><span title=\"\">une baisse plus importante est \u00e9galement possible, avec une probabilit\u00e9 d&rsquo;environ 25%.<\/span> <span title=\"\">Alternativement, une reprise rapide qui n&rsquo;est pas \u00e0 exclure pourrait encore faire de 2020 une ann\u00e9e de croissance.<\/span><\/span><\/p>\n<p>&nbsp;<\/p>\n<p><img decoding=\"async\" alt=\"\" height=\"260\" data-src=\"https:\/\/eenews.cdnartwhere.eu\/sites\/default\/files\/images\/01-picture-library\/PeterClarke\/2020\/03\/fourscenarios530.jpg\" width=\"530\" src=\"data:image\/svg+xml;base64,PHN2ZyB3aWR0aD0iMSIgaGVpZ2h0PSIxIiB4bWxucz0iaHR0cDovL3d3dy53My5vcmcvMjAwMC9zdmciPjwvc3ZnPg==\" class=\"lazyload\" style=\"--smush-placeholder-width: 530px; --smush-placeholder-aspect-ratio: 530\/260;\" \/><\/p>\n<p><span class=\"tlid-translation translation\" lang=\"fr\">Le rapport IDC consid\u00e8re quatre sc\u00e9narios bas\u00e9s sur diff\u00e9rentes hypoth\u00e8ses et la gravit\u00e9 de l&rsquo;impact sur l&rsquo;activit\u00e9 des fournisseurs de technologies.<\/span><\/p>\n<p><span class=\"tlid-translation translation\" lang=\"fr\">\u00ab\u00a0L&rsquo;\u00e9mergence de COVID-19 a entra\u00een\u00e9 des interdictions de voyager et des quarantaines; un ralentissement massif de la cha\u00eene d&rsquo;approvisionnement; des incertitudes sur le march\u00e9 boursier; une baisse de la confiance des entreprises et une panique croissante de la population\u00a0\u00bb, a d\u00e9clar\u00e9 Mario Morales, analyste sp\u00e9cialis\u00e9 dans les semi-conducteurs \u00e0 IDC. \u00ab\u00a0Les technologies \u00e9mergentes comme la 5G, l&rsquo;Internet des objets, l&rsquo;informatique hautes performances et la technologie \u00ab\u00a0edge\u00a0\u00bb intelligente seront fondamentales pour une reprise globale du secteur technologique.\u00a0\u00bb<\/span><\/p>\n<p><span class=\"tlid-translation translation\" lang=\"fr\">IDC estime maintenant qu&rsquo;il y a 80% de chances de contraction significative des revenus des semi-conducteurs en 2020 au lieu d&rsquo;une attendue de 2%. Mais cela laisse encore une chance de 20%, qu&rsquo;un fort rebond apr\u00e8s Covid-19 soit possible en 2020.<\/span><\/p>\n<p><span class=\"tlid-translation translation\" lang=\"fr\">Dans le sc\u00e9nario le plus probable d&rsquo;IDC, la cha\u00eene d&rsquo;approvisionnement commencera \u00e0 se redresser au 3T20 \u00e0 supposer que les quarantaines et interdictions de voyager soient lev\u00e9es. Le r\u00e9sultat sera une perte d&rsquo;environ 25,8 milliards de dollars de revenus sue le march\u00e9 des semiconducteurs. \u00c0 court terme, la disponibilit\u00e9 des composants sera moindre, mais la demande sera moindre aussi, a indiqu\u00e9 IDC.<\/span><\/p>\n<p><strong>lire aussi:<\/strong><\/p>\n<p><a href=\"https:\/\/www.electronique-eci.com\/news\/une-application-pour-contribuer-contenir-la-propagation-du-coronavirus\">Une application pour contribuer \u00e0 contenir la propagation du coronavirus<\/a><\/p>\n<p><a href=\"https:\/\/www.electronique-eci.com\/news\/stmicro-agrate-continue-de-produire-malgre-le-coronavirus\">STMicro Agrate continue de produire malgr\u00e9 le coronavirus<\/a><\/p>\n<p><a href=\"https:\/\/www.electronique-eci.com\/news\/le-coronavirus-affecte-lindustrie-electronique\">Le Coronavirus affecte l&rsquo;industrie \u00e9lectronique<\/a><\/p>\n<p><a href=\"https:\/\/www.electronique-eci.com\/news\/covid-19-fait-planer-une-ombre-sur-lelectronique-en-2020-mwc-annule\">Covid-19 fait planer une ombre sur l&rsquo;\u00e9lectronique en 2020 &#8211; MWC annul\u00e9<\/a><\/p>\n<p><strong>Related links and articles: <\/strong><\/p>\n<p><a href=\"http:\/\/www.idc.com\">www.idc.com<\/a><\/p>\n<p><strong>News articles:<\/strong><\/p>\n<p><a href=\"https:\/\/www.eenewsanalog.com\/news\/how-covid-19-will-hit-consumer-electronics\">How Covid-19 will hit consumer electronics <\/a><\/p>\n<p><a href=\"https:\/\/www.eenewsanalog.com\/news\/covid-19-likely-send-memory-prices-markets-down\">Covid-19 likely to send memory prices, markets down<\/a><\/p>\n<p><a href=\"https:\/\/www.eenewsanalog.com\/news\/despite-covid-19-foundries-business-boomed-february\">Despite Covid-19, foundries&rsquo; business boomed in February<\/a><\/p>\n<p><a href=\"https:\/\/www.eenewsanalog.com\/news\/nxp-analog-forecast-about-5-coronavirus-impact-quarterly-revenues\">NXP, Analog forecast about 5% coronavirus impact on quarterly revenues<\/a><\/p>\n<hr \/>\n","protected":false},"excerpt":{"rendered":"<p>La pand\u00e9mie de Covid-19 devrait faire de 2020 une nouvelle ann\u00e9e de d\u00e9clin du march\u00e9 des semi-conducteurs, selon une analyse d&rsquo;International Data Corp.<\/p>\n","protected":false},"author":22,"featured_media":60344,"comment_status":"closed","ping_status":"closed","sticky":false,"template":"","format":"standard","meta":{"_acf_changed":false,"footnotes":""},"categories":[880],"tags":[889,920,893,891,909,894,912,895,896,897,898,899,900,901,902,903,919,892,913,904,905,906,907,908,890,916,910,917,911,914,915],"domains":[47],"ppma_author":[1149],"class_list":["post-60343","post","type-post","status-publish","format-standard","has-post-thumbnail","hentry","category-actualites-economiques","tag-analog-fr","tag-artificialintelligence-fr","tag-authentication-encryption-fr","tag-automotive-fr","tag-batteries-power-supplies-fr","tag-boards-embedded-cards-fr","tag-dataacquisition-fr","tag-developmentkits-fr","tag-digitalsignalprocessing-fr","tag-displays-interfaces-fr","tag-distributors-fr","tag-eda-cad-tools-fr","tag-electromechanical-fr","tag-energyharvesting-fr","tag-flexibleelectronics-fr","tag-interconnect-cables-fr","tag-iot-fr","tag-ledlighting-fr","tag-materials-processes-fr","tag-medicalelectronics-fr","tag-memory-data-storage-fr","tag-mpus-mcus-fr","tag-optoelectronics-fr","tag-plds-fpgas-asics-fr","tag-powermanagement-fr","tag-rf-transmission-fr","tag-sensing-conditioning-fr","tag-software-embedded-tools-fr","tag-testandmeasurement-fr","tag-wearables-fr","tag-wireless-communications-fr","domains-electronique-eci"],"acf":[],"yoast_head":"<title>L&#039;impact du Covid-19 sur l&#039;\u00e9lectronique mondiale en 2020 ...<\/title>\n<meta name=\"description\" content=\"La pand\u00e9mie de Covid-19 devrait faire de 2020 une nouvelle ann\u00e9e de d\u00e9clin du march\u00e9 des semi-conducteurs, selon une analyse d&#039;International Data...\" \/>\n<meta name=\"robots\" content=\"index, follow, max-snippet:-1, max-image-preview:large, max-video-preview:-1\" \/>\n<link rel=\"canonical\" href=\"https:\/\/www.ecinews.fr\/fr\/wp-json\/wp\/v2\/posts\/60343\/\" \/>\n<meta property=\"og:locale\" content=\"fr_FR\" \/>\n<meta property=\"og:type\" content=\"article\" \/>\n<meta property=\"og:title\" content=\"L&#039;impact du Covid-19 sur l&#039;\u00e9lectronique mondiale en 2020\" \/>\n<meta property=\"og:description\" content=\"La pand\u00e9mie de Covid-19 devrait faire de 2020 une nouvelle ann\u00e9e de d\u00e9clin du march\u00e9 des semi-conducteurs, selon une analyse d&#039;International Data Corp.\" \/>\n<meta property=\"og:url\" content=\"https:\/\/www.ecinews.fr\/fr\/wp-json\/wp\/v2\/posts\/60343\/\" \/>\n<meta property=\"og:site_name\" content=\"EENewsEurope\" \/>\n<meta property=\"article:published_time\" content=\"2020-03-23T15:32:59+00:00\" \/>\n<meta property=\"og:image\" content=\"https:\/\/www.eenewseurope.com\/wp-content\/uploads\/import\/default\/files\/sites\/default\/files\/images\/coronavirus630_1.jpg\" \/>\n\t<meta property=\"og:image:width\" content=\"630\" \/>\n\t<meta property=\"og:image:height\" content=\"422\" \/>\n\t<meta property=\"og:image:type\" content=\"image\/jpeg\" \/>\n<meta name=\"author\" content=\"eeNews Europe\" \/>\n<meta name=\"twitter:card\" content=\"summary_large_image\" \/>\n<meta name=\"twitter:label1\" content=\"Written by\" \/>\n\t<meta name=\"twitter:data1\" content=\"eeNews Europe\" \/>\n\t<meta name=\"twitter:label2\" content=\"Est. reading time\" \/>\n\t<meta name=\"twitter:data2\" content=\"2 minutes\" \/>\n<script type=\"application\/ld+json\" class=\"yoast-schema-graph\">{\"@context\":\"https:\/\/schema.org\",\"@graph\":[{\"@type\":\"Article\",\"@id\":\"https:\/\/www.eenewseurope.com\/fr\/limpact-du-covid-19-sur-lelectronique-mondiale-en-2020\/#article\",\"isPartOf\":{\"@id\":\"https:\/\/www.eenewseurope.com\/fr\/limpact-du-covid-19-sur-lelectronique-mondiale-en-2020\/\"},\"author\":{\"name\":\"eeNews Europe\",\"@id\":\"https:\/\/www.eenewseurope.com\/en\/#\/schema\/person\/9eff4051fa9dac8230052de45e32b0f4\"},\"headline\":\"L&rsquo;impact du Covid-19 sur l&rsquo;\u00e9lectronique mondiale en 2020\",\"datePublished\":\"2020-03-23T15:32:59+00:00\",\"dateModified\":\"2020-03-23T15:32:59+00:00\",\"mainEntityOfPage\":{\"@id\":\"https:\/\/www.eenewseurope.com\/fr\/limpact-du-covid-19-sur-lelectronique-mondiale-en-2020\/\"},\"wordCount\":448,\"publisher\":{\"@id\":\"https:\/\/www.eenewseurope.com\/en\/#organization\"},\"keywords\":[\"Analog\",\"ArtificialIntelligence\",\"Authentication &amp; Encryption\",\"Automotive\",\"Batteries \/ Power Supplies\",\"Boards &amp; Embedded Cards\",\"DataAcquisition\",\"DevelopmentKits\",\"DigitalSignalProcessing\",\"Displays &amp; Interfaces\",\"Distributors\",\"EDA &amp; CAD tools\",\"Electromechanical\",\"EnergyHarvesting\",\"FlexibleElectronics\",\"Interconnect &amp; cables\",\"IoT\",\"LEDlighting\",\"Materials &amp; processes\",\"MedicalElectronics\",\"Memory &amp; Data Storage\",\"MPUs\/MCUs\",\"Optoelectronics\",\"PLDs\/FPGAs\/ASICs\",\"PowerManagement\",\"RF transmission\",\"Sensing \/ Conditioning\",\"Software &amp; Embedded tools\",\"TestandMeasurement\",\"Wearables\",\"Wireless Communications\"],\"articleSection\":[\"Actualit\u00e9s \u00e9conomiques\"],\"inLanguage\":\"fr-FR\"},{\"@type\":\"WebPage\",\"@id\":\"https:\/\/www.eenewseurope.com\/fr\/limpact-du-covid-19-sur-lelectronique-mondiale-en-2020\/\",\"url\":\"https:\/\/www.eenewseurope.com\/fr\/limpact-du-covid-19-sur-lelectronique-mondiale-en-2020\/\",\"name\":\"L'impact du Covid-19 sur l'\u00e9lectronique mondiale en 2020 -\",\"isPartOf\":{\"@id\":\"https:\/\/www.eenewseurope.com\/en\/#website\"},\"datePublished\":\"2020-03-23T15:32:59+00:00\",\"dateModified\":\"2020-03-23T15:32:59+00:00\",\"breadcrumb\":{\"@id\":\"https:\/\/www.eenewseurope.com\/fr\/limpact-du-covid-19-sur-lelectronique-mondiale-en-2020\/#breadcrumb\"},\"inLanguage\":\"fr-FR\",\"potentialAction\":[{\"@type\":\"ReadAction\",\"target\":[\"https:\/\/www.eenewseurope.com\/fr\/limpact-du-covid-19-sur-lelectronique-mondiale-en-2020\/\"]}]},{\"@type\":\"BreadcrumbList\",\"@id\":\"https:\/\/www.eenewseurope.com\/fr\/limpact-du-covid-19-sur-lelectronique-mondiale-en-2020\/#breadcrumb\",\"itemListElement\":[{\"@type\":\"ListItem\",\"position\":1,\"name\":\"Home\",\"item\":\"https:\/\/www.ecinews.fr\/fr\/\"},{\"@type\":\"ListItem\",\"position\":2,\"name\":\"L&rsquo;impact du Covid-19 sur l&rsquo;\u00e9lectronique mondiale en 2020\"}]},{\"@type\":\"WebSite\",\"@id\":\"https:\/\/www.eenewseurope.com\/en\/#website\",\"url\":\"https:\/\/www.eenewseurope.com\/en\/\",\"name\":\"EENewsEurope\",\"description\":\"Just another WordPress site\",\"publisher\":{\"@id\":\"https:\/\/www.eenewseurope.com\/en\/#organization\"},\"potentialAction\":[{\"@type\":\"SearchAction\",\"target\":{\"@type\":\"EntryPoint\",\"urlTemplate\":\"https:\/\/www.eenewseurope.com\/en\/?s={search_term_string}\"},\"query-input\":\"required name=search_term_string\"}],\"inLanguage\":\"fr-FR\"},{\"@type\":\"Organization\",\"@id\":\"https:\/\/www.eenewseurope.com\/en\/#organization\",\"name\":\"EENewsEurope\",\"url\":\"https:\/\/www.eenewseurope.com\/en\/\",\"logo\":{\"@type\":\"ImageObject\",\"inLanguage\":\"fr-FR\",\"@id\":\"https:\/\/www.eenewseurope.com\/en\/#\/schema\/logo\/image\/\",\"url\":\"https:\/\/www.ecinews.fr\/wp-content\/uploads\/2022\/02\/logo-1.jpg\",\"contentUrl\":\"https:\/\/www.ecinews.fr\/wp-content\/uploads\/2022\/02\/logo-1.jpg\",\"width\":283,\"height\":113,\"caption\":\"EENewsEurope\"},\"image\":{\"@id\":\"https:\/\/www.eenewseurope.com\/en\/#\/schema\/logo\/image\/\"}},{\"@type\":\"Person\",\"@id\":\"https:\/\/www.eenewseurope.com\/en\/#\/schema\/person\/9eff4051fa9dac8230052de45e32b0f4\",\"name\":\"eeNews Europe\",\"image\":{\"@type\":\"ImageObject\",\"inLanguage\":\"fr-FR\",\"@id\":\"https:\/\/www.eenewseurope.com\/en\/#\/schema\/person\/image\/fae8f0cb15861c4ae0ed4872e2c9fc22\",\"url\":\"https:\/\/secure.gravatar.com\/avatar\/5081509054e28b04ecd976976e723ce0?s=96&d=mm&r=g\",\"contentUrl\":\"https:\/\/secure.gravatar.com\/avatar\/5081509054e28b04ecd976976e723ce0?s=96&d=mm&r=g\",\"caption\":\"eeNews Europe\"}}]}<\/script>","yoast_head_json":{"title":"L'impact du Covid-19 sur l'\u00e9lectronique mondiale en 2020 ...","description":"La pand\u00e9mie de Covid-19 devrait faire de 2020 une nouvelle ann\u00e9e de d\u00e9clin du march\u00e9 des semi-conducteurs, selon une analyse d'International Data...","robots":{"index":"index","follow":"follow","max-snippet":"max-snippet:-1","max-image-preview":"max-image-preview:large","max-video-preview":"max-video-preview:-1"},"canonical":"https:\/\/www.ecinews.fr\/fr\/wp-json\/wp\/v2\/posts\/60343\/","og_locale":"fr_FR","og_type":"article","og_title":"L'impact du Covid-19 sur l'\u00e9lectronique mondiale en 2020","og_description":"La pand\u00e9mie de Covid-19 devrait faire de 2020 une nouvelle ann\u00e9e de d\u00e9clin du march\u00e9 des semi-conducteurs, selon une analyse d'International Data Corp.","og_url":"https:\/\/www.ecinews.fr\/fr\/wp-json\/wp\/v2\/posts\/60343\/","og_site_name":"EENewsEurope","article_published_time":"2020-03-23T15:32:59+00:00","og_image":[{"width":630,"height":422,"url":"https:\/\/www.eenewseurope.com\/wp-content\/uploads\/import\/default\/files\/sites\/default\/files\/images\/coronavirus630_1.jpg","type":"image\/jpeg"}],"author":"eeNews Europe","twitter_card":"summary_large_image","twitter_misc":{"Written by":"eeNews Europe","Est. reading time":"2 minutes"},"schema":{"@context":"https:\/\/schema.org","@graph":[{"@type":"Article","@id":"https:\/\/www.eenewseurope.com\/fr\/limpact-du-covid-19-sur-lelectronique-mondiale-en-2020\/#article","isPartOf":{"@id":"https:\/\/www.eenewseurope.com\/fr\/limpact-du-covid-19-sur-lelectronique-mondiale-en-2020\/"},"author":{"name":"eeNews Europe","@id":"https:\/\/www.eenewseurope.com\/en\/#\/schema\/person\/9eff4051fa9dac8230052de45e32b0f4"},"headline":"L&rsquo;impact du Covid-19 sur l&rsquo;\u00e9lectronique mondiale en 2020","datePublished":"2020-03-23T15:32:59+00:00","dateModified":"2020-03-23T15:32:59+00:00","mainEntityOfPage":{"@id":"https:\/\/www.eenewseurope.com\/fr\/limpact-du-covid-19-sur-lelectronique-mondiale-en-2020\/"},"wordCount":448,"publisher":{"@id":"https:\/\/www.eenewseurope.com\/en\/#organization"},"keywords":["Analog","ArtificialIntelligence","Authentication &amp; Encryption","Automotive","Batteries \/ Power Supplies","Boards &amp; Embedded Cards","DataAcquisition","DevelopmentKits","DigitalSignalProcessing","Displays &amp; Interfaces","Distributors","EDA &amp; CAD tools","Electromechanical","EnergyHarvesting","FlexibleElectronics","Interconnect &amp; cables","IoT","LEDlighting","Materials &amp; processes","MedicalElectronics","Memory &amp; Data Storage","MPUs\/MCUs","Optoelectronics","PLDs\/FPGAs\/ASICs","PowerManagement","RF transmission","Sensing \/ Conditioning","Software &amp; Embedded tools","TestandMeasurement","Wearables","Wireless Communications"],"articleSection":["Actualit\u00e9s \u00e9conomiques"],"inLanguage":"fr-FR"},{"@type":"WebPage","@id":"https:\/\/www.eenewseurope.com\/fr\/limpact-du-covid-19-sur-lelectronique-mondiale-en-2020\/","url":"https:\/\/www.eenewseurope.com\/fr\/limpact-du-covid-19-sur-lelectronique-mondiale-en-2020\/","name":"L'impact du Covid-19 sur l'\u00e9lectronique mondiale en 2020 -","isPartOf":{"@id":"https:\/\/www.eenewseurope.com\/en\/#website"},"datePublished":"2020-03-23T15:32:59+00:00","dateModified":"2020-03-23T15:32:59+00:00","breadcrumb":{"@id":"https:\/\/www.eenewseurope.com\/fr\/limpact-du-covid-19-sur-lelectronique-mondiale-en-2020\/#breadcrumb"},"inLanguage":"fr-FR","potentialAction":[{"@type":"ReadAction","target":["https:\/\/www.eenewseurope.com\/fr\/limpact-du-covid-19-sur-lelectronique-mondiale-en-2020\/"]}]},{"@type":"BreadcrumbList","@id":"https:\/\/www.eenewseurope.com\/fr\/limpact-du-covid-19-sur-lelectronique-mondiale-en-2020\/#breadcrumb","itemListElement":[{"@type":"ListItem","position":1,"name":"Home","item":"https:\/\/www.ecinews.fr\/fr\/"},{"@type":"ListItem","position":2,"name":"L&rsquo;impact du Covid-19 sur l&rsquo;\u00e9lectronique mondiale en 2020"}]},{"@type":"WebSite","@id":"https:\/\/www.eenewseurope.com\/en\/#website","url":"https:\/\/www.eenewseurope.com\/en\/","name":"EENewsEurope","description":"Just another WordPress site","publisher":{"@id":"https:\/\/www.eenewseurope.com\/en\/#organization"},"potentialAction":[{"@type":"SearchAction","target":{"@type":"EntryPoint","urlTemplate":"https:\/\/www.eenewseurope.com\/en\/?s={search_term_string}"},"query-input":"required name=search_term_string"}],"inLanguage":"fr-FR"},{"@type":"Organization","@id":"https:\/\/www.eenewseurope.com\/en\/#organization","name":"EENewsEurope","url":"https:\/\/www.eenewseurope.com\/en\/","logo":{"@type":"ImageObject","inLanguage":"fr-FR","@id":"https:\/\/www.eenewseurope.com\/en\/#\/schema\/logo\/image\/","url":"https:\/\/www.ecinews.fr\/wp-content\/uploads\/2022\/02\/logo-1.jpg","contentUrl":"https:\/\/www.ecinews.fr\/wp-content\/uploads\/2022\/02\/logo-1.jpg","width":283,"height":113,"caption":"EENewsEurope"},"image":{"@id":"https:\/\/www.eenewseurope.com\/en\/#\/schema\/logo\/image\/"}},{"@type":"Person","@id":"https:\/\/www.eenewseurope.com\/en\/#\/schema\/person\/9eff4051fa9dac8230052de45e32b0f4","name":"eeNews Europe","image":{"@type":"ImageObject","inLanguage":"fr-FR","@id":"https:\/\/www.eenewseurope.com\/en\/#\/schema\/person\/image\/fae8f0cb15861c4ae0ed4872e2c9fc22","url":"https:\/\/secure.gravatar.com\/avatar\/5081509054e28b04ecd976976e723ce0?s=96&d=mm&r=g","contentUrl":"https:\/\/secure.gravatar.com\/avatar\/5081509054e28b04ecd976976e723ce0?s=96&d=mm&r=g","caption":"eeNews Europe"}}]}},"authors":[{"term_id":1149,"user_id":22,"is_guest":0,"slug":"eenews-europe","display_name":"eeNews Europe","avatar_url":"https:\/\/secure.gravatar.com\/avatar\/5081509054e28b04ecd976976e723ce0?s=96&d=mm&r=g","0":null,"1":"","2":"","3":"","4":"","5":"","6":"","7":"","8":""}],"_links":{"self":[{"href":"https:\/\/www.ecinews.fr\/fr\/wp-json\/wp\/v2\/posts\/60343"}],"collection":[{"href":"https:\/\/www.ecinews.fr\/fr\/wp-json\/wp\/v2\/posts"}],"about":[{"href":"https:\/\/www.ecinews.fr\/fr\/wp-json\/wp\/v2\/types\/post"}],"author":[{"embeddable":true,"href":"https:\/\/www.ecinews.fr\/fr\/wp-json\/wp\/v2\/users\/22"}],"replies":[{"embeddable":true,"href":"https:\/\/www.ecinews.fr\/fr\/wp-json\/wp\/v2\/comments?post=60343"}],"version-history":[{"count":0,"href":"https:\/\/www.ecinews.fr\/fr\/wp-json\/wp\/v2\/posts\/60343\/revisions"}],"wp:featuredmedia":[{"embeddable":true,"href":"https:\/\/www.ecinews.fr\/fr\/wp-json\/wp\/v2\/media\/60344"}],"wp:attachment":[{"href":"https:\/\/www.ecinews.fr\/fr\/wp-json\/wp\/v2\/media?parent=60343"}],"wp:term":[{"taxonomy":"category","embeddable":true,"href":"https:\/\/www.ecinews.fr\/fr\/wp-json\/wp\/v2\/categories?post=60343"},{"taxonomy":"post_tag","embeddable":true,"href":"https:\/\/www.ecinews.fr\/fr\/wp-json\/wp\/v2\/tags?post=60343"},{"taxonomy":"domains","embeddable":true,"href":"https:\/\/www.ecinews.fr\/fr\/wp-json\/wp\/v2\/domains?post=60343"},{"taxonomy":"author","embeddable":true,"href":"https:\/\/www.ecinews.fr\/fr\/wp-json\/wp\/v2\/ppma_author?post=60343"}],"curies":[{"name":"wp","href":"https:\/\/api.w.org\/{rel}","templated":true}]}}