{"id":57649,"date":"2020-04-22T16:00:21","date_gmt":"2020-04-22T16:00:21","guid":{"rendered":"https:\/\/\/covid-19-un-collectif-de-makers-concoit-un-respirateur-simple-et-a-bas-cout\/"},"modified":"2020-04-22T16:00:21","modified_gmt":"2020-04-22T16:00:21","slug":"covid-19-un-collectif-de-makers-concoit-un-respirateur-simple-et-a-bas-cout","status":"publish","type":"post","link":"https:\/\/www.ecinews.fr\/fr\/covid-19-un-collectif-de-makers-concoit-un-respirateur-simple-et-a-bas-cout\/","title":{"rendered":"Covid 19: un collectif de \u00ab\u00a0makers\u00a0\u00bb con\u00e7oit un respirateur simple et \u00e0 bas co\u00fbt"},"content":{"rendered":"<p>Soutenu et financ\u00e9 par le CEA, mais aussi par des industriels, des PME et des centres hospitaliers, Makair est en attente de l&rsquo;autorisation de l&rsquo;ANSM pour lancer les essais cliniques et la production en volume, avec l&rsquo;appui de Renault et Seb, industriels capables de mettre en \u0153uvre des moyens de productions \u00e0 grande \u00e9chelle. Makair, est simple d&rsquo;utilisation, il s&rsquo;appuie sur l&rsquo;utilisation de composants standard pour la production et l&rsquo;utilisation le personnel hospitalier. L&rsquo;objectif de prix est de 1000 Euros.<\/p>\n<div style=\"text-align:center\">\n<figure class=\"image\"><a href=\"https:\/\/youtu.be\/1wCfoGEaPy0?t=15\"><img decoding=\"async\" alt=\"\" height=\"234\" data-src=\"https:\/\/eenews.cdnartwhere.eu\/sites\/default\/files\/images\/01-picture-library\/makair_video.jpg\" width=\"400\" src=\"data:image\/svg+xml;base64,PHN2ZyB3aWR0aD0iMSIgaGVpZ2h0PSIxIiB4bWxucz0iaHR0cDovL3d3dy53My5vcmcvMjAwMC9zdmciPjwvc3ZnPg==\" class=\"lazyload\" style=\"--smush-placeholder-width: 400px; --smush-placeholder-aspect-ratio: 400\/234;\" \/><\/a><figcaption>Quentin Adam, pr\u00e9sente le Makair<\/figcaption><\/figure>\n<\/div>\n<p>Efficacit\u00e9, ing\u00e9niosit\u00e9, r\u00e9activit\u00e9, b\u00e9n\u00e9volat, collaboration entre de multiples comp\u00e9tences associ\u00e9es \u00e0 la ma\u00eetrise des nouvelles technologies sont les cl\u00e9s de la r\u00e9ussite de ce projet.<\/p>\n<p><a href=\"https:\/\/makair.life\/\">https:\/\/makair.life\/<\/a><\/p>\n","protected":false},"excerpt":{"rendered":"<p>Cinq entrepreneurs de la r\u00e9gion de Nantes ont cr\u00e9\u00e9 un collectif de b\u00e9n\u00e9voles pour concevoir dans un d\u00e9lai de quelques semaines un respirateur artificiel facile \u00e0 utiliser aussi bien en milieu hospitalier ou en ambulatoire pour le transport de malades du Covid 19.<\/p>\n","protected":false},"author":11,"featured_media":57650,"comment_status":"closed","ping_status":"closed","sticky":false,"template":"","format":"standard","meta":{"_acf_changed":false,"footnotes":""},"categories":[883],"tags":[],"domains":[47],"ppma_author":[1143],"class_list":["post-57649","post","type-post","status-publish","format-standard","has-post-thumbnail","hentry","category-technologies","domains-electronique-eci"],"acf":[],"yoast_head":"<title>Covid 19: un collectif de &quot;makers&quot; con\u00e7oit un respirateur simp...<\/title>\n<meta name=\"description\" content=\"Cinq entrepreneurs de la r\u00e9gion de Nantes ont cr\u00e9\u00e9 un collectif de b\u00e9n\u00e9voles pour concevoir dans un d\u00e9lai de quelques semaines un respirateur...\" \/>\n<meta name=\"robots\" content=\"index, follow, max-snippet:-1, max-image-preview:large, max-video-preview:-1\" \/>\n<link rel=\"canonical\" href=\"https:\/\/www.ecinews.fr\/fr\/wp-json\/wp\/v2\/posts\/57649\/\" \/>\n<meta property=\"og:locale\" content=\"fr_FR\" \/>\n<meta property=\"og:type\" content=\"article\" \/>\n<meta property=\"og:title\" content=\"Covid 19: un collectif de &quot;makers&quot; con\u00e7oit un respirateur simple et \u00e0 bas co\u00fbt\" \/>\n<meta property=\"og:description\" content=\"Cinq entrepreneurs de la r\u00e9gion de Nantes ont cr\u00e9\u00e9 un collectif de b\u00e9n\u00e9voles pour concevoir dans un d\u00e9lai de quelques semaines un respirateur artificiel facile \u00e0 utiliser aussi bien en milieu hospitalier ou en ambulatoire pour le transport de malades du Covid 19.\" \/>\n<meta property=\"og:url\" content=\"https:\/\/www.ecinews.fr\/fr\/wp-json\/wp\/v2\/posts\/57649\/\" \/>\n<meta property=\"og:site_name\" content=\"EENewsEurope\" \/>\n<meta property=\"article:published_time\" content=\"2020-04-22T16:00:21+00:00\" \/>\n<meta property=\"og:image\" content=\"https:\/\/www.eenewseurope.com\/wp-content\/uploads\/import\/default\/files\/sites\/default\/files\/images\/makair.jpg\" \/>\n\t<meta property=\"og:image:width\" content=\"375\" \/>\n\t<meta property=\"og:image:height\" content=\"416\" \/>\n\t<meta property=\"og:image:type\" content=\"image\/jpeg\" \/>\n<meta name=\"author\" content=\"Daniel Cardon\" \/>\n<meta name=\"twitter:card\" content=\"summary_large_image\" \/>\n<meta name=\"twitter:label1\" content=\"Written by\" \/>\n\t<meta name=\"twitter:data1\" content=\"Daniel Cardon\" \/>\n\t<meta name=\"twitter:label2\" content=\"Est. reading time\" \/>\n\t<meta name=\"twitter:data2\" content=\"1 minute\" \/>\n<script type=\"application\/ld+json\" class=\"yoast-schema-graph\">{\"@context\":\"https:\/\/schema.org\",\"@graph\":[{\"@type\":\"Article\",\"@id\":\"https:\/\/www.eenewseurope.com\/fr\/covid-19-un-collectif-de-makers-concoit-un-respirateur-simple-et-a-bas-cout\/#article\",\"isPartOf\":{\"@id\":\"https:\/\/www.eenewseurope.com\/fr\/covid-19-un-collectif-de-makers-concoit-un-respirateur-simple-et-a-bas-cout\/\"},\"author\":{\"name\":\"Daniel Cardon\",\"@id\":\"https:\/\/www.eenewseurope.com\/en\/#\/schema\/person\/93c44cde463762f40a8236eaa44c1c17\"},\"headline\":\"Covid 19: un collectif de \u00ab\u00a0makers\u00a0\u00bb con\u00e7oit un respirateur simple et \u00e0 bas co\u00fbt\",\"datePublished\":\"2020-04-22T16:00:21+00:00\",\"dateModified\":\"2020-04-22T16:00:21+00:00\",\"mainEntityOfPage\":{\"@id\":\"https:\/\/www.eenewseurope.com\/fr\/covid-19-un-collectif-de-makers-concoit-un-respirateur-simple-et-a-bas-cout\/\"},\"wordCount\":142,\"publisher\":{\"@id\":\"https:\/\/www.eenewseurope.com\/en\/#organization\"},\"articleSection\":[\"Technologies\"],\"inLanguage\":\"fr-FR\"},{\"@type\":\"WebPage\",\"@id\":\"https:\/\/www.eenewseurope.com\/fr\/covid-19-un-collectif-de-makers-concoit-un-respirateur-simple-et-a-bas-cout\/\",\"url\":\"https:\/\/www.eenewseurope.com\/fr\/covid-19-un-collectif-de-makers-concoit-un-respirateur-simple-et-a-bas-cout\/\",\"name\":\"Covid 19: un collectif de \\\"makers\\\" con\u00e7oit un respirateur simple et \u00e0 bas co\u00fbt -\",\"isPartOf\":{\"@id\":\"https:\/\/www.eenewseurope.com\/en\/#website\"},\"datePublished\":\"2020-04-22T16:00:21+00:00\",\"dateModified\":\"2020-04-22T16:00:21+00:00\",\"breadcrumb\":{\"@id\":\"https:\/\/www.eenewseurope.com\/fr\/covid-19-un-collectif-de-makers-concoit-un-respirateur-simple-et-a-bas-cout\/#breadcrumb\"},\"inLanguage\":\"fr-FR\",\"potentialAction\":[{\"@type\":\"ReadAction\",\"target\":[\"https:\/\/www.eenewseurope.com\/fr\/covid-19-un-collectif-de-makers-concoit-un-respirateur-simple-et-a-bas-cout\/\"]}]},{\"@type\":\"BreadcrumbList\",\"@id\":\"https:\/\/www.eenewseurope.com\/fr\/covid-19-un-collectif-de-makers-concoit-un-respirateur-simple-et-a-bas-cout\/#breadcrumb\",\"itemListElement\":[{\"@type\":\"ListItem\",\"position\":1,\"name\":\"Home\",\"item\":\"https:\/\/www.ecinews.fr\/fr\/\"},{\"@type\":\"ListItem\",\"position\":2,\"name\":\"Covid 19: un collectif de \u00ab\u00a0makers\u00a0\u00bb con\u00e7oit un respirateur simple et \u00e0 bas co\u00fbt\"}]},{\"@type\":\"WebSite\",\"@id\":\"https:\/\/www.eenewseurope.com\/en\/#website\",\"url\":\"https:\/\/www.eenewseurope.com\/en\/\",\"name\":\"EENewsEurope\",\"description\":\"Just another WordPress site\",\"publisher\":{\"@id\":\"https:\/\/www.eenewseurope.com\/en\/#organization\"},\"potentialAction\":[{\"@type\":\"SearchAction\",\"target\":{\"@type\":\"EntryPoint\",\"urlTemplate\":\"https:\/\/www.eenewseurope.com\/en\/?s={search_term_string}\"},\"query-input\":\"required name=search_term_string\"}],\"inLanguage\":\"fr-FR\"},{\"@type\":\"Organization\",\"@id\":\"https:\/\/www.eenewseurope.com\/en\/#organization\",\"name\":\"EENewsEurope\",\"url\":\"https:\/\/www.eenewseurope.com\/en\/\",\"logo\":{\"@type\":\"ImageObject\",\"inLanguage\":\"fr-FR\",\"@id\":\"https:\/\/www.eenewseurope.com\/en\/#\/schema\/logo\/image\/\",\"url\":\"https:\/\/www.ecinews.fr\/wp-content\/uploads\/2022\/02\/logo-1.jpg\",\"contentUrl\":\"https:\/\/www.ecinews.fr\/wp-content\/uploads\/2022\/02\/logo-1.jpg\",\"width\":283,\"height\":113,\"caption\":\"EENewsEurope\"},\"image\":{\"@id\":\"https:\/\/www.eenewseurope.com\/en\/#\/schema\/logo\/image\/\"}},{\"@type\":\"Person\",\"@id\":\"https:\/\/www.eenewseurope.com\/en\/#\/schema\/person\/93c44cde463762f40a8236eaa44c1c17\",\"name\":\"Daniel Cardon\",\"image\":{\"@type\":\"ImageObject\",\"inLanguage\":\"fr-FR\",\"@id\":\"https:\/\/www.eenewseurope.com\/en\/#\/schema\/person\/image\/2b243f6bcc1cff7d86aadfb2cd0bd870\",\"url\":\"https:\/\/secure.gravatar.com\/avatar\/de9edc136dfc061ad4778e04635baefa?s=96&d=mm&r=g\",\"contentUrl\":\"https:\/\/secure.gravatar.com\/avatar\/de9edc136dfc061ad4778e04635baefa?s=96&d=mm&r=g\",\"caption\":\"Daniel Cardon\"}}]}<\/script>","yoast_head_json":{"title":"Covid 19: un collectif de \"makers\" con\u00e7oit un respirateur simp...","description":"Cinq entrepreneurs de la r\u00e9gion de Nantes ont cr\u00e9\u00e9 un collectif de b\u00e9n\u00e9voles pour concevoir dans un d\u00e9lai de quelques semaines un respirateur...","robots":{"index":"index","follow":"follow","max-snippet":"max-snippet:-1","max-image-preview":"max-image-preview:large","max-video-preview":"max-video-preview:-1"},"canonical":"https:\/\/www.ecinews.fr\/fr\/wp-json\/wp\/v2\/posts\/57649\/","og_locale":"fr_FR","og_type":"article","og_title":"Covid 19: un collectif de \"makers\" con\u00e7oit un respirateur simple et \u00e0 bas co\u00fbt","og_description":"Cinq entrepreneurs de la r\u00e9gion de Nantes ont cr\u00e9\u00e9 un collectif de b\u00e9n\u00e9voles pour concevoir dans un d\u00e9lai de quelques semaines un respirateur artificiel facile \u00e0 utiliser aussi bien en milieu hospitalier ou en ambulatoire pour le transport de malades du Covid 19.","og_url":"https:\/\/www.ecinews.fr\/fr\/wp-json\/wp\/v2\/posts\/57649\/","og_site_name":"EENewsEurope","article_published_time":"2020-04-22T16:00:21+00:00","og_image":[{"width":375,"height":416,"url":"https:\/\/www.eenewseurope.com\/wp-content\/uploads\/import\/default\/files\/sites\/default\/files\/images\/makair.jpg","type":"image\/jpeg"}],"author":"Daniel Cardon","twitter_card":"summary_large_image","twitter_misc":{"Written by":"Daniel Cardon","Est. reading time":"1 minute"},"schema":{"@context":"https:\/\/schema.org","@graph":[{"@type":"Article","@id":"https:\/\/www.eenewseurope.com\/fr\/covid-19-un-collectif-de-makers-concoit-un-respirateur-simple-et-a-bas-cout\/#article","isPartOf":{"@id":"https:\/\/www.eenewseurope.com\/fr\/covid-19-un-collectif-de-makers-concoit-un-respirateur-simple-et-a-bas-cout\/"},"author":{"name":"Daniel Cardon","@id":"https:\/\/www.eenewseurope.com\/en\/#\/schema\/person\/93c44cde463762f40a8236eaa44c1c17"},"headline":"Covid 19: un collectif de \u00ab\u00a0makers\u00a0\u00bb con\u00e7oit un respirateur simple et \u00e0 bas co\u00fbt","datePublished":"2020-04-22T16:00:21+00:00","dateModified":"2020-04-22T16:00:21+00:00","mainEntityOfPage":{"@id":"https:\/\/www.eenewseurope.com\/fr\/covid-19-un-collectif-de-makers-concoit-un-respirateur-simple-et-a-bas-cout\/"},"wordCount":142,"publisher":{"@id":"https:\/\/www.eenewseurope.com\/en\/#organization"},"articleSection":["Technologies"],"inLanguage":"fr-FR"},{"@type":"WebPage","@id":"https:\/\/www.eenewseurope.com\/fr\/covid-19-un-collectif-de-makers-concoit-un-respirateur-simple-et-a-bas-cout\/","url":"https:\/\/www.eenewseurope.com\/fr\/covid-19-un-collectif-de-makers-concoit-un-respirateur-simple-et-a-bas-cout\/","name":"Covid 19: un collectif de \"makers\" con\u00e7oit un respirateur simple et \u00e0 bas co\u00fbt -","isPartOf":{"@id":"https:\/\/www.eenewseurope.com\/en\/#website"},"datePublished":"2020-04-22T16:00:21+00:00","dateModified":"2020-04-22T16:00:21+00:00","breadcrumb":{"@id":"https:\/\/www.eenewseurope.com\/fr\/covid-19-un-collectif-de-makers-concoit-un-respirateur-simple-et-a-bas-cout\/#breadcrumb"},"inLanguage":"fr-FR","potentialAction":[{"@type":"ReadAction","target":["https:\/\/www.eenewseurope.com\/fr\/covid-19-un-collectif-de-makers-concoit-un-respirateur-simple-et-a-bas-cout\/"]}]},{"@type":"BreadcrumbList","@id":"https:\/\/www.eenewseurope.com\/fr\/covid-19-un-collectif-de-makers-concoit-un-respirateur-simple-et-a-bas-cout\/#breadcrumb","itemListElement":[{"@type":"ListItem","position":1,"name":"Home","item":"https:\/\/www.ecinews.fr\/fr\/"},{"@type":"ListItem","position":2,"name":"Covid 19: un collectif de \u00ab\u00a0makers\u00a0\u00bb con\u00e7oit un respirateur simple et \u00e0 bas co\u00fbt"}]},{"@type":"WebSite","@id":"https:\/\/www.eenewseurope.com\/en\/#website","url":"https:\/\/www.eenewseurope.com\/en\/","name":"EENewsEurope","description":"Just another WordPress site","publisher":{"@id":"https:\/\/www.eenewseurope.com\/en\/#organization"},"potentialAction":[{"@type":"SearchAction","target":{"@type":"EntryPoint","urlTemplate":"https:\/\/www.eenewseurope.com\/en\/?s={search_term_string}"},"query-input":"required name=search_term_string"}],"inLanguage":"fr-FR"},{"@type":"Organization","@id":"https:\/\/www.eenewseurope.com\/en\/#organization","name":"EENewsEurope","url":"https:\/\/www.eenewseurope.com\/en\/","logo":{"@type":"ImageObject","inLanguage":"fr-FR","@id":"https:\/\/www.eenewseurope.com\/en\/#\/schema\/logo\/image\/","url":"https:\/\/www.ecinews.fr\/wp-content\/uploads\/2022\/02\/logo-1.jpg","contentUrl":"https:\/\/www.ecinews.fr\/wp-content\/uploads\/2022\/02\/logo-1.jpg","width":283,"height":113,"caption":"EENewsEurope"},"image":{"@id":"https:\/\/www.eenewseurope.com\/en\/#\/schema\/logo\/image\/"}},{"@type":"Person","@id":"https:\/\/www.eenewseurope.com\/en\/#\/schema\/person\/93c44cde463762f40a8236eaa44c1c17","name":"Daniel Cardon","image":{"@type":"ImageObject","inLanguage":"fr-FR","@id":"https:\/\/www.eenewseurope.com\/en\/#\/schema\/person\/image\/2b243f6bcc1cff7d86aadfb2cd0bd870","url":"https:\/\/secure.gravatar.com\/avatar\/de9edc136dfc061ad4778e04635baefa?s=96&d=mm&r=g","contentUrl":"https:\/\/secure.gravatar.com\/avatar\/de9edc136dfc061ad4778e04635baefa?s=96&d=mm&r=g","caption":"Daniel Cardon"}}]}},"authors":[{"term_id":1143,"user_id":11,"is_guest":0,"slug":"danielcardon","display_name":"Daniel Cardon","avatar_url":"https:\/\/secure.gravatar.com\/avatar\/de9edc136dfc061ad4778e04635baefa?s=96&d=mm&r=g","0":null,"1":"","2":"","3":"","4":"","5":"","6":"","7":"","8":""}],"_links":{"self":[{"href":"https:\/\/www.ecinews.fr\/fr\/wp-json\/wp\/v2\/posts\/57649"}],"collection":[{"href":"https:\/\/www.ecinews.fr\/fr\/wp-json\/wp\/v2\/posts"}],"about":[{"href":"https:\/\/www.ecinews.fr\/fr\/wp-json\/wp\/v2\/types\/post"}],"author":[{"embeddable":true,"href":"https:\/\/www.ecinews.fr\/fr\/wp-json\/wp\/v2\/users\/11"}],"replies":[{"embeddable":true,"href":"https:\/\/www.ecinews.fr\/fr\/wp-json\/wp\/v2\/comments?post=57649"}],"version-history":[{"count":0,"href":"https:\/\/www.ecinews.fr\/fr\/wp-json\/wp\/v2\/posts\/57649\/revisions"}],"wp:featuredmedia":[{"embeddable":true,"href":"https:\/\/www.ecinews.fr\/fr\/wp-json\/wp\/v2\/media\/57650"}],"wp:attachment":[{"href":"https:\/\/www.ecinews.fr\/fr\/wp-json\/wp\/v2\/media?parent=57649"}],"wp:term":[{"taxonomy":"category","embeddable":true,"href":"https:\/\/www.ecinews.fr\/fr\/wp-json\/wp\/v2\/categories?post=57649"},{"taxonomy":"post_tag","embeddable":true,"href":"https:\/\/www.ecinews.fr\/fr\/wp-json\/wp\/v2\/tags?post=57649"},{"taxonomy":"domains","embeddable":true,"href":"https:\/\/www.ecinews.fr\/fr\/wp-json\/wp\/v2\/domains?post=57649"},{"taxonomy":"author","embeddable":true,"href":"https:\/\/www.ecinews.fr\/fr\/wp-json\/wp\/v2\/ppma_author?post=57649"}],"curies":[{"name":"wp","href":"https:\/\/api.w.org\/{rel}","templated":true}]}}