{"id":56035,"date":"2020-05-11T10:16:43","date_gmt":"2020-05-11T10:16:43","guid":{"rendered":"https:\/\/\/amd-lance-un-processeur-x86-en-technologie-7nm\/"},"modified":"2020-05-11T10:16:43","modified_gmt":"2020-05-11T10:16:43","slug":"amd-lance-un-processeur-x86-en-technologie-7nm","status":"publish","type":"post","link":"https:\/\/www.ecinews.fr\/fr\/amd-lance-un-processeur-x86-en-technologie-7nm\/","title":{"rendered":"AMD lance un processeur x86 en technologie 7nm"},"content":{"rendered":"<p><span class=\"tlid-translation translation\" lang=\"fr\"><span title=\"\">La s\u00e9rie de processeurs Ryzen Pro 4000 est le premier processeur d&rsquo;architecture x86 fabriqu\u00e9s en silicium 7 nm destin\u00e9 aux ordinateurs portables commerciaux , a d\u00e9clar\u00e9 AMD.<\/span> <span title=\"\">La soci\u00e9t\u00e9 a ajout\u00e9 que les ordinateurs portables utilisant le nouveau processeur destin\u00e9s aux clients professionnels de HP et Lenovo devraient \u00eatre disponibles au 1S20.<\/span><\/span><\/p>\n<p>\n<span class=\"tlid-translation translation\" lang=\"fr\"><span title=\"\">Trois puces de la s\u00e9rie U ont \u00e9t\u00e9 annonc\u00e9es avec les r\u00e9f\u00e9rences 4550U, 4650U et 4650U.<\/span> <span title=\"\">Ces puces offrent respectivement 4, 6 et 8 c\u0153urs, et des fr\u00e9quences d&rsquo;horloge max de 3,7, 4,0 et 4,1 GHz respectivement avec une estimation de consommation d&rsquo;\u00e9nergie maximale de 15 W.<\/span><\/span><\/p>\n<p>Ces nouvelles puces devraient permettre \u00e0 AMD de renforcer son avantage technologique sur Intel &#8211; voir <a href=\"https:\/\/www.electronique-eci.com\/news\/amd-sempare-de-65-du-marche-des-cpu-pour-desktop\">AMD s&#8217;empare de 65% du march\u00e9 des CPU pour desktop <\/a>et gagner des perts de march\u00e9 dans les ordinateurs portables. Intel n&rsquo;en reste pas moins le leader du march\u00e9 devan\u00e7ant nettement tous ses rivaux en 2019 &#8211; voir <a href=\"https:\/\/www.electronique-eci.com\/news\/intel-largement-en-tete-en-2019-stmicro-huitieme\">Intel largement en t\u00eate en 2019, STMicro huiti\u00e8me<\/a><\/p>\n<p><strong>Lire aussi: <\/strong><\/p>\n<p><a href=\"https:\/\/www.electronique-eci.com\/news\/intel-evince-par-arm-dans-les-futurs-macs-dapple\">Intel \u00e9vinc\u00e9 par ARM dans les futurs Macs d&rsquo;Apple? <\/a><\/p>\n<p><a href=\"https:\/\/www.electronique-eci.com\/news\/intel-evince-par-arm-dans-les-futurs-macs-dapple\">Covid-19 fait planer une ombre sur l&rsquo;\u00e9lectronique en 2020 &#8211; MWC annul\u00e9 <\/a><\/p>\n<p><a href=\"https:\/\/www.electronique-eci.com\/news\/14nm-intel-ny-arrive-pas-et-sous-traiterait-tsmc\">14nm: Intel n&rsquo;y arrive pas et sous-traiterait \u00e0 TSMC ? <\/a><\/p>\n<p><strong>Related links and articles: <\/strong><\/p>\n<p><a href=\"http:\/\/www.amd.com\">www.amd.com<\/a><\/p>\n<p><strong>News articles:<\/strong><\/p>\n<p><a href=\"https:\/\/www.eenewsanalog.com\/news\/arm-gets-rival-amd-licenses-graphics-ip-samsung\">ARM gets a rival as AMD licenses graphics IP to Samsung <\/a><\/p>\n<p><a href=\"https:\/\/www.eenewsanalog.com\/news\/intel-fail-foreseen-arm-reportedly-wins-mac-computer-processor-design-ins\">Intel fail foreseen: ARM reportedly wins Mac computer processor design-ins<\/a><\/p>\n<p><a href=\"https:\/\/www.eenewsanalog.com\/news\/chinese-x86-firm-set-benefit-domestic-supply-mandate\">Chinese x86 firm set to benefit from domestic supply mandate<\/a><\/p>\n","protected":false},"excerpt":{"rendered":"<p>AMD a annonc\u00e9 une famille de processeurs x86 fabriqu\u00e9s dans une technologie de processus de fabrication de silicium de 7 nm.<\/p>\n","protected":false},"author":12,"featured_media":56036,"comment_status":"closed","ping_status":"closed","sticky":false,"template":"","format":"standard","meta":{"_acf_changed":false,"footnotes":""},"categories":[883],"tags":[906],"domains":[47],"ppma_author":[1144],"class_list":["post-56035","post","type-post","status-publish","format-standard","has-post-thumbnail","hentry","category-technologies","tag-mpus-mcus-fr","domains-electronique-eci"],"acf":[],"yoast_head":"<title>AMD lance un processeur x86 en technologie 7nm ...<\/title>\n<meta name=\"description\" content=\"AMD a annonc\u00e9 une famille de processeurs x86 fabriqu\u00e9s dans une technologie de processus de fabrication de silicium de 7 nm.\" \/>\n<meta name=\"robots\" content=\"index, follow, max-snippet:-1, max-image-preview:large, max-video-preview:-1\" \/>\n<link rel=\"canonical\" href=\"https:\/\/www.ecinews.fr\/fr\/wp-json\/wp\/v2\/posts\/56035\/\" \/>\n<meta property=\"og:locale\" content=\"fr_FR\" \/>\n<meta property=\"og:type\" content=\"article\" \/>\n<meta property=\"og:title\" content=\"AMD lance un processeur x86 en technologie 7nm\" \/>\n<meta property=\"og:description\" content=\"AMD a annonc\u00e9 une famille de processeurs x86 fabriqu\u00e9s dans une technologie de processus de fabrication de silicium de 7 nm.\" \/>\n<meta property=\"og:url\" content=\"https:\/\/www.ecinews.fr\/fr\/wp-json\/wp\/v2\/posts\/56035\/\" \/>\n<meta property=\"og:site_name\" content=\"EENewsEurope\" \/>\n<meta property=\"article:published_time\" content=\"2020-05-11T10:16:43+00:00\" \/>\n<meta property=\"og:image\" content=\"https:\/\/www.ecinews.fr\/wp-content\/uploads\/import\/default\/files\/sites\/default\/files\/images\/amdryzen630.jpg\" \/>\n\t<meta property=\"og:image:width\" content=\"630\" \/>\n\t<meta property=\"og:image:height\" content=\"400\" \/>\n\t<meta property=\"og:image:type\" content=\"image\/jpeg\" \/>\n<meta name=\"author\" content=\"Andre Rousselot\" \/>\n<meta name=\"twitter:card\" content=\"summary_large_image\" \/>\n<meta name=\"twitter:label1\" content=\"Written by\" \/>\n\t<meta name=\"twitter:data1\" content=\"Andre Rousselot\" \/>\n\t<meta name=\"twitter:label2\" content=\"Est. reading time\" \/>\n\t<meta name=\"twitter:data2\" content=\"1 minute\" \/>\n<script type=\"application\/ld+json\" class=\"yoast-schema-graph\">{\"@context\":\"https:\/\/schema.org\",\"@graph\":[{\"@type\":\"Article\",\"@id\":\"https:\/\/www.ecinews.fr\/fr\/amd-lance-un-processeur-x86-en-technologie-7nm\/#article\",\"isPartOf\":{\"@id\":\"https:\/\/www.ecinews.fr\/fr\/amd-lance-un-processeur-x86-en-technologie-7nm\/\"},\"author\":{\"name\":\"Andre Rousselot\",\"@id\":\"https:\/\/www.eenewseurope.com\/en\/#\/schema\/person\/9d52edb517ca8d9017312e8e246b9433\"},\"headline\":\"AMD lance un processeur x86 en technologie 7nm\",\"datePublished\":\"2020-05-11T10:16:43+00:00\",\"dateModified\":\"2020-05-11T10:16:43+00:00\",\"mainEntityOfPage\":{\"@id\":\"https:\/\/www.ecinews.fr\/fr\/amd-lance-un-processeur-x86-en-technologie-7nm\/\"},\"wordCount\":247,\"publisher\":{\"@id\":\"https:\/\/www.eenewseurope.com\/en\/#organization\"},\"keywords\":[\"MPUs\/MCUs\"],\"articleSection\":[\"Technologies\"],\"inLanguage\":\"fr-FR\"},{\"@type\":\"WebPage\",\"@id\":\"https:\/\/www.ecinews.fr\/fr\/amd-lance-un-processeur-x86-en-technologie-7nm\/\",\"url\":\"https:\/\/www.ecinews.fr\/fr\/amd-lance-un-processeur-x86-en-technologie-7nm\/\",\"name\":\"AMD lance un processeur x86 en technologie 7nm -\",\"isPartOf\":{\"@id\":\"https:\/\/www.eenewseurope.com\/en\/#website\"},\"datePublished\":\"2020-05-11T10:16:43+00:00\",\"dateModified\":\"2020-05-11T10:16:43+00:00\",\"breadcrumb\":{\"@id\":\"https:\/\/www.ecinews.fr\/fr\/amd-lance-un-processeur-x86-en-technologie-7nm\/#breadcrumb\"},\"inLanguage\":\"fr-FR\",\"potentialAction\":[{\"@type\":\"ReadAction\",\"target\":[\"https:\/\/www.ecinews.fr\/fr\/amd-lance-un-processeur-x86-en-technologie-7nm\/\"]}]},{\"@type\":\"BreadcrumbList\",\"@id\":\"https:\/\/www.ecinews.fr\/fr\/amd-lance-un-processeur-x86-en-technologie-7nm\/#breadcrumb\",\"itemListElement\":[{\"@type\":\"ListItem\",\"position\":1,\"name\":\"Home\",\"item\":\"https:\/\/www.ecinews.fr\/fr\/\"},{\"@type\":\"ListItem\",\"position\":2,\"name\":\"AMD lance un processeur x86 en technologie 7nm\"}]},{\"@type\":\"WebSite\",\"@id\":\"https:\/\/www.eenewseurope.com\/en\/#website\",\"url\":\"https:\/\/www.eenewseurope.com\/en\/\",\"name\":\"EENewsEurope\",\"description\":\"Just another WordPress site\",\"publisher\":{\"@id\":\"https:\/\/www.eenewseurope.com\/en\/#organization\"},\"potentialAction\":[{\"@type\":\"SearchAction\",\"target\":{\"@type\":\"EntryPoint\",\"urlTemplate\":\"https:\/\/www.eenewseurope.com\/en\/?s={search_term_string}\"},\"query-input\":\"required name=search_term_string\"}],\"inLanguage\":\"fr-FR\"},{\"@type\":\"Organization\",\"@id\":\"https:\/\/www.eenewseurope.com\/en\/#organization\",\"name\":\"EENewsEurope\",\"url\":\"https:\/\/www.eenewseurope.com\/en\/\",\"logo\":{\"@type\":\"ImageObject\",\"inLanguage\":\"fr-FR\",\"@id\":\"https:\/\/www.eenewseurope.com\/en\/#\/schema\/logo\/image\/\",\"url\":\"https:\/\/www.ecinews.fr\/wp-content\/uploads\/2022\/02\/logo-1.jpg\",\"contentUrl\":\"https:\/\/www.ecinews.fr\/wp-content\/uploads\/2022\/02\/logo-1.jpg\",\"width\":283,\"height\":113,\"caption\":\"EENewsEurope\"},\"image\":{\"@id\":\"https:\/\/www.eenewseurope.com\/en\/#\/schema\/logo\/image\/\"}},{\"@type\":\"Person\",\"@id\":\"https:\/\/www.eenewseurope.com\/en\/#\/schema\/person\/9d52edb517ca8d9017312e8e246b9433\",\"name\":\"Andre Rousselot\",\"image\":{\"@type\":\"ImageObject\",\"inLanguage\":\"fr-FR\",\"@id\":\"https:\/\/www.eenewseurope.com\/en\/#\/schema\/person\/image\/8046680f16f52d2ae022297dc9e36ff3\",\"url\":\"https:\/\/secure.gravatar.com\/avatar\/428720feffa09baddfe5e7cd3f84b526?s=96&d=mm&r=g\",\"contentUrl\":\"https:\/\/secure.gravatar.com\/avatar\/428720feffa09baddfe5e7cd3f84b526?s=96&d=mm&r=g\",\"caption\":\"Andre Rousselot\"}}]}<\/script>","yoast_head_json":{"title":"AMD lance un processeur x86 en technologie 7nm ...","description":"AMD a annonc\u00e9 une famille de processeurs x86 fabriqu\u00e9s dans une technologie de processus de fabrication de silicium de 7 nm.","robots":{"index":"index","follow":"follow","max-snippet":"max-snippet:-1","max-image-preview":"max-image-preview:large","max-video-preview":"max-video-preview:-1"},"canonical":"https:\/\/www.ecinews.fr\/fr\/wp-json\/wp\/v2\/posts\/56035\/","og_locale":"fr_FR","og_type":"article","og_title":"AMD lance un processeur x86 en technologie 7nm","og_description":"AMD a annonc\u00e9 une famille de processeurs x86 fabriqu\u00e9s dans une technologie de processus de fabrication de silicium de 7 nm.","og_url":"https:\/\/www.ecinews.fr\/fr\/wp-json\/wp\/v2\/posts\/56035\/","og_site_name":"EENewsEurope","article_published_time":"2020-05-11T10:16:43+00:00","og_image":[{"width":630,"height":400,"url":"https:\/\/www.ecinews.fr\/wp-content\/uploads\/import\/default\/files\/sites\/default\/files\/images\/amdryzen630.jpg","type":"image\/jpeg"}],"author":"Andre Rousselot","twitter_card":"summary_large_image","twitter_misc":{"Written by":"Andre Rousselot","Est. reading time":"1 minute"},"schema":{"@context":"https:\/\/schema.org","@graph":[{"@type":"Article","@id":"https:\/\/www.ecinews.fr\/fr\/amd-lance-un-processeur-x86-en-technologie-7nm\/#article","isPartOf":{"@id":"https:\/\/www.ecinews.fr\/fr\/amd-lance-un-processeur-x86-en-technologie-7nm\/"},"author":{"name":"Andre Rousselot","@id":"https:\/\/www.eenewseurope.com\/en\/#\/schema\/person\/9d52edb517ca8d9017312e8e246b9433"},"headline":"AMD lance un processeur x86 en technologie 7nm","datePublished":"2020-05-11T10:16:43+00:00","dateModified":"2020-05-11T10:16:43+00:00","mainEntityOfPage":{"@id":"https:\/\/www.ecinews.fr\/fr\/amd-lance-un-processeur-x86-en-technologie-7nm\/"},"wordCount":247,"publisher":{"@id":"https:\/\/www.eenewseurope.com\/en\/#organization"},"keywords":["MPUs\/MCUs"],"articleSection":["Technologies"],"inLanguage":"fr-FR"},{"@type":"WebPage","@id":"https:\/\/www.ecinews.fr\/fr\/amd-lance-un-processeur-x86-en-technologie-7nm\/","url":"https:\/\/www.ecinews.fr\/fr\/amd-lance-un-processeur-x86-en-technologie-7nm\/","name":"AMD lance un processeur x86 en technologie 7nm -","isPartOf":{"@id":"https:\/\/www.eenewseurope.com\/en\/#website"},"datePublished":"2020-05-11T10:16:43+00:00","dateModified":"2020-05-11T10:16:43+00:00","breadcrumb":{"@id":"https:\/\/www.ecinews.fr\/fr\/amd-lance-un-processeur-x86-en-technologie-7nm\/#breadcrumb"},"inLanguage":"fr-FR","potentialAction":[{"@type":"ReadAction","target":["https:\/\/www.ecinews.fr\/fr\/amd-lance-un-processeur-x86-en-technologie-7nm\/"]}]},{"@type":"BreadcrumbList","@id":"https:\/\/www.ecinews.fr\/fr\/amd-lance-un-processeur-x86-en-technologie-7nm\/#breadcrumb","itemListElement":[{"@type":"ListItem","position":1,"name":"Home","item":"https:\/\/www.ecinews.fr\/fr\/"},{"@type":"ListItem","position":2,"name":"AMD lance un processeur x86 en technologie 7nm"}]},{"@type":"WebSite","@id":"https:\/\/www.eenewseurope.com\/en\/#website","url":"https:\/\/www.eenewseurope.com\/en\/","name":"EENewsEurope","description":"Just another WordPress site","publisher":{"@id":"https:\/\/www.eenewseurope.com\/en\/#organization"},"potentialAction":[{"@type":"SearchAction","target":{"@type":"EntryPoint","urlTemplate":"https:\/\/www.eenewseurope.com\/en\/?s={search_term_string}"},"query-input":"required name=search_term_string"}],"inLanguage":"fr-FR"},{"@type":"Organization","@id":"https:\/\/www.eenewseurope.com\/en\/#organization","name":"EENewsEurope","url":"https:\/\/www.eenewseurope.com\/en\/","logo":{"@type":"ImageObject","inLanguage":"fr-FR","@id":"https:\/\/www.eenewseurope.com\/en\/#\/schema\/logo\/image\/","url":"https:\/\/www.ecinews.fr\/wp-content\/uploads\/2022\/02\/logo-1.jpg","contentUrl":"https:\/\/www.ecinews.fr\/wp-content\/uploads\/2022\/02\/logo-1.jpg","width":283,"height":113,"caption":"EENewsEurope"},"image":{"@id":"https:\/\/www.eenewseurope.com\/en\/#\/schema\/logo\/image\/"}},{"@type":"Person","@id":"https:\/\/www.eenewseurope.com\/en\/#\/schema\/person\/9d52edb517ca8d9017312e8e246b9433","name":"Andre Rousselot","image":{"@type":"ImageObject","inLanguage":"fr-FR","@id":"https:\/\/www.eenewseurope.com\/en\/#\/schema\/person\/image\/8046680f16f52d2ae022297dc9e36ff3","url":"https:\/\/secure.gravatar.com\/avatar\/428720feffa09baddfe5e7cd3f84b526?s=96&d=mm&r=g","contentUrl":"https:\/\/secure.gravatar.com\/avatar\/428720feffa09baddfe5e7cd3f84b526?s=96&d=mm&r=g","caption":"Andre Rousselot"}}]}},"authors":[{"term_id":1144,"user_id":12,"is_guest":0,"slug":"rousselot","display_name":"Andre Rousselot","avatar_url":"https:\/\/secure.gravatar.com\/avatar\/428720feffa09baddfe5e7cd3f84b526?s=96&d=mm&r=g","0":null,"1":"","2":"","3":"","4":"","5":"","6":"","7":"","8":""}],"_links":{"self":[{"href":"https:\/\/www.ecinews.fr\/fr\/wp-json\/wp\/v2\/posts\/56035"}],"collection":[{"href":"https:\/\/www.ecinews.fr\/fr\/wp-json\/wp\/v2\/posts"}],"about":[{"href":"https:\/\/www.ecinews.fr\/fr\/wp-json\/wp\/v2\/types\/post"}],"author":[{"embeddable":true,"href":"https:\/\/www.ecinews.fr\/fr\/wp-json\/wp\/v2\/users\/12"}],"replies":[{"embeddable":true,"href":"https:\/\/www.ecinews.fr\/fr\/wp-json\/wp\/v2\/comments?post=56035"}],"version-history":[{"count":0,"href":"https:\/\/www.ecinews.fr\/fr\/wp-json\/wp\/v2\/posts\/56035\/revisions"}],"wp:featuredmedia":[{"embeddable":true,"href":"https:\/\/www.ecinews.fr\/fr\/wp-json\/wp\/v2\/media\/56036"}],"wp:attachment":[{"href":"https:\/\/www.ecinews.fr\/fr\/wp-json\/wp\/v2\/media?parent=56035"}],"wp:term":[{"taxonomy":"category","embeddable":true,"href":"https:\/\/www.ecinews.fr\/fr\/wp-json\/wp\/v2\/categories?post=56035"},{"taxonomy":"post_tag","embeddable":true,"href":"https:\/\/www.ecinews.fr\/fr\/wp-json\/wp\/v2\/tags?post=56035"},{"taxonomy":"domains","embeddable":true,"href":"https:\/\/www.ecinews.fr\/fr\/wp-json\/wp\/v2\/domains?post=56035"},{"taxonomy":"author","embeddable":true,"href":"https:\/\/www.ecinews.fr\/fr\/wp-json\/wp\/v2\/ppma_author?post=56035"}],"curies":[{"name":"wp","href":"https:\/\/api.w.org\/{rel}","templated":true}]}}