{"id":53339,"date":"2020-06-09T20:00:43","date_gmt":"2020-06-09T20:00:43","guid":{"rendered":"https:\/\/\/le-marche-des-semiconducteurs-va-augmenter-en-2020-selon-le-wsts\/"},"modified":"2020-06-09T20:00:43","modified_gmt":"2020-06-09T20:00:43","slug":"le-marche-des-semiconducteurs-va-augmenter-en-2020-selon-le-wsts","status":"publish","type":"post","link":"https:\/\/www.ecinews.fr\/fr\/le-marche-des-semiconducteurs-va-augmenter-en-2020-selon-le-wsts\/","title":{"rendered":"Le march\u00e9 des semiconducteurs va augmenter en 2020 selon le WSTS"},"content":{"rendered":"<p><span class=\"tlid-translation translation\" lang=\"fr\"><span title=\"\">La faiblesse de l&rsquo;analogique, des capteurs, de l&rsquo;opto et des discrets sera plus que compens\u00e9e par de fortes ventes de chips m\u00e9moires, estime WSTS.<\/span> <span title=\"\">Cela met WSTS en d\u00e9saccord avec Gartner, qui a r\u00e9cemment pr\u00e9vu que le march\u00e9 des semiconducteurs se contracterait en 2020 de 0,9% (voir <\/span><\/span><a href=\"https:\/\/www.eenewsanalog.com\/news\/covid-19-will-wipe-out-chip-market-growth-2020-says-gartner\">Covid-19 will wipe out chip market growth in 2020, says Gartner<\/a><span class=\"tlid-translation translation\" lang=\"fr\"><span title=\"\">).<\/span><\/span><\/p>\n<p><span class=\"tlid-translation translation\" lang=\"fr\"><span title=\"\">Le WSTS pense que le march\u00e9 vaudra 426,0 milliards de dollars US en 2020, presque exactement comme il l&rsquo;avait pr\u00e9dit en septembre 2019 (voir <\/span><\/span>&nbsp;<a href=\"https:\/\/www.eenewsanalog.com\/news\/wsts-trims-chip-market-forecastagain\">WSTS trims chip market forecast\u2026again<\/a><span class=\"tlid-translation translation\" lang=\"fr\"><span title=\"\">).<\/span> <span title=\"\">Le chiffre de croissance annuelle de 3,3% pour 2020 par rapport \u00e0 2019 est r\u00e9duit par rapport \u00e0 ses pr\u00e9visions pr\u00e9c\u00e9dentes, car 2019 s&rsquo;est termin\u00e9 plus fort qu&rsquo;il ne l&rsquo;avait pr\u00e9vu.<\/span><\/span><\/p>\n<p>&nbsp;<\/p>\n<p><img decoding=\"async\" alt=\"\" height=\"253\" data-src=\"https:\/\/eenews.cdnartwhere.eu\/sites\/default\/files\/images\/01-picture-library\/PeterClarke\/2020\/06\/wstsforecast530.jpg\" width=\"530\" src=\"data:image\/svg+xml;base64,PHN2ZyB3aWR0aD0iMSIgaGVpZ2h0PSIxIiB4bWxucz0iaHR0cDovL3d3dy53My5vcmcvMjAwMC9zdmciPjwvc3ZnPg==\" class=\"lazyload\" style=\"--smush-placeholder-width: 530px; --smush-placeholder-aspect-ratio: 530\/253;\" \/><\/p>\n<p><span class=\"tlid-translation translation\" lang=\"fr\"><span title=\"\">R\u00e9sum\u00e9 des pr\u00e9visions du WSTS jusqu&rsquo;en 2021. Remarque: les chiffres dans le tableau sont arrondis \u00e0 des millions de dollars entiers.<\/span> <span title=\"\">Source: WSTS.<\/span><\/span><\/p>\n<p>\n<span class=\"tlid-translation translation\" lang=\"fr\"><span title=\"\">WSTS explique la croissance par de fortes ventes de CIs m\u00e9moire, un march\u00e9 qui devrait cro\u00eetre de 15%.<\/span> <span title=\"\">La logique se maintiendra alors que les ventes migreront de l&rsquo;\u00e9lectronique grand public vers les rpoduits pour centre de donn\u00e9es et d&rsquo;infrastructure.<\/span> <span title=\"\">L&rsquo;analogique, les capteurs, l&rsquo;opto\u00e9lectronique et les semi-conducteurs discrets resteront faibles avec une contraction des march\u00e9s.<\/span><\/span> <strong><em>&nbsp;<\/em><\/strong><\/p>\n<p><span class=\"tlid-translation translation\" lang=\"fr\"><span title=\"\">D&rsquo;un point de vue g\u00e9ographique, les \u00c9tats-Unis et l&rsquo;Asie-Pacifique, y compris la Chine, conna\u00eetront une croissance tandis que les march\u00e9s en Europe et au Japon vont se contracter.<\/span><\/span><\/p>\n<p><span class=\"tlid-translation translation\" lang=\"fr\"><span title=\"\">La pr\u00e9vision mitig\u00e9e pour 2020 est compl\u00e9t\u00e9e par une pr\u00e9vision enti\u00e8rement positive pour 2021. Toutes les r\u00e9gions et toutes les cat\u00e9gories de produits devraient enregistrer une croissance entra\u00eenant une croissance&nbsp;du march\u00e9 total de 6,2% pour atteindre 453,3 milliards de dollars ce qui est proche du niveau record atteint en 2018.<\/span><\/span><\/p>\n<p><strong>Lire aussi:<\/strong><\/p>\n<h3 class=\"title\"><a href=\"https:\/\/www.electronique-eci.com\/news\/selon-wsts-la-baisse-du-marche-2019-des-semiconducteurs-sera-de-13\">Selon WSTS la baisse du march\u00e9 2019 des semiconducteurs sera de 13%<\/a><\/h3>\n<h3 class=\"title\"><a href=\"https:\/\/www.electronique-eci.com\/news\/intel-largement-en-tete-en-2019-stmicro-huitieme\">Intel largement en t\u00eate en 2019, STMicro huiti\u00e8me<\/a><\/h3>\n<h3 class=\"title\"><a href=\"https:\/\/www.electronique-eci.com\/news\/la-5g-va-booster-le-marche-des-semiconducteurs-en-2020\">La 5G va booster le march\u00e9 des semiconducteurs en 2020<\/a><\/h3>\n<p><strong>Related links and articles: <\/strong><\/p>\n<p><a href=\"http:\/\/www.wsts.org\">www.wsts.org<\/a><\/p>\n<p><a href=\"http:\/\/www.eusemiconductors.eu\">www.eusemiconductors.eu<\/a><\/p>\n","protected":false},"excerpt":{"rendered":"<p>Malgr\u00e9 l&rsquo;impact de la pand\u00e9mie du Covid-19 sur l&rsquo;\u00e9conomie mondiale, l&rsquo;organisation World Semiconductor Trade Statistics pr\u00e9voit une croissance du march\u00e9 des puces de 3,3% en 2020.<\/p>\n","protected":false},"author":12,"featured_media":53340,"comment_status":"closed","ping_status":"closed","sticky":false,"template":"","format":"standard","meta":{"_acf_changed":false,"footnotes":""},"categories":[880],"tags":[889,920,893,891,909,894,912,895,896,897,898,899,900,901,902,903,919,892,913,904,905,906,907,908,890,916,910,917,911,914,915],"domains":[47],"ppma_author":[1144],"class_list":["post-53339","post","type-post","status-publish","format-standard","has-post-thumbnail","hentry","category-actualites-economiques","tag-analog-fr","tag-artificialintelligence-fr","tag-authentication-encryption-fr","tag-automotive-fr","tag-batteries-power-supplies-fr","tag-boards-embedded-cards-fr","tag-dataacquisition-fr","tag-developmentkits-fr","tag-digitalsignalprocessing-fr","tag-displays-interfaces-fr","tag-distributors-fr","tag-eda-cad-tools-fr","tag-electromechanical-fr","tag-energyharvesting-fr","tag-flexibleelectronics-fr","tag-interconnect-cables-fr","tag-iot-fr","tag-ledlighting-fr","tag-materials-processes-fr","tag-medicalelectronics-fr","tag-memory-data-storage-fr","tag-mpus-mcus-fr","tag-optoelectronics-fr","tag-plds-fpgas-asics-fr","tag-powermanagement-fr","tag-rf-transmission-fr","tag-sensing-conditioning-fr","tag-software-embedded-tools-fr","tag-testandmeasurement-fr","tag-wearables-fr","tag-wireless-communications-fr","domains-electronique-eci"],"acf":[],"yoast_head":"<title>Le march\u00e9 des semiconducteurs va augmenter en 2020 selon le WSTS ...<\/title>\n<meta name=\"description\" content=\"Malgr\u00e9 l&#039;impact de la pand\u00e9mie du Covid-19 sur l&#039;\u00e9conomie mondiale, l&#039;organisation World Semiconductor Trade Statistics pr\u00e9voit une croissance du march\u00e9...\" \/>\n<meta name=\"robots\" content=\"index, follow, max-snippet:-1, max-image-preview:large, max-video-preview:-1\" \/>\n<link rel=\"canonical\" href=\"https:\/\/www.ecinews.fr\/fr\/wp-json\/wp\/v2\/posts\/53339\/\" \/>\n<meta property=\"og:locale\" content=\"fr_FR\" \/>\n<meta property=\"og:type\" content=\"article\" \/>\n<meta property=\"og:title\" content=\"Le march\u00e9 des semiconducteurs va augmenter en 2020 selon le WSTS\" \/>\n<meta property=\"og:description\" content=\"Malgr\u00e9 l&#039;impact de la pand\u00e9mie du Covid-19 sur l&#039;\u00e9conomie mondiale, l&#039;organisation World Semiconductor Trade Statistics pr\u00e9voit une croissance du march\u00e9 des puces de 3,3% en 2020.\" \/>\n<meta property=\"og:url\" content=\"https:\/\/www.ecinews.fr\/fr\/wp-json\/wp\/v2\/posts\/53339\/\" \/>\n<meta property=\"og:site_name\" content=\"EENewsEurope\" \/>\n<meta property=\"article:published_time\" content=\"2020-06-09T20:00:43+00:00\" \/>\n<meta property=\"og:image\" content=\"https:\/\/www.eenewseurope.com\/wp-content\/uploads\/import\/default\/files\/images\/01-picture-library\/PeterClarke\/Business\/invest750.jpg\" \/>\n\t<meta property=\"og:image:width\" content=\"750\" \/>\n\t<meta property=\"og:image:height\" content=\"490\" \/>\n\t<meta property=\"og:image:type\" content=\"image\/jpeg\" \/>\n<meta name=\"author\" content=\"Andre Rousselot\" \/>\n<meta name=\"twitter:card\" content=\"summary_large_image\" \/>\n<meta name=\"twitter:label1\" content=\"Written by\" \/>\n\t<meta name=\"twitter:data1\" content=\"Andre Rousselot\" \/>\n\t<meta name=\"twitter:label2\" content=\"Est. reading time\" \/>\n\t<meta name=\"twitter:data2\" content=\"2 minutes\" \/>\n<script type=\"application\/ld+json\" class=\"yoast-schema-graph\">{\"@context\":\"https:\/\/schema.org\",\"@graph\":[{\"@type\":\"Article\",\"@id\":\"https:\/\/www.eenewseurope.com\/fr\/le-marche-des-semiconducteurs-va-augmenter-en-2020-selon-le-wsts\/#article\",\"isPartOf\":{\"@id\":\"https:\/\/www.eenewseurope.com\/fr\/le-marche-des-semiconducteurs-va-augmenter-en-2020-selon-le-wsts\/\"},\"author\":{\"name\":\"Andre Rousselot\",\"@id\":\"https:\/\/www.ecinews.fr\/fr\/#\/schema\/person\/9d52edb517ca8d9017312e8e246b9433\"},\"headline\":\"Le march\u00e9 des semiconducteurs va augmenter en 2020 selon le WSTS\",\"datePublished\":\"2020-06-09T20:00:43+00:00\",\"dateModified\":\"2020-06-09T20:00:43+00:00\",\"mainEntityOfPage\":{\"@id\":\"https:\/\/www.eenewseurope.com\/fr\/le-marche-des-semiconducteurs-va-augmenter-en-2020-selon-le-wsts\/\"},\"wordCount\":353,\"publisher\":{\"@id\":\"https:\/\/www.ecinews.fr\/fr\/#organization\"},\"keywords\":[\"Analog\",\"ArtificialIntelligence\",\"Authentication &amp; Encryption\",\"Automotive\",\"Batteries \/ Power Supplies\",\"Boards &amp; Embedded Cards\",\"DataAcquisition\",\"DevelopmentKits\",\"DigitalSignalProcessing\",\"Displays &amp; Interfaces\",\"Distributors\",\"EDA &amp; CAD tools\",\"Electromechanical\",\"EnergyHarvesting\",\"FlexibleElectronics\",\"Interconnect &amp; cables\",\"IoT\",\"LEDlighting\",\"Materials &amp; processes\",\"MedicalElectronics\",\"Memory &amp; Data Storage\",\"MPUs\/MCUs\",\"Optoelectronics\",\"PLDs\/FPGAs\/ASICs\",\"PowerManagement\",\"RF transmission\",\"Sensing \/ Conditioning\",\"Software &amp; Embedded tools\",\"TestandMeasurement\",\"Wearables\",\"Wireless Communications\"],\"articleSection\":[\"Actualit\u00e9s \u00e9conomiques\"],\"inLanguage\":\"fr-FR\"},{\"@type\":\"WebPage\",\"@id\":\"https:\/\/www.eenewseurope.com\/fr\/le-marche-des-semiconducteurs-va-augmenter-en-2020-selon-le-wsts\/\",\"url\":\"https:\/\/www.eenewseurope.com\/fr\/le-marche-des-semiconducteurs-va-augmenter-en-2020-selon-le-wsts\/\",\"name\":\"Le march\u00e9 des semiconducteurs va augmenter en 2020 selon le WSTS -\",\"isPartOf\":{\"@id\":\"https:\/\/www.ecinews.fr\/fr\/#website\"},\"datePublished\":\"2020-06-09T20:00:43+00:00\",\"dateModified\":\"2020-06-09T20:00:43+00:00\",\"breadcrumb\":{\"@id\":\"https:\/\/www.eenewseurope.com\/fr\/le-marche-des-semiconducteurs-va-augmenter-en-2020-selon-le-wsts\/#breadcrumb\"},\"inLanguage\":\"fr-FR\",\"potentialAction\":[{\"@type\":\"ReadAction\",\"target\":[\"https:\/\/www.eenewseurope.com\/fr\/le-marche-des-semiconducteurs-va-augmenter-en-2020-selon-le-wsts\/\"]}]},{\"@type\":\"BreadcrumbList\",\"@id\":\"https:\/\/www.eenewseurope.com\/fr\/le-marche-des-semiconducteurs-va-augmenter-en-2020-selon-le-wsts\/#breadcrumb\",\"itemListElement\":[{\"@type\":\"ListItem\",\"position\":1,\"name\":\"Home\",\"item\":\"https:\/\/www.ecinews.fr\/fr\/\"},{\"@type\":\"ListItem\",\"position\":2,\"name\":\"Le march\u00e9 des semiconducteurs va augmenter en 2020 selon le WSTS\"}]},{\"@type\":\"WebSite\",\"@id\":\"https:\/\/www.ecinews.fr\/fr\/#website\",\"url\":\"https:\/\/www.ecinews.fr\/fr\/\",\"name\":\"EENewsEurope\",\"description\":\"Just another WordPress site\",\"publisher\":{\"@id\":\"https:\/\/www.ecinews.fr\/fr\/#organization\"},\"potentialAction\":[{\"@type\":\"SearchAction\",\"target\":{\"@type\":\"EntryPoint\",\"urlTemplate\":\"https:\/\/www.ecinews.fr\/fr\/?s={search_term_string}\"},\"query-input\":\"required name=search_term_string\"}],\"inLanguage\":\"fr-FR\"},{\"@type\":\"Organization\",\"@id\":\"https:\/\/www.ecinews.fr\/fr\/#organization\",\"name\":\"EENewsEurope\",\"url\":\"https:\/\/www.ecinews.fr\/fr\/\",\"logo\":{\"@type\":\"ImageObject\",\"inLanguage\":\"fr-FR\",\"@id\":\"https:\/\/www.ecinews.fr\/fr\/#\/schema\/logo\/image\/\",\"url\":\"https:\/\/www.ecinews.fr\/wp-content\/uploads\/2022\/02\/logo-1.jpg\",\"contentUrl\":\"https:\/\/www.ecinews.fr\/wp-content\/uploads\/2022\/02\/logo-1.jpg\",\"width\":283,\"height\":113,\"caption\":\"EENewsEurope\"},\"image\":{\"@id\":\"https:\/\/www.ecinews.fr\/fr\/#\/schema\/logo\/image\/\"}},{\"@type\":\"Person\",\"@id\":\"https:\/\/www.ecinews.fr\/fr\/#\/schema\/person\/9d52edb517ca8d9017312e8e246b9433\",\"name\":\"Andre Rousselot\",\"image\":{\"@type\":\"ImageObject\",\"inLanguage\":\"fr-FR\",\"@id\":\"https:\/\/www.ecinews.fr\/fr\/#\/schema\/person\/image\/8046680f16f52d2ae022297dc9e36ff3\",\"url\":\"https:\/\/secure.gravatar.com\/avatar\/428720feffa09baddfe5e7cd3f84b526?s=96&d=mm&r=g\",\"contentUrl\":\"https:\/\/secure.gravatar.com\/avatar\/428720feffa09baddfe5e7cd3f84b526?s=96&d=mm&r=g\",\"caption\":\"Andre Rousselot\"}}]}<\/script>","yoast_head_json":{"title":"Le march\u00e9 des semiconducteurs va augmenter en 2020 selon le WSTS ...","description":"Malgr\u00e9 l'impact de la pand\u00e9mie du Covid-19 sur l'\u00e9conomie mondiale, l'organisation World Semiconductor Trade Statistics pr\u00e9voit une croissance du march\u00e9...","robots":{"index":"index","follow":"follow","max-snippet":"max-snippet:-1","max-image-preview":"max-image-preview:large","max-video-preview":"max-video-preview:-1"},"canonical":"https:\/\/www.ecinews.fr\/fr\/wp-json\/wp\/v2\/posts\/53339\/","og_locale":"fr_FR","og_type":"article","og_title":"Le march\u00e9 des semiconducteurs va augmenter en 2020 selon le WSTS","og_description":"Malgr\u00e9 l'impact de la pand\u00e9mie du Covid-19 sur l'\u00e9conomie mondiale, l'organisation World Semiconductor Trade Statistics pr\u00e9voit une croissance du march\u00e9 des puces de 3,3% en 2020.","og_url":"https:\/\/www.ecinews.fr\/fr\/wp-json\/wp\/v2\/posts\/53339\/","og_site_name":"EENewsEurope","article_published_time":"2020-06-09T20:00:43+00:00","og_image":[{"width":750,"height":490,"url":"https:\/\/www.eenewseurope.com\/wp-content\/uploads\/import\/default\/files\/images\/01-picture-library\/PeterClarke\/Business\/invest750.jpg","type":"image\/jpeg"}],"author":"Andre Rousselot","twitter_card":"summary_large_image","twitter_misc":{"Written by":"Andre Rousselot","Est. reading time":"2 minutes"},"schema":{"@context":"https:\/\/schema.org","@graph":[{"@type":"Article","@id":"https:\/\/www.eenewseurope.com\/fr\/le-marche-des-semiconducteurs-va-augmenter-en-2020-selon-le-wsts\/#article","isPartOf":{"@id":"https:\/\/www.eenewseurope.com\/fr\/le-marche-des-semiconducteurs-va-augmenter-en-2020-selon-le-wsts\/"},"author":{"name":"Andre Rousselot","@id":"https:\/\/www.ecinews.fr\/fr\/#\/schema\/person\/9d52edb517ca8d9017312e8e246b9433"},"headline":"Le march\u00e9 des semiconducteurs va augmenter en 2020 selon le WSTS","datePublished":"2020-06-09T20:00:43+00:00","dateModified":"2020-06-09T20:00:43+00:00","mainEntityOfPage":{"@id":"https:\/\/www.eenewseurope.com\/fr\/le-marche-des-semiconducteurs-va-augmenter-en-2020-selon-le-wsts\/"},"wordCount":353,"publisher":{"@id":"https:\/\/www.ecinews.fr\/fr\/#organization"},"keywords":["Analog","ArtificialIntelligence","Authentication &amp; Encryption","Automotive","Batteries \/ Power Supplies","Boards &amp; Embedded Cards","DataAcquisition","DevelopmentKits","DigitalSignalProcessing","Displays &amp; Interfaces","Distributors","EDA &amp; CAD tools","Electromechanical","EnergyHarvesting","FlexibleElectronics","Interconnect &amp; cables","IoT","LEDlighting","Materials &amp; processes","MedicalElectronics","Memory &amp; Data Storage","MPUs\/MCUs","Optoelectronics","PLDs\/FPGAs\/ASICs","PowerManagement","RF transmission","Sensing \/ Conditioning","Software &amp; Embedded tools","TestandMeasurement","Wearables","Wireless Communications"],"articleSection":["Actualit\u00e9s \u00e9conomiques"],"inLanguage":"fr-FR"},{"@type":"WebPage","@id":"https:\/\/www.eenewseurope.com\/fr\/le-marche-des-semiconducteurs-va-augmenter-en-2020-selon-le-wsts\/","url":"https:\/\/www.eenewseurope.com\/fr\/le-marche-des-semiconducteurs-va-augmenter-en-2020-selon-le-wsts\/","name":"Le march\u00e9 des semiconducteurs va augmenter en 2020 selon le WSTS -","isPartOf":{"@id":"https:\/\/www.ecinews.fr\/fr\/#website"},"datePublished":"2020-06-09T20:00:43+00:00","dateModified":"2020-06-09T20:00:43+00:00","breadcrumb":{"@id":"https:\/\/www.eenewseurope.com\/fr\/le-marche-des-semiconducteurs-va-augmenter-en-2020-selon-le-wsts\/#breadcrumb"},"inLanguage":"fr-FR","potentialAction":[{"@type":"ReadAction","target":["https:\/\/www.eenewseurope.com\/fr\/le-marche-des-semiconducteurs-va-augmenter-en-2020-selon-le-wsts\/"]}]},{"@type":"BreadcrumbList","@id":"https:\/\/www.eenewseurope.com\/fr\/le-marche-des-semiconducteurs-va-augmenter-en-2020-selon-le-wsts\/#breadcrumb","itemListElement":[{"@type":"ListItem","position":1,"name":"Home","item":"https:\/\/www.ecinews.fr\/fr\/"},{"@type":"ListItem","position":2,"name":"Le march\u00e9 des semiconducteurs va augmenter en 2020 selon le WSTS"}]},{"@type":"WebSite","@id":"https:\/\/www.ecinews.fr\/fr\/#website","url":"https:\/\/www.ecinews.fr\/fr\/","name":"EENewsEurope","description":"Just another WordPress site","publisher":{"@id":"https:\/\/www.ecinews.fr\/fr\/#organization"},"potentialAction":[{"@type":"SearchAction","target":{"@type":"EntryPoint","urlTemplate":"https:\/\/www.ecinews.fr\/fr\/?s={search_term_string}"},"query-input":"required name=search_term_string"}],"inLanguage":"fr-FR"},{"@type":"Organization","@id":"https:\/\/www.ecinews.fr\/fr\/#organization","name":"EENewsEurope","url":"https:\/\/www.ecinews.fr\/fr\/","logo":{"@type":"ImageObject","inLanguage":"fr-FR","@id":"https:\/\/www.ecinews.fr\/fr\/#\/schema\/logo\/image\/","url":"https:\/\/www.ecinews.fr\/wp-content\/uploads\/2022\/02\/logo-1.jpg","contentUrl":"https:\/\/www.ecinews.fr\/wp-content\/uploads\/2022\/02\/logo-1.jpg","width":283,"height":113,"caption":"EENewsEurope"},"image":{"@id":"https:\/\/www.ecinews.fr\/fr\/#\/schema\/logo\/image\/"}},{"@type":"Person","@id":"https:\/\/www.ecinews.fr\/fr\/#\/schema\/person\/9d52edb517ca8d9017312e8e246b9433","name":"Andre Rousselot","image":{"@type":"ImageObject","inLanguage":"fr-FR","@id":"https:\/\/www.ecinews.fr\/fr\/#\/schema\/person\/image\/8046680f16f52d2ae022297dc9e36ff3","url":"https:\/\/secure.gravatar.com\/avatar\/428720feffa09baddfe5e7cd3f84b526?s=96&d=mm&r=g","contentUrl":"https:\/\/secure.gravatar.com\/avatar\/428720feffa09baddfe5e7cd3f84b526?s=96&d=mm&r=g","caption":"Andre Rousselot"}}]}},"authors":[{"term_id":1144,"user_id":12,"is_guest":0,"slug":"rousselot","display_name":"Andre Rousselot","avatar_url":"https:\/\/secure.gravatar.com\/avatar\/428720feffa09baddfe5e7cd3f84b526?s=96&d=mm&r=g","0":null,"1":"","2":"","3":"","4":"","5":"","6":"","7":"","8":""}],"_links":{"self":[{"href":"https:\/\/www.ecinews.fr\/fr\/wp-json\/wp\/v2\/posts\/53339"}],"collection":[{"href":"https:\/\/www.ecinews.fr\/fr\/wp-json\/wp\/v2\/posts"}],"about":[{"href":"https:\/\/www.ecinews.fr\/fr\/wp-json\/wp\/v2\/types\/post"}],"author":[{"embeddable":true,"href":"https:\/\/www.ecinews.fr\/fr\/wp-json\/wp\/v2\/users\/12"}],"replies":[{"embeddable":true,"href":"https:\/\/www.ecinews.fr\/fr\/wp-json\/wp\/v2\/comments?post=53339"}],"version-history":[{"count":0,"href":"https:\/\/www.ecinews.fr\/fr\/wp-json\/wp\/v2\/posts\/53339\/revisions"}],"wp:featuredmedia":[{"embeddable":true,"href":"https:\/\/www.ecinews.fr\/fr\/wp-json\/wp\/v2\/media\/53340"}],"wp:attachment":[{"href":"https:\/\/www.ecinews.fr\/fr\/wp-json\/wp\/v2\/media?parent=53339"}],"wp:term":[{"taxonomy":"category","embeddable":true,"href":"https:\/\/www.ecinews.fr\/fr\/wp-json\/wp\/v2\/categories?post=53339"},{"taxonomy":"post_tag","embeddable":true,"href":"https:\/\/www.ecinews.fr\/fr\/wp-json\/wp\/v2\/tags?post=53339"},{"taxonomy":"domains","embeddable":true,"href":"https:\/\/www.ecinews.fr\/fr\/wp-json\/wp\/v2\/domains?post=53339"},{"taxonomy":"author","embeddable":true,"href":"https:\/\/www.ecinews.fr\/fr\/wp-json\/wp\/v2\/ppma_author?post=53339"}],"curies":[{"name":"wp","href":"https:\/\/api.w.org\/{rel}","templated":true}]}}