{"id":53155,"date":"2020-06-11T06:32:21","date_gmt":"2020-06-11T06:32:21","guid":{"rendered":"https:\/\/\/linfrastructure-cloud-europeen-est-lancee\/"},"modified":"2020-06-11T06:32:21","modified_gmt":"2020-06-11T06:32:21","slug":"linfrastructure-cloud-europeen-est-lancee","status":"publish","type":"post","link":"https:\/\/www.ecinews.fr\/fr\/linfrastructure-cloud-europeen-est-lancee\/","title":{"rendered":"L&rsquo;infrastructure \u00ab\u00a0cloud europ\u00e9en\u00a0\u00bb est lanc\u00e9e"},"content":{"rendered":"<p>L&rsquo;architecture Gaia-X est fortement ax\u00e9e sur l&rsquo;interop\u00e9rabilit\u00e9 des donn\u00e9es, des services et des infrastructures entre diff\u00e9rents fournisseurs de cloud et centres de donn\u00e9es, selon les standards et les normes europ\u00e9ennes en termes de r\u00e9versibilit\u00e9, respect du RGPD, s\u00e9curit\u00e9&#8230; Cela n\u00e9cessite une infrastructure de communication appropri\u00e9e pour permettre l&rsquo;implantation de cloud hybride et de multi-cloud, venant de fournisseurs offrant des services de r\u00e9seaux et &nbsp;d&rsquo;interconnexion. Une infrastructure de communication permettra des fonctionnalit\u00e9s telles que des groupes d&rsquo;utilisateurs ferm\u00e9s pour des nuages sp\u00e9cifiques au secteur et des garanties de latence et de bande passante qui ne peuvent pas \u00eatre fournies autrement. \u00c0 long terme, les fournisseurs d&rsquo;interconnexion et de r\u00e9seau peuvent apporter des services de bout en bout sur plusieurs r\u00e9seaux dans une infrastructure de communication f\u00e9d\u00e9r\u00e9e et d\u00e9di\u00e9e GAIA-X<\/p>\n<p>Un fournisseur hyperscale comme Amazon Web Services (AWS) pourrait \u00e9galement faire partie de Gaia-X. Par exemple, AWS fournit des donn\u00e9es sous forme crypt\u00e9e \u00e0 l&rsquo;environnement cloud s\u00e9curis\u00e9 par un fournisseur local, dans lequel les donn\u00e9es sont d\u00e9crypt\u00e9es et trait\u00e9es \u00e0 l&rsquo;aide d&rsquo;un algorithme d&rsquo;apprentissage automatique.<\/p>\n<hr \/>\n<p>.La structure de Gaia X se pr\u00e9sentera comme une place de march\u00e9 avec un catalogue d\u2019offres pour stocker et \u00e9changer des donn\u00e9es, de mani\u00e8re \u00e0 r\u00e9duire &nbsp;la d\u00e9pendance \u00e0 l&rsquo;\u00e9gard de quelques services cloud. L&rsquo;un des objectifs du projet Gaia-X est de commencer \u00e0 \u00e9tendre les structures sur le march\u00e9 du cloud, \u00e0 restaurer la souverainet\u00e9 num\u00e9rique des utilisateurs et la confiance dans les infrastructures num\u00e9riques en Allemagne et en Europe. L&rsquo;objectif est d&rsquo;offrir la possibilit\u00e9 d&rsquo;orchestrer les applications cloud entre les fournisseurs et ainsi de combiner les diff\u00e9rentes fonctionnalit\u00e9s des fournisseurs individuellement et de mani\u00e8re appropri\u00e9e. En fin de compte, un syst\u00e8me multi-fournisseurs efficace et puissant devrait \u00eatre cr\u00e9\u00e9, transparent et v\u00e9rifiable.<\/p>\n<p>Bienvenue \u00e0 Gaia X, qui vient compl\u00e9ter le projet&nbsp;fran\u00e7ais de cloud souverain. Rappelons que le march\u00e9 du cloud est aujourd\u2019hui domin\u00e9 par quatre acteurs mondiaux am\u00e9ricains; Microsoft Azure , AWS d\u2019Amazon, Google accompagn\u00e9s par le chinois Alibaba. Or depuis le \u00abCloud Act\u00bb sign\u00e9 en 2018 aux \u00c9tats-Unis , l\u2019administration am\u00e9ricaine peut demander aux entreprises am\u00e9ricaines de livrer les donn\u00e9es de leurs clients, y compris celles stock\u00e9es hors des \u00c9tats-Unis.<\/p>\n<p><a href=\"https:\/\/www.data-infrastructure.eu\/GAIAX\/Navigation\/EN\/Home\/home.html\">Gaia X<\/a><\/p>\n<p><strong>Lire aussi:<\/strong><\/p>\n<p><a href=\"https:\/\/www.electronique-eci.com\/news\/leurope-veut-developper-des-supercalculateurs-exascale-open-source\">L&rsquo;Europe veut d\u00e9velopper des supercalculateurs exascale open source<\/a><\/p>\n<p><a href=\"https:\/\/www.electronique-eci.com\/news\/sipearl-paris-obtient-eu62m-de-leurope-pour-ses-mpu-exascale\">SiPearl, Paris obtient \u20ac6.2m de l&rsquo;Europe pour ses MPU exascale<\/a><\/p>\n<p><a href=\"https:\/\/www.electronique-eci.com\/news\/kalray-partenaire-et-fournisseur-dune-technologie-cle-du-processeur-europeen-epi\">Initiative de Processeur europ\u00e9en EPI: d\u00e9j\u00e0 les premiers r\u00e9sultats<\/a><\/p>\n<p><a href=\"https:\/\/www.electronique-eci.com\/news\/kalray-partenaire-et-fournisseur-dune-technologie-cle-du-processeur-europeen-epi\">Kalray partenaire et fournisseur d\u2019une technologie cl\u00e9 du processeur europ\u00e9en EPI <\/a><\/p>\n<div class=\"field field-name-body field-type-text-with-summary field-label-hidden\">\n<div class=\"field-items\">\n<div class=\"field-item even\">\n<p><a href=\"https:\/\/www.electronique-eci.com\/news\/kalray-partenaire-et-fournisseur-dune-technologie-cle-du-processeur-europeen-epi\">Avec EPI, l&rsquo;Europe cherche l&rsquo;ind\u00e9pendance pour ses syst\u00e8mes exascale <\/a><\/p>\n<\/div>\n<\/div>\n<\/div>\n","protected":false},"excerpt":{"rendered":"<p>La France et l\u2019Allemagne donnent le coup d\u2019envoi de Gaia-X,\u00a0 le projet de \u00absuper-cloud\u00bb europ\u00e9en, port\u00e9 par 11 entreprises de chaque pays. Gaia-X offrira une alternative cr\u00e9dible pour que les entreprises europ\u00e9ennes puissent retrouver la souverainet\u00e9 de leurs donn\u00e9es.<\/p>\n","protected":false},"author":11,"featured_media":53156,"comment_status":"closed","ping_status":"closed","sticky":false,"template":"","format":"standard","meta":{"_acf_changed":false,"footnotes":""},"categories":[],"tags":[],"domains":[47],"ppma_author":[1143],"class_list":["post-53155","post","type-post","status-publish","format-standard","has-post-thumbnail","hentry","domains-electronique-eci"],"acf":[],"yoast_head":"<title>L&#039;infrastructure &quot;cloud europ\u00e9en&quot; est lanc\u00e9e ...<\/title>\n<meta name=\"description\" content=\"La France et l\u2019Allemagne donnent le coup d\u2019envoi de Gaia-X,\u00a0 le projet de \u00absuper-cloud\u00bb europ\u00e9en, port\u00e9 par 11 entreprises de chaque pays. Gaia-X...\" \/>\n<meta name=\"robots\" content=\"index, follow, max-snippet:-1, max-image-preview:large, max-video-preview:-1\" \/>\n<link rel=\"canonical\" href=\"https:\/\/www.ecinews.fr\/fr\/wp-json\/wp\/v2\/posts\/53155\/\" \/>\n<meta property=\"og:locale\" content=\"fr_FR\" \/>\n<meta property=\"og:type\" content=\"article\" \/>\n<meta property=\"og:title\" content=\"L&#039;infrastructure &quot;cloud europ\u00e9en&quot; est lanc\u00e9e\" \/>\n<meta property=\"og:description\" content=\"La France et l\u2019Allemagne donnent le coup d\u2019envoi de Gaia-X,\u00a0 le projet de \u00absuper-cloud\u00bb europ\u00e9en, port\u00e9 par 11 entreprises de chaque pays. Gaia-X offrira une alternative cr\u00e9dible pour que les entreprises europ\u00e9ennes puissent retrouver la souverainet\u00e9 de leurs donn\u00e9es.\" \/>\n<meta property=\"og:url\" content=\"https:\/\/www.ecinews.fr\/fr\/wp-json\/wp\/v2\/posts\/53155\/\" \/>\n<meta property=\"og:site_name\" content=\"EENewsEurope\" \/>\n<meta property=\"article:published_time\" content=\"2020-06-11T06:32:21+00:00\" \/>\n<meta property=\"og:image\" content=\"https:\/\/www.ecinews.fr\/wp-content\/uploads\/import\/default\/files\/sites\/default\/files\/images\/europe.jpg\" \/>\n\t<meta property=\"og:image:width\" content=\"550\" \/>\n\t<meta property=\"og:image:height\" content=\"320\" \/>\n\t<meta property=\"og:image:type\" content=\"image\/jpeg\" \/>\n<meta name=\"author\" content=\"Daniel Cardon\" \/>\n<meta name=\"twitter:card\" content=\"summary_large_image\" \/>\n<meta name=\"twitter:label1\" content=\"Written by\" \/>\n\t<meta name=\"twitter:data1\" content=\"Daniel Cardon\" \/>\n\t<meta name=\"twitter:label2\" content=\"Est. reading time\" \/>\n\t<meta name=\"twitter:data2\" content=\"2 minutes\" \/>\n<script type=\"application\/ld+json\" class=\"yoast-schema-graph\">{\"@context\":\"https:\/\/schema.org\",\"@graph\":[{\"@type\":\"Article\",\"@id\":\"https:\/\/www.ecinews.fr\/fr\/linfrastructure-cloud-europeen-est-lancee\/#article\",\"isPartOf\":{\"@id\":\"https:\/\/www.ecinews.fr\/fr\/linfrastructure-cloud-europeen-est-lancee\/\"},\"author\":{\"name\":\"Daniel Cardon\",\"@id\":\"https:\/\/www.ecinews.fr\/fr\/#\/schema\/person\/93c44cde463762f40a8236eaa44c1c17\"},\"headline\":\"L&rsquo;infrastructure \u00ab\u00a0cloud europ\u00e9en\u00a0\u00bb est lanc\u00e9e\",\"datePublished\":\"2020-06-11T06:32:21+00:00\",\"dateModified\":\"2020-06-11T06:32:21+00:00\",\"mainEntityOfPage\":{\"@id\":\"https:\/\/www.ecinews.fr\/fr\/linfrastructure-cloud-europeen-est-lancee\/\"},\"wordCount\":487,\"publisher\":{\"@id\":\"https:\/\/www.ecinews.fr\/fr\/#organization\"},\"inLanguage\":\"fr-FR\"},{\"@type\":\"WebPage\",\"@id\":\"https:\/\/www.ecinews.fr\/fr\/linfrastructure-cloud-europeen-est-lancee\/\",\"url\":\"https:\/\/www.ecinews.fr\/fr\/linfrastructure-cloud-europeen-est-lancee\/\",\"name\":\"L'infrastructure \\\"cloud europ\u00e9en\\\" est lanc\u00e9e -\",\"isPartOf\":{\"@id\":\"https:\/\/www.ecinews.fr\/fr\/#website\"},\"datePublished\":\"2020-06-11T06:32:21+00:00\",\"dateModified\":\"2020-06-11T06:32:21+00:00\",\"breadcrumb\":{\"@id\":\"https:\/\/www.ecinews.fr\/fr\/linfrastructure-cloud-europeen-est-lancee\/#breadcrumb\"},\"inLanguage\":\"fr-FR\",\"potentialAction\":[{\"@type\":\"ReadAction\",\"target\":[\"https:\/\/www.ecinews.fr\/fr\/linfrastructure-cloud-europeen-est-lancee\/\"]}]},{\"@type\":\"BreadcrumbList\",\"@id\":\"https:\/\/www.ecinews.fr\/fr\/linfrastructure-cloud-europeen-est-lancee\/#breadcrumb\",\"itemListElement\":[{\"@type\":\"ListItem\",\"position\":1,\"name\":\"Home\",\"item\":\"https:\/\/www.ecinews.fr\/fr\/\"},{\"@type\":\"ListItem\",\"position\":2,\"name\":\"L&rsquo;infrastructure \u00ab\u00a0cloud europ\u00e9en\u00a0\u00bb est lanc\u00e9e\"}]},{\"@type\":\"WebSite\",\"@id\":\"https:\/\/www.ecinews.fr\/fr\/#website\",\"url\":\"https:\/\/www.ecinews.fr\/fr\/\",\"name\":\"EENewsEurope\",\"description\":\"Just another WordPress site\",\"publisher\":{\"@id\":\"https:\/\/www.ecinews.fr\/fr\/#organization\"},\"potentialAction\":[{\"@type\":\"SearchAction\",\"target\":{\"@type\":\"EntryPoint\",\"urlTemplate\":\"https:\/\/www.ecinews.fr\/fr\/?s={search_term_string}\"},\"query-input\":\"required name=search_term_string\"}],\"inLanguage\":\"fr-FR\"},{\"@type\":\"Organization\",\"@id\":\"https:\/\/www.ecinews.fr\/fr\/#organization\",\"name\":\"EENewsEurope\",\"url\":\"https:\/\/www.ecinews.fr\/fr\/\",\"logo\":{\"@type\":\"ImageObject\",\"inLanguage\":\"fr-FR\",\"@id\":\"https:\/\/www.ecinews.fr\/fr\/#\/schema\/logo\/image\/\",\"url\":\"https:\/\/www.ecinews.fr\/wp-content\/uploads\/2022\/02\/logo-1.jpg\",\"contentUrl\":\"https:\/\/www.ecinews.fr\/wp-content\/uploads\/2022\/02\/logo-1.jpg\",\"width\":283,\"height\":113,\"caption\":\"EENewsEurope\"},\"image\":{\"@id\":\"https:\/\/www.ecinews.fr\/fr\/#\/schema\/logo\/image\/\"}},{\"@type\":\"Person\",\"@id\":\"https:\/\/www.ecinews.fr\/fr\/#\/schema\/person\/93c44cde463762f40a8236eaa44c1c17\",\"name\":\"Daniel Cardon\",\"image\":{\"@type\":\"ImageObject\",\"inLanguage\":\"fr-FR\",\"@id\":\"https:\/\/www.ecinews.fr\/fr\/#\/schema\/person\/image\/2b243f6bcc1cff7d86aadfb2cd0bd870\",\"url\":\"https:\/\/secure.gravatar.com\/avatar\/de9edc136dfc061ad4778e04635baefa?s=96&d=mm&r=g\",\"contentUrl\":\"https:\/\/secure.gravatar.com\/avatar\/de9edc136dfc061ad4778e04635baefa?s=96&d=mm&r=g\",\"caption\":\"Daniel Cardon\"}}]}<\/script>","yoast_head_json":{"title":"L'infrastructure \"cloud europ\u00e9en\" est lanc\u00e9e ...","description":"La France et l\u2019Allemagne donnent le coup d\u2019envoi de Gaia-X,\u00a0 le projet de \u00absuper-cloud\u00bb europ\u00e9en, port\u00e9 par 11 entreprises de chaque pays. Gaia-X...","robots":{"index":"index","follow":"follow","max-snippet":"max-snippet:-1","max-image-preview":"max-image-preview:large","max-video-preview":"max-video-preview:-1"},"canonical":"https:\/\/www.ecinews.fr\/fr\/wp-json\/wp\/v2\/posts\/53155\/","og_locale":"fr_FR","og_type":"article","og_title":"L'infrastructure \"cloud europ\u00e9en\" est lanc\u00e9e","og_description":"La France et l\u2019Allemagne donnent le coup d\u2019envoi de Gaia-X,\u00a0 le projet de \u00absuper-cloud\u00bb europ\u00e9en, port\u00e9 par 11 entreprises de chaque pays. Gaia-X offrira une alternative cr\u00e9dible pour que les entreprises europ\u00e9ennes puissent retrouver la souverainet\u00e9 de leurs donn\u00e9es.","og_url":"https:\/\/www.ecinews.fr\/fr\/wp-json\/wp\/v2\/posts\/53155\/","og_site_name":"EENewsEurope","article_published_time":"2020-06-11T06:32:21+00:00","og_image":[{"width":550,"height":320,"url":"https:\/\/www.ecinews.fr\/wp-content\/uploads\/import\/default\/files\/sites\/default\/files\/images\/europe.jpg","type":"image\/jpeg"}],"author":"Daniel Cardon","twitter_card":"summary_large_image","twitter_misc":{"Written by":"Daniel Cardon","Est. reading time":"2 minutes"},"schema":{"@context":"https:\/\/schema.org","@graph":[{"@type":"Article","@id":"https:\/\/www.ecinews.fr\/fr\/linfrastructure-cloud-europeen-est-lancee\/#article","isPartOf":{"@id":"https:\/\/www.ecinews.fr\/fr\/linfrastructure-cloud-europeen-est-lancee\/"},"author":{"name":"Daniel Cardon","@id":"https:\/\/www.ecinews.fr\/fr\/#\/schema\/person\/93c44cde463762f40a8236eaa44c1c17"},"headline":"L&rsquo;infrastructure \u00ab\u00a0cloud europ\u00e9en\u00a0\u00bb est lanc\u00e9e","datePublished":"2020-06-11T06:32:21+00:00","dateModified":"2020-06-11T06:32:21+00:00","mainEntityOfPage":{"@id":"https:\/\/www.ecinews.fr\/fr\/linfrastructure-cloud-europeen-est-lancee\/"},"wordCount":487,"publisher":{"@id":"https:\/\/www.ecinews.fr\/fr\/#organization"},"inLanguage":"fr-FR"},{"@type":"WebPage","@id":"https:\/\/www.ecinews.fr\/fr\/linfrastructure-cloud-europeen-est-lancee\/","url":"https:\/\/www.ecinews.fr\/fr\/linfrastructure-cloud-europeen-est-lancee\/","name":"L'infrastructure \"cloud europ\u00e9en\" est lanc\u00e9e -","isPartOf":{"@id":"https:\/\/www.ecinews.fr\/fr\/#website"},"datePublished":"2020-06-11T06:32:21+00:00","dateModified":"2020-06-11T06:32:21+00:00","breadcrumb":{"@id":"https:\/\/www.ecinews.fr\/fr\/linfrastructure-cloud-europeen-est-lancee\/#breadcrumb"},"inLanguage":"fr-FR","potentialAction":[{"@type":"ReadAction","target":["https:\/\/www.ecinews.fr\/fr\/linfrastructure-cloud-europeen-est-lancee\/"]}]},{"@type":"BreadcrumbList","@id":"https:\/\/www.ecinews.fr\/fr\/linfrastructure-cloud-europeen-est-lancee\/#breadcrumb","itemListElement":[{"@type":"ListItem","position":1,"name":"Home","item":"https:\/\/www.ecinews.fr\/fr\/"},{"@type":"ListItem","position":2,"name":"L&rsquo;infrastructure \u00ab\u00a0cloud europ\u00e9en\u00a0\u00bb est lanc\u00e9e"}]},{"@type":"WebSite","@id":"https:\/\/www.ecinews.fr\/fr\/#website","url":"https:\/\/www.ecinews.fr\/fr\/","name":"EENewsEurope","description":"Just another WordPress site","publisher":{"@id":"https:\/\/www.ecinews.fr\/fr\/#organization"},"potentialAction":[{"@type":"SearchAction","target":{"@type":"EntryPoint","urlTemplate":"https:\/\/www.ecinews.fr\/fr\/?s={search_term_string}"},"query-input":"required name=search_term_string"}],"inLanguage":"fr-FR"},{"@type":"Organization","@id":"https:\/\/www.ecinews.fr\/fr\/#organization","name":"EENewsEurope","url":"https:\/\/www.ecinews.fr\/fr\/","logo":{"@type":"ImageObject","inLanguage":"fr-FR","@id":"https:\/\/www.ecinews.fr\/fr\/#\/schema\/logo\/image\/","url":"https:\/\/www.ecinews.fr\/wp-content\/uploads\/2022\/02\/logo-1.jpg","contentUrl":"https:\/\/www.ecinews.fr\/wp-content\/uploads\/2022\/02\/logo-1.jpg","width":283,"height":113,"caption":"EENewsEurope"},"image":{"@id":"https:\/\/www.ecinews.fr\/fr\/#\/schema\/logo\/image\/"}},{"@type":"Person","@id":"https:\/\/www.ecinews.fr\/fr\/#\/schema\/person\/93c44cde463762f40a8236eaa44c1c17","name":"Daniel Cardon","image":{"@type":"ImageObject","inLanguage":"fr-FR","@id":"https:\/\/www.ecinews.fr\/fr\/#\/schema\/person\/image\/2b243f6bcc1cff7d86aadfb2cd0bd870","url":"https:\/\/secure.gravatar.com\/avatar\/de9edc136dfc061ad4778e04635baefa?s=96&d=mm&r=g","contentUrl":"https:\/\/secure.gravatar.com\/avatar\/de9edc136dfc061ad4778e04635baefa?s=96&d=mm&r=g","caption":"Daniel Cardon"}}]}},"authors":[{"term_id":1143,"user_id":11,"is_guest":0,"slug":"danielcardon","display_name":"Daniel Cardon","avatar_url":"https:\/\/secure.gravatar.com\/avatar\/de9edc136dfc061ad4778e04635baefa?s=96&d=mm&r=g","0":null,"1":"","2":"","3":"","4":"","5":"","6":"","7":"","8":""}],"_links":{"self":[{"href":"https:\/\/www.ecinews.fr\/fr\/wp-json\/wp\/v2\/posts\/53155"}],"collection":[{"href":"https:\/\/www.ecinews.fr\/fr\/wp-json\/wp\/v2\/posts"}],"about":[{"href":"https:\/\/www.ecinews.fr\/fr\/wp-json\/wp\/v2\/types\/post"}],"author":[{"embeddable":true,"href":"https:\/\/www.ecinews.fr\/fr\/wp-json\/wp\/v2\/users\/11"}],"replies":[{"embeddable":true,"href":"https:\/\/www.ecinews.fr\/fr\/wp-json\/wp\/v2\/comments?post=53155"}],"version-history":[{"count":0,"href":"https:\/\/www.ecinews.fr\/fr\/wp-json\/wp\/v2\/posts\/53155\/revisions"}],"wp:featuredmedia":[{"embeddable":true,"href":"https:\/\/www.ecinews.fr\/fr\/wp-json\/wp\/v2\/media\/53156"}],"wp:attachment":[{"href":"https:\/\/www.ecinews.fr\/fr\/wp-json\/wp\/v2\/media?parent=53155"}],"wp:term":[{"taxonomy":"category","embeddable":true,"href":"https:\/\/www.ecinews.fr\/fr\/wp-json\/wp\/v2\/categories?post=53155"},{"taxonomy":"post_tag","embeddable":true,"href":"https:\/\/www.ecinews.fr\/fr\/wp-json\/wp\/v2\/tags?post=53155"},{"taxonomy":"domains","embeddable":true,"href":"https:\/\/www.ecinews.fr\/fr\/wp-json\/wp\/v2\/domains?post=53155"},{"taxonomy":"author","embeddable":true,"href":"https:\/\/www.ecinews.fr\/fr\/wp-json\/wp\/v2\/ppma_author?post=53155"}],"curies":[{"name":"wp","href":"https:\/\/api.w.org\/{rel}","templated":true}]}}