{"id":5313,"date":"2021-08-26T15:47:45","date_gmt":"2021-08-26T15:47:45","guid":{"rendered":"https:\/\/\/intel-change-larchitecture-de-ses-cpus-avec-alder-lake\/"},"modified":"2021-08-26T15:47:45","modified_gmt":"2021-08-26T15:47:45","slug":"intel-change-larchitecture-de-ses-cpus-avec-alder-lake","status":"publish","type":"post","link":"https:\/\/www.ecinews.fr\/fr\/intel-change-larchitecture-de-ses-cpus-avec-alder-lake\/","title":{"rendered":"Intel change l&rsquo;architecture de ses CPUs avec Alder Lake"},"content":{"rendered":"<p>Le CPU d&rsquo;ordinateur&nbsp;de bureau de nouvelle g\u00e9n\u00e9ration d&rsquo;Intel, nomm\u00e9&nbsp;Alder Lake, est la premi\u00e8re architecture hybride de l&rsquo;entreprise \u00e0 int\u00e9grer deux types de c\u0153urs&nbsp;: un&nbsp;c\u0153ur pour la performance et un c\u0153ur pour l&rsquo;efficacit\u00e9. Ceci est similaire \u00e0 l&rsquo;approche big.little d&rsquo;ARM qui utilisait un petit c\u0153ur optimis\u00e9 pour une faible consommation d&rsquo;\u00e9nergie avec des performances inf\u00e9rieures aux c\u00f4t\u00e9s d&rsquo;un c\u0153ur plus grand et plus performant. Les deux c\u0153urs pourraient ex\u00e9cuter le m\u00eame code en fonction du contexte, \u00e9vitant ainsi les probl\u00e8mes d&rsquo;avoir un planificateur pour allouer des t\u00e2ches \u00e0 plusieurs c\u0153urs. Cela a traditionnellement \u00e9t\u00e9 un facteur limitant pour les performances au niveau du syst\u00e8me des conceptions de puces multic\u0153urs.<\/p>\n<p>L&rsquo;approche hybride d&rsquo;Intel est bas\u00e9e sur des threads, avec un directeur de thread. Il s&rsquo;agit d&rsquo;une technologie de planification am\u00e9lior\u00e9e qui ajoute plus de surveillance du c\u0153ur pour d\u00e9terminer le contexte. Intel esp\u00e8re que cette surveillance accrue combin\u00e9e \u00e0 l&rsquo;approche des threads et \u00e0 trois structures ind\u00e9pendantes \u00e9vitera le risque de goulot d&rsquo;\u00e9tranglement des performances. La structure de calcul peut prendre en charge jusqu&rsquo;\u00e0 1 To\/s, soit 100 Go\/s par c\u0153ur ou par cluster et connecte les c\u0153urs et les graphiques via le cache de dernier niveau \u00e0 la m\u00e9moire. Cette stucture&nbsp;a une plage de fr\u00e9quences dynamique \u00e9lev\u00e9e et est capable de s\u00e9lectionner dynamiquement le chemin de donn\u00e9es pour l&rsquo;optimisation de la latence par rapport \u00e0 la bande passante en fonction des charges r\u00e9elles. Cela&nbsp;ajuste \u00e9galement dynamiquement la politique de cache de dernier niveau pour qu&rsquo;elle soit inclusive ou non-inclusive en fonction de l&rsquo;utilisation.<\/p>\n<p><strong>Related ARM big.little articles <\/strong><\/p>\n<ul>\n<li><a href=\"https:\/\/www.eenewseurope.com\/news\/multicore-takes-new-direction\">Multicore takes a new direction<\/a><\/li>\n<li><a href=\"https:\/\/www.ecinews.fr\/news\/nvidia-et-amd-progressent-de-50-sur-un\">Nvidia et AMD progressent de 50% sur un an<\/a><\/li>\n<li><a href=\"https:\/\/www.ecinews.fr\/news\/puce-ai-avec-traitement-de-maillages-3d-integre\">Puce AI avec traitement de maillages 3D int\u00e9gr\u00e9<\/a><\/li>\n<li><a href=\"https:\/\/www.eenewseurope.com\/news\/biglittle-moves-embedded\">Big.LITTLE moves into embedded<\/a><\/li>\n<li><a href=\"https:\/\/www.eenewseurope.com\/news\/apple-describes-7nm-a12-bionic-chip-0\">Apple describes 7nm A12 bionic chip<\/a><\/li>\n<li><a href=\"https:\/\/www.eenewseurope.com\/news\/arm-boost-processor-performance-50x-new-ai-instructions\">ARM to boost processor performance by 50x with new AI<\/a><\/li>\n<\/ul>\n<p>La matrice d&rsquo;E\/S prend en charge jusqu&rsquo;\u00e0 64 Go\/s, connectant les diff\u00e9rents types d&rsquo;E\/S ainsi que les p\u00e9riph\u00e9riques internes et peut changer de vitesse de mani\u00e8re transparente sans interf\u00e9rer avec le fonctionnement normal d&rsquo;un p\u00e9riph\u00e9rique, en s\u00e9lectionnant la vitesse de la matrice pour correspondre \u00e0 la quantit\u00e9 requise de transfert de donn\u00e9es. La structure de m\u00e9moire peut fournir jusqu&rsquo;\u00e0 204 Go\/s de donn\u00e9es et adapter dynamiquement la largeur et la vitesse de son bus pour supporter&nbsp;plusieurs points de fonctionnement pour une bande passante \u00e9lev\u00e9e, une faible latence ou une faible consommation.<\/p>\n<p>Ces matrices&nbsp;connectent les diff\u00e9rents types de c\u0153urs de processeur, contr\u00f4l\u00e9s par le Thread Director. Ceci est int\u00e9gr\u00e9 directement dans le mat\u00e9riel et fournit une t\u00e9l\u00e9m\u00e9trie de bas niveau sur l&rsquo;\u00e9tat du c\u0153ur et le mix&nbsp;d&rsquo;instructions du thread. Thread&nbsp;Director est dynamique et adaptatif, adaptant les d\u00e9cisions de planification aux besoins de calcul en temps r\u00e9el plut\u00f4t que d&rsquo;utiliser des r\u00e8gles statiques simples d\u00e9termin\u00e9es au moment de la compilation, ce qui permet au syst\u00e8me d&rsquo;exploitation de placer le bon thread sur le bon c\u0153ur au bon moment.<\/p>\n<p>Traditionnellement, le syst\u00e8me d&rsquo;exploitation prenait des d\u00e9cisions en fonction de&nbsp;statistiques disponibles limit\u00e9es, telles que les t\u00e2ches de premier plan et d&rsquo;arri\u00e8re-plan. Thread Director utilise la t\u00e9l\u00e9m\u00e9trie mat\u00e9rielle pour diriger les threads qui n\u00e9cessitent des performances plus \u00e9lev\u00e9es vers le bon c\u0153ur de performances \u00e0 ce moment-l\u00e0. En surveillant le mix&nbsp;d&rsquo;instructions, l&rsquo;\u00e9tat du c\u0153ur et d&rsquo;autres t\u00e9l\u00e9m\u00e9tries de microarchitecture pertinentes \u00e0 un niveau granulaire, le syst\u00e8me d&rsquo;exploitation peut prendre des d\u00e9cisions de planification plus intelligentes<\/p>\n<p>Intel a \u00e9galement \u00e9tendu l&rsquo;API \u00ab&nbsp;PowerThrottling&nbsp;\u00bb, avec une classification EcoQoS qui informe le planificateur si le thread pr\u00e9f\u00e8re l&rsquo;efficacit\u00e9 \u00e9nerg\u00e9tique pour planifier les threads sur des c\u0153urs efficaces plut\u00f4t que sur les c\u0153urs de performance.<\/p>\n<p><strong>Suivant: c\u0153ur&nbsp;efficace vs c\u0153ur de performance<\/strong>&nbsp;<\/p>\n<p><strong>&nbsp;<\/strong><\/p>\n<hr \/>\n<p><strong>Efficient core<\/strong><\/p>\n<p>La microarchitecture Efficient-core, pr\u00e9c\u00e9demment nomm\u00e9e \u00ab Gracemont \u00bb, est con\u00e7ue pour une efficacit\u00e9 de d\u00e9bit, permettant des performances multithread \u00e9volutives pour le multit\u00e2che moderne. Il s&rsquo;agit de la microarchitecture x86 la plus efficace d&rsquo;Intel avec une cible de zone de silicium agressive afin que les charges de travail multic\u0153urs puissent \u00e9voluer avec le nombre de c\u0153urs avec une large plage de fr\u00e9quences. Cela peut fonctionner \u00e0 une tension inf\u00e9rieure pour r\u00e9duire la consommation d&rsquo;\u00e9nergie globale, tout en cr\u00e9ant la marge de puissance n\u00e9cessaire pour fonctionner \u00e0 des fr\u00e9quences plus \u00e9lev\u00e9es. Cela permet \u00e0 l&rsquo;Efficient-core d&rsquo;augmenter les performances en cas de besoin.<\/p>\n<p>L&rsquo;architecture comprend un cache cible dot\u00e9 de 5 000 entr\u00e9es de branches qui se traduit par une pr\u00e9diction d&#8217;embranchements plus pr\u00e9cise et un cache d&rsquo;instructions plus grand de 64 kilo-octets pour garder les instructions utiles \u00e0 proximit\u00e9 sans \u00e9puiser la puissance du sous-syst\u00e8me de m\u00e9moire. C&rsquo;est le premier d\u00e9codeur de longueur d&rsquo;instruction \u00e0 la demande d&rsquo;Intel qui g\u00e9n\u00e8re des informations de pr\u00e9-d\u00e9codage.<\/p>\n<p>Un d\u00e9codeur&nbsp;group\u00e9 \u00ab\u00a0out of order\u00a0\u00bb permet de d\u00e9coder jusqu&rsquo;\u00e0 six instructions par cycle tout en maintenant l&rsquo;efficacit\u00e9 \u00e9nerg\u00e9tique et un large back-end avec une allocation sur cinq largeurs et un retrait&nbsp;sur huit largeurs, une fen\u00eatre de 256 entr\u00e9es \u00ab\u00a0out of order\u00a0\u00bb&nbsp;et 17 ports d&rsquo;ex\u00e9cution<\/p>\n<p>Cela donne une augmentation de 40 pour cent des performances pour un&nbsp;thread unique par rapport au c\u0153ur du processeur Skylake pr\u00e9c\u00e9dent, tout en consommant moins de 40 pour cent de la puissance. Quatre c\u0153urs Efficient-core offrent 80 % de performances en plus tout en consommant moins d&rsquo;\u00e9nergie que deux c\u0153urs Skylake ex\u00e9cutant quatre threads ou les m\u00eames performances de d\u00e9bit tout en consommant 80 % d&rsquo;\u00e9nergie en moins<\/p>\n<p>&nbsp;<\/p>\n<p><strong>Performance core<\/strong><\/p>\n<p>Le c\u0153ur Performance-core pr\u00e9c\u00e9demment nomm\u00e9 \u00ab\u00a0Golden Cove\u00a0\u00bb est con\u00e7u pour une latence plus faible dans l&rsquo;ex\u00e9cution des instructions. Les six d\u00e9codeurs d&rsquo;instructions (au lieu de quatre) ont un cache micro-op\u00e9rande (\u00b5op) de huit largeurs (au lieu de six) et 12 ports d&rsquo;ex\u00e9cution (au lieu de 10). Ceci est support\u00e9&nbsp;par des fichiers de registre physique plus volumineux avec un buffer&nbsp;de r\u00e9organisation plus profond avec 512 entr\u00e9es. Un algorithme de pr\u00e9diction de branchement am\u00e9lior\u00e9 r\u00e9duit la latence effective L1 ; optimisations de bande passante pr\u00e9dictive en \u00e9criture compl\u00e8te dans le cache L2.<\/p>\n<p>Tout cela offre une am\u00e9lioration de 19% des performances sur une large gamme de charges de travail par rapport \u00e0 l&rsquo;architecture actuelle du processeur Intel Core de 11e g\u00e9n\u00e9ration (Cypress Cove).<\/p>\n<p>Des extensions matricielles avanc\u00e9es ont \u00e9t\u00e9 ajout\u00e9es pour am\u00e9liorer davantage les performances de l&rsquo;IA pour l&rsquo;inf\u00e9rence d&rsquo;apprentissage en profondeur et les performances d&rsquo;apprentissage. Cela inclut du mat\u00e9riel d\u00e9di\u00e9 et une nouvelle architecture de jeu d&rsquo;instructions pour effectuer des op\u00e9rations de multiplication matricielle beaucoup plus rapidement avec une latence plus faible et une prise en charge accrue des applications de donn\u00e9es volumineuses et de code \u00e0 grande empreinte.<\/p>\n<p><strong>architecture SoC<\/strong><\/p>\n<p>Tout cela est r\u00e9uni dans une architecture de syst\u00e8me sur puce (SoC) avec trois points de conception cl\u00e9s<\/p>\n<p>Le premier est un CPU pour ordinateur de bureau \u00e0 deux puces \u00e0 performances maximales optimis\u00e9 pour les performances, l&rsquo;efficacit\u00e9 \u00e9nerg\u00e9tique, la m\u00e9moire et les E\/S<\/p>\n<p>Le second est un CPU pour mobiles en package BGA hautes performances qui ajoute l&rsquo;imagerie, des graphiques Xe plus grands et une connectivit\u00e9 Thunderbolt 4<\/p>\n<p>Le troisi\u00e8me est un bo\u00eetier mince, \u00e0 faible consommation d&rsquo;\u00e9nergie et \u00e0 haute densit\u00e9 avec des E\/S optimis\u00e9es et une alimentation \u00e9lectrique pour les ordinateurs portables ultra-mobiles.<\/p>\n<p><strong>Lire aussi:<\/strong><\/p>\n<p><a href=\"https:\/\/www.ecinews.fr\/news\/intel-lance-un-gpu-avec-100-milliards-de-transistors\">Intel lance un GPU avec 100 milliards de transistors<\/a><\/p>\n<p><a href=\"https:\/\/www.ecinews.fr\/news\/intel-et-synopsys-en-route-vers-une-collision-frontale-sur-arc\">Intel et Synopsys en route vers une collision frontale sur ARC ?<\/a><\/p>\n<p><a href=\"http:\/\/www.intel.com\">www.intel.com<\/a><\/p>\n<p><strong>Related articles <\/strong><\/p>\n<ul>\n<li><a href=\"https:\/\/www.eenewseurope.com\/news\/intel-charts-path-1nm-video\">Intel charts path to 1nm &#8211; video<\/a><\/li>\n<li><a href=\"https:\/\/www.eenewseurope.com\/news\/intel-re-label-chip-process-nodes\">Intel plans to re-label chip process nodes<\/a><\/li>\n<li><a href=\"https:\/\/www.eenewseurope.com\/news\/apple-and-intel-get-first-3nm-chips-tsmc-0\">Apple and Intel to get first 3nm chips from TSMC<\/a><\/li>\n<\/ul>\n<p>&nbsp;<\/p>\n","protected":false},"excerpt":{"rendered":"<p>Intel a r\u00e9v\u00e9l\u00e9 un changement radical dans son architecture de CPU \u00e0 usage g\u00e9n\u00e9ral avec une version de l&rsquo;approche big.little adopt\u00e9e par ARM il y a dix ans. <\/p>\n","protected":false},"author":7,"featured_media":5314,"comment_status":"open","ping_status":"closed","sticky":false,"template":"","format":"standard","meta":{"_acf_changed":false,"footnotes":""},"categories":[883],"tags":[920,903,905,906],"domains":[47],"ppma_author":[1139],"class_list":["post-5313","post","type-post","status-publish","format-standard","has-post-thumbnail","hentry","category-technologies","tag-artificialintelligence-fr","tag-interconnect-cables-fr","tag-memory-data-storage-fr","tag-mpus-mcus-fr","domains-electronique-eci"],"acf":[],"yoast_head":"<title>Intel change l&#039;architecture de ses CPUs avec Alder Lake ...<\/title>\n<meta name=\"description\" content=\"Intel a r\u00e9v\u00e9l\u00e9 un changement radical dans son architecture de CPU \u00e0 usage g\u00e9n\u00e9ral avec une version de l&#039;approche big.little adopt\u00e9e par ARM il y a dix...\" \/>\n<meta name=\"robots\" content=\"index, follow, max-snippet:-1, max-image-preview:large, max-video-preview:-1\" \/>\n<link rel=\"canonical\" href=\"https:\/\/www.ecinews.fr\/fr\/wp-json\/wp\/v2\/posts\/5313\/\" \/>\n<meta property=\"og:locale\" content=\"fr_FR\" \/>\n<meta property=\"og:type\" content=\"article\" \/>\n<meta property=\"og:title\" content=\"Intel change l&#039;architecture de ses CPUs avec Alder Lake\" \/>\n<meta property=\"og:description\" content=\"Intel a r\u00e9v\u00e9l\u00e9 un changement radical dans son architecture de CPU \u00e0 usage g\u00e9n\u00e9ral avec une version de l&#039;approche big.little adopt\u00e9e par ARM il y a dix ans.\" \/>\n<meta property=\"og:url\" content=\"https:\/\/www.ecinews.fr\/fr\/wp-json\/wp\/v2\/posts\/5313\/\" \/>\n<meta property=\"og:site_name\" content=\"EENewsEurope\" \/>\n<meta property=\"article:published_time\" content=\"2021-08-26T15:47:45+00:00\" \/>\n<meta property=\"og:image\" content=\"https:\/\/www.ecinews.fr\/wp-content\/uploads\/import\/default\/files\/sites\/default\/files\/images\/intel-alder-lake.png\" \/>\n\t<meta property=\"og:image:width\" content=\"1200\" \/>\n\t<meta property=\"og:image:height\" content=\"654\" \/>\n\t<meta property=\"og:image:type\" content=\"image\/png\" \/>\n<meta name=\"author\" content=\"Wisse Hettinga\" \/>\n<meta name=\"twitter:card\" content=\"summary_large_image\" \/>\n<meta name=\"twitter:label1\" content=\"Written by\" \/>\n\t<meta name=\"twitter:data1\" content=\"Wisse Hettinga\" \/>\n\t<meta name=\"twitter:label2\" content=\"Est. reading time\" \/>\n\t<meta name=\"twitter:data2\" content=\"7 minutes\" \/>\n<script type=\"application\/ld+json\" class=\"yoast-schema-graph\">{\"@context\":\"https:\/\/schema.org\",\"@graph\":[{\"@type\":\"Article\",\"@id\":\"https:\/\/www.ecinews.fr\/fr\/intel-change-larchitecture-de-ses-cpus-avec-alder-lake\/#article\",\"isPartOf\":{\"@id\":\"https:\/\/www.ecinews.fr\/fr\/intel-change-larchitecture-de-ses-cpus-avec-alder-lake\/\"},\"author\":{\"name\":\"Wisse Hettinga\",\"@id\":\"https:\/\/www.eenewseurope.com\/en\/#\/schema\/person\/c6b626c6c65f5e1e7794ce2d17b2ca82\"},\"headline\":\"Intel change l&rsquo;architecture de ses CPUs avec Alder Lake\",\"datePublished\":\"2021-08-26T15:47:45+00:00\",\"dateModified\":\"2021-08-26T15:47:45+00:00\",\"mainEntityOfPage\":{\"@id\":\"https:\/\/www.ecinews.fr\/fr\/intel-change-larchitecture-de-ses-cpus-avec-alder-lake\/\"},\"wordCount\":1449,\"commentCount\":0,\"publisher\":{\"@id\":\"https:\/\/www.eenewseurope.com\/en\/#organization\"},\"keywords\":[\"ArtificialIntelligence\",\"Interconnect &amp; cables\",\"Memory &amp; Data Storage\",\"MPUs\/MCUs\"],\"articleSection\":[\"Technologies\"],\"inLanguage\":\"fr-FR\",\"potentialAction\":[{\"@type\":\"CommentAction\",\"name\":\"Comment\",\"target\":[\"https:\/\/www.ecinews.fr\/fr\/intel-change-larchitecture-de-ses-cpus-avec-alder-lake\/#respond\"]}]},{\"@type\":\"WebPage\",\"@id\":\"https:\/\/www.ecinews.fr\/fr\/intel-change-larchitecture-de-ses-cpus-avec-alder-lake\/\",\"url\":\"https:\/\/www.ecinews.fr\/fr\/intel-change-larchitecture-de-ses-cpus-avec-alder-lake\/\",\"name\":\"Intel change l'architecture de ses CPUs avec Alder Lake -\",\"isPartOf\":{\"@id\":\"https:\/\/www.eenewseurope.com\/en\/#website\"},\"datePublished\":\"2021-08-26T15:47:45+00:00\",\"dateModified\":\"2021-08-26T15:47:45+00:00\",\"breadcrumb\":{\"@id\":\"https:\/\/www.ecinews.fr\/fr\/intel-change-larchitecture-de-ses-cpus-avec-alder-lake\/#breadcrumb\"},\"inLanguage\":\"fr-FR\",\"potentialAction\":[{\"@type\":\"ReadAction\",\"target\":[\"https:\/\/www.ecinews.fr\/fr\/intel-change-larchitecture-de-ses-cpus-avec-alder-lake\/\"]}]},{\"@type\":\"BreadcrumbList\",\"@id\":\"https:\/\/www.ecinews.fr\/fr\/intel-change-larchitecture-de-ses-cpus-avec-alder-lake\/#breadcrumb\",\"itemListElement\":[{\"@type\":\"ListItem\",\"position\":1,\"name\":\"Home\",\"item\":\"https:\/\/www.ecinews.fr\/fr\/\"},{\"@type\":\"ListItem\",\"position\":2,\"name\":\"Intel change l&rsquo;architecture de ses CPUs avec Alder Lake\"}]},{\"@type\":\"WebSite\",\"@id\":\"https:\/\/www.eenewseurope.com\/en\/#website\",\"url\":\"https:\/\/www.eenewseurope.com\/en\/\",\"name\":\"EENewsEurope\",\"description\":\"Just another WordPress site\",\"publisher\":{\"@id\":\"https:\/\/www.eenewseurope.com\/en\/#organization\"},\"potentialAction\":[{\"@type\":\"SearchAction\",\"target\":{\"@type\":\"EntryPoint\",\"urlTemplate\":\"https:\/\/www.eenewseurope.com\/en\/?s={search_term_string}\"},\"query-input\":\"required name=search_term_string\"}],\"inLanguage\":\"fr-FR\"},{\"@type\":\"Organization\",\"@id\":\"https:\/\/www.eenewseurope.com\/en\/#organization\",\"name\":\"EENewsEurope\",\"url\":\"https:\/\/www.eenewseurope.com\/en\/\",\"logo\":{\"@type\":\"ImageObject\",\"inLanguage\":\"fr-FR\",\"@id\":\"https:\/\/www.eenewseurope.com\/en\/#\/schema\/logo\/image\/\",\"url\":\"https:\/\/www.ecinews.fr\/wp-content\/uploads\/2022\/02\/logo-1.jpg\",\"contentUrl\":\"https:\/\/www.ecinews.fr\/wp-content\/uploads\/2022\/02\/logo-1.jpg\",\"width\":283,\"height\":113,\"caption\":\"EENewsEurope\"},\"image\":{\"@id\":\"https:\/\/www.eenewseurope.com\/en\/#\/schema\/logo\/image\/\"}},{\"@type\":\"Person\",\"@id\":\"https:\/\/www.eenewseurope.com\/en\/#\/schema\/person\/c6b626c6c65f5e1e7794ce2d17b2ca82\",\"name\":\"Wisse Hettinga\",\"image\":{\"@type\":\"ImageObject\",\"inLanguage\":\"fr-FR\",\"@id\":\"https:\/\/www.eenewseurope.com\/en\/#\/schema\/person\/image\/5dc5f564ca306d7cb8b22735be49a465\",\"url\":\"https:\/\/secure.gravatar.com\/avatar\/24a36fe68de56eac2a45cbaf9aa4bb58?s=96&d=mm&r=g\",\"contentUrl\":\"https:\/\/secure.gravatar.com\/avatar\/24a36fe68de56eac2a45cbaf9aa4bb58?s=96&d=mm&r=g\",\"caption\":\"Wisse Hettinga\"}}]}<\/script>","yoast_head_json":{"title":"Intel change l'architecture de ses CPUs avec Alder Lake ...","description":"Intel a r\u00e9v\u00e9l\u00e9 un changement radical dans son architecture de CPU \u00e0 usage g\u00e9n\u00e9ral avec une version de l'approche big.little adopt\u00e9e par ARM il y a dix...","robots":{"index":"index","follow":"follow","max-snippet":"max-snippet:-1","max-image-preview":"max-image-preview:large","max-video-preview":"max-video-preview:-1"},"canonical":"https:\/\/www.ecinews.fr\/fr\/wp-json\/wp\/v2\/posts\/5313\/","og_locale":"fr_FR","og_type":"article","og_title":"Intel change l'architecture de ses CPUs avec Alder Lake","og_description":"Intel a r\u00e9v\u00e9l\u00e9 un changement radical dans son architecture de CPU \u00e0 usage g\u00e9n\u00e9ral avec une version de l'approche big.little adopt\u00e9e par ARM il y a dix ans.","og_url":"https:\/\/www.ecinews.fr\/fr\/wp-json\/wp\/v2\/posts\/5313\/","og_site_name":"EENewsEurope","article_published_time":"2021-08-26T15:47:45+00:00","og_image":[{"width":1200,"height":654,"url":"https:\/\/www.ecinews.fr\/wp-content\/uploads\/import\/default\/files\/sites\/default\/files\/images\/intel-alder-lake.png","type":"image\/png"}],"author":"Wisse Hettinga","twitter_card":"summary_large_image","twitter_misc":{"Written by":"Wisse Hettinga","Est. reading time":"7 minutes"},"schema":{"@context":"https:\/\/schema.org","@graph":[{"@type":"Article","@id":"https:\/\/www.ecinews.fr\/fr\/intel-change-larchitecture-de-ses-cpus-avec-alder-lake\/#article","isPartOf":{"@id":"https:\/\/www.ecinews.fr\/fr\/intel-change-larchitecture-de-ses-cpus-avec-alder-lake\/"},"author":{"name":"Wisse Hettinga","@id":"https:\/\/www.eenewseurope.com\/en\/#\/schema\/person\/c6b626c6c65f5e1e7794ce2d17b2ca82"},"headline":"Intel change l&rsquo;architecture de ses CPUs avec Alder Lake","datePublished":"2021-08-26T15:47:45+00:00","dateModified":"2021-08-26T15:47:45+00:00","mainEntityOfPage":{"@id":"https:\/\/www.ecinews.fr\/fr\/intel-change-larchitecture-de-ses-cpus-avec-alder-lake\/"},"wordCount":1449,"commentCount":0,"publisher":{"@id":"https:\/\/www.eenewseurope.com\/en\/#organization"},"keywords":["ArtificialIntelligence","Interconnect &amp; cables","Memory &amp; Data Storage","MPUs\/MCUs"],"articleSection":["Technologies"],"inLanguage":"fr-FR","potentialAction":[{"@type":"CommentAction","name":"Comment","target":["https:\/\/www.ecinews.fr\/fr\/intel-change-larchitecture-de-ses-cpus-avec-alder-lake\/#respond"]}]},{"@type":"WebPage","@id":"https:\/\/www.ecinews.fr\/fr\/intel-change-larchitecture-de-ses-cpus-avec-alder-lake\/","url":"https:\/\/www.ecinews.fr\/fr\/intel-change-larchitecture-de-ses-cpus-avec-alder-lake\/","name":"Intel change l'architecture de ses CPUs avec Alder Lake -","isPartOf":{"@id":"https:\/\/www.eenewseurope.com\/en\/#website"},"datePublished":"2021-08-26T15:47:45+00:00","dateModified":"2021-08-26T15:47:45+00:00","breadcrumb":{"@id":"https:\/\/www.ecinews.fr\/fr\/intel-change-larchitecture-de-ses-cpus-avec-alder-lake\/#breadcrumb"},"inLanguage":"fr-FR","potentialAction":[{"@type":"ReadAction","target":["https:\/\/www.ecinews.fr\/fr\/intel-change-larchitecture-de-ses-cpus-avec-alder-lake\/"]}]},{"@type":"BreadcrumbList","@id":"https:\/\/www.ecinews.fr\/fr\/intel-change-larchitecture-de-ses-cpus-avec-alder-lake\/#breadcrumb","itemListElement":[{"@type":"ListItem","position":1,"name":"Home","item":"https:\/\/www.ecinews.fr\/fr\/"},{"@type":"ListItem","position":2,"name":"Intel change l&rsquo;architecture de ses CPUs avec Alder Lake"}]},{"@type":"WebSite","@id":"https:\/\/www.eenewseurope.com\/en\/#website","url":"https:\/\/www.eenewseurope.com\/en\/","name":"EENewsEurope","description":"Just another WordPress site","publisher":{"@id":"https:\/\/www.eenewseurope.com\/en\/#organization"},"potentialAction":[{"@type":"SearchAction","target":{"@type":"EntryPoint","urlTemplate":"https:\/\/www.eenewseurope.com\/en\/?s={search_term_string}"},"query-input":"required name=search_term_string"}],"inLanguage":"fr-FR"},{"@type":"Organization","@id":"https:\/\/www.eenewseurope.com\/en\/#organization","name":"EENewsEurope","url":"https:\/\/www.eenewseurope.com\/en\/","logo":{"@type":"ImageObject","inLanguage":"fr-FR","@id":"https:\/\/www.eenewseurope.com\/en\/#\/schema\/logo\/image\/","url":"https:\/\/www.ecinews.fr\/wp-content\/uploads\/2022\/02\/logo-1.jpg","contentUrl":"https:\/\/www.ecinews.fr\/wp-content\/uploads\/2022\/02\/logo-1.jpg","width":283,"height":113,"caption":"EENewsEurope"},"image":{"@id":"https:\/\/www.eenewseurope.com\/en\/#\/schema\/logo\/image\/"}},{"@type":"Person","@id":"https:\/\/www.eenewseurope.com\/en\/#\/schema\/person\/c6b626c6c65f5e1e7794ce2d17b2ca82","name":"Wisse Hettinga","image":{"@type":"ImageObject","inLanguage":"fr-FR","@id":"https:\/\/www.eenewseurope.com\/en\/#\/schema\/person\/image\/5dc5f564ca306d7cb8b22735be49a465","url":"https:\/\/secure.gravatar.com\/avatar\/24a36fe68de56eac2a45cbaf9aa4bb58?s=96&d=mm&r=g","contentUrl":"https:\/\/secure.gravatar.com\/avatar\/24a36fe68de56eac2a45cbaf9aa4bb58?s=96&d=mm&r=g","caption":"Wisse Hettinga"}}]}},"authors":[{"term_id":1139,"user_id":7,"is_guest":0,"slug":"wisse-hettinga","display_name":"Wisse Hettinga","avatar_url":"https:\/\/secure.gravatar.com\/avatar\/24a36fe68de56eac2a45cbaf9aa4bb58?s=96&d=mm&r=g","0":null,"1":"","2":"","3":"","4":"","5":"","6":"","7":"","8":""}],"_links":{"self":[{"href":"https:\/\/www.ecinews.fr\/fr\/wp-json\/wp\/v2\/posts\/5313"}],"collection":[{"href":"https:\/\/www.ecinews.fr\/fr\/wp-json\/wp\/v2\/posts"}],"about":[{"href":"https:\/\/www.ecinews.fr\/fr\/wp-json\/wp\/v2\/types\/post"}],"author":[{"embeddable":true,"href":"https:\/\/www.ecinews.fr\/fr\/wp-json\/wp\/v2\/users\/7"}],"replies":[{"embeddable":true,"href":"https:\/\/www.ecinews.fr\/fr\/wp-json\/wp\/v2\/comments?post=5313"}],"version-history":[{"count":0,"href":"https:\/\/www.ecinews.fr\/fr\/wp-json\/wp\/v2\/posts\/5313\/revisions"}],"wp:featuredmedia":[{"embeddable":true,"href":"https:\/\/www.ecinews.fr\/fr\/wp-json\/wp\/v2\/media\/5314"}],"wp:attachment":[{"href":"https:\/\/www.ecinews.fr\/fr\/wp-json\/wp\/v2\/media?parent=5313"}],"wp:term":[{"taxonomy":"category","embeddable":true,"href":"https:\/\/www.ecinews.fr\/fr\/wp-json\/wp\/v2\/categories?post=5313"},{"taxonomy":"post_tag","embeddable":true,"href":"https:\/\/www.ecinews.fr\/fr\/wp-json\/wp\/v2\/tags?post=5313"},{"taxonomy":"domains","embeddable":true,"href":"https:\/\/www.ecinews.fr\/fr\/wp-json\/wp\/v2\/domains?post=5313"},{"taxonomy":"author","embeddable":true,"href":"https:\/\/www.ecinews.fr\/fr\/wp-json\/wp\/v2\/ppma_author?post=5313"}],"curies":[{"name":"wp","href":"https:\/\/api.w.org\/{rel}","templated":true}]}}