{"id":51331,"date":"2020-06-30T17:51:39","date_gmt":"2020-06-30T17:51:39","guid":{"rendered":"https:\/\/\/mobilite-aerienne-urbaine-partenariat-de-rd\/"},"modified":"2020-06-30T17:51:39","modified_gmt":"2020-06-30T17:51:39","slug":"mobilite-aerienne-urbaine-partenariat-de-rd","status":"publish","type":"post","link":"https:\/\/www.ecinews.fr\/fr\/mobilite-aerienne-urbaine-partenariat-de-rd\/","title":{"rendered":"Mobilit\u00e9 a\u00e9rienne urbaine : partenariat de R&amp;D"},"content":{"rendered":"<p>Urban Aeronautics se positionne comme pionnier de la prochaine g\u00e9n\u00e9ration d&rsquo;avions eVTOL pour des taxis volant et des op\u00e9rations de sauvetage a\u00e9rien. De son c\u00f4t\u00e9, HyPoint, est chef de fil dans les syst\u00e8mes de pile \u00e0 combustible \u00e0 hydrog\u00e8ne haute puissance (HTPEM) de prochaine g\u00e9n\u00e9ration. Les deux soci\u00e9t\u00e9s, exploreront conjointement le d\u00e9veloppement d&rsquo;une version avanc\u00e9e de CityHawk eVTOL optimis\u00e9 avec la pile \u00e0 combustible \u00e0 hydrog\u00e8ne d&rsquo;HyPoint. Actuellement, le CityHawk repose sur une propulsion hybride.<\/p>\n<p style=\"text-align:center\"><img decoding=\"async\" alt=\"\" height=\"281\" data-src=\"https:\/\/eenews.cdnartwhere.eu\/sites\/default\/files\/images\/01-picture-library\/city_hawk.jpeg\" width=\"500\" src=\"data:image\/svg+xml;base64,PHN2ZyB3aWR0aD0iMSIgaGVpZ2h0PSIxIiB4bWxucz0iaHR0cDovL3d3dy53My5vcmcvMjAwMC9zdmciPjwvc3ZnPg==\" class=\"lazyload\" style=\"--smush-placeholder-width: 500px; --smush-placeholder-aspect-ratio: 500\/281;\" \/><\/p>\n<p>CityHawk est un engin de six places \u00e0 d\u00e9collage et atterrissage vertical \u00e9lectrique (eVTOL). &nbsp;Sans ailes ni rotors externes, il est compact et son rapport faible encombrement \/ charge utile \u00e9lev\u00e9e est optimis\u00e9e pour le transport urbain et les interventions d&rsquo;urgence. La conception sans rotor et sans ailes offre une s\u00e9curit\u00e9 accrue par rapport \u00e0 la plupart des concurrents conventionnels \u00e0 rotor. De plus, les d\u00e9veloppeurs esp\u00e8rent offrir une mobilit\u00e9 illimit\u00e9e avec une capacit\u00e9 de transport porte \u00e0 porte unique \u00abvoler partout, atterrir n&rsquo;importe o\u00f9\u00bb. Il est dot\u00e9 de la technologie exclusive Fancraft \u00e0 rotor interne d&rsquo;Urban Aeronautics, qui utilise de puissants ventilateurs en combinaison avec des technologies a\u00e9rodynamiques innovantes qui se traduisent par un contr\u00f4le, une stabilit\u00e9, une vitesse, une s\u00e9curit\u00e9, une r\u00e9duction du bruit et une durabilit\u00e9 \u00e9lev\u00e9e.<\/p>\n<p>Pour ce type d&rsquo;application, la pile \u00e0 combustible \u00e0 hydrog\u00e8ne est id\u00e9ale, puisqu&rsquo;il n&rsquo;y a aucune \u00e9mission de carbone.&nbsp; HyPoint&nbsp; affirme que ses piles \u00e0 combustible refroidies par turbocompresseur augmentent la dur\u00e9e de vie des groupes motopropulseurs \u00e0 hydrog\u00e8ne de 5 000 \u00e0 20 000 heures et ne prennent que quelques minutes pour faire le plein, ce qui repr\u00e9sente une am\u00e9lioration significative par rapport aux syst\u00e8mes existants.<\/p>\n<p>Urban Aeronautics, Ltd:&nbsp;<a href=\"https:\/\/www.urbanaero.com\/\">https:\/\/www.urbanaero.com\/<\/a><\/p>\n<p>HyPoint, Inc.:&nbsp;<a href=\"https:\/\/hypoint.us\/\">https:\/\/hypoint.us\/<\/a><\/p>\n","protected":false},"excerpt":{"rendered":"<p>La startup isra\u00e9lienne Urban Aeronautics, qui se concentre sur les avions \u00e0 d\u00e9collage vertical, a sign\u00e9 un accord avec la soci\u00e9t\u00e9 californienne HyPoint sp\u00e9cialis\u00e9e dans la technologie des piles \u00e0 combustible \u00e0 hydrog\u00e8ne. L\u2019objectif est de faire progresser l\u2019int\u00e9gration des piles \u00e0 combustible \u00e0 hydrog\u00e8ne dans la conception du CityHawk eVTOL d\u2019Urban Aeronautics.<\/p>\n","protected":false},"author":11,"featured_media":51332,"comment_status":"closed","ping_status":"closed","sticky":false,"template":"","format":"standard","meta":{"_acf_changed":false,"footnotes":""},"categories":[883],"tags":[],"domains":[47],"ppma_author":[1143],"class_list":["post-51331","post","type-post","status-publish","format-standard","has-post-thumbnail","hentry","category-technologies","domains-electronique-eci"],"acf":[],"yoast_head":"<title>Mobilit\u00e9 a\u00e9rienne urbaine : partenariat de R&amp;D ...<\/title>\n<meta name=\"description\" content=\"La startup isra\u00e9lienne Urban Aeronautics, qui se concentre sur les avions \u00e0 d\u00e9collage vertical, a sign\u00e9 un accord avec la soci\u00e9t\u00e9 californienne HyPoint...\" \/>\n<meta name=\"robots\" content=\"index, follow, max-snippet:-1, max-image-preview:large, max-video-preview:-1\" \/>\n<link rel=\"canonical\" href=\"https:\/\/www.ecinews.fr\/fr\/wp-json\/wp\/v2\/posts\/51331\/\" \/>\n<meta property=\"og:locale\" content=\"fr_FR\" \/>\n<meta property=\"og:type\" content=\"article\" \/>\n<meta property=\"og:title\" content=\"Mobilit\u00e9 a\u00e9rienne urbaine : partenariat de R&amp;D\" \/>\n<meta property=\"og:description\" content=\"La startup isra\u00e9lienne Urban Aeronautics, qui se concentre sur les avions \u00e0 d\u00e9collage vertical, a sign\u00e9 un accord avec la soci\u00e9t\u00e9 californienne HyPoint sp\u00e9cialis\u00e9e dans la technologie des piles \u00e0 combustible \u00e0 hydrog\u00e8ne. L\u2019objectif est de faire progresser l\u2019int\u00e9gration des piles \u00e0 combustible \u00e0 hydrog\u00e8ne dans la conception du CityHawk eVTOL d\u2019Urban Aeronautics.\" \/>\n<meta property=\"og:url\" content=\"https:\/\/www.ecinews.fr\/fr\/wp-json\/wp\/v2\/posts\/51331\/\" \/>\n<meta property=\"og:site_name\" content=\"EENewsEurope\" \/>\n<meta property=\"article:published_time\" content=\"2020-06-30T17:51:39+00:00\" \/>\n<meta property=\"og:image\" content=\"https:\/\/www.ecinews.fr\/wp-content\/uploads\/import\/default\/files\/sites\/default\/files\/images\/city_hawk_1.jpeg\" \/>\n\t<meta property=\"og:image:width\" content=\"595\" \/>\n\t<meta property=\"og:image:height\" content=\"335\" \/>\n\t<meta property=\"og:image:type\" content=\"image\/jpeg\" \/>\n<meta name=\"author\" content=\"Daniel Cardon\" \/>\n<meta name=\"twitter:card\" content=\"summary_large_image\" \/>\n<meta name=\"twitter:label1\" content=\"Written by\" \/>\n\t<meta name=\"twitter:data1\" content=\"Daniel Cardon\" \/>\n\t<meta name=\"twitter:label2\" content=\"Est. reading time\" \/>\n\t<meta name=\"twitter:data2\" content=\"2 minutes\" \/>\n<script type=\"application\/ld+json\" class=\"yoast-schema-graph\">{\"@context\":\"https:\/\/schema.org\",\"@graph\":[{\"@type\":\"Article\",\"@id\":\"https:\/\/www.ecinews.fr\/fr\/mobilite-aerienne-urbaine-partenariat-de-rd\/#article\",\"isPartOf\":{\"@id\":\"https:\/\/www.ecinews.fr\/fr\/mobilite-aerienne-urbaine-partenariat-de-rd\/\"},\"author\":{\"name\":\"Daniel Cardon\",\"@id\":\"https:\/\/www.eenewseurope.com\/en\/#\/schema\/person\/93c44cde463762f40a8236eaa44c1c17\"},\"headline\":\"Mobilit\u00e9 a\u00e9rienne urbaine : partenariat de R&amp;D\",\"datePublished\":\"2020-06-30T17:51:39+00:00\",\"dateModified\":\"2020-06-30T17:51:39+00:00\",\"mainEntityOfPage\":{\"@id\":\"https:\/\/www.ecinews.fr\/fr\/mobilite-aerienne-urbaine-partenariat-de-rd\/\"},\"wordCount\":321,\"publisher\":{\"@id\":\"https:\/\/www.eenewseurope.com\/en\/#organization\"},\"articleSection\":[\"Technologies\"],\"inLanguage\":\"fr-FR\"},{\"@type\":\"WebPage\",\"@id\":\"https:\/\/www.ecinews.fr\/fr\/mobilite-aerienne-urbaine-partenariat-de-rd\/\",\"url\":\"https:\/\/www.ecinews.fr\/fr\/mobilite-aerienne-urbaine-partenariat-de-rd\/\",\"name\":\"Mobilit\u00e9 a\u00e9rienne urbaine : partenariat de R&amp;D -\",\"isPartOf\":{\"@id\":\"https:\/\/www.eenewseurope.com\/en\/#website\"},\"datePublished\":\"2020-06-30T17:51:39+00:00\",\"dateModified\":\"2020-06-30T17:51:39+00:00\",\"breadcrumb\":{\"@id\":\"https:\/\/www.ecinews.fr\/fr\/mobilite-aerienne-urbaine-partenariat-de-rd\/#breadcrumb\"},\"inLanguage\":\"fr-FR\",\"potentialAction\":[{\"@type\":\"ReadAction\",\"target\":[\"https:\/\/www.ecinews.fr\/fr\/mobilite-aerienne-urbaine-partenariat-de-rd\/\"]}]},{\"@type\":\"BreadcrumbList\",\"@id\":\"https:\/\/www.ecinews.fr\/fr\/mobilite-aerienne-urbaine-partenariat-de-rd\/#breadcrumb\",\"itemListElement\":[{\"@type\":\"ListItem\",\"position\":1,\"name\":\"Home\",\"item\":\"https:\/\/www.ecinews.fr\/fr\/\"},{\"@type\":\"ListItem\",\"position\":2,\"name\":\"Mobilit\u00e9 a\u00e9rienne urbaine : partenariat de R&amp;D\"}]},{\"@type\":\"WebSite\",\"@id\":\"https:\/\/www.eenewseurope.com\/en\/#website\",\"url\":\"https:\/\/www.eenewseurope.com\/en\/\",\"name\":\"EENewsEurope\",\"description\":\"Just another WordPress site\",\"publisher\":{\"@id\":\"https:\/\/www.eenewseurope.com\/en\/#organization\"},\"potentialAction\":[{\"@type\":\"SearchAction\",\"target\":{\"@type\":\"EntryPoint\",\"urlTemplate\":\"https:\/\/www.eenewseurope.com\/en\/?s={search_term_string}\"},\"query-input\":\"required name=search_term_string\"}],\"inLanguage\":\"fr-FR\"},{\"@type\":\"Organization\",\"@id\":\"https:\/\/www.eenewseurope.com\/en\/#organization\",\"name\":\"EENewsEurope\",\"url\":\"https:\/\/www.eenewseurope.com\/en\/\",\"logo\":{\"@type\":\"ImageObject\",\"inLanguage\":\"fr-FR\",\"@id\":\"https:\/\/www.eenewseurope.com\/en\/#\/schema\/logo\/image\/\",\"url\":\"https:\/\/www.ecinews.fr\/wp-content\/uploads\/2022\/02\/logo-1.jpg\",\"contentUrl\":\"https:\/\/www.ecinews.fr\/wp-content\/uploads\/2022\/02\/logo-1.jpg\",\"width\":283,\"height\":113,\"caption\":\"EENewsEurope\"},\"image\":{\"@id\":\"https:\/\/www.eenewseurope.com\/en\/#\/schema\/logo\/image\/\"}},{\"@type\":\"Person\",\"@id\":\"https:\/\/www.eenewseurope.com\/en\/#\/schema\/person\/93c44cde463762f40a8236eaa44c1c17\",\"name\":\"Daniel Cardon\",\"image\":{\"@type\":\"ImageObject\",\"inLanguage\":\"fr-FR\",\"@id\":\"https:\/\/www.eenewseurope.com\/en\/#\/schema\/person\/image\/2b243f6bcc1cff7d86aadfb2cd0bd870\",\"url\":\"https:\/\/secure.gravatar.com\/avatar\/de9edc136dfc061ad4778e04635baefa?s=96&d=mm&r=g\",\"contentUrl\":\"https:\/\/secure.gravatar.com\/avatar\/de9edc136dfc061ad4778e04635baefa?s=96&d=mm&r=g\",\"caption\":\"Daniel Cardon\"}}]}<\/script>","yoast_head_json":{"title":"Mobilit\u00e9 a\u00e9rienne urbaine : partenariat de R&amp;D ...","description":"La startup isra\u00e9lienne Urban Aeronautics, qui se concentre sur les avions \u00e0 d\u00e9collage vertical, a sign\u00e9 un accord avec la soci\u00e9t\u00e9 californienne HyPoint...","robots":{"index":"index","follow":"follow","max-snippet":"max-snippet:-1","max-image-preview":"max-image-preview:large","max-video-preview":"max-video-preview:-1"},"canonical":"https:\/\/www.ecinews.fr\/fr\/wp-json\/wp\/v2\/posts\/51331\/","og_locale":"fr_FR","og_type":"article","og_title":"Mobilit\u00e9 a\u00e9rienne urbaine : partenariat de R&amp;D","og_description":"La startup isra\u00e9lienne Urban Aeronautics, qui se concentre sur les avions \u00e0 d\u00e9collage vertical, a sign\u00e9 un accord avec la soci\u00e9t\u00e9 californienne HyPoint sp\u00e9cialis\u00e9e dans la technologie des piles \u00e0 combustible \u00e0 hydrog\u00e8ne. L\u2019objectif est de faire progresser l\u2019int\u00e9gration des piles \u00e0 combustible \u00e0 hydrog\u00e8ne dans la conception du CityHawk eVTOL d\u2019Urban Aeronautics.","og_url":"https:\/\/www.ecinews.fr\/fr\/wp-json\/wp\/v2\/posts\/51331\/","og_site_name":"EENewsEurope","article_published_time":"2020-06-30T17:51:39+00:00","og_image":[{"width":595,"height":335,"url":"https:\/\/www.ecinews.fr\/wp-content\/uploads\/import\/default\/files\/sites\/default\/files\/images\/city_hawk_1.jpeg","type":"image\/jpeg"}],"author":"Daniel Cardon","twitter_card":"summary_large_image","twitter_misc":{"Written by":"Daniel Cardon","Est. reading time":"2 minutes"},"schema":{"@context":"https:\/\/schema.org","@graph":[{"@type":"Article","@id":"https:\/\/www.ecinews.fr\/fr\/mobilite-aerienne-urbaine-partenariat-de-rd\/#article","isPartOf":{"@id":"https:\/\/www.ecinews.fr\/fr\/mobilite-aerienne-urbaine-partenariat-de-rd\/"},"author":{"name":"Daniel Cardon","@id":"https:\/\/www.eenewseurope.com\/en\/#\/schema\/person\/93c44cde463762f40a8236eaa44c1c17"},"headline":"Mobilit\u00e9 a\u00e9rienne urbaine : partenariat de R&amp;D","datePublished":"2020-06-30T17:51:39+00:00","dateModified":"2020-06-30T17:51:39+00:00","mainEntityOfPage":{"@id":"https:\/\/www.ecinews.fr\/fr\/mobilite-aerienne-urbaine-partenariat-de-rd\/"},"wordCount":321,"publisher":{"@id":"https:\/\/www.eenewseurope.com\/en\/#organization"},"articleSection":["Technologies"],"inLanguage":"fr-FR"},{"@type":"WebPage","@id":"https:\/\/www.ecinews.fr\/fr\/mobilite-aerienne-urbaine-partenariat-de-rd\/","url":"https:\/\/www.ecinews.fr\/fr\/mobilite-aerienne-urbaine-partenariat-de-rd\/","name":"Mobilit\u00e9 a\u00e9rienne urbaine : partenariat de R&amp;D -","isPartOf":{"@id":"https:\/\/www.eenewseurope.com\/en\/#website"},"datePublished":"2020-06-30T17:51:39+00:00","dateModified":"2020-06-30T17:51:39+00:00","breadcrumb":{"@id":"https:\/\/www.ecinews.fr\/fr\/mobilite-aerienne-urbaine-partenariat-de-rd\/#breadcrumb"},"inLanguage":"fr-FR","potentialAction":[{"@type":"ReadAction","target":["https:\/\/www.ecinews.fr\/fr\/mobilite-aerienne-urbaine-partenariat-de-rd\/"]}]},{"@type":"BreadcrumbList","@id":"https:\/\/www.ecinews.fr\/fr\/mobilite-aerienne-urbaine-partenariat-de-rd\/#breadcrumb","itemListElement":[{"@type":"ListItem","position":1,"name":"Home","item":"https:\/\/www.ecinews.fr\/fr\/"},{"@type":"ListItem","position":2,"name":"Mobilit\u00e9 a\u00e9rienne urbaine : partenariat de R&amp;D"}]},{"@type":"WebSite","@id":"https:\/\/www.eenewseurope.com\/en\/#website","url":"https:\/\/www.eenewseurope.com\/en\/","name":"EENewsEurope","description":"Just another WordPress site","publisher":{"@id":"https:\/\/www.eenewseurope.com\/en\/#organization"},"potentialAction":[{"@type":"SearchAction","target":{"@type":"EntryPoint","urlTemplate":"https:\/\/www.eenewseurope.com\/en\/?s={search_term_string}"},"query-input":"required name=search_term_string"}],"inLanguage":"fr-FR"},{"@type":"Organization","@id":"https:\/\/www.eenewseurope.com\/en\/#organization","name":"EENewsEurope","url":"https:\/\/www.eenewseurope.com\/en\/","logo":{"@type":"ImageObject","inLanguage":"fr-FR","@id":"https:\/\/www.eenewseurope.com\/en\/#\/schema\/logo\/image\/","url":"https:\/\/www.ecinews.fr\/wp-content\/uploads\/2022\/02\/logo-1.jpg","contentUrl":"https:\/\/www.ecinews.fr\/wp-content\/uploads\/2022\/02\/logo-1.jpg","width":283,"height":113,"caption":"EENewsEurope"},"image":{"@id":"https:\/\/www.eenewseurope.com\/en\/#\/schema\/logo\/image\/"}},{"@type":"Person","@id":"https:\/\/www.eenewseurope.com\/en\/#\/schema\/person\/93c44cde463762f40a8236eaa44c1c17","name":"Daniel Cardon","image":{"@type":"ImageObject","inLanguage":"fr-FR","@id":"https:\/\/www.eenewseurope.com\/en\/#\/schema\/person\/image\/2b243f6bcc1cff7d86aadfb2cd0bd870","url":"https:\/\/secure.gravatar.com\/avatar\/de9edc136dfc061ad4778e04635baefa?s=96&d=mm&r=g","contentUrl":"https:\/\/secure.gravatar.com\/avatar\/de9edc136dfc061ad4778e04635baefa?s=96&d=mm&r=g","caption":"Daniel Cardon"}}]}},"authors":[{"term_id":1143,"user_id":11,"is_guest":0,"slug":"danielcardon","display_name":"Daniel Cardon","avatar_url":"https:\/\/secure.gravatar.com\/avatar\/de9edc136dfc061ad4778e04635baefa?s=96&d=mm&r=g","0":null,"1":"","2":"","3":"","4":"","5":"","6":"","7":"","8":""}],"_links":{"self":[{"href":"https:\/\/www.ecinews.fr\/fr\/wp-json\/wp\/v2\/posts\/51331"}],"collection":[{"href":"https:\/\/www.ecinews.fr\/fr\/wp-json\/wp\/v2\/posts"}],"about":[{"href":"https:\/\/www.ecinews.fr\/fr\/wp-json\/wp\/v2\/types\/post"}],"author":[{"embeddable":true,"href":"https:\/\/www.ecinews.fr\/fr\/wp-json\/wp\/v2\/users\/11"}],"replies":[{"embeddable":true,"href":"https:\/\/www.ecinews.fr\/fr\/wp-json\/wp\/v2\/comments?post=51331"}],"version-history":[{"count":0,"href":"https:\/\/www.ecinews.fr\/fr\/wp-json\/wp\/v2\/posts\/51331\/revisions"}],"wp:featuredmedia":[{"embeddable":true,"href":"https:\/\/www.ecinews.fr\/fr\/wp-json\/wp\/v2\/media\/51332"}],"wp:attachment":[{"href":"https:\/\/www.ecinews.fr\/fr\/wp-json\/wp\/v2\/media?parent=51331"}],"wp:term":[{"taxonomy":"category","embeddable":true,"href":"https:\/\/www.ecinews.fr\/fr\/wp-json\/wp\/v2\/categories?post=51331"},{"taxonomy":"post_tag","embeddable":true,"href":"https:\/\/www.ecinews.fr\/fr\/wp-json\/wp\/v2\/tags?post=51331"},{"taxonomy":"domains","embeddable":true,"href":"https:\/\/www.ecinews.fr\/fr\/wp-json\/wp\/v2\/domains?post=51331"},{"taxonomy":"author","embeddable":true,"href":"https:\/\/www.ecinews.fr\/fr\/wp-json\/wp\/v2\/ppma_author?post=51331"}],"curies":[{"name":"wp","href":"https:\/\/api.w.org\/{rel}","templated":true}]}}