{"id":50843,"date":"2020-07-06T15:04:04","date_gmt":"2020-07-06T15:04:04","guid":{"rendered":"https:\/\/\/le-marche-europeen-des-semiconducteurs-en-chute-libre\/"},"modified":"2020-07-06T15:04:04","modified_gmt":"2020-07-06T15:04:04","slug":"le-marche-europeen-des-semiconducteurs-en-chute-libre","status":"publish","type":"post","link":"https:\/\/www.ecinews.fr\/fr\/le-marche-europeen-des-semiconducteurs-en-chute-libre\/","title":{"rendered":"Le march\u00e9 europ\u00e9en des semiconducteurs en chute libre"},"content":{"rendered":"<p><span class=\"tlid-translation translation\" lang=\"fr\">Il s&rsquo;agit d&rsquo;une amplification du signal observ\u00e9 le mois pr\u00e9c\u00e9dent (voir <\/span><a href=\"https:\/\/www.eenewsanalog.com\/news\/still-little-covid-19-impact-april-chip-market-stayed-strong-except-europe\">Still little Covid-19 impact as April chip market stayed strong . . . except in Europe<\/a><span class=\"tlid-translation translation\" lang=\"fr\">). La s\u00e9v\u00e9rit\u00e9 de la baisse s\u00e9quentielle, de 6,5%, est encore plus remarquable parce que les comparaisons entre mai et avril produites par la SIA, sur la base des chiffres de World Semiconductor Trade Statistics, sont bas\u00e9es sur les moyennes mobiles de trois mois.<\/span><\/p>\n<p><span class=\"tlid-translation translation\" lang=\"fr\">La baisse des ventes en Europe est probablement due \u00e0 l&rsquo;impact de la pand\u00e9mie de Covid-19 et \u00e0 l&rsquo;exposition de l&rsquo;Europe \u00e0 des march\u00e9s tels que l&rsquo;\u00e9lectronique industrielle et automobile, qui ont \u00e9t\u00e9 plus durement touch\u00e9s par la pand\u00e9mie que l&rsquo;\u00e9lectronique grand public, l&rsquo;informatique et les communications.<\/span><\/p>\n<p><span class=\"tlid-translation translation\" lang=\"fr\">La moyenne mondiale sur trois mois des ventes de puces en mai \u00e9tait de 34,97 milliards de dollars, en hausse de 5,8% d&rsquo;une ann\u00e9e sur l&rsquo;autre. La croissance en glissement annuel \u00e9tait en baisse par rapport au chiffre \u00e9quivalent de 6,1% le mois pr\u00e9c\u00e9dent et au chiffre de 6,9% le mois pr\u00e9c\u00e9dent.<\/span><\/p>\n<p><span class=\"tlid-translation translation\" lang=\"fr\">Toutes les r\u00e9gions g\u00e9ographiques, \u00e0 l&rsquo;exception de l&rsquo;Europe, ont enregistr\u00e9 une croissance d&rsquo;une ann\u00e9e sur l&rsquo;autre en mai. Le march\u00e9 de la r\u00e9gion des Am\u00e9riques continue de bien r\u00e9sister, avec une croissance annuelle de 25,5% en mai. Le march\u00e9 chinois &#8211; environ un tiers du total mondial &#8211; a connu une croissance am\u00e9lior\u00e9e de 4,9%, contribuant \u00e0 maintenir la croissance du march\u00e9 mondial.<\/span><\/p>\n<p><span class=\"tlid-translation translation\" lang=\"fr\">Une r\u00e9cente pr\u00e9vision de WSTS estime que les ventes mondiales annuelles augmenteront de 3,3% en 2020 et de 6,2% en 2021 (voir&nbsp;<a href=\"https:\/\/www.electronique-eci.com\/news\/le-marche-des-semiconducteurs-va-augmenter-en-2020-selon-le-wsts\">Le march\u00e9 des semiconducteurs va augmenter en 2020 selon le WSTS<\/a> et acc\u00e9l\u00e9rera en 2021 selon un WSTS optimiste). WSTS pr\u00e9voit des augmentations d&rsquo;une ann\u00e9e \u00e0 l&rsquo;autre pour 2020 par rapport \u00e0 2019 dans les Am\u00e9riques (12,8%) et en Asie-Pacifique (2,6%), tandis que des baisses sont pr\u00e9vues pour les ventes en Europe (-4,1%) et au Japon (-4,4%).<\/span><\/p>\n<p>&nbsp;<\/p>\n<figure class=\"image\"><img decoding=\"async\" alt=\"Moyenne sur trois mois des ventes de puces par r\u00e9gion g\u00e9ographique pour mai et avril 2020. Source: SIA \/ WSTS.\" height=\"604\" data-src=\"https:\/\/eenews.cdnartwhere.eu\/sites\/default\/files\/images\/01-picture-library\/PeterClarke\/2020\/07\/tablemay630.jpg\" width=\"530\" src=\"data:image\/svg+xml;base64,PHN2ZyB3aWR0aD0iMSIgaGVpZ2h0PSIxIiB4bWxucz0iaHR0cDovL3d3dy53My5vcmcvMjAwMC9zdmciPjwvc3ZnPg==\" class=\"lazyload\" style=\"--smush-placeholder-width: 530px; --smush-placeholder-aspect-ratio: 530\/604;\" \/><figcaption>Moyenne sur trois mois des ventes de puces par r\u00e9gion g\u00e9ographique pour mai et avril 2020.<br \/>\nSource: SIA \/ WSTS.<\/figcaption><\/figure>\n<p><span class=\"tlid-translation translation\" lang=\"fr\">\u00ab\u00a0Le march\u00e9 mondial des semiconducteurs en mai est rest\u00e9 largement r\u00e9sistant aux perturbations \u00e9conomiques g\u00e9n\u00e9ralis\u00e9es caus\u00e9es par la pand\u00e9mie de Covid-19, mais il subsiste une incertitude importante pour les mois \u00e0 venir\u00a0\u00bb, a d\u00e9clar\u00e9 John Neuffer, PDG de la SIA, dans un communiqu\u00e9.<\/span><\/p>\n<p><span class=\"tlid-translation translation\" lang=\"fr\">Les donn\u00e9es mensuelles sont fournies par le SIA en moyenne sur trois mois, bien que la source des donn\u00e9es, le WSTS, fasse le suivi des donn\u00e9es mensuelles r\u00e9elles. La SIA et d&rsquo;autres organismes r\u00e9gionaux de l&rsquo;industrie des semiconducteurs choisissent d&rsquo;utiliser des donn\u00e9es moyennes car elles \u00e9galisent les donn\u00e9es r\u00e9elles qui montrent g\u00e9n\u00e9ralement des creux au d\u00e9but des trimestres et des pics \u00e0 la fin des trimestres.<\/span><\/p>\n<p><strong>Lire aussi:<\/strong><\/p>\n<p><span class=\"tlid-translation translation\" lang=\"fr\"><a href=\"https:\/\/www.electronique-eci.com\/news\/le-marche-des-semiconducteurs-va-augmenter-en-2020-selon-le-wsts\">Le march\u00e9 des semiconducteurs va augmenter en 2020 selon le WSTS<\/a><\/span><\/p>\n<p><a href=\"http:\/\/La 5G va booster le march\u00e9 des semiconducteurs en 2020\">La 5G va booster le march\u00e9 des semiconducteurs en 2020<\/a><\/p>\n<p><strong>Related links and articles: <\/strong><\/p>\n<p><a href=\"https:\/\/www.semiconductors.org\/\">www.semiconductors.org<\/a><\/p>\n<p><strong>News articles: <\/strong><\/p>\n<p><a href=\"https:\/\/www.eenewsanalog.com\/news\/still-little-covid-19-impact-april-chip-market-stayed-strong-except-europe\">Still little Covid-19 impact as April chip market stayed strong . . . except in Europe<\/a><\/p>\n<p><a href=\"https:\/\/www.eenewsanalog.com\/news\/little-sign-covid-19-march-global-chip-sales-data\">Little sign of Covid-19 in March global chip sales data <\/a><\/p>\n<p><a href=\"https:\/\/www.eenewsanalog.com\/news\/february-dip-chinas-chip-market-shows-world-whats-coming\">February dip in China&rsquo;s chip market shows world what&rsquo;s coming <\/a><\/p>\n<p><a href=\"https:\/\/www.eenewsanalog.com\/news\/global-chip-market-starts-year-solid-faces-economic-threats\">Global chip market starts year solid, faces economic threats <\/a><\/p>\n<p><a href=\"https:\/\/www.eenewsanalog.com\/news\/chip-market-will-grow-2020-accelerate-2021-says-bullish-wsts\">Chip market will grow in 2020, accelerate in 2021, says bullish WSTS<\/a><\/p>\n<hr \/>\n","protected":false},"excerpt":{"rendered":"<p>Le march\u00e9 europ\u00e9en des semiconducteurs a fortement chut\u00e9 en mai, \u00e0 la fois s\u00e9quentiellement et en glissement annuel, selon les chiffres de la Semiconductor Industry Association.<\/p>\n","protected":false},"author":12,"featured_media":50844,"comment_status":"closed","ping_status":"closed","sticky":false,"template":"","format":"standard","meta":{"_acf_changed":false,"footnotes":""},"categories":[880],"tags":[889,920,893,896,898,900,901,903,919,905,906,907,908,890,916,910,915],"domains":[47],"ppma_author":[1144],"class_list":["post-50843","post","type-post","status-publish","format-standard","has-post-thumbnail","hentry","category-actualites-economiques","tag-analog-fr","tag-artificialintelligence-fr","tag-authentication-encryption-fr","tag-digitalsignalprocessing-fr","tag-distributors-fr","tag-electromechanical-fr","tag-energyharvesting-fr","tag-interconnect-cables-fr","tag-iot-fr","tag-memory-data-storage-fr","tag-mpus-mcus-fr","tag-optoelectronics-fr","tag-plds-fpgas-asics-fr","tag-powermanagement-fr","tag-rf-transmission-fr","tag-sensing-conditioning-fr","tag-wireless-communications-fr","domains-electronique-eci"],"acf":[],"yoast_head":"<title>Le march\u00e9 europ\u00e9en des semiconducteurs en chute libre ...<\/title>\n<meta name=\"description\" content=\"Le march\u00e9 europ\u00e9en des semiconducteurs a fortement chut\u00e9 en mai, \u00e0 la fois s\u00e9quentiellement et en glissement annuel, selon les chiffres de la...\" \/>\n<meta name=\"robots\" content=\"index, follow, max-snippet:-1, max-image-preview:large, max-video-preview:-1\" \/>\n<link rel=\"canonical\" href=\"https:\/\/www.ecinews.fr\/fr\/wp-json\/wp\/v2\/posts\/50843\/\" \/>\n<meta property=\"og:locale\" content=\"fr_FR\" \/>\n<meta property=\"og:type\" content=\"article\" \/>\n<meta property=\"og:title\" content=\"Le march\u00e9 europ\u00e9en des semiconducteurs en chute libre\" \/>\n<meta property=\"og:description\" content=\"Le march\u00e9 europ\u00e9en des semiconducteurs a fortement chut\u00e9 en mai, \u00e0 la fois s\u00e9quentiellement et en glissement annuel, selon les chiffres de la Semiconductor Industry Association.\" \/>\n<meta property=\"og:url\" content=\"https:\/\/www.ecinews.fr\/fr\/wp-json\/wp\/v2\/posts\/50843\/\" \/>\n<meta property=\"og:site_name\" content=\"EENewsEurope\" \/>\n<meta property=\"article:published_time\" content=\"2020-07-06T15:04:04+00:00\" \/>\n<meta property=\"og:image\" content=\"https:\/\/www.ecinews.fr\/wp-content\/uploads\/import\/default\/files\/sites\/default\/files\/images\/fall630.jpg\" \/>\n\t<meta property=\"og:image:width\" content=\"630\" \/>\n\t<meta property=\"og:image:height\" content=\"380\" \/>\n\t<meta property=\"og:image:type\" content=\"image\/jpeg\" \/>\n<meta name=\"author\" content=\"Andre Rousselot\" \/>\n<meta name=\"twitter:card\" content=\"summary_large_image\" \/>\n<meta name=\"twitter:label1\" content=\"Written by\" \/>\n\t<meta name=\"twitter:data1\" content=\"Andre Rousselot\" \/>\n\t<meta name=\"twitter:label2\" content=\"Est. reading time\" \/>\n\t<meta name=\"twitter:data2\" content=\"3 minutes\" \/>\n<script type=\"application\/ld+json\" class=\"yoast-schema-graph\">{\"@context\":\"https:\/\/schema.org\",\"@graph\":[{\"@type\":\"Article\",\"@id\":\"https:\/\/www.ecinews.fr\/fr\/le-marche-europeen-des-semiconducteurs-en-chute-libre\/#article\",\"isPartOf\":{\"@id\":\"https:\/\/www.ecinews.fr\/fr\/le-marche-europeen-des-semiconducteurs-en-chute-libre\/\"},\"author\":{\"name\":\"Andre Rousselot\",\"@id\":\"https:\/\/www.eenewseurope.com\/en\/#\/schema\/person\/9d52edb517ca8d9017312e8e246b9433\"},\"headline\":\"Le march\u00e9 europ\u00e9en des semiconducteurs en chute libre\",\"datePublished\":\"2020-07-06T15:04:04+00:00\",\"dateModified\":\"2020-07-06T15:04:04+00:00\",\"mainEntityOfPage\":{\"@id\":\"https:\/\/www.ecinews.fr\/fr\/le-marche-europeen-des-semiconducteurs-en-chute-libre\/\"},\"wordCount\":574,\"publisher\":{\"@id\":\"https:\/\/www.eenewseurope.com\/en\/#organization\"},\"keywords\":[\"Analog\",\"ArtificialIntelligence\",\"Authentication &amp; Encryption\",\"DigitalSignalProcessing\",\"Distributors\",\"Electromechanical\",\"EnergyHarvesting\",\"Interconnect &amp; cables\",\"IoT\",\"Memory &amp; Data Storage\",\"MPUs\/MCUs\",\"Optoelectronics\",\"PLDs\/FPGAs\/ASICs\",\"PowerManagement\",\"RF transmission\",\"Sensing \/ Conditioning\",\"Wireless Communications\"],\"articleSection\":[\"Actualit\u00e9s \u00e9conomiques\"],\"inLanguage\":\"fr-FR\"},{\"@type\":\"WebPage\",\"@id\":\"https:\/\/www.ecinews.fr\/fr\/le-marche-europeen-des-semiconducteurs-en-chute-libre\/\",\"url\":\"https:\/\/www.ecinews.fr\/fr\/le-marche-europeen-des-semiconducteurs-en-chute-libre\/\",\"name\":\"Le march\u00e9 europ\u00e9en des semiconducteurs en chute libre -\",\"isPartOf\":{\"@id\":\"https:\/\/www.eenewseurope.com\/en\/#website\"},\"datePublished\":\"2020-07-06T15:04:04+00:00\",\"dateModified\":\"2020-07-06T15:04:04+00:00\",\"breadcrumb\":{\"@id\":\"https:\/\/www.ecinews.fr\/fr\/le-marche-europeen-des-semiconducteurs-en-chute-libre\/#breadcrumb\"},\"inLanguage\":\"fr-FR\",\"potentialAction\":[{\"@type\":\"ReadAction\",\"target\":[\"https:\/\/www.ecinews.fr\/fr\/le-marche-europeen-des-semiconducteurs-en-chute-libre\/\"]}]},{\"@type\":\"BreadcrumbList\",\"@id\":\"https:\/\/www.ecinews.fr\/fr\/le-marche-europeen-des-semiconducteurs-en-chute-libre\/#breadcrumb\",\"itemListElement\":[{\"@type\":\"ListItem\",\"position\":1,\"name\":\"Home\",\"item\":\"https:\/\/www.ecinews.fr\/fr\/\"},{\"@type\":\"ListItem\",\"position\":2,\"name\":\"Le march\u00e9 europ\u00e9en des semiconducteurs en chute libre\"}]},{\"@type\":\"WebSite\",\"@id\":\"https:\/\/www.eenewseurope.com\/en\/#website\",\"url\":\"https:\/\/www.eenewseurope.com\/en\/\",\"name\":\"EENewsEurope\",\"description\":\"Just another WordPress site\",\"publisher\":{\"@id\":\"https:\/\/www.eenewseurope.com\/en\/#organization\"},\"potentialAction\":[{\"@type\":\"SearchAction\",\"target\":{\"@type\":\"EntryPoint\",\"urlTemplate\":\"https:\/\/www.eenewseurope.com\/en\/?s={search_term_string}\"},\"query-input\":\"required name=search_term_string\"}],\"inLanguage\":\"fr-FR\"},{\"@type\":\"Organization\",\"@id\":\"https:\/\/www.eenewseurope.com\/en\/#organization\",\"name\":\"EENewsEurope\",\"url\":\"https:\/\/www.eenewseurope.com\/en\/\",\"logo\":{\"@type\":\"ImageObject\",\"inLanguage\":\"fr-FR\",\"@id\":\"https:\/\/www.eenewseurope.com\/en\/#\/schema\/logo\/image\/\",\"url\":\"https:\/\/www.ecinews.fr\/wp-content\/uploads\/2022\/02\/logo-1.jpg\",\"contentUrl\":\"https:\/\/www.ecinews.fr\/wp-content\/uploads\/2022\/02\/logo-1.jpg\",\"width\":283,\"height\":113,\"caption\":\"EENewsEurope\"},\"image\":{\"@id\":\"https:\/\/www.eenewseurope.com\/en\/#\/schema\/logo\/image\/\"}},{\"@type\":\"Person\",\"@id\":\"https:\/\/www.eenewseurope.com\/en\/#\/schema\/person\/9d52edb517ca8d9017312e8e246b9433\",\"name\":\"Andre Rousselot\",\"image\":{\"@type\":\"ImageObject\",\"inLanguage\":\"fr-FR\",\"@id\":\"https:\/\/www.eenewseurope.com\/en\/#\/schema\/person\/image\/8046680f16f52d2ae022297dc9e36ff3\",\"url\":\"https:\/\/secure.gravatar.com\/avatar\/428720feffa09baddfe5e7cd3f84b526?s=96&d=mm&r=g\",\"contentUrl\":\"https:\/\/secure.gravatar.com\/avatar\/428720feffa09baddfe5e7cd3f84b526?s=96&d=mm&r=g\",\"caption\":\"Andre Rousselot\"}}]}<\/script>","yoast_head_json":{"title":"Le march\u00e9 europ\u00e9en des semiconducteurs en chute libre ...","description":"Le march\u00e9 europ\u00e9en des semiconducteurs a fortement chut\u00e9 en mai, \u00e0 la fois s\u00e9quentiellement et en glissement annuel, selon les chiffres de la...","robots":{"index":"index","follow":"follow","max-snippet":"max-snippet:-1","max-image-preview":"max-image-preview:large","max-video-preview":"max-video-preview:-1"},"canonical":"https:\/\/www.ecinews.fr\/fr\/wp-json\/wp\/v2\/posts\/50843\/","og_locale":"fr_FR","og_type":"article","og_title":"Le march\u00e9 europ\u00e9en des semiconducteurs en chute libre","og_description":"Le march\u00e9 europ\u00e9en des semiconducteurs a fortement chut\u00e9 en mai, \u00e0 la fois s\u00e9quentiellement et en glissement annuel, selon les chiffres de la Semiconductor Industry Association.","og_url":"https:\/\/www.ecinews.fr\/fr\/wp-json\/wp\/v2\/posts\/50843\/","og_site_name":"EENewsEurope","article_published_time":"2020-07-06T15:04:04+00:00","og_image":[{"width":630,"height":380,"url":"https:\/\/www.ecinews.fr\/wp-content\/uploads\/import\/default\/files\/sites\/default\/files\/images\/fall630.jpg","type":"image\/jpeg"}],"author":"Andre Rousselot","twitter_card":"summary_large_image","twitter_misc":{"Written by":"Andre Rousselot","Est. reading time":"3 minutes"},"schema":{"@context":"https:\/\/schema.org","@graph":[{"@type":"Article","@id":"https:\/\/www.ecinews.fr\/fr\/le-marche-europeen-des-semiconducteurs-en-chute-libre\/#article","isPartOf":{"@id":"https:\/\/www.ecinews.fr\/fr\/le-marche-europeen-des-semiconducteurs-en-chute-libre\/"},"author":{"name":"Andre Rousselot","@id":"https:\/\/www.eenewseurope.com\/en\/#\/schema\/person\/9d52edb517ca8d9017312e8e246b9433"},"headline":"Le march\u00e9 europ\u00e9en des semiconducteurs en chute libre","datePublished":"2020-07-06T15:04:04+00:00","dateModified":"2020-07-06T15:04:04+00:00","mainEntityOfPage":{"@id":"https:\/\/www.ecinews.fr\/fr\/le-marche-europeen-des-semiconducteurs-en-chute-libre\/"},"wordCount":574,"publisher":{"@id":"https:\/\/www.eenewseurope.com\/en\/#organization"},"keywords":["Analog","ArtificialIntelligence","Authentication &amp; Encryption","DigitalSignalProcessing","Distributors","Electromechanical","EnergyHarvesting","Interconnect &amp; cables","IoT","Memory &amp; Data Storage","MPUs\/MCUs","Optoelectronics","PLDs\/FPGAs\/ASICs","PowerManagement","RF transmission","Sensing \/ Conditioning","Wireless Communications"],"articleSection":["Actualit\u00e9s \u00e9conomiques"],"inLanguage":"fr-FR"},{"@type":"WebPage","@id":"https:\/\/www.ecinews.fr\/fr\/le-marche-europeen-des-semiconducteurs-en-chute-libre\/","url":"https:\/\/www.ecinews.fr\/fr\/le-marche-europeen-des-semiconducteurs-en-chute-libre\/","name":"Le march\u00e9 europ\u00e9en des semiconducteurs en chute libre -","isPartOf":{"@id":"https:\/\/www.eenewseurope.com\/en\/#website"},"datePublished":"2020-07-06T15:04:04+00:00","dateModified":"2020-07-06T15:04:04+00:00","breadcrumb":{"@id":"https:\/\/www.ecinews.fr\/fr\/le-marche-europeen-des-semiconducteurs-en-chute-libre\/#breadcrumb"},"inLanguage":"fr-FR","potentialAction":[{"@type":"ReadAction","target":["https:\/\/www.ecinews.fr\/fr\/le-marche-europeen-des-semiconducteurs-en-chute-libre\/"]}]},{"@type":"BreadcrumbList","@id":"https:\/\/www.ecinews.fr\/fr\/le-marche-europeen-des-semiconducteurs-en-chute-libre\/#breadcrumb","itemListElement":[{"@type":"ListItem","position":1,"name":"Home","item":"https:\/\/www.ecinews.fr\/fr\/"},{"@type":"ListItem","position":2,"name":"Le march\u00e9 europ\u00e9en des semiconducteurs en chute libre"}]},{"@type":"WebSite","@id":"https:\/\/www.eenewseurope.com\/en\/#website","url":"https:\/\/www.eenewseurope.com\/en\/","name":"EENewsEurope","description":"Just another WordPress site","publisher":{"@id":"https:\/\/www.eenewseurope.com\/en\/#organization"},"potentialAction":[{"@type":"SearchAction","target":{"@type":"EntryPoint","urlTemplate":"https:\/\/www.eenewseurope.com\/en\/?s={search_term_string}"},"query-input":"required name=search_term_string"}],"inLanguage":"fr-FR"},{"@type":"Organization","@id":"https:\/\/www.eenewseurope.com\/en\/#organization","name":"EENewsEurope","url":"https:\/\/www.eenewseurope.com\/en\/","logo":{"@type":"ImageObject","inLanguage":"fr-FR","@id":"https:\/\/www.eenewseurope.com\/en\/#\/schema\/logo\/image\/","url":"https:\/\/www.ecinews.fr\/wp-content\/uploads\/2022\/02\/logo-1.jpg","contentUrl":"https:\/\/www.ecinews.fr\/wp-content\/uploads\/2022\/02\/logo-1.jpg","width":283,"height":113,"caption":"EENewsEurope"},"image":{"@id":"https:\/\/www.eenewseurope.com\/en\/#\/schema\/logo\/image\/"}},{"@type":"Person","@id":"https:\/\/www.eenewseurope.com\/en\/#\/schema\/person\/9d52edb517ca8d9017312e8e246b9433","name":"Andre Rousselot","image":{"@type":"ImageObject","inLanguage":"fr-FR","@id":"https:\/\/www.eenewseurope.com\/en\/#\/schema\/person\/image\/8046680f16f52d2ae022297dc9e36ff3","url":"https:\/\/secure.gravatar.com\/avatar\/428720feffa09baddfe5e7cd3f84b526?s=96&d=mm&r=g","contentUrl":"https:\/\/secure.gravatar.com\/avatar\/428720feffa09baddfe5e7cd3f84b526?s=96&d=mm&r=g","caption":"Andre Rousselot"}}]}},"authors":[{"term_id":1144,"user_id":12,"is_guest":0,"slug":"rousselot","display_name":"Andre Rousselot","avatar_url":"https:\/\/secure.gravatar.com\/avatar\/428720feffa09baddfe5e7cd3f84b526?s=96&d=mm&r=g","0":null,"1":"","2":"","3":"","4":"","5":"","6":"","7":"","8":""}],"_links":{"self":[{"href":"https:\/\/www.ecinews.fr\/fr\/wp-json\/wp\/v2\/posts\/50843"}],"collection":[{"href":"https:\/\/www.ecinews.fr\/fr\/wp-json\/wp\/v2\/posts"}],"about":[{"href":"https:\/\/www.ecinews.fr\/fr\/wp-json\/wp\/v2\/types\/post"}],"author":[{"embeddable":true,"href":"https:\/\/www.ecinews.fr\/fr\/wp-json\/wp\/v2\/users\/12"}],"replies":[{"embeddable":true,"href":"https:\/\/www.ecinews.fr\/fr\/wp-json\/wp\/v2\/comments?post=50843"}],"version-history":[{"count":0,"href":"https:\/\/www.ecinews.fr\/fr\/wp-json\/wp\/v2\/posts\/50843\/revisions"}],"wp:featuredmedia":[{"embeddable":true,"href":"https:\/\/www.ecinews.fr\/fr\/wp-json\/wp\/v2\/media\/50844"}],"wp:attachment":[{"href":"https:\/\/www.ecinews.fr\/fr\/wp-json\/wp\/v2\/media?parent=50843"}],"wp:term":[{"taxonomy":"category","embeddable":true,"href":"https:\/\/www.ecinews.fr\/fr\/wp-json\/wp\/v2\/categories?post=50843"},{"taxonomy":"post_tag","embeddable":true,"href":"https:\/\/www.ecinews.fr\/fr\/wp-json\/wp\/v2\/tags?post=50843"},{"taxonomy":"domains","embeddable":true,"href":"https:\/\/www.ecinews.fr\/fr\/wp-json\/wp\/v2\/domains?post=50843"},{"taxonomy":"author","embeddable":true,"href":"https:\/\/www.ecinews.fr\/fr\/wp-json\/wp\/v2\/ppma_author?post=50843"}],"curies":[{"name":"wp","href":"https:\/\/api.w.org\/{rel}","templated":true}]}}