{"id":4949,"date":"2021-09-01T15:51:41","date_gmt":"2021-09-01T15:51:41","guid":{"rendered":"https:\/\/\/faurecia-rachete-hella-pour-e-6-7-milliards-et-devient-le-septieme-equipementier-automobile-mondial\/"},"modified":"2021-09-01T15:51:41","modified_gmt":"2021-09-01T15:51:41","slug":"faurecia-rachete-hella-pour-e-6-7-milliards-et-devient-le-septieme-equipementier-automobile-mondial","status":"publish","type":"post","link":"https:\/\/www.ecinews.fr\/fr\/faurecia-rachete-hella-pour-e-6-7-milliards-et-devient-le-septieme-equipementier-automobile-mondial\/","title":{"rendered":"Faurecia rach\u00e8te Hella pour \u20ac 6.7 milliards et devient le septi\u00e8me \u00e9quipementier automobile mondial"},"content":{"rendered":"<p>L&rsquo;\u00e9quipementier automobile fran\u00e7ais Faurecia a conclu un accord pour racheter l&rsquo;\u00e9quipementier automobile Hella pour 6,7 milliards d&rsquo;euros. L&rsquo;offre publique d&rsquo;achat en esp\u00e8ces pour toutes les actions Hella \u00e0 60,96 \u20ac par action devrait \u00eatre ent\u00e9rin\u00e9e&nbsp;par l&rsquo;assembl\u00e9e g\u00e9n\u00e9rale annuelle de Hella le 30 septembre 2021. Il s&rsquo;agit d&rsquo;une prime de 33 % par rapport au cours actuel de l&rsquo;action.<\/p>\n<p>Hella a r\u00e9alis\u00e9 un chiffre d&rsquo;affaires de 6,3 milliards d&rsquo;euros en 2020, donnant au groupe combin\u00e9 un chiffre d&rsquo;affaires de 23,8 milliards d&rsquo;euros, et propulsant Faurecia \u00e0 la septi\u00e8me position du classement mondial et au cinqui\u00e8me fournisseur europ\u00e9en.<\/p>\n<p>&nbsp;<\/p>\n<p><strong>Top 10 des \u00e9quipementiers automobiles&nbsp;<\/strong><\/p>\n<ol>\n<li>Robert Bosch&nbsp; &nbsp; &nbsp; &nbsp; &nbsp; &nbsp; $46.5bn<\/li>\n<li>Denso&nbsp; &nbsp; &nbsp; &nbsp; &nbsp; &nbsp; &nbsp; &nbsp; &nbsp; &nbsp; &nbsp; &nbsp;$41.1bn<\/li>\n<li>ZF Friedrichshafen&nbsp; &nbsp;$33.4bn<\/li>\n<li>Magna International&nbsp; $32.6bn<\/li>\n<li>Aisin&nbsp; &nbsp; &nbsp; &nbsp; &nbsp; &nbsp; &nbsp; &nbsp; &nbsp; &nbsp; &nbsp; &nbsp; &nbsp; $31.9bn<\/li>\n<li>Continental&nbsp; &nbsp; &nbsp; &nbsp; &nbsp; &nbsp; &nbsp; &nbsp; $29.6bn<\/li>\n<li>Faurecia + Hella&nbsp; &nbsp; &nbsp; &nbsp; $28.1bn<\/li>\n<li>Hyundai Mobis&nbsp; &nbsp; &nbsp; &nbsp; &nbsp; $25.1bn<\/li>\n<li>Lear&nbsp; &nbsp; &nbsp; &nbsp; &nbsp; &nbsp; &nbsp; &nbsp; &nbsp; &nbsp; &nbsp; &nbsp; &nbsp; &nbsp;$17.1bn<\/li>\n<li>Valeo&nbsp; &nbsp; &nbsp; &nbsp; &nbsp; &nbsp; &nbsp; &nbsp; &nbsp; &nbsp; &nbsp; &nbsp; &nbsp;$17.0bn<\/li>\n<\/ol>\n<p>Source: eeNews Europe, company reports<\/p>\n<p>Le Groupe combin\u00e9 se concentrera sur quatre domaines de croissance avec un chiffre d&rsquo;affaires de 3,7 milliards d&rsquo;euros et environ 3 000 ing\u00e9nieurs en logiciels sur 24 sites de production et 21 centres de R&amp;D. Cela placera Faurecia au cinqui\u00e8me rang des fournisseurs europ\u00e9ens et dans les dix premiers en Am\u00e9rique et en Asie, en mettant l&rsquo;accent sur la mobilit\u00e9 \u00e9lectrique, notamment les solutions hydrog\u00e8ne, l&rsquo;ADAS et la conduite autonome, le cockpit du futur et la gestion de la valeur du cycle de vie.<\/p>\n<p>La soci\u00e9t\u00e9 vise \u00e0 porter l&rsquo;activit\u00e9 Hella \u00e0 7 milliards d&rsquo;euros d&rsquo;ici 2025, m\u00eame face au d\u00e9clin du march\u00e9 des voitures \u00e0 moteur \u00e0 combustion interne&nbsp;traditionnelles, en ouvrant des opportunit\u00e9s de vente \u00e0 Hella gr\u00e2ce \u00e0 l&rsquo;acc\u00e8s via&nbsp;Faurecia aux principaux \u00e9quipementiers chinois et japonais.<\/p>\n<p><strong>Articles Li\u00e9s :<\/strong><\/p>\n<ul>\n<li><a href=\"https:\/\/www.eenewseurope.com\/news\/scottish-flexible-led-designer-automotive-deal\">Scottish flexible LED designer in automotive deal&nbsp;<\/a><\/li>\n<li><a href=\"https:\/\/www.ecinews.fr\/news\/faurecia-en-partenariat-avec-jdi-pour-les-ecrans-automobiles\">Faurecia en partenariat avec JDI pour les \u00e9crans automobiles<\/a><\/li>\n<li><a href=\"https:\/\/www.ecinews.fr\/news\/michelin-et-faurecia-creent-un-leader-de-la-mobilite-hydrogene\">Michelin et Faurecia cr\u00e9ent un leader de la mobili<\/a><\/li>\n<\/ul>\n<p>L&rsquo;op\u00e9ration a \u00e9t\u00e9 l\u00e9g\u00e8rement approuv\u00e9e par le conseil d&rsquo;administration de Faurecia et a re\u00e7u le soutien du management de Hella.<\/p>\n<p>\u00ab Ce rapprochement est une opportunit\u00e9 unique de cr\u00e9er un leader mondial des technologies automobiles \u00bb, a d\u00e9clar\u00e9 Patrick Koller, PDG de Faurecia. \u00ab Je suis convaincu que Faurecia et Hella s&rsquo;accordent parfaitement car nous partageons une vision, des valeurs et une culture communes. Nos deux \u00e9quipes talentueuses coop\u00e8rent tr\u00e8s efficacement depuis fin 2018, elles ont d\u00e9montr\u00e9 leurs capacit\u00e9s combin\u00e9es. Ensemble, nous aurons l&rsquo;avantage critique pour b\u00e9n\u00e9ficier des leviers strat\u00e9giques qui transforment l&rsquo;industrie automobile. En combinant nos portefeuilles de produits et notre acc\u00e8s au&nbsp;march\u00e9, nous acc\u00e9l\u00e9rerons une croissance rentable, gr\u00e2ce \u00e0 l&rsquo;innovation, avec davantage de contenu \u00e9lectronique et logiciel et une qualit\u00e9 d&rsquo;ex\u00e9cution am\u00e9lior\u00e9e. Notre profil financier restera solide, avec une attention particuli\u00e8re port\u00e9e \u00e0 la g\u00e9n\u00e9ration soutenue de tr\u00e9sorerie et au d\u00e9sendettement de l&rsquo;entreprise. Je suis convaincu que ce rapprochement cr\u00e9era de la valeur durable pour les clients, les salari\u00e9s et les actionnaires de Faurecia et Hella.<\/p>\n<p>\u00ab Faurecia et Hella se marient tr\u00e8s bien \u00bb, a d\u00e9clar\u00e9 le Dr Rolf Breidenbach, PDG de Hella. \u00ab Cela s&rsquo;applique particuli\u00e8rement \u00e0 la gamme de produits et \u00e0 la couverture du march\u00e9. En outre, les deux partenaires accordent une grande importance \u00e0 une orientation client cons\u00e9quente, \u00e0 l&rsquo;excellence op\u00e9rationnelle et au leadership technologique. Par cons\u00e9quent, il est logique que nous unissions nos forces pour conduire ensemble l&rsquo;avenir de la mobilit\u00e9. \u00bb Le si\u00e8ge de Hella \u00e0 Lippstadt continuera de jouer un r\u00f4le majeur et sera le si\u00e8ge de trois groupes d&rsquo;activit\u00e9s du groupe combin\u00e9 : Electronique, \u00c9clairage et Lifecycle Value Management.<\/p>\n<p><strong>Lire aussi:<\/strong><\/p>\n<p><a href=\"https:\/\/www.ecinews.fr\/news\/automobile-de-demain-les-industriels-sassocient-lece-pour-preparer-les-besoins-en-competences\">Automobile de demain : les industriels s\u2019associent \u00e0 l\u2019ECE pour pr\u00e9parer les besoins en comp\u00e9tences<\/a><\/p>\n<p><a href=\"https:\/\/www.ecinews.fr\/news\/faurecia-investit-dans-la-recharge-sans-fil\">Faurecia investit dans la recharge sans fil<\/a><\/p>\n<p><a href=\"http:\/\/www.faurecia.com\">www.faurecia.com<\/a>; <a href=\"http:\/\/www.hella.com\">www.hella.com<\/a><\/p>\n<p><strong>Other articles on eeNews Europe&nbsp;<\/strong><\/p>\n<ul>\n<li><a href=\"https:\/\/www.eenewseurope.com\/news\/how-long-has-semiconductor-industry-got\">How long has the semiconductor industry got?<\/a><\/li>\n<li><a href=\"https:\/\/www.eenewseurope.com\/news\/arm-nvidia-deal-goes-full-investigation-uk\">ARM Nvidia deal goes to full investigation in the UK<\/a><\/li>\n<li><a href=\"https:\/\/www.eenewseurope.com\/news\/intel-shows-engineering-silicon-its-biggest-ever-chip\">Intel shows engineering silicon of its biggest ever &lsquo;chip&rsquo;<\/a><\/li>\n<li><a href=\"https:\/\/www.eenewseurope.com\/news\/pragmatic-develops-plastic-6502-processor\">PragmatIC develops plastic 6502 processor<\/a><\/li>\n<li><a href=\"https:\/\/www.eenewseurope.com\/news\/lg-fraunhofer-team-6g-wireless-link\">LG, Fraunhofer team for 6G wireless link<\/a><\/li>\n<\/ul>\n<p>&nbsp;<\/p>\n","protected":false},"excerpt":{"rendered":"<p>Le projet de rachat de Hella en Allemagne par Faurecia pour 6,7 milliards d&rsquo;euros cr\u00e9era le septi\u00e8me \u00e9quipementier automobile mondial avec un accent cl\u00e9 sur l&rsquo;\u00e9lectronique et les logiciels <\/p>\n","protected":false},"author":7,"featured_media":4950,"comment_status":"open","ping_status":"closed","sticky":false,"template":"","format":"standard","meta":{"_acf_changed":false,"footnotes":""},"categories":[880],"tags":[891,897,892,913,917],"domains":[47],"ppma_author":[1139],"class_list":["post-4949","post","type-post","status-publish","format-standard","has-post-thumbnail","hentry","category-actualites-economiques","tag-automotive-fr","tag-displays-interfaces-fr","tag-ledlighting-fr","tag-materials-processes-fr","tag-software-embedded-tools-fr","domains-electronique-eci"],"acf":[],"yoast_head":"<title>Faurecia rach\u00e8te Hella pour \u20ac 6.7 milliards et devient le se...<\/title>\n<meta name=\"description\" content=\"Le projet de rachat de Hella en Allemagne par Faurecia pour 6,7 milliards d&#039;euros cr\u00e9era le septi\u00e8me \u00e9quipementier automobile mondial avec un accent cl\u00e9...\" \/>\n<meta name=\"robots\" content=\"index, follow, max-snippet:-1, max-image-preview:large, max-video-preview:-1\" \/>\n<link rel=\"canonical\" href=\"https:\/\/www.ecinews.fr\/fr\/wp-json\/wp\/v2\/posts\/4949\/\" \/>\n<meta property=\"og:locale\" content=\"fr_FR\" \/>\n<meta property=\"og:type\" content=\"article\" \/>\n<meta property=\"og:title\" content=\"Faurecia rach\u00e8te Hella pour \u20ac 6.7 milliards et devient le septi\u00e8me \u00e9quipementier automobile mondial\" \/>\n<meta property=\"og:description\" content=\"Le projet de rachat de Hella en Allemagne par Faurecia pour 6,7 milliards d&#039;euros cr\u00e9era le septi\u00e8me \u00e9quipementier automobile mondial avec un accent cl\u00e9 sur l&#039;\u00e9lectronique et les logiciels\" \/>\n<meta property=\"og:url\" content=\"https:\/\/www.ecinews.fr\/fr\/wp-json\/wp\/v2\/posts\/4949\/\" \/>\n<meta property=\"og:site_name\" content=\"EENewsEurope\" \/>\n<meta property=\"article:published_time\" content=\"2021-09-01T15:51:41+00:00\" \/>\n<meta property=\"og:image\" content=\"https:\/\/www.ecinews.fr\/wp-content\/uploads\/import\/default\/files\/images\/01-picture-library\/business-acquisition.jpg\" \/>\n\t<meta property=\"og:image:width\" content=\"849\" \/>\n\t<meta property=\"og:image:height\" content=\"565\" \/>\n\t<meta property=\"og:image:type\" content=\"image\/jpeg\" \/>\n<meta name=\"author\" content=\"Wisse Hettinga\" \/>\n<meta name=\"twitter:card\" content=\"summary_large_image\" \/>\n<meta name=\"twitter:label1\" content=\"Written by\" \/>\n\t<meta name=\"twitter:data1\" content=\"Wisse Hettinga\" \/>\n\t<meta name=\"twitter:label2\" content=\"Est. reading time\" \/>\n\t<meta name=\"twitter:data2\" content=\"4 minutes\" \/>\n<script type=\"application\/ld+json\" class=\"yoast-schema-graph\">{\"@context\":\"https:\/\/schema.org\",\"@graph\":[{\"@type\":\"Article\",\"@id\":\"https:\/\/www.ecinews.fr\/fr\/faurecia-rachete-hella-pour-e-6-7-milliards-et-devient-le-septieme-equipementier-automobile-mondial\/#article\",\"isPartOf\":{\"@id\":\"https:\/\/www.ecinews.fr\/fr\/faurecia-rachete-hella-pour-e-6-7-milliards-et-devient-le-septieme-equipementier-automobile-mondial\/\"},\"author\":{\"name\":\"Wisse Hettinga\",\"@id\":\"https:\/\/www.eenewseurope.com\/en\/#\/schema\/person\/c6b626c6c65f5e1e7794ce2d17b2ca82\"},\"headline\":\"Faurecia rach\u00e8te Hella pour \u20ac 6.7 milliards et devient le septi\u00e8me \u00e9quipementier automobile mondial\",\"datePublished\":\"2021-09-01T15:51:41+00:00\",\"dateModified\":\"2021-09-01T15:51:41+00:00\",\"mainEntityOfPage\":{\"@id\":\"https:\/\/www.ecinews.fr\/fr\/faurecia-rachete-hella-pour-e-6-7-milliards-et-devient-le-septieme-equipementier-automobile-mondial\/\"},\"wordCount\":792,\"commentCount\":0,\"publisher\":{\"@id\":\"https:\/\/www.eenewseurope.com\/en\/#organization\"},\"keywords\":[\"Automotive\",\"Displays &amp; Interfaces\",\"LEDlighting\",\"Materials &amp; processes\",\"Software &amp; Embedded tools\"],\"articleSection\":[\"Actualit\u00e9s \u00e9conomiques\"],\"inLanguage\":\"fr-FR\",\"potentialAction\":[{\"@type\":\"CommentAction\",\"name\":\"Comment\",\"target\":[\"https:\/\/www.ecinews.fr\/fr\/faurecia-rachete-hella-pour-e-6-7-milliards-et-devient-le-septieme-equipementier-automobile-mondial\/#respond\"]}]},{\"@type\":\"WebPage\",\"@id\":\"https:\/\/www.ecinews.fr\/fr\/faurecia-rachete-hella-pour-e-6-7-milliards-et-devient-le-septieme-equipementier-automobile-mondial\/\",\"url\":\"https:\/\/www.ecinews.fr\/fr\/faurecia-rachete-hella-pour-e-6-7-milliards-et-devient-le-septieme-equipementier-automobile-mondial\/\",\"name\":\"Faurecia rach\u00e8te Hella pour \u20ac 6.7 milliards et devient le septi\u00e8me \u00e9quipementier automobile mondial -\",\"isPartOf\":{\"@id\":\"https:\/\/www.eenewseurope.com\/en\/#website\"},\"datePublished\":\"2021-09-01T15:51:41+00:00\",\"dateModified\":\"2021-09-01T15:51:41+00:00\",\"breadcrumb\":{\"@id\":\"https:\/\/www.ecinews.fr\/fr\/faurecia-rachete-hella-pour-e-6-7-milliards-et-devient-le-septieme-equipementier-automobile-mondial\/#breadcrumb\"},\"inLanguage\":\"fr-FR\",\"potentialAction\":[{\"@type\":\"ReadAction\",\"target\":[\"https:\/\/www.ecinews.fr\/fr\/faurecia-rachete-hella-pour-e-6-7-milliards-et-devient-le-septieme-equipementier-automobile-mondial\/\"]}]},{\"@type\":\"BreadcrumbList\",\"@id\":\"https:\/\/www.ecinews.fr\/fr\/faurecia-rachete-hella-pour-e-6-7-milliards-et-devient-le-septieme-equipementier-automobile-mondial\/#breadcrumb\",\"itemListElement\":[{\"@type\":\"ListItem\",\"position\":1,\"name\":\"Home\",\"item\":\"https:\/\/www.ecinews.fr\/fr\/\"},{\"@type\":\"ListItem\",\"position\":2,\"name\":\"Faurecia rach\u00e8te Hella pour \u20ac 6.7 milliards et devient le septi\u00e8me \u00e9quipementier automobile mondial\"}]},{\"@type\":\"WebSite\",\"@id\":\"https:\/\/www.eenewseurope.com\/en\/#website\",\"url\":\"https:\/\/www.eenewseurope.com\/en\/\",\"name\":\"EENewsEurope\",\"description\":\"Just another WordPress site\",\"publisher\":{\"@id\":\"https:\/\/www.eenewseurope.com\/en\/#organization\"},\"potentialAction\":[{\"@type\":\"SearchAction\",\"target\":{\"@type\":\"EntryPoint\",\"urlTemplate\":\"https:\/\/www.eenewseurope.com\/en\/?s={search_term_string}\"},\"query-input\":\"required name=search_term_string\"}],\"inLanguage\":\"fr-FR\"},{\"@type\":\"Organization\",\"@id\":\"https:\/\/www.eenewseurope.com\/en\/#organization\",\"name\":\"EENewsEurope\",\"url\":\"https:\/\/www.eenewseurope.com\/en\/\",\"logo\":{\"@type\":\"ImageObject\",\"inLanguage\":\"fr-FR\",\"@id\":\"https:\/\/www.eenewseurope.com\/en\/#\/schema\/logo\/image\/\",\"url\":\"https:\/\/www.ecinews.fr\/wp-content\/uploads\/2022\/02\/logo-1.jpg\",\"contentUrl\":\"https:\/\/www.ecinews.fr\/wp-content\/uploads\/2022\/02\/logo-1.jpg\",\"width\":283,\"height\":113,\"caption\":\"EENewsEurope\"},\"image\":{\"@id\":\"https:\/\/www.eenewseurope.com\/en\/#\/schema\/logo\/image\/\"}},{\"@type\":\"Person\",\"@id\":\"https:\/\/www.eenewseurope.com\/en\/#\/schema\/person\/c6b626c6c65f5e1e7794ce2d17b2ca82\",\"name\":\"Wisse Hettinga\",\"image\":{\"@type\":\"ImageObject\",\"inLanguage\":\"fr-FR\",\"@id\":\"https:\/\/www.eenewseurope.com\/en\/#\/schema\/person\/image\/5dc5f564ca306d7cb8b22735be49a465\",\"url\":\"https:\/\/secure.gravatar.com\/avatar\/24a36fe68de56eac2a45cbaf9aa4bb58?s=96&d=mm&r=g\",\"contentUrl\":\"https:\/\/secure.gravatar.com\/avatar\/24a36fe68de56eac2a45cbaf9aa4bb58?s=96&d=mm&r=g\",\"caption\":\"Wisse Hettinga\"}}]}<\/script>","yoast_head_json":{"title":"Faurecia rach\u00e8te Hella pour \u20ac 6.7 milliards et devient le se...","description":"Le projet de rachat de Hella en Allemagne par Faurecia pour 6,7 milliards d'euros cr\u00e9era le septi\u00e8me \u00e9quipementier automobile mondial avec un accent cl\u00e9...","robots":{"index":"index","follow":"follow","max-snippet":"max-snippet:-1","max-image-preview":"max-image-preview:large","max-video-preview":"max-video-preview:-1"},"canonical":"https:\/\/www.ecinews.fr\/fr\/wp-json\/wp\/v2\/posts\/4949\/","og_locale":"fr_FR","og_type":"article","og_title":"Faurecia rach\u00e8te Hella pour \u20ac 6.7 milliards et devient le septi\u00e8me \u00e9quipementier automobile mondial","og_description":"Le projet de rachat de Hella en Allemagne par Faurecia pour 6,7 milliards d'euros cr\u00e9era le septi\u00e8me \u00e9quipementier automobile mondial avec un accent cl\u00e9 sur l'\u00e9lectronique et les logiciels","og_url":"https:\/\/www.ecinews.fr\/fr\/wp-json\/wp\/v2\/posts\/4949\/","og_site_name":"EENewsEurope","article_published_time":"2021-09-01T15:51:41+00:00","og_image":[{"width":849,"height":565,"url":"https:\/\/www.ecinews.fr\/wp-content\/uploads\/import\/default\/files\/images\/01-picture-library\/business-acquisition.jpg","type":"image\/jpeg"}],"author":"Wisse Hettinga","twitter_card":"summary_large_image","twitter_misc":{"Written by":"Wisse Hettinga","Est. reading time":"4 minutes"},"schema":{"@context":"https:\/\/schema.org","@graph":[{"@type":"Article","@id":"https:\/\/www.ecinews.fr\/fr\/faurecia-rachete-hella-pour-e-6-7-milliards-et-devient-le-septieme-equipementier-automobile-mondial\/#article","isPartOf":{"@id":"https:\/\/www.ecinews.fr\/fr\/faurecia-rachete-hella-pour-e-6-7-milliards-et-devient-le-septieme-equipementier-automobile-mondial\/"},"author":{"name":"Wisse Hettinga","@id":"https:\/\/www.eenewseurope.com\/en\/#\/schema\/person\/c6b626c6c65f5e1e7794ce2d17b2ca82"},"headline":"Faurecia rach\u00e8te Hella pour \u20ac 6.7 milliards et devient le septi\u00e8me \u00e9quipementier automobile mondial","datePublished":"2021-09-01T15:51:41+00:00","dateModified":"2021-09-01T15:51:41+00:00","mainEntityOfPage":{"@id":"https:\/\/www.ecinews.fr\/fr\/faurecia-rachete-hella-pour-e-6-7-milliards-et-devient-le-septieme-equipementier-automobile-mondial\/"},"wordCount":792,"commentCount":0,"publisher":{"@id":"https:\/\/www.eenewseurope.com\/en\/#organization"},"keywords":["Automotive","Displays &amp; Interfaces","LEDlighting","Materials &amp; processes","Software &amp; Embedded tools"],"articleSection":["Actualit\u00e9s \u00e9conomiques"],"inLanguage":"fr-FR","potentialAction":[{"@type":"CommentAction","name":"Comment","target":["https:\/\/www.ecinews.fr\/fr\/faurecia-rachete-hella-pour-e-6-7-milliards-et-devient-le-septieme-equipementier-automobile-mondial\/#respond"]}]},{"@type":"WebPage","@id":"https:\/\/www.ecinews.fr\/fr\/faurecia-rachete-hella-pour-e-6-7-milliards-et-devient-le-septieme-equipementier-automobile-mondial\/","url":"https:\/\/www.ecinews.fr\/fr\/faurecia-rachete-hella-pour-e-6-7-milliards-et-devient-le-septieme-equipementier-automobile-mondial\/","name":"Faurecia rach\u00e8te Hella pour \u20ac 6.7 milliards et devient le septi\u00e8me \u00e9quipementier automobile mondial -","isPartOf":{"@id":"https:\/\/www.eenewseurope.com\/en\/#website"},"datePublished":"2021-09-01T15:51:41+00:00","dateModified":"2021-09-01T15:51:41+00:00","breadcrumb":{"@id":"https:\/\/www.ecinews.fr\/fr\/faurecia-rachete-hella-pour-e-6-7-milliards-et-devient-le-septieme-equipementier-automobile-mondial\/#breadcrumb"},"inLanguage":"fr-FR","potentialAction":[{"@type":"ReadAction","target":["https:\/\/www.ecinews.fr\/fr\/faurecia-rachete-hella-pour-e-6-7-milliards-et-devient-le-septieme-equipementier-automobile-mondial\/"]}]},{"@type":"BreadcrumbList","@id":"https:\/\/www.ecinews.fr\/fr\/faurecia-rachete-hella-pour-e-6-7-milliards-et-devient-le-septieme-equipementier-automobile-mondial\/#breadcrumb","itemListElement":[{"@type":"ListItem","position":1,"name":"Home","item":"https:\/\/www.ecinews.fr\/fr\/"},{"@type":"ListItem","position":2,"name":"Faurecia rach\u00e8te Hella pour \u20ac 6.7 milliards et devient le septi\u00e8me \u00e9quipementier automobile mondial"}]},{"@type":"WebSite","@id":"https:\/\/www.eenewseurope.com\/en\/#website","url":"https:\/\/www.eenewseurope.com\/en\/","name":"EENewsEurope","description":"Just another WordPress site","publisher":{"@id":"https:\/\/www.eenewseurope.com\/en\/#organization"},"potentialAction":[{"@type":"SearchAction","target":{"@type":"EntryPoint","urlTemplate":"https:\/\/www.eenewseurope.com\/en\/?s={search_term_string}"},"query-input":"required name=search_term_string"}],"inLanguage":"fr-FR"},{"@type":"Organization","@id":"https:\/\/www.eenewseurope.com\/en\/#organization","name":"EENewsEurope","url":"https:\/\/www.eenewseurope.com\/en\/","logo":{"@type":"ImageObject","inLanguage":"fr-FR","@id":"https:\/\/www.eenewseurope.com\/en\/#\/schema\/logo\/image\/","url":"https:\/\/www.ecinews.fr\/wp-content\/uploads\/2022\/02\/logo-1.jpg","contentUrl":"https:\/\/www.ecinews.fr\/wp-content\/uploads\/2022\/02\/logo-1.jpg","width":283,"height":113,"caption":"EENewsEurope"},"image":{"@id":"https:\/\/www.eenewseurope.com\/en\/#\/schema\/logo\/image\/"}},{"@type":"Person","@id":"https:\/\/www.eenewseurope.com\/en\/#\/schema\/person\/c6b626c6c65f5e1e7794ce2d17b2ca82","name":"Wisse Hettinga","image":{"@type":"ImageObject","inLanguage":"fr-FR","@id":"https:\/\/www.eenewseurope.com\/en\/#\/schema\/person\/image\/5dc5f564ca306d7cb8b22735be49a465","url":"https:\/\/secure.gravatar.com\/avatar\/24a36fe68de56eac2a45cbaf9aa4bb58?s=96&d=mm&r=g","contentUrl":"https:\/\/secure.gravatar.com\/avatar\/24a36fe68de56eac2a45cbaf9aa4bb58?s=96&d=mm&r=g","caption":"Wisse Hettinga"}}]}},"authors":[{"term_id":1139,"user_id":7,"is_guest":0,"slug":"wisse-hettinga","display_name":"Wisse Hettinga","avatar_url":"https:\/\/secure.gravatar.com\/avatar\/24a36fe68de56eac2a45cbaf9aa4bb58?s=96&d=mm&r=g","0":null,"1":"","2":"","3":"","4":"","5":"","6":"","7":"","8":""}],"_links":{"self":[{"href":"https:\/\/www.ecinews.fr\/fr\/wp-json\/wp\/v2\/posts\/4949"}],"collection":[{"href":"https:\/\/www.ecinews.fr\/fr\/wp-json\/wp\/v2\/posts"}],"about":[{"href":"https:\/\/www.ecinews.fr\/fr\/wp-json\/wp\/v2\/types\/post"}],"author":[{"embeddable":true,"href":"https:\/\/www.ecinews.fr\/fr\/wp-json\/wp\/v2\/users\/7"}],"replies":[{"embeddable":true,"href":"https:\/\/www.ecinews.fr\/fr\/wp-json\/wp\/v2\/comments?post=4949"}],"version-history":[{"count":0,"href":"https:\/\/www.ecinews.fr\/fr\/wp-json\/wp\/v2\/posts\/4949\/revisions"}],"wp:featuredmedia":[{"embeddable":true,"href":"https:\/\/www.ecinews.fr\/fr\/wp-json\/wp\/v2\/media\/4950"}],"wp:attachment":[{"href":"https:\/\/www.ecinews.fr\/fr\/wp-json\/wp\/v2\/media?parent=4949"}],"wp:term":[{"taxonomy":"category","embeddable":true,"href":"https:\/\/www.ecinews.fr\/fr\/wp-json\/wp\/v2\/categories?post=4949"},{"taxonomy":"post_tag","embeddable":true,"href":"https:\/\/www.ecinews.fr\/fr\/wp-json\/wp\/v2\/tags?post=4949"},{"taxonomy":"domains","embeddable":true,"href":"https:\/\/www.ecinews.fr\/fr\/wp-json\/wp\/v2\/domains?post=4949"},{"taxonomy":"author","embeddable":true,"href":"https:\/\/www.ecinews.fr\/fr\/wp-json\/wp\/v2\/ppma_author?post=4949"}],"curies":[{"name":"wp","href":"https:\/\/api.w.org\/{rel}","templated":true}]}}