{"id":494113,"date":"2026-04-30T10:00:21","date_gmt":"2026-04-30T08:00:21","guid":{"rendered":"https:\/\/www.ecinews.fr\/?p=494113"},"modified":"2026-04-28T18:08:47","modified_gmt":"2026-04-28T16:08:47","slug":"la-camera-dimagerie-acoustique-flir-si1-ld-distinguee-product-of-the-year-2026-par-computer-automation","status":"publish","type":"post","link":"https:\/\/www.ecinews.fr\/fr\/la-camera-dimagerie-acoustique-flir-si1-ld-distinguee-product-of-the-year-2026-par-computer-automation\/","title":{"rendered":"La cam\u00e9ra d\u2019imagerie acoustique FLIR Si1\u202fLD distingu\u00e9e \u00ab\u202fProduct of the Year\u202f2026\u202f\u00bb par Computer &#038; Automation"},"content":{"rendered":"<p>FLIR, soci\u00e9t\u00e9 de Teledyne Technologies, annonce que sa cam\u00e9ra d\u2019imagerie acoustique FLIR Si1\u202fLD a re\u00e7u le prix \u00ab\u202fProduct of the Year\u202f2026\u202f\u00bb dans la cat\u00e9gorie technologies de mesure, d\u00e9cern\u00e9 par la publication industrielle allemande de r\u00e9f\u00e9rence Computer &amp; Automation. Cette distinction souligne l\u2019impact croissant de l\u2019imagerie acoustique dans l\u2019optimisation de la maintenance industrielle et de l\u2019efficacit\u00e9 \u00e9nerg\u00e9tique.<\/p>\n<p>Lanc\u00e9e en mars\u202f2025, la FLIR Si1\u202fLD s\u2019est rapidement impos\u00e9e comme un outil de confiance pour les \u00e9quipes de maintenance, gr\u00e2ce \u00e0 sa capacit\u00e9 \u00e0 d\u00e9tecter rapidement et de mani\u00e8re fiable les fuites d\u2019air comprim\u00e9 invisibles dans les environnements industriels.<\/p>\n<h4>Une technologie con\u00e7ue pour la d\u00e9tection fiable des fuites<\/h4>\n<p>La FLIR Si1\u202fLD repose sur une technologie d\u2019imagerie acoustique avanc\u00e9e qui permet d\u2019identifier des fuites difficiles \u00e0 localiser par des m\u00e9thodes conventionnelles. Son r\u00e9seau de microphones MEMS haute sensibilit\u00e9 capte les signaux ultrasonores avec une grande pr\u00e9cision, m\u00eame dans des environnements industriels bruyants.<\/p>\n<p>Un filtrage passe\u2011bande intelligent isole les fr\u00e9quences pertinentes afin de r\u00e9duire le bruit de fond et d\u2019am\u00e9liorer la fiabilit\u00e9 des r\u00e9sultats. Cette approche garantit une d\u00e9tection pr\u00e9cise, condition essentielle pour prioriser efficacement les actions de maintenance.<\/p>\n<h4>Simplicit\u00e9 d\u2019utilisation et analyses int\u00e9gr\u00e9es<\/h4>\n<p>Con\u00e7ue pour une adoption rapide sur le terrain, la cam\u00e9ra est l\u00e9g\u00e8re, ergonomique et utilisable \u00e0 une main, n\u00e9cessitant peu de formation. Elle s\u2019int\u00e8gre facilement dans les routines de maintenance existantes, sans perturber les op\u00e9rations.<\/p>\n<p>La Si1\u202fLD permet \u00e9galement de quantifier les fuites en temps r\u00e9el et de g\u00e9n\u00e9rer des rapports d\u00e9taill\u00e9s via FLIR Thermal Studio ou des services cloud connect\u00e9s. Cette capacit\u00e9 de reporting facilite la documentation, la prise de d\u00e9cision bas\u00e9e sur les donn\u00e9es et le suivi des \u00e9conomies r\u00e9alis\u00e9es.<\/p>\n<h4>Un impact mesurable sur l\u2019efficacit\u00e9 industrielle<\/h4>\n<p>Depuis son lancement, la FLIR Si1\u202fLD a aid\u00e9 de nombreuses organisations \u00e0 identifier et prioriser les r\u00e9parations, \u00e0 r\u00e9duire le gaspillage \u00e9nerg\u00e9tique et \u00e0 am\u00e9liorer la transparence des processus de maintenance. Le prix d\u00e9cern\u00e9 par Computer &amp; Automation met en lumi\u00e8re la valeur ajout\u00e9e concr\u00e8te de cette technologie pour les secteurs de la fabrication, des proc\u00e9d\u00e9s industriels et des installations industrielles.<\/p>\n<p><em>Pour les responsables maintenance et \u00e9nergie, cette distinction confirme que l\u2019imagerie acoustique devient un levier strat\u00e9gique pour r\u00e9duire les co\u00fbts d\u2019exploitation et am\u00e9liorer l\u2019efficacit\u00e9 des syst\u00e8mes d\u2019air comprim\u00e9. Elle d\u00e9montre \u00e9galement la maturit\u00e9 de solutions capables de fournir des r\u00e9sultats rapides, mesurables et exploitables sur le terrain.<\/em><\/p>\n<p><a href=\"https:\/\/www.teledyneflir.com\/\">Teledyne FLIR<\/a><\/p>\n","protected":false},"excerpt":{"rendered":"<p>FLIR, soci\u00e9t\u00e9 de Teledyne Technologies, annonce que sa cam\u00e9ra d\u2019imagerie acoustique FLIR Si1\u202fLD a re\u00e7u le prix \u00ab\u202fProduct of the Year\u202f2026\u202f\u00bb dans la cat\u00e9gorie technologies de mesure, d\u00e9cern\u00e9 par la publication industrielle allemande de r\u00e9f\u00e9rence Computer &amp; Automation. Cette distinction souligne l\u2019impact croissant de l\u2019imagerie acoustique dans l\u2019optimisation de la maintenance industrielle et de l\u2019efficacit\u00e9 [&hellip;]<\/p>\n","protected":false},"author":39,"featured_media":494116,"comment_status":"closed","ping_status":"closed","sticky":false,"template":"","format":"standard","meta":{"_acf_changed":false,"footnotes":""},"categories":[881],"tags":[5005,1321,11206,11205],"domains":[47],"ppma_author":[6113],"class_list":["post-494113","post","type-post","status-publish","format-standard","has-post-thumbnail","hentry","category-nouveaux-produits","tag-camera-fr","tag-cameras","tag-distinction","tag-imagerie-acoustique","domains-electronique-eci"],"acf":[],"yoast_head":"<title>La cam\u00e9ra d\u2019imagerie acoustique FLIR Si1\u202fLD distingu\u00e9e \u00ab...<\/title>\n<meta name=\"description\" content=\"FLIR, soci\u00e9t\u00e9 de Teledyne Technologies, annonce que sa cam\u00e9ra d\u2019imagerie acoustique FLIR Si1\u202fLD a re\u00e7u le prix \u00ab\u202fProduct of the Year\u202f2026\u202f\u00bb...\" \/>\n<meta name=\"robots\" content=\"index, follow, max-snippet:-1, max-image-preview:large, max-video-preview:-1\" \/>\n<link rel=\"canonical\" href=\"https:\/\/www.ecinews.fr\/fr\/wp-json\/wp\/v2\/posts\/494113\/\" \/>\n<meta property=\"og:locale\" content=\"fr_FR\" \/>\n<meta property=\"og:type\" content=\"article\" \/>\n<meta property=\"og:title\" content=\"La cam\u00e9ra d\u2019imagerie acoustique FLIR Si1\u202fLD distingu\u00e9e \u00ab\u202fProduct of the Year\u202f2026\u202f\u00bb par Computer &amp; Automation\" \/>\n<meta property=\"og:description\" content=\"FLIR, soci\u00e9t\u00e9 de Teledyne Technologies, annonce que sa cam\u00e9ra d\u2019imagerie acoustique FLIR Si1\u202fLD a re\u00e7u le prix \u00ab\u202fProduct of the Year\u202f2026\u202f\u00bb dans la cat\u00e9gorie technologies de mesure, d\u00e9cern\u00e9 par la publication industrielle allemande de r\u00e9f\u00e9rence Computer &amp; Automation\" \/>\n<meta property=\"og:url\" content=\"https:\/\/www.ecinews.fr\/fr\/wp-json\/wp\/v2\/posts\/494113\/\" \/>\n<meta property=\"og:site_name\" content=\"EENewsEurope\" \/>\n<meta property=\"article:published_time\" content=\"2026-04-30T08:00:21+00:00\" \/>\n<meta property=\"article:modified_time\" content=\"2026-04-28T16:08:47+00:00\" \/>\n<meta property=\"og:image\" content=\"https:\/\/www.eenewseurope.com\/wp-content\/uploads\/2026\/04\/ECI5423-CFR_FLIR-SI1-LD-PRODUCT-OF-THE-YEAR-PRESS-RELEASE-scaled.jpg\" \/>\n\t<meta property=\"og:image:width\" content=\"1080\" \/>\n\t<meta property=\"og:image:height\" content=\"916\" \/>\n\t<meta property=\"og:image:type\" content=\"image\/jpeg\" \/>\n<meta name=\"author\" content=\"NicolasFeste\" \/>\n<meta name=\"twitter:card\" content=\"summary_large_image\" \/>\n<meta name=\"twitter:label1\" content=\"Written by\" \/>\n\t<meta name=\"twitter:data1\" content=\"NicolasFeste\" \/>\n\t<meta name=\"twitter:label2\" content=\"Est. reading time\" \/>\n\t<meta name=\"twitter:data2\" content=\"3 minutes\" \/>\n<script type=\"application\/ld+json\" class=\"yoast-schema-graph\">{\"@context\":\"https:\/\/schema.org\",\"@graph\":[{\"@type\":\"Article\",\"@id\":\"https:\/\/www.eenewseurope.com\/fr\/la-camera-dimagerie-acoustique-flir-si1-ld-distinguee-product-of-the-year-2026-par-computer-automation\/#article\",\"isPartOf\":{\"@id\":\"https:\/\/www.eenewseurope.com\/fr\/la-camera-dimagerie-acoustique-flir-si1-ld-distinguee-product-of-the-year-2026-par-computer-automation\/\"},\"author\":{\"name\":\"NicolasFeste\",\"@id\":\"https:\/\/www.eenewseurope.com\/en\/#\/schema\/person\/c7104a72b466a801f257e51481de0c43\"},\"headline\":\"La cam\u00e9ra d\u2019imagerie acoustique FLIR Si1\u202fLD distingu\u00e9e \u00ab\u202fProduct of the Year\u202f2026\u202f\u00bb par Computer &#038; Automation\",\"datePublished\":\"2026-04-30T08:00:21+00:00\",\"dateModified\":\"2026-04-28T16:08:47+00:00\",\"mainEntityOfPage\":{\"@id\":\"https:\/\/www.eenewseurope.com\/fr\/la-camera-dimagerie-acoustique-flir-si1-ld-distinguee-product-of-the-year-2026-par-computer-automation\/\"},\"wordCount\":483,\"publisher\":{\"@id\":\"https:\/\/www.eenewseurope.com\/en\/#organization\"},\"keywords\":[\"cam\u00e9ra\",\"Cam\u00e9ras\",\"Distinction\",\"imagerie acoustique\"],\"articleSection\":[\"Nouveaux produits\"],\"inLanguage\":\"fr-FR\"},{\"@type\":\"WebPage\",\"@id\":\"https:\/\/www.eenewseurope.com\/fr\/la-camera-dimagerie-acoustique-flir-si1-ld-distinguee-product-of-the-year-2026-par-computer-automation\/\",\"url\":\"https:\/\/www.eenewseurope.com\/fr\/la-camera-dimagerie-acoustique-flir-si1-ld-distinguee-product-of-the-year-2026-par-computer-automation\/\",\"name\":\"La cam\u00e9ra d\u2019imagerie acoustique FLIR Si1\u202fLD distingu\u00e9e \u00ab\u202fProduct of the Year\u202f2026\u202f\u00bb par Computer & Automation -\",\"isPartOf\":{\"@id\":\"https:\/\/www.eenewseurope.com\/en\/#website\"},\"datePublished\":\"2026-04-30T08:00:21+00:00\",\"dateModified\":\"2026-04-28T16:08:47+00:00\",\"description\":\"FLIR, soci\u00e9t\u00e9 de Teledyne Technologies, annonce que sa cam\u00e9ra d\u2019imagerie acoustique FLIR Si1\u202fLD a re\u00e7u le prix \u00ab\u202fProduct of the Year\u202f2026\u202f\u00bb dans la cat\u00e9gorie technologies de mesure, d\u00e9cern\u00e9 par la publication industrielle allemande de r\u00e9f\u00e9rence Computer & Automation\",\"breadcrumb\":{\"@id\":\"https:\/\/www.eenewseurope.com\/fr\/la-camera-dimagerie-acoustique-flir-si1-ld-distinguee-product-of-the-year-2026-par-computer-automation\/#breadcrumb\"},\"inLanguage\":\"fr-FR\",\"potentialAction\":[{\"@type\":\"ReadAction\",\"target\":[\"https:\/\/www.eenewseurope.com\/fr\/la-camera-dimagerie-acoustique-flir-si1-ld-distinguee-product-of-the-year-2026-par-computer-automation\/\"]}]},{\"@type\":\"BreadcrumbList\",\"@id\":\"https:\/\/www.eenewseurope.com\/fr\/la-camera-dimagerie-acoustique-flir-si1-ld-distinguee-product-of-the-year-2026-par-computer-automation\/#breadcrumb\",\"itemListElement\":[{\"@type\":\"ListItem\",\"position\":1,\"name\":\"Home\",\"item\":\"https:\/\/www.ecinews.fr\/fr\/\"},{\"@type\":\"ListItem\",\"position\":2,\"name\":\"La cam\u00e9ra d\u2019imagerie acoustique FLIR Si1\u202fLD distingu\u00e9e \u00ab\u202fProduct of the Year\u202f2026\u202f\u00bb par Computer &#038; Automation\"}]},{\"@type\":\"WebSite\",\"@id\":\"https:\/\/www.eenewseurope.com\/en\/#website\",\"url\":\"https:\/\/www.eenewseurope.com\/en\/\",\"name\":\"EENewsEurope\",\"description\":\"Just another WordPress site\",\"publisher\":{\"@id\":\"https:\/\/www.eenewseurope.com\/en\/#organization\"},\"potentialAction\":[{\"@type\":\"SearchAction\",\"target\":{\"@type\":\"EntryPoint\",\"urlTemplate\":\"https:\/\/www.eenewseurope.com\/en\/?s={search_term_string}\"},\"query-input\":\"required name=search_term_string\"}],\"inLanguage\":\"fr-FR\"},{\"@type\":\"Organization\",\"@id\":\"https:\/\/www.eenewseurope.com\/en\/#organization\",\"name\":\"EENewsEurope\",\"url\":\"https:\/\/www.eenewseurope.com\/en\/\",\"logo\":{\"@type\":\"ImageObject\",\"inLanguage\":\"fr-FR\",\"@id\":\"https:\/\/www.eenewseurope.com\/en\/#\/schema\/logo\/image\/\",\"url\":\"https:\/\/www.ecinews.fr\/wp-content\/uploads\/2022\/02\/logo-1.jpg\",\"contentUrl\":\"https:\/\/www.ecinews.fr\/wp-content\/uploads\/2022\/02\/logo-1.jpg\",\"width\":283,\"height\":113,\"caption\":\"EENewsEurope\"},\"image\":{\"@id\":\"https:\/\/www.eenewseurope.com\/en\/#\/schema\/logo\/image\/\"}},{\"@type\":\"Person\",\"@id\":\"https:\/\/www.eenewseurope.com\/en\/#\/schema\/person\/c7104a72b466a801f257e51481de0c43\",\"name\":\"NicolasFeste\",\"image\":{\"@type\":\"ImageObject\",\"inLanguage\":\"fr-FR\",\"@id\":\"https:\/\/www.eenewseurope.com\/en\/#\/schema\/person\/image\/1ea421e7d03c1e96a9ea2bcf2705734a\",\"url\":\"https:\/\/secure.gravatar.com\/avatar\/2e187f4d96902933ba445ed6c760e11c?s=96&d=mm&r=g\",\"contentUrl\":\"https:\/\/secure.gravatar.com\/avatar\/2e187f4d96902933ba445ed6c760e11c?s=96&d=mm&r=g\",\"caption\":\"NicolasFeste\"}}]}<\/script>","yoast_head_json":{"title":"La cam\u00e9ra d\u2019imagerie acoustique FLIR Si1\u202fLD distingu\u00e9e \u00ab...","description":"FLIR, soci\u00e9t\u00e9 de Teledyne Technologies, annonce que sa cam\u00e9ra d\u2019imagerie acoustique FLIR Si1\u202fLD a re\u00e7u le prix \u00ab\u202fProduct of the Year\u202f2026\u202f\u00bb...","robots":{"index":"index","follow":"follow","max-snippet":"max-snippet:-1","max-image-preview":"max-image-preview:large","max-video-preview":"max-video-preview:-1"},"canonical":"https:\/\/www.ecinews.fr\/fr\/wp-json\/wp\/v2\/posts\/494113\/","og_locale":"fr_FR","og_type":"article","og_title":"La cam\u00e9ra d\u2019imagerie acoustique FLIR Si1\u202fLD distingu\u00e9e \u00ab\u202fProduct of the Year\u202f2026\u202f\u00bb par Computer & Automation","og_description":"FLIR, soci\u00e9t\u00e9 de Teledyne Technologies, annonce que sa cam\u00e9ra d\u2019imagerie acoustique FLIR Si1\u202fLD a re\u00e7u le prix \u00ab\u202fProduct of the Year\u202f2026\u202f\u00bb dans la cat\u00e9gorie technologies de mesure, d\u00e9cern\u00e9 par la publication industrielle allemande de r\u00e9f\u00e9rence Computer & Automation","og_url":"https:\/\/www.ecinews.fr\/fr\/wp-json\/wp\/v2\/posts\/494113\/","og_site_name":"EENewsEurope","article_published_time":"2026-04-30T08:00:21+00:00","article_modified_time":"2026-04-28T16:08:47+00:00","og_image":[{"width":1080,"height":916,"url":"https:\/\/www.eenewseurope.com\/wp-content\/uploads\/2026\/04\/ECI5423-CFR_FLIR-SI1-LD-PRODUCT-OF-THE-YEAR-PRESS-RELEASE-scaled.jpg","type":"image\/jpeg"}],"author":"NicolasFeste","twitter_card":"summary_large_image","twitter_misc":{"Written by":"NicolasFeste","Est. reading time":"3 minutes"},"schema":{"@context":"https:\/\/schema.org","@graph":[{"@type":"Article","@id":"https:\/\/www.eenewseurope.com\/fr\/la-camera-dimagerie-acoustique-flir-si1-ld-distinguee-product-of-the-year-2026-par-computer-automation\/#article","isPartOf":{"@id":"https:\/\/www.eenewseurope.com\/fr\/la-camera-dimagerie-acoustique-flir-si1-ld-distinguee-product-of-the-year-2026-par-computer-automation\/"},"author":{"name":"NicolasFeste","@id":"https:\/\/www.eenewseurope.com\/en\/#\/schema\/person\/c7104a72b466a801f257e51481de0c43"},"headline":"La cam\u00e9ra d\u2019imagerie acoustique FLIR Si1\u202fLD distingu\u00e9e \u00ab\u202fProduct of the Year\u202f2026\u202f\u00bb par Computer &#038; Automation","datePublished":"2026-04-30T08:00:21+00:00","dateModified":"2026-04-28T16:08:47+00:00","mainEntityOfPage":{"@id":"https:\/\/www.eenewseurope.com\/fr\/la-camera-dimagerie-acoustique-flir-si1-ld-distinguee-product-of-the-year-2026-par-computer-automation\/"},"wordCount":483,"publisher":{"@id":"https:\/\/www.eenewseurope.com\/en\/#organization"},"keywords":["cam\u00e9ra","Cam\u00e9ras","Distinction","imagerie acoustique"],"articleSection":["Nouveaux produits"],"inLanguage":"fr-FR"},{"@type":"WebPage","@id":"https:\/\/www.eenewseurope.com\/fr\/la-camera-dimagerie-acoustique-flir-si1-ld-distinguee-product-of-the-year-2026-par-computer-automation\/","url":"https:\/\/www.eenewseurope.com\/fr\/la-camera-dimagerie-acoustique-flir-si1-ld-distinguee-product-of-the-year-2026-par-computer-automation\/","name":"La cam\u00e9ra d\u2019imagerie acoustique FLIR Si1\u202fLD distingu\u00e9e \u00ab\u202fProduct of the Year\u202f2026\u202f\u00bb par Computer & Automation -","isPartOf":{"@id":"https:\/\/www.eenewseurope.com\/en\/#website"},"datePublished":"2026-04-30T08:00:21+00:00","dateModified":"2026-04-28T16:08:47+00:00","description":"FLIR, soci\u00e9t\u00e9 de Teledyne Technologies, annonce que sa cam\u00e9ra d\u2019imagerie acoustique FLIR Si1\u202fLD a re\u00e7u le prix \u00ab\u202fProduct of the Year\u202f2026\u202f\u00bb dans la cat\u00e9gorie technologies de mesure, d\u00e9cern\u00e9 par la publication industrielle allemande de r\u00e9f\u00e9rence Computer & Automation","breadcrumb":{"@id":"https:\/\/www.eenewseurope.com\/fr\/la-camera-dimagerie-acoustique-flir-si1-ld-distinguee-product-of-the-year-2026-par-computer-automation\/#breadcrumb"},"inLanguage":"fr-FR","potentialAction":[{"@type":"ReadAction","target":["https:\/\/www.eenewseurope.com\/fr\/la-camera-dimagerie-acoustique-flir-si1-ld-distinguee-product-of-the-year-2026-par-computer-automation\/"]}]},{"@type":"BreadcrumbList","@id":"https:\/\/www.eenewseurope.com\/fr\/la-camera-dimagerie-acoustique-flir-si1-ld-distinguee-product-of-the-year-2026-par-computer-automation\/#breadcrumb","itemListElement":[{"@type":"ListItem","position":1,"name":"Home","item":"https:\/\/www.ecinews.fr\/fr\/"},{"@type":"ListItem","position":2,"name":"La cam\u00e9ra d\u2019imagerie acoustique FLIR Si1\u202fLD distingu\u00e9e \u00ab\u202fProduct of the Year\u202f2026\u202f\u00bb par Computer &#038; Automation"}]},{"@type":"WebSite","@id":"https:\/\/www.eenewseurope.com\/en\/#website","url":"https:\/\/www.eenewseurope.com\/en\/","name":"EENewsEurope","description":"Just another WordPress site","publisher":{"@id":"https:\/\/www.eenewseurope.com\/en\/#organization"},"potentialAction":[{"@type":"SearchAction","target":{"@type":"EntryPoint","urlTemplate":"https:\/\/www.eenewseurope.com\/en\/?s={search_term_string}"},"query-input":"required name=search_term_string"}],"inLanguage":"fr-FR"},{"@type":"Organization","@id":"https:\/\/www.eenewseurope.com\/en\/#organization","name":"EENewsEurope","url":"https:\/\/www.eenewseurope.com\/en\/","logo":{"@type":"ImageObject","inLanguage":"fr-FR","@id":"https:\/\/www.eenewseurope.com\/en\/#\/schema\/logo\/image\/","url":"https:\/\/www.ecinews.fr\/wp-content\/uploads\/2022\/02\/logo-1.jpg","contentUrl":"https:\/\/www.ecinews.fr\/wp-content\/uploads\/2022\/02\/logo-1.jpg","width":283,"height":113,"caption":"EENewsEurope"},"image":{"@id":"https:\/\/www.eenewseurope.com\/en\/#\/schema\/logo\/image\/"}},{"@type":"Person","@id":"https:\/\/www.eenewseurope.com\/en\/#\/schema\/person\/c7104a72b466a801f257e51481de0c43","name":"NicolasFeste","image":{"@type":"ImageObject","inLanguage":"fr-FR","@id":"https:\/\/www.eenewseurope.com\/en\/#\/schema\/person\/image\/1ea421e7d03c1e96a9ea2bcf2705734a","url":"https:\/\/secure.gravatar.com\/avatar\/2e187f4d96902933ba445ed6c760e11c?s=96&d=mm&r=g","contentUrl":"https:\/\/secure.gravatar.com\/avatar\/2e187f4d96902933ba445ed6c760e11c?s=96&d=mm&r=g","caption":"NicolasFeste"}}]}},"authors":[{"term_id":6113,"user_id":39,"is_guest":0,"slug":"nicolasfeste","display_name":"NicolasFeste","avatar_url":"https:\/\/secure.gravatar.com\/avatar\/2e187f4d96902933ba445ed6c760e11c?s=96&d=mm&r=g","0":null,"1":"","2":"","3":"","4":"","5":"","6":"","7":"","8":""}],"_links":{"self":[{"href":"https:\/\/www.ecinews.fr\/fr\/wp-json\/wp\/v2\/posts\/494113"}],"collection":[{"href":"https:\/\/www.ecinews.fr\/fr\/wp-json\/wp\/v2\/posts"}],"about":[{"href":"https:\/\/www.ecinews.fr\/fr\/wp-json\/wp\/v2\/types\/post"}],"author":[{"embeddable":true,"href":"https:\/\/www.ecinews.fr\/fr\/wp-json\/wp\/v2\/users\/39"}],"replies":[{"embeddable":true,"href":"https:\/\/www.ecinews.fr\/fr\/wp-json\/wp\/v2\/comments?post=494113"}],"version-history":[{"count":0,"href":"https:\/\/www.ecinews.fr\/fr\/wp-json\/wp\/v2\/posts\/494113\/revisions"}],"wp:featuredmedia":[{"embeddable":true,"href":"https:\/\/www.ecinews.fr\/fr\/wp-json\/wp\/v2\/media\/494116"}],"wp:attachment":[{"href":"https:\/\/www.ecinews.fr\/fr\/wp-json\/wp\/v2\/media?parent=494113"}],"wp:term":[{"taxonomy":"category","embeddable":true,"href":"https:\/\/www.ecinews.fr\/fr\/wp-json\/wp\/v2\/categories?post=494113"},{"taxonomy":"post_tag","embeddable":true,"href":"https:\/\/www.ecinews.fr\/fr\/wp-json\/wp\/v2\/tags?post=494113"},{"taxonomy":"domains","embeddable":true,"href":"https:\/\/www.ecinews.fr\/fr\/wp-json\/wp\/v2\/domains?post=494113"},{"taxonomy":"author","embeddable":true,"href":"https:\/\/www.ecinews.fr\/fr\/wp-json\/wp\/v2\/ppma_author?post=494113"}],"curies":[{"name":"wp","href":"https:\/\/api.w.org\/{rel}","templated":true}]}}