{"id":494095,"date":"2026-04-29T10:00:41","date_gmt":"2026-04-29T08:00:41","guid":{"rendered":"https:\/\/www.ecinews.fr\/?p=494095"},"modified":"2026-04-28T15:49:45","modified_gmt":"2026-04-28T13:49:45","slug":"vertiv-acquiert-bmarko-structures-pour-renforcer-ses-solutions-dinfrastructure-manufacturees-et-convergees","status":"publish","type":"post","link":"https:\/\/www.ecinews.fr\/fr\/vertiv-acquiert-bmarko-structures-pour-renforcer-ses-solutions-dinfrastructure-manufacturees-et-convergees\/","title":{"rendered":"Vertiv acquiert BMarko Structures pour renforcer ses solutions d\u2019infrastructure manufactur\u00e9es et converg\u00e9es"},"content":{"rendered":"<p>Vertiv, leader mondial des infrastructures num\u00e9riques critiques, annonce l\u2019acquisition de BMarko Structures LLC, un sp\u00e9cialiste am\u00e9ricain de la fabrication structurelle sur mesure. Cette op\u00e9ration s\u2019inscrit dans un contexte de forte acc\u00e9l\u00e9ration des d\u00e9ploiements de data centers d\u00e9di\u00e9s \u00e0 l\u2019IA, qui exercent une pression croissante sur les cha\u00eenes d\u2019approvisionnement et les capacit\u00e9s d\u2019ex\u00e9cution des infrastructures.<\/p>\n<p>En int\u00e9grant cette expertise au sein de son activit\u00e9 Solutions d\u2019Infrastructure en Am\u00e9rique du Nord, Vertiv renforce sa capacit\u00e9 \u00e0 fournir des infrastructures manufactur\u00e9es, pr\u00e9fabriqu\u00e9es et converg\u00e9es, avec davantage de rapidit\u00e9, de contr\u00f4le, de personnalisation et de discipline d\u2019ex\u00e9cution.<\/p>\n<h4>Une int\u00e9gration verticale au service de la rapidit\u00e9 et de l\u2019\u00e9chelle<\/h4>\n<p>Alors que les projets de data centers IA exigent des d\u00e9lais de mise en service toujours plus courts et une mont\u00e9e en charge rapide, cette acquisition permet \u00e0 Vertiv d\u2019internaliser une comp\u00e9tence critique en fabrication structurelle. L\u2019objectif est de s\u00e9curiser l\u2019approvisionnement, d\u2019\u00e9largir rapidement les capacit\u00e9s d\u2019ing\u00e9nierie et de fabrication, et d\u2019am\u00e9liorer la ma\u00eetrise des mat\u00e9riaux et des \u0563\u0578\u0580\u056e\u0568\u0576\u0569\u0561\u0581 industriels.<\/p>\n<p>BMarko avait d\u00e9j\u00e0 d\u00e9montr\u00e9 ses capacit\u00e9s diff\u00e9renciantes \u00e0 travers des projets de long terme men\u00e9s avec Vertiv, en r\u00e9pondant \u00e0 des exigences d\u2019infrastructure hautement personnalis\u00e9es. Son int\u00e9gration devrait renforcer l\u2019ex\u00e9cution globale et permettre \u00e0 Vertiv d\u2019accompagner plus efficacement l\u2019\u00e9volution des besoins clients.<\/p>\n<h4>R\u00e9pondre aux nouvelles exigences des data centers IA<\/h4>\n<p>\u00ab\u202fL\u2019IA red\u00e9finit les exigences d\u2019infrastructure\u202f\u00bb, explique Gio Albertazzi, PDG de Vertiv. \u00ab\u202fLes clients attendent des d\u00e9lais plus courts, davantage de flexibilit\u00e9 et une efficacit\u00e9 accrue \u00e0 tous les niveaux de l\u2019infrastructure. Cette acquisition renforce notre capacit\u00e9 \u00e0 aider les clients \u00e0 avancer plus vite, avec de meilleures performances et un contr\u00f4le syst\u00e8me renforc\u00e9, \u00e0 mesure que la complexit\u00e9 des infrastructures augmente.\u202f\u00bb<\/p>\n<p>En int\u00e9grant la fabrication structurelle \u00e0 son offre, Vertiv se positionne pour r\u00e9pondre plus pr\u00e9cis\u00e9ment aux exigences des data centers de nouvelle g\u00e9n\u00e9ration, o\u00f9 l\u2019infrastructure physique devient un levier strat\u00e9gique de performance.<\/p>\n<h4>Continuit\u00e9 op\u00e9rationnelle et proximit\u00e9 industrielle<\/h4>\n<p>Fond\u00e9e en 2014 et bas\u00e9e \u00e0 Williamston, en Caroline du Sud, BMarko est sp\u00e9cialis\u00e9e dans les constructions sur mesure de haute qualit\u00e9, incluant des structures en acier et en bois, parfaitement adapt\u00e9es aux usines IA et aux data centers. L\u2019entreprise a r\u00e9cemment \u00e9tendu son site d\u2019ing\u00e9nierie et de fabrication pour atteindre environ 52\u202f000\u202fm\u00b2, \u00e0 proximit\u00e9 des op\u00e9rations de Vertiv dans la r\u00e9gion.<\/p>\n<p>BMarko continuera d\u2019op\u00e9rer avec ses \u00e9quipes actuelles, sous la supervision strat\u00e9gique de Vertiv, garantissant la continuit\u00e9 des savoir\u2011faire tout en b\u00e9n\u00e9ficiant de la port\u00e9e et des investissements du groupe.<\/p>\n<p><em>Pour les exploitants de data centers, int\u00e9grateurs et acteurs de l\u2019IA, cette acquisition illustre l\u2019importance croissante de l\u2019infrastructure manufactur\u00e9e et int\u00e9gr\u00e9e pour acc\u00e9l\u00e9rer les d\u00e9ploiements \u00e0 grande \u00e9chelle. Elle montre comment Vertiv renforce sa capacit\u00e9 \u00e0 livrer des solutions complexes, personnalis\u00e9es et rapidement op\u00e9rationnelles dans un march\u00e9 en forte tension.<\/em><\/p>\n<p><a href=\"https:\/\/www.vertiv.com\/\">Vertiv<\/a><\/p>\n","protected":false},"excerpt":{"rendered":"<p>Vertiv, leader mondial des infrastructures num\u00e9riques critiques, annonce l\u2019acquisition de BMarko Structures LLC, un sp\u00e9cialiste am\u00e9ricain de la fabrication structurelle sur mesure. Cette op\u00e9ration s\u2019inscrit dans un contexte de forte acc\u00e9l\u00e9ration des d\u00e9ploiements de data centers d\u00e9di\u00e9s \u00e0 l\u2019IA, qui exercent une pression croissante sur les cha\u00eenes d\u2019approvisionnement et les capacit\u00e9s d\u2019ex\u00e9cution des infrastructures. En [&hellip;]<\/p>\n","protected":false},"author":39,"featured_media":494098,"comment_status":"closed","ping_status":"closed","sticky":false,"template":"","format":"standard","meta":{"_acf_changed":false,"footnotes":""},"categories":[886],"tags":[4933,9321,6216,3297,2560],"domains":[47],"ppma_author":[6113],"class_list":["post-494095","post","type-post","status-publish","format-standard","has-post-thumbnail","hentry","category-news-fr","tag-centre-de-donnees-fr","tag-centres-de-donnees-fr","tag-infrastructure-fr","tag-intelligence-artificielle-ia","tag-rachat-de-societe","domains-electronique-eci"],"acf":[],"yoast_head":"<title>Vertiv acquiert BMarko Structures pour renforcer ses solutions ...<\/title>\n<meta name=\"description\" content=\"Vertiv, leader mondial des infrastructures num\u00e9riques critiques, annonce l\u2019acquisition de BMarko Structures LLC, un sp\u00e9cialiste am\u00e9ricain de la...\" \/>\n<meta name=\"robots\" content=\"index, follow, max-snippet:-1, max-image-preview:large, max-video-preview:-1\" \/>\n<link rel=\"canonical\" href=\"https:\/\/www.ecinews.fr\/fr\/wp-json\/wp\/v2\/posts\/494095\/\" \/>\n<meta property=\"og:locale\" content=\"fr_FR\" \/>\n<meta property=\"og:type\" content=\"article\" \/>\n<meta property=\"og:title\" content=\"Vertiv acquiert BMarko Structures pour renforcer ses solutions d\u2019infrastructure manufactur\u00e9es et converg\u00e9es\" \/>\n<meta property=\"og:description\" content=\"Vertiv, leader mondial des infrastructures num\u00e9riques critiques, annonce l\u2019acquisition de BMarko Structures LLC, un sp\u00e9cialiste am\u00e9ricain de la fabrication structurelle sur mesure\" \/>\n<meta property=\"og:url\" content=\"https:\/\/www.ecinews.fr\/fr\/wp-json\/wp\/v2\/posts\/494095\/\" \/>\n<meta property=\"og:site_name\" content=\"EENewsEurope\" \/>\n<meta property=\"article:published_time\" content=\"2026-04-29T08:00:41+00:00\" \/>\n<meta property=\"article:modified_time\" content=\"2026-04-28T13:49:45+00:00\" \/>\n<meta property=\"og:image\" content=\"https:\/\/www.ecinews.fr\/wp-content\/uploads\/2026\/04\/ECI5420-Vertiv-fait-lacquisition-de-BMarko-Structures-pour-elargir-sa-capacite-de-solutions-dinfrastructure-manufacturees-et-convergees.png\" \/>\n\t<meta property=\"og:image:width\" content=\"1200\" \/>\n\t<meta property=\"og:image:height\" content=\"628\" \/>\n\t<meta property=\"og:image:type\" content=\"image\/png\" \/>\n<meta name=\"author\" content=\"NicolasFeste\" \/>\n<meta name=\"twitter:card\" content=\"summary_large_image\" \/>\n<meta name=\"twitter:label1\" content=\"Written by\" \/>\n\t<meta name=\"twitter:data1\" content=\"NicolasFeste\" \/>\n\t<meta name=\"twitter:label2\" content=\"Est. reading time\" \/>\n\t<meta name=\"twitter:data2\" content=\"3 minutes\" \/>\n<script type=\"application\/ld+json\" class=\"yoast-schema-graph\">{\"@context\":\"https:\/\/schema.org\",\"@graph\":[{\"@type\":\"Article\",\"@id\":\"https:\/\/www.ecinews.fr\/fr\/vertiv-acquiert-bmarko-structures-pour-renforcer-ses-solutions-dinfrastructure-manufacturees-et-convergees\/#article\",\"isPartOf\":{\"@id\":\"https:\/\/www.ecinews.fr\/fr\/vertiv-acquiert-bmarko-structures-pour-renforcer-ses-solutions-dinfrastructure-manufacturees-et-convergees\/\"},\"author\":{\"name\":\"NicolasFeste\",\"@id\":\"https:\/\/www.eenewseurope.com\/en\/#\/schema\/person\/c7104a72b466a801f257e51481de0c43\"},\"headline\":\"Vertiv acquiert BMarko Structures pour renforcer ses solutions d\u2019infrastructure manufactur\u00e9es et converg\u00e9es\",\"datePublished\":\"2026-04-29T08:00:41+00:00\",\"dateModified\":\"2026-04-28T13:49:45+00:00\",\"mainEntityOfPage\":{\"@id\":\"https:\/\/www.ecinews.fr\/fr\/vertiv-acquiert-bmarko-structures-pour-renforcer-ses-solutions-dinfrastructure-manufacturees-et-convergees\/\"},\"wordCount\":555,\"publisher\":{\"@id\":\"https:\/\/www.eenewseurope.com\/en\/#organization\"},\"keywords\":[\"centre de donn\u00e9es\",\"Centres de donn\u00e9es\",\"Infrastructure\",\"Intelligence Artificielle - IA\",\"Rachat de soci\u00e9t\u00e9\"],\"articleSection\":[\"Actualit\u00e9 g\u00e9n\u00e9rale\"],\"inLanguage\":\"fr-FR\"},{\"@type\":\"WebPage\",\"@id\":\"https:\/\/www.ecinews.fr\/fr\/vertiv-acquiert-bmarko-structures-pour-renforcer-ses-solutions-dinfrastructure-manufacturees-et-convergees\/\",\"url\":\"https:\/\/www.ecinews.fr\/fr\/vertiv-acquiert-bmarko-structures-pour-renforcer-ses-solutions-dinfrastructure-manufacturees-et-convergees\/\",\"name\":\"Vertiv acquiert BMarko Structures pour renforcer ses solutions d\u2019infrastructure manufactur\u00e9es et converg\u00e9es -\",\"isPartOf\":{\"@id\":\"https:\/\/www.eenewseurope.com\/en\/#website\"},\"datePublished\":\"2026-04-29T08:00:41+00:00\",\"dateModified\":\"2026-04-28T13:49:45+00:00\",\"description\":\"Vertiv, leader mondial des infrastructures num\u00e9riques critiques, annonce l\u2019acquisition de BMarko Structures LLC, un sp\u00e9cialiste am\u00e9ricain de la fabrication structurelle sur mesure\",\"breadcrumb\":{\"@id\":\"https:\/\/www.ecinews.fr\/fr\/vertiv-acquiert-bmarko-structures-pour-renforcer-ses-solutions-dinfrastructure-manufacturees-et-convergees\/#breadcrumb\"},\"inLanguage\":\"fr-FR\",\"potentialAction\":[{\"@type\":\"ReadAction\",\"target\":[\"https:\/\/www.ecinews.fr\/fr\/vertiv-acquiert-bmarko-structures-pour-renforcer-ses-solutions-dinfrastructure-manufacturees-et-convergees\/\"]}]},{\"@type\":\"BreadcrumbList\",\"@id\":\"https:\/\/www.ecinews.fr\/fr\/vertiv-acquiert-bmarko-structures-pour-renforcer-ses-solutions-dinfrastructure-manufacturees-et-convergees\/#breadcrumb\",\"itemListElement\":[{\"@type\":\"ListItem\",\"position\":1,\"name\":\"Home\",\"item\":\"https:\/\/www.ecinews.fr\/fr\/\"},{\"@type\":\"ListItem\",\"position\":2,\"name\":\"Vertiv acquiert BMarko Structures pour renforcer ses solutions d\u2019infrastructure manufactur\u00e9es et converg\u00e9es\"}]},{\"@type\":\"WebSite\",\"@id\":\"https:\/\/www.eenewseurope.com\/en\/#website\",\"url\":\"https:\/\/www.eenewseurope.com\/en\/\",\"name\":\"EENewsEurope\",\"description\":\"Just another WordPress site\",\"publisher\":{\"@id\":\"https:\/\/www.eenewseurope.com\/en\/#organization\"},\"potentialAction\":[{\"@type\":\"SearchAction\",\"target\":{\"@type\":\"EntryPoint\",\"urlTemplate\":\"https:\/\/www.eenewseurope.com\/en\/?s={search_term_string}\"},\"query-input\":\"required name=search_term_string\"}],\"inLanguage\":\"fr-FR\"},{\"@type\":\"Organization\",\"@id\":\"https:\/\/www.eenewseurope.com\/en\/#organization\",\"name\":\"EENewsEurope\",\"url\":\"https:\/\/www.eenewseurope.com\/en\/\",\"logo\":{\"@type\":\"ImageObject\",\"inLanguage\":\"fr-FR\",\"@id\":\"https:\/\/www.eenewseurope.com\/en\/#\/schema\/logo\/image\/\",\"url\":\"https:\/\/www.ecinews.fr\/wp-content\/uploads\/2022\/02\/logo-1.jpg\",\"contentUrl\":\"https:\/\/www.ecinews.fr\/wp-content\/uploads\/2022\/02\/logo-1.jpg\",\"width\":283,\"height\":113,\"caption\":\"EENewsEurope\"},\"image\":{\"@id\":\"https:\/\/www.eenewseurope.com\/en\/#\/schema\/logo\/image\/\"}},{\"@type\":\"Person\",\"@id\":\"https:\/\/www.eenewseurope.com\/en\/#\/schema\/person\/c7104a72b466a801f257e51481de0c43\",\"name\":\"NicolasFeste\",\"image\":{\"@type\":\"ImageObject\",\"inLanguage\":\"fr-FR\",\"@id\":\"https:\/\/www.eenewseurope.com\/en\/#\/schema\/person\/image\/1ea421e7d03c1e96a9ea2bcf2705734a\",\"url\":\"https:\/\/secure.gravatar.com\/avatar\/2e187f4d96902933ba445ed6c760e11c?s=96&d=mm&r=g\",\"contentUrl\":\"https:\/\/secure.gravatar.com\/avatar\/2e187f4d96902933ba445ed6c760e11c?s=96&d=mm&r=g\",\"caption\":\"NicolasFeste\"}}]}<\/script>","yoast_head_json":{"title":"Vertiv acquiert BMarko Structures pour renforcer ses solutions ...","description":"Vertiv, leader mondial des infrastructures num\u00e9riques critiques, annonce l\u2019acquisition de BMarko Structures LLC, un sp\u00e9cialiste am\u00e9ricain de la...","robots":{"index":"index","follow":"follow","max-snippet":"max-snippet:-1","max-image-preview":"max-image-preview:large","max-video-preview":"max-video-preview:-1"},"canonical":"https:\/\/www.ecinews.fr\/fr\/wp-json\/wp\/v2\/posts\/494095\/","og_locale":"fr_FR","og_type":"article","og_title":"Vertiv acquiert BMarko Structures pour renforcer ses solutions d\u2019infrastructure manufactur\u00e9es et converg\u00e9es","og_description":"Vertiv, leader mondial des infrastructures num\u00e9riques critiques, annonce l\u2019acquisition de BMarko Structures LLC, un sp\u00e9cialiste am\u00e9ricain de la fabrication structurelle sur mesure","og_url":"https:\/\/www.ecinews.fr\/fr\/wp-json\/wp\/v2\/posts\/494095\/","og_site_name":"EENewsEurope","article_published_time":"2026-04-29T08:00:41+00:00","article_modified_time":"2026-04-28T13:49:45+00:00","og_image":[{"width":1200,"height":628,"url":"https:\/\/www.ecinews.fr\/wp-content\/uploads\/2026\/04\/ECI5420-Vertiv-fait-lacquisition-de-BMarko-Structures-pour-elargir-sa-capacite-de-solutions-dinfrastructure-manufacturees-et-convergees.png","type":"image\/png"}],"author":"NicolasFeste","twitter_card":"summary_large_image","twitter_misc":{"Written by":"NicolasFeste","Est. reading time":"3 minutes"},"schema":{"@context":"https:\/\/schema.org","@graph":[{"@type":"Article","@id":"https:\/\/www.ecinews.fr\/fr\/vertiv-acquiert-bmarko-structures-pour-renforcer-ses-solutions-dinfrastructure-manufacturees-et-convergees\/#article","isPartOf":{"@id":"https:\/\/www.ecinews.fr\/fr\/vertiv-acquiert-bmarko-structures-pour-renforcer-ses-solutions-dinfrastructure-manufacturees-et-convergees\/"},"author":{"name":"NicolasFeste","@id":"https:\/\/www.eenewseurope.com\/en\/#\/schema\/person\/c7104a72b466a801f257e51481de0c43"},"headline":"Vertiv acquiert BMarko Structures pour renforcer ses solutions d\u2019infrastructure manufactur\u00e9es et converg\u00e9es","datePublished":"2026-04-29T08:00:41+00:00","dateModified":"2026-04-28T13:49:45+00:00","mainEntityOfPage":{"@id":"https:\/\/www.ecinews.fr\/fr\/vertiv-acquiert-bmarko-structures-pour-renforcer-ses-solutions-dinfrastructure-manufacturees-et-convergees\/"},"wordCount":555,"publisher":{"@id":"https:\/\/www.eenewseurope.com\/en\/#organization"},"keywords":["centre de donn\u00e9es","Centres de donn\u00e9es","Infrastructure","Intelligence Artificielle - IA","Rachat de soci\u00e9t\u00e9"],"articleSection":["Actualit\u00e9 g\u00e9n\u00e9rale"],"inLanguage":"fr-FR"},{"@type":"WebPage","@id":"https:\/\/www.ecinews.fr\/fr\/vertiv-acquiert-bmarko-structures-pour-renforcer-ses-solutions-dinfrastructure-manufacturees-et-convergees\/","url":"https:\/\/www.ecinews.fr\/fr\/vertiv-acquiert-bmarko-structures-pour-renforcer-ses-solutions-dinfrastructure-manufacturees-et-convergees\/","name":"Vertiv acquiert BMarko Structures pour renforcer ses solutions d\u2019infrastructure manufactur\u00e9es et converg\u00e9es -","isPartOf":{"@id":"https:\/\/www.eenewseurope.com\/en\/#website"},"datePublished":"2026-04-29T08:00:41+00:00","dateModified":"2026-04-28T13:49:45+00:00","description":"Vertiv, leader mondial des infrastructures num\u00e9riques critiques, annonce l\u2019acquisition de BMarko Structures LLC, un sp\u00e9cialiste am\u00e9ricain de la fabrication structurelle sur mesure","breadcrumb":{"@id":"https:\/\/www.ecinews.fr\/fr\/vertiv-acquiert-bmarko-structures-pour-renforcer-ses-solutions-dinfrastructure-manufacturees-et-convergees\/#breadcrumb"},"inLanguage":"fr-FR","potentialAction":[{"@type":"ReadAction","target":["https:\/\/www.ecinews.fr\/fr\/vertiv-acquiert-bmarko-structures-pour-renforcer-ses-solutions-dinfrastructure-manufacturees-et-convergees\/"]}]},{"@type":"BreadcrumbList","@id":"https:\/\/www.ecinews.fr\/fr\/vertiv-acquiert-bmarko-structures-pour-renforcer-ses-solutions-dinfrastructure-manufacturees-et-convergees\/#breadcrumb","itemListElement":[{"@type":"ListItem","position":1,"name":"Home","item":"https:\/\/www.ecinews.fr\/fr\/"},{"@type":"ListItem","position":2,"name":"Vertiv acquiert BMarko Structures pour renforcer ses solutions d\u2019infrastructure manufactur\u00e9es et converg\u00e9es"}]},{"@type":"WebSite","@id":"https:\/\/www.eenewseurope.com\/en\/#website","url":"https:\/\/www.eenewseurope.com\/en\/","name":"EENewsEurope","description":"Just another WordPress site","publisher":{"@id":"https:\/\/www.eenewseurope.com\/en\/#organization"},"potentialAction":[{"@type":"SearchAction","target":{"@type":"EntryPoint","urlTemplate":"https:\/\/www.eenewseurope.com\/en\/?s={search_term_string}"},"query-input":"required name=search_term_string"}],"inLanguage":"fr-FR"},{"@type":"Organization","@id":"https:\/\/www.eenewseurope.com\/en\/#organization","name":"EENewsEurope","url":"https:\/\/www.eenewseurope.com\/en\/","logo":{"@type":"ImageObject","inLanguage":"fr-FR","@id":"https:\/\/www.eenewseurope.com\/en\/#\/schema\/logo\/image\/","url":"https:\/\/www.ecinews.fr\/wp-content\/uploads\/2022\/02\/logo-1.jpg","contentUrl":"https:\/\/www.ecinews.fr\/wp-content\/uploads\/2022\/02\/logo-1.jpg","width":283,"height":113,"caption":"EENewsEurope"},"image":{"@id":"https:\/\/www.eenewseurope.com\/en\/#\/schema\/logo\/image\/"}},{"@type":"Person","@id":"https:\/\/www.eenewseurope.com\/en\/#\/schema\/person\/c7104a72b466a801f257e51481de0c43","name":"NicolasFeste","image":{"@type":"ImageObject","inLanguage":"fr-FR","@id":"https:\/\/www.eenewseurope.com\/en\/#\/schema\/person\/image\/1ea421e7d03c1e96a9ea2bcf2705734a","url":"https:\/\/secure.gravatar.com\/avatar\/2e187f4d96902933ba445ed6c760e11c?s=96&d=mm&r=g","contentUrl":"https:\/\/secure.gravatar.com\/avatar\/2e187f4d96902933ba445ed6c760e11c?s=96&d=mm&r=g","caption":"NicolasFeste"}}]}},"authors":[{"term_id":6113,"user_id":39,"is_guest":0,"slug":"nicolasfeste","display_name":"NicolasFeste","avatar_url":"https:\/\/secure.gravatar.com\/avatar\/2e187f4d96902933ba445ed6c760e11c?s=96&d=mm&r=g","0":null,"1":"","2":"","3":"","4":"","5":"","6":"","7":"","8":""}],"_links":{"self":[{"href":"https:\/\/www.ecinews.fr\/fr\/wp-json\/wp\/v2\/posts\/494095"}],"collection":[{"href":"https:\/\/www.ecinews.fr\/fr\/wp-json\/wp\/v2\/posts"}],"about":[{"href":"https:\/\/www.ecinews.fr\/fr\/wp-json\/wp\/v2\/types\/post"}],"author":[{"embeddable":true,"href":"https:\/\/www.ecinews.fr\/fr\/wp-json\/wp\/v2\/users\/39"}],"replies":[{"embeddable":true,"href":"https:\/\/www.ecinews.fr\/fr\/wp-json\/wp\/v2\/comments?post=494095"}],"version-history":[{"count":0,"href":"https:\/\/www.ecinews.fr\/fr\/wp-json\/wp\/v2\/posts\/494095\/revisions"}],"wp:featuredmedia":[{"embeddable":true,"href":"https:\/\/www.ecinews.fr\/fr\/wp-json\/wp\/v2\/media\/494098"}],"wp:attachment":[{"href":"https:\/\/www.ecinews.fr\/fr\/wp-json\/wp\/v2\/media?parent=494095"}],"wp:term":[{"taxonomy":"category","embeddable":true,"href":"https:\/\/www.ecinews.fr\/fr\/wp-json\/wp\/v2\/categories?post=494095"},{"taxonomy":"post_tag","embeddable":true,"href":"https:\/\/www.ecinews.fr\/fr\/wp-json\/wp\/v2\/tags?post=494095"},{"taxonomy":"domains","embeddable":true,"href":"https:\/\/www.ecinews.fr\/fr\/wp-json\/wp\/v2\/domains?post=494095"},{"taxonomy":"author","embeddable":true,"href":"https:\/\/www.ecinews.fr\/fr\/wp-json\/wp\/v2\/ppma_author?post=494095"}],"curies":[{"name":"wp","href":"https:\/\/api.w.org\/{rel}","templated":true}]}}