{"id":494079,"date":"2026-04-28T14:30:22","date_gmt":"2026-04-28T12:30:22","guid":{"rendered":"https:\/\/www.ecinews.fr\/?p=494079"},"modified":"2026-04-28T14:30:22","modified_gmt":"2026-04-28T12:30:22","slug":"nordic-semiconductor-renforce-sa-direction-en-reunissant-marketing-et-experience-developpeur","status":"publish","type":"post","link":"https:\/\/www.ecinews.fr\/fr\/nordic-semiconductor-renforce-sa-direction-en-reunissant-marketing-et-experience-developpeur\/","title":{"rendered":"Nordic Semiconductor renforce sa direction en r\u00e9unissant marketing et exp\u00e9rience d\u00e9veloppeur"},"content":{"rendered":"<p>Nordic Semiconductor, l\u2019un des leaders des solutions de connectivit\u00e9 sans fil \u00e0 tr\u00e8s faible consommation, annonce la nomination de Jo Uthus au poste nouvellement cr\u00e9\u00e9 de vice\u2011pr\u00e9sident ex\u00e9cutif (EVP) en charge du marketing et de l\u2019exp\u00e9rience d\u00e9veloppeur. Cette \u00e9volution organisationnelle vise \u00e0 aligner plus \u00e9troitement la strat\u00e9gie marketing de l\u2019entreprise avec son \u00e9cosyst\u00e8me de d\u00e9veloppement, afin d\u2019acc\u00e9l\u00e9rer l\u2019innovation et la mise sur le march\u00e9 des produits.<\/p>\n<p>Ce nouveau r\u00f4le refl\u00e8te la volont\u00e9 de Nordic de placer les d\u00e9veloppeurs au c\u0153ur de sa strat\u00e9gie de croissance sur l\u2019ensemble de ses march\u00e9s.<\/p>\n<h4>Aligner marketing et exp\u00e9rience d\u00e9veloppeur<\/h4>\n<p>Pour Nordic Semiconductor, la r\u00e9ussite commerciale repose autant sur la qualit\u00e9 des composants que sur la confiance accord\u00e9e par les d\u00e9veloppeurs \u00e0 l\u2019\u00e9cosyst\u00e8me logiciel et aux services cloud associ\u00e9s. En r\u00e9unissant le marketing et l\u2019exp\u00e9rience d\u00e9veloppeur sous une m\u00eame direction, l\u2019entreprise cherche \u00e0 renforcer cette coh\u00e9rence et \u00e0 simplifier le parcours des \u00e9quipes techniques, depuis l\u2019\u00e9valuation jusqu\u2019\u00e0 la production.<\/p>\n<p>\u00ab\u202fLes d\u00e9veloppeurs jouent un r\u00f4le central dans la r\u00e9ussite de Nordic\u202f\u00bb, souligne Vegard Wollan, PDG de Nordic Semiconductor. \u00ab\u202fNotre leadership repose sur la confiance dans nos composants, nos logiciels et nos services cloud, ainsi que sur une exp\u00e9rience d\u00e9veloppeur de premier plan. Cette nouvelle organisation nous aide \u00e0 aller encore plus loin.\u202f\u00bb<\/p>\n<h4>Une strat\u00e9gie tourn\u00e9e vers l\u2019\u00e9cosyst\u00e8me<\/h4>\n<p>Nordic a construit au fil des ann\u00e9es l\u2019un des \u00e9cosyst\u00e8mes de d\u00e9veloppement les plus solides du secteur, soutenu par une communaut\u00e9 internationale active et par sa plateforme DevZone. L\u2019objectif est d\u00e9sormais d\u2019\u00e9tendre encore cette dynamique, en r\u00e9duisant la complexit\u00e9 du d\u00e9veloppement et en raccourcissant le d\u00e9lai entre le prototypage et la mise en production.<\/p>\n<p>\u00ab\u202fNordic b\u00e9n\u00e9ficie d\u00e9j\u00e0 d\u2019une forte reconnaissance aupr\u00e8s des d\u00e9veloppeurs du monde entier\u202f\u00bb, explique Jo Uthus. \u00ab\u202fNotre ambition est de simplifier davantage le d\u00e9veloppement, d\u2019\u00e9largir notre port\u00e9e et d\u2019aider nos clients \u00e0 cr\u00e9er de meilleurs produits plus rapidement.\u202f\u00bb<\/p>\n<h4>Une expertise \u00e9prouv\u00e9e au service de la croissance<\/h4>\n<p>Jo Uthus apporte plus de 25\u202fans d\u2019exp\u00e9rience, acquise \u00e0 des postes de direction chez Atmel et Microchip, deux entreprises reconnues pour leurs plateformes fortement orient\u00e9es d\u00e9veloppeurs. Il a officiellement rejoint Nordic Semiconductor le 1er avril 2026.<\/p>\n<p>Cette nomination s\u2019inscrit dans l\u2019\u00e9volution strat\u00e9gique de Nordic, qui passe progressivement du statut de fournisseur de composants sans fil \u00e0 celui de fournisseur de solutions compl\u00e8tes, combinant mat\u00e9riels ultra\u2011faible consommation, logiciels et services cloud.<\/p>\n<p><em>Pour les d\u00e9veloppeurs et les entreprises utilisant les technologies Nordic, cette annonce confirme un engagement fort en faveur d\u2019une exp\u00e9rience de d\u00e9veloppement plus fluide, plus coh\u00e9rente et plus efficace. Elle traduit \u00e9galement une tendance de fond du secteur\u202f: la valeur se cr\u00e9e de plus en plus \u00e0 l\u2019\u00e9chelle de l\u2019\u00e9cosyst\u00e8me, et non plus uniquement au niveau du composant.<\/em><\/p>\n<p><a href=\"https:\/\/www.nordicsemi.com\/\">Nordic Semiconductor<\/a><\/p>\n","protected":false},"excerpt":{"rendered":"<p>Nordic Semiconductor, l\u2019un des leaders des solutions de connectivit\u00e9 sans fil \u00e0 tr\u00e8s faible consommation, annonce la nomination de Jo Uthus au poste nouvellement cr\u00e9\u00e9 de vice\u2011pr\u00e9sident ex\u00e9cutif (EVP) en charge du marketing et de l\u2019exp\u00e9rience d\u00e9veloppeur. Cette \u00e9volution organisationnelle vise \u00e0 aligner plus \u00e9troitement la strat\u00e9gie marketing de l\u2019entreprise avec son \u00e9cosyst\u00e8me de d\u00e9veloppement, [&hellip;]<\/p>\n","protected":false},"author":39,"featured_media":494088,"comment_status":"closed","ping_status":"closed","sticky":false,"template":"","format":"standard","meta":{"_acf_changed":false,"footnotes":""},"categories":[886],"tags":[6676,11203,11204],"domains":[47],"ppma_author":[6113],"class_list":["post-494079","post","type-post","status-publish","format-standard","has-post-thumbnail","hentry","category-news-fr","tag-connectivite-sans-fil","tag-experience-developpeur","tag-marketing-technologique","domains-electronique-eci"],"acf":[],"yoast_head":"<title>Nordic Semiconductor renforce sa direction en r\u00e9unissant marke...<\/title>\n<meta name=\"description\" content=\"Nordic Semiconductor, l\u2019un des leaders des solutions de connectivit\u00e9 sans fil \u00e0 tr\u00e8s faible consommation, annonce la nomination de Jo Uthus au poste...\" \/>\n<meta name=\"robots\" content=\"index, follow, max-snippet:-1, max-image-preview:large, max-video-preview:-1\" \/>\n<link rel=\"canonical\" href=\"https:\/\/www.ecinews.fr\/fr\/wp-json\/wp\/v2\/posts\/494079\/\" \/>\n<meta property=\"og:locale\" content=\"fr_FR\" \/>\n<meta property=\"og:type\" content=\"article\" \/>\n<meta property=\"og:title\" content=\"Nordic Semiconductor renforce sa direction en r\u00e9unissant marketing et exp\u00e9rience d\u00e9veloppeur\" \/>\n<meta property=\"og:description\" content=\"Nordic Semiconductor, l\u2019un des leaders des solutions de connectivit\u00e9 sans fil \u00e0 tr\u00e8s faible consommation, annonce la nomination de Jo Uthus au poste nouvellement cr\u00e9\u00e9 de vice\u2011pr\u00e9sident ex\u00e9cutif (EVP) en charge du marketing et de l\u2019exp\u00e9rience d\u00e9veloppeur\" \/>\n<meta property=\"og:url\" content=\"https:\/\/www.ecinews.fr\/fr\/wp-json\/wp\/v2\/posts\/494079\/\" \/>\n<meta property=\"og:site_name\" content=\"EENewsEurope\" \/>\n<meta property=\"article:published_time\" content=\"2026-04-28T12:30:22+00:00\" \/>\n<meta property=\"og:image\" content=\"https:\/\/www.ecinews.fr\/wp-content\/uploads\/2026\/04\/ECI5424-NORD066fr-New-EVP-Marketing-and-Developer-Experience-final-approved-scaled.jpg\" \/>\n\t<meta property=\"og:image:width\" content=\"1080\" \/>\n\t<meta property=\"og:image:height\" content=\"720\" \/>\n\t<meta property=\"og:image:type\" content=\"image\/jpeg\" \/>\n<meta name=\"author\" content=\"NicolasFeste\" \/>\n<meta name=\"twitter:card\" content=\"summary_large_image\" \/>\n<meta name=\"twitter:label1\" content=\"Written by\" \/>\n\t<meta name=\"twitter:data1\" content=\"NicolasFeste\" \/>\n\t<meta name=\"twitter:label2\" content=\"Est. reading time\" \/>\n\t<meta name=\"twitter:data2\" content=\"3 minutes\" \/>\n<script type=\"application\/ld+json\" class=\"yoast-schema-graph\">{\"@context\":\"https:\/\/schema.org\",\"@graph\":[{\"@type\":\"Article\",\"@id\":\"https:\/\/www.ecinews.fr\/fr\/nordic-semiconductor-renforce-sa-direction-en-reunissant-marketing-et-experience-developpeur\/#article\",\"isPartOf\":{\"@id\":\"https:\/\/www.ecinews.fr\/fr\/nordic-semiconductor-renforce-sa-direction-en-reunissant-marketing-et-experience-developpeur\/\"},\"author\":{\"name\":\"NicolasFeste\",\"@id\":\"https:\/\/www.ecinews.fr\/fr\/#\/schema\/person\/c7104a72b466a801f257e51481de0c43\"},\"headline\":\"Nordic Semiconductor renforce sa direction en r\u00e9unissant marketing et exp\u00e9rience d\u00e9veloppeur\",\"datePublished\":\"2026-04-28T12:30:22+00:00\",\"dateModified\":\"2026-04-28T12:30:22+00:00\",\"mainEntityOfPage\":{\"@id\":\"https:\/\/www.ecinews.fr\/fr\/nordic-semiconductor-renforce-sa-direction-en-reunissant-marketing-et-experience-developpeur\/\"},\"wordCount\":532,\"publisher\":{\"@id\":\"https:\/\/www.ecinews.fr\/fr\/#organization\"},\"keywords\":[\"Connectivit\u00e9 sans fil\",\"exp\u00e9rience d\u00e9veloppeur\",\"marketing technologique\"],\"articleSection\":[\"Actualit\u00e9 g\u00e9n\u00e9rale\"],\"inLanguage\":\"fr-FR\"},{\"@type\":\"WebPage\",\"@id\":\"https:\/\/www.ecinews.fr\/fr\/nordic-semiconductor-renforce-sa-direction-en-reunissant-marketing-et-experience-developpeur\/\",\"url\":\"https:\/\/www.ecinews.fr\/fr\/nordic-semiconductor-renforce-sa-direction-en-reunissant-marketing-et-experience-developpeur\/\",\"name\":\"Nordic Semiconductor renforce sa direction en r\u00e9unissant marketing et exp\u00e9rience d\u00e9veloppeur -\",\"isPartOf\":{\"@id\":\"https:\/\/www.ecinews.fr\/fr\/#website\"},\"datePublished\":\"2026-04-28T12:30:22+00:00\",\"dateModified\":\"2026-04-28T12:30:22+00:00\",\"description\":\"Nordic Semiconductor, l\u2019un des leaders des solutions de connectivit\u00e9 sans fil \u00e0 tr\u00e8s faible consommation, annonce la nomination de Jo Uthus au poste nouvellement cr\u00e9\u00e9 de vice\u2011pr\u00e9sident ex\u00e9cutif (EVP) en charge du marketing et de l\u2019exp\u00e9rience d\u00e9veloppeur\",\"breadcrumb\":{\"@id\":\"https:\/\/www.ecinews.fr\/fr\/nordic-semiconductor-renforce-sa-direction-en-reunissant-marketing-et-experience-developpeur\/#breadcrumb\"},\"inLanguage\":\"fr-FR\",\"potentialAction\":[{\"@type\":\"ReadAction\",\"target\":[\"https:\/\/www.ecinews.fr\/fr\/nordic-semiconductor-renforce-sa-direction-en-reunissant-marketing-et-experience-developpeur\/\"]}]},{\"@type\":\"BreadcrumbList\",\"@id\":\"https:\/\/www.ecinews.fr\/fr\/nordic-semiconductor-renforce-sa-direction-en-reunissant-marketing-et-experience-developpeur\/#breadcrumb\",\"itemListElement\":[{\"@type\":\"ListItem\",\"position\":1,\"name\":\"Home\",\"item\":\"https:\/\/www.ecinews.fr\/fr\/\"},{\"@type\":\"ListItem\",\"position\":2,\"name\":\"Nordic Semiconductor renforce sa direction en r\u00e9unissant marketing et exp\u00e9rience d\u00e9veloppeur\"}]},{\"@type\":\"WebSite\",\"@id\":\"https:\/\/www.ecinews.fr\/fr\/#website\",\"url\":\"https:\/\/www.ecinews.fr\/fr\/\",\"name\":\"EENewsEurope\",\"description\":\"Just another WordPress site\",\"publisher\":{\"@id\":\"https:\/\/www.ecinews.fr\/fr\/#organization\"},\"potentialAction\":[{\"@type\":\"SearchAction\",\"target\":{\"@type\":\"EntryPoint\",\"urlTemplate\":\"https:\/\/www.ecinews.fr\/fr\/?s={search_term_string}\"},\"query-input\":\"required name=search_term_string\"}],\"inLanguage\":\"fr-FR\"},{\"@type\":\"Organization\",\"@id\":\"https:\/\/www.ecinews.fr\/fr\/#organization\",\"name\":\"EENewsEurope\",\"url\":\"https:\/\/www.ecinews.fr\/fr\/\",\"logo\":{\"@type\":\"ImageObject\",\"inLanguage\":\"fr-FR\",\"@id\":\"https:\/\/www.ecinews.fr\/fr\/#\/schema\/logo\/image\/\",\"url\":\"https:\/\/www.ecinews.fr\/wp-content\/uploads\/2022\/02\/logo-1.jpg\",\"contentUrl\":\"https:\/\/www.ecinews.fr\/wp-content\/uploads\/2022\/02\/logo-1.jpg\",\"width\":283,\"height\":113,\"caption\":\"EENewsEurope\"},\"image\":{\"@id\":\"https:\/\/www.ecinews.fr\/fr\/#\/schema\/logo\/image\/\"}},{\"@type\":\"Person\",\"@id\":\"https:\/\/www.ecinews.fr\/fr\/#\/schema\/person\/c7104a72b466a801f257e51481de0c43\",\"name\":\"NicolasFeste\",\"image\":{\"@type\":\"ImageObject\",\"inLanguage\":\"fr-FR\",\"@id\":\"https:\/\/www.ecinews.fr\/fr\/#\/schema\/person\/image\/1ea421e7d03c1e96a9ea2bcf2705734a\",\"url\":\"https:\/\/secure.gravatar.com\/avatar\/2e187f4d96902933ba445ed6c760e11c?s=96&d=mm&r=g\",\"contentUrl\":\"https:\/\/secure.gravatar.com\/avatar\/2e187f4d96902933ba445ed6c760e11c?s=96&d=mm&r=g\",\"caption\":\"NicolasFeste\"}}]}<\/script>","yoast_head_json":{"title":"Nordic Semiconductor renforce sa direction en r\u00e9unissant marke...","description":"Nordic Semiconductor, l\u2019un des leaders des solutions de connectivit\u00e9 sans fil \u00e0 tr\u00e8s faible consommation, annonce la nomination de Jo Uthus au poste...","robots":{"index":"index","follow":"follow","max-snippet":"max-snippet:-1","max-image-preview":"max-image-preview:large","max-video-preview":"max-video-preview:-1"},"canonical":"https:\/\/www.ecinews.fr\/fr\/wp-json\/wp\/v2\/posts\/494079\/","og_locale":"fr_FR","og_type":"article","og_title":"Nordic Semiconductor renforce sa direction en r\u00e9unissant marketing et exp\u00e9rience d\u00e9veloppeur","og_description":"Nordic Semiconductor, l\u2019un des leaders des solutions de connectivit\u00e9 sans fil \u00e0 tr\u00e8s faible consommation, annonce la nomination de Jo Uthus au poste nouvellement cr\u00e9\u00e9 de vice\u2011pr\u00e9sident ex\u00e9cutif (EVP) en charge du marketing et de l\u2019exp\u00e9rience d\u00e9veloppeur","og_url":"https:\/\/www.ecinews.fr\/fr\/wp-json\/wp\/v2\/posts\/494079\/","og_site_name":"EENewsEurope","article_published_time":"2026-04-28T12:30:22+00:00","og_image":[{"width":1080,"height":720,"url":"https:\/\/www.ecinews.fr\/wp-content\/uploads\/2026\/04\/ECI5424-NORD066fr-New-EVP-Marketing-and-Developer-Experience-final-approved-scaled.jpg","type":"image\/jpeg"}],"author":"NicolasFeste","twitter_card":"summary_large_image","twitter_misc":{"Written by":"NicolasFeste","Est. reading time":"3 minutes"},"schema":{"@context":"https:\/\/schema.org","@graph":[{"@type":"Article","@id":"https:\/\/www.ecinews.fr\/fr\/nordic-semiconductor-renforce-sa-direction-en-reunissant-marketing-et-experience-developpeur\/#article","isPartOf":{"@id":"https:\/\/www.ecinews.fr\/fr\/nordic-semiconductor-renforce-sa-direction-en-reunissant-marketing-et-experience-developpeur\/"},"author":{"name":"NicolasFeste","@id":"https:\/\/www.ecinews.fr\/fr\/#\/schema\/person\/c7104a72b466a801f257e51481de0c43"},"headline":"Nordic Semiconductor renforce sa direction en r\u00e9unissant marketing et exp\u00e9rience d\u00e9veloppeur","datePublished":"2026-04-28T12:30:22+00:00","dateModified":"2026-04-28T12:30:22+00:00","mainEntityOfPage":{"@id":"https:\/\/www.ecinews.fr\/fr\/nordic-semiconductor-renforce-sa-direction-en-reunissant-marketing-et-experience-developpeur\/"},"wordCount":532,"publisher":{"@id":"https:\/\/www.ecinews.fr\/fr\/#organization"},"keywords":["Connectivit\u00e9 sans fil","exp\u00e9rience d\u00e9veloppeur","marketing technologique"],"articleSection":["Actualit\u00e9 g\u00e9n\u00e9rale"],"inLanguage":"fr-FR"},{"@type":"WebPage","@id":"https:\/\/www.ecinews.fr\/fr\/nordic-semiconductor-renforce-sa-direction-en-reunissant-marketing-et-experience-developpeur\/","url":"https:\/\/www.ecinews.fr\/fr\/nordic-semiconductor-renforce-sa-direction-en-reunissant-marketing-et-experience-developpeur\/","name":"Nordic Semiconductor renforce sa direction en r\u00e9unissant marketing et exp\u00e9rience d\u00e9veloppeur -","isPartOf":{"@id":"https:\/\/www.ecinews.fr\/fr\/#website"},"datePublished":"2026-04-28T12:30:22+00:00","dateModified":"2026-04-28T12:30:22+00:00","description":"Nordic Semiconductor, l\u2019un des leaders des solutions de connectivit\u00e9 sans fil \u00e0 tr\u00e8s faible consommation, annonce la nomination de Jo Uthus au poste nouvellement cr\u00e9\u00e9 de vice\u2011pr\u00e9sident ex\u00e9cutif (EVP) en charge du marketing et de l\u2019exp\u00e9rience d\u00e9veloppeur","breadcrumb":{"@id":"https:\/\/www.ecinews.fr\/fr\/nordic-semiconductor-renforce-sa-direction-en-reunissant-marketing-et-experience-developpeur\/#breadcrumb"},"inLanguage":"fr-FR","potentialAction":[{"@type":"ReadAction","target":["https:\/\/www.ecinews.fr\/fr\/nordic-semiconductor-renforce-sa-direction-en-reunissant-marketing-et-experience-developpeur\/"]}]},{"@type":"BreadcrumbList","@id":"https:\/\/www.ecinews.fr\/fr\/nordic-semiconductor-renforce-sa-direction-en-reunissant-marketing-et-experience-developpeur\/#breadcrumb","itemListElement":[{"@type":"ListItem","position":1,"name":"Home","item":"https:\/\/www.ecinews.fr\/fr\/"},{"@type":"ListItem","position":2,"name":"Nordic Semiconductor renforce sa direction en r\u00e9unissant marketing et exp\u00e9rience d\u00e9veloppeur"}]},{"@type":"WebSite","@id":"https:\/\/www.ecinews.fr\/fr\/#website","url":"https:\/\/www.ecinews.fr\/fr\/","name":"EENewsEurope","description":"Just another WordPress site","publisher":{"@id":"https:\/\/www.ecinews.fr\/fr\/#organization"},"potentialAction":[{"@type":"SearchAction","target":{"@type":"EntryPoint","urlTemplate":"https:\/\/www.ecinews.fr\/fr\/?s={search_term_string}"},"query-input":"required name=search_term_string"}],"inLanguage":"fr-FR"},{"@type":"Organization","@id":"https:\/\/www.ecinews.fr\/fr\/#organization","name":"EENewsEurope","url":"https:\/\/www.ecinews.fr\/fr\/","logo":{"@type":"ImageObject","inLanguage":"fr-FR","@id":"https:\/\/www.ecinews.fr\/fr\/#\/schema\/logo\/image\/","url":"https:\/\/www.ecinews.fr\/wp-content\/uploads\/2022\/02\/logo-1.jpg","contentUrl":"https:\/\/www.ecinews.fr\/wp-content\/uploads\/2022\/02\/logo-1.jpg","width":283,"height":113,"caption":"EENewsEurope"},"image":{"@id":"https:\/\/www.ecinews.fr\/fr\/#\/schema\/logo\/image\/"}},{"@type":"Person","@id":"https:\/\/www.ecinews.fr\/fr\/#\/schema\/person\/c7104a72b466a801f257e51481de0c43","name":"NicolasFeste","image":{"@type":"ImageObject","inLanguage":"fr-FR","@id":"https:\/\/www.ecinews.fr\/fr\/#\/schema\/person\/image\/1ea421e7d03c1e96a9ea2bcf2705734a","url":"https:\/\/secure.gravatar.com\/avatar\/2e187f4d96902933ba445ed6c760e11c?s=96&d=mm&r=g","contentUrl":"https:\/\/secure.gravatar.com\/avatar\/2e187f4d96902933ba445ed6c760e11c?s=96&d=mm&r=g","caption":"NicolasFeste"}}]}},"authors":[{"term_id":6113,"user_id":39,"is_guest":0,"slug":"nicolasfeste","display_name":"NicolasFeste","avatar_url":"https:\/\/secure.gravatar.com\/avatar\/2e187f4d96902933ba445ed6c760e11c?s=96&d=mm&r=g","0":null,"1":"","2":"","3":"","4":"","5":"","6":"","7":"","8":""}],"_links":{"self":[{"href":"https:\/\/www.ecinews.fr\/fr\/wp-json\/wp\/v2\/posts\/494079"}],"collection":[{"href":"https:\/\/www.ecinews.fr\/fr\/wp-json\/wp\/v2\/posts"}],"about":[{"href":"https:\/\/www.ecinews.fr\/fr\/wp-json\/wp\/v2\/types\/post"}],"author":[{"embeddable":true,"href":"https:\/\/www.ecinews.fr\/fr\/wp-json\/wp\/v2\/users\/39"}],"replies":[{"embeddable":true,"href":"https:\/\/www.ecinews.fr\/fr\/wp-json\/wp\/v2\/comments?post=494079"}],"version-history":[{"count":0,"href":"https:\/\/www.ecinews.fr\/fr\/wp-json\/wp\/v2\/posts\/494079\/revisions"}],"wp:featuredmedia":[{"embeddable":true,"href":"https:\/\/www.ecinews.fr\/fr\/wp-json\/wp\/v2\/media\/494088"}],"wp:attachment":[{"href":"https:\/\/www.ecinews.fr\/fr\/wp-json\/wp\/v2\/media?parent=494079"}],"wp:term":[{"taxonomy":"category","embeddable":true,"href":"https:\/\/www.ecinews.fr\/fr\/wp-json\/wp\/v2\/categories?post=494079"},{"taxonomy":"post_tag","embeddable":true,"href":"https:\/\/www.ecinews.fr\/fr\/wp-json\/wp\/v2\/tags?post=494079"},{"taxonomy":"domains","embeddable":true,"href":"https:\/\/www.ecinews.fr\/fr\/wp-json\/wp\/v2\/domains?post=494079"},{"taxonomy":"author","embeddable":true,"href":"https:\/\/www.ecinews.fr\/fr\/wp-json\/wp\/v2\/ppma_author?post=494079"}],"curies":[{"name":"wp","href":"https:\/\/api.w.org\/{rel}","templated":true}]}}