{"id":493837,"date":"2026-04-27T10:00:21","date_gmt":"2026-04-27T08:00:21","guid":{"rendered":"https:\/\/www.ecinews.fr\/?p=493837"},"modified":"2026-04-21T19:17:22","modified_gmt":"2026-04-21T17:17:22","slug":"rohde-schwarz-renforce-les-capacites-dessais-dimmunite-a-champ-eleve-dibl-lab","status":"publish","type":"post","link":"https:\/\/www.ecinews.fr\/fr\/rohde-schwarz-renforce-les-capacites-dessais-dimmunite-a-champ-eleve-dibl-lab\/","title":{"rendered":"Rohde &#038; Schwarz renforce les capacit\u00e9s d\u2019essais d\u2019immunit\u00e9 \u00e0 champ \u00e9lev\u00e9 d\u2019IBL Lab"},"content":{"rendered":"<p>IBL\u2011Lab GmbH, le laboratoire d\u2019essais CEM d\u2019IB\u2011Lenhardt AG accr\u00e9dit\u00e9 par la DAkkS, a consid\u00e9rablement renforc\u00e9 ses capacit\u00e9s d\u2019essais d\u2019immunit\u00e9 \u00e0 champ \u00e9lev\u00e9 gr\u00e2ce \u00e0 un investissement majeur dans des syst\u00e8mes d\u2019amplification haute puissance de Rohde &amp; Schwarz. Cette \u00e9volution r\u00e9pond \u00e0 la demande croissante du secteur de la d\u00e9fense pour des essais RF r\u00e9alistes et rigoureux, conformes \u00e0 des normes telles que MIL\u2011STD\u2011461, AECTP\u2011500, VG\u00a095373 et VG\u00a095370.<\/p>\n<p>Cette modernisation positionne IBL\u2011Lab parmi les laboratoires capables de couvrir des sc\u00e9narios d\u2019essais extr\u00eames sur une tr\u00e8s large bande de fr\u00e9quences.<\/p>\n<h4>Des intensit\u00e9s de champ \u00e9lev\u00e9es sur une large plage fr\u00e9quentielle<\/h4>\n<p>Le c\u0153ur de cette mont\u00e9e en puissance repose sur l\u2019int\u00e9gration de l\u2019amplificateur R&amp;S BBA300\u2011FG180, couvrant la plage 6 \u00e0 18\u202fGHz, associ\u00e9 \u00e0 une antenne EMS Schwarzbeck HWRD650 mont\u00e9e directement sur l\u2019amplificateur. Cette configuration \u00e9limine les pertes li\u00e9es aux c\u00e2bles RF et permet d\u2019atteindre des intensit\u00e9s de champ sup\u00e9rieures \u00e0 400\u202fV\/m, avec pour objectif de d\u00e9passer les 600\u202fV\/m, un niveau rarement atteint dans les essais d\u2019immunit\u00e9 RF.<\/p>\n<p>Combin\u00e9e \u00e0 d\u2019autres amplificateurs Rohde &amp; Schwarz, cette architecture permet d\u00e9sormais de r\u00e9aliser des essais d\u2019immunit\u00e9 sur une plage continue de 9\u202fkHz \u00e0 18\u202fGHz, couvrant l\u2019ensemble des besoins des applications de d\u00e9fense les plus exigeantes.<\/p>\n<h4>Une infrastructure d\u2019essais con\u00e7ue pour les applications critiques<\/h4>\n<p>L\u2019installation int\u00e8gre notamment les amplificateurs R&amp;S BBA300\u2011FG180, R&amp;S BBL200A\u2011A5000, R&amp;S BBA150\u2011BC2000 et R&amp;S BBA300\u2011DE1000. Cette combinaison offre \u00e0 la fois une couverture fr\u00e9quentielle \u00e9tendue, une excellente lin\u00e9arit\u00e9 et des niveaux de puissance \u00e9lev\u00e9s. Le BBL200A\u2011A5000, par exemple, d\u00e9livre jusqu\u2019\u00e0 5\u202fkW de puissance continue avec une tol\u00e9rance de d\u00e9sadaptation de 100\u202f%, un atout essentiel pour les essais complexes et robustes.<\/p>\n<p>Selon Florian Schmidt, responsable du d\u00e9partement CEM chez IBL\u2011Lab, le montage direct de l\u2019antenne sur le BBA300\u2011FG180 a \u00e9t\u00e9 d\u00e9terminant pour atteindre des niveaux de champ tr\u00e8s \u00e9lev\u00e9s dans la bande 6\u201118\u202fGHz, tout en conservant une grande stabilit\u00e9 et une reproductibilit\u00e9 des essais.<\/p>\n<h4>Pr\u00e9cision, conformit\u00e9 et reconnaissance internationale<\/h4>\n<p>S\u2019appuyer sur les \u00e9quipements Rohde &amp; Schwarz permet \u00e0 IBL\u2011Lab de renforcer son accr\u00e9ditation DAkkS (ISO\/IEC\u00a017025) ainsi que son code CAGE OTAN (CNH80), garantissant un haut niveau de confiance dans les r\u00e9sultats d\u2019essais. Le laboratoire figure \u00e9galement parmi les premiers au monde \u00e0 exploiter l\u2019amplificateur R&amp;S BBA300\u2011DE1000, illustrant son engagement \u00e0 utiliser des technologies d\u2019essai de pointe.<\/p>\n<p>Comme le souligne Daniel Lenhardt, PDG d\u2019IB\u2011Lenhardt AG, la capacit\u00e9 \u00e0 g\u00e9n\u00e9rer des champs \u00e9lev\u00e9s avec des signaux RF stables est essentielle pour r\u00e9aliser des essais d\u2019immunit\u00e9 r\u00e9alistes et fiables, notamment pour les secteurs de la d\u00e9fense, de l\u2019a\u00e9ronautique, de l\u2019automobile et de l\u2019\u00e9lectronique industrielle.<\/p>\n<p><em>Pour les fabricants et int\u00e9grateurs de syst\u00e8mes soumis \u00e0 des exigences CEM s\u00e9v\u00e8res, ce renforcement des capacit\u00e9s d\u2019IBL\u2011Lab garantit l\u2019acc\u00e8s \u00e0 des essais d\u2019immunit\u00e9 RF de tr\u00e8s haut niveau, couvrant des sc\u00e9narios r\u00e9alistes sur une large bande de fr\u00e9quences. Il contribue \u00e0 s\u00e9curiser la conformit\u00e9, la robustesse et la fiabilit\u00e9 des \u00e9quipements avant leur d\u00e9ploiement op\u00e9rationnel.<\/em><\/p>\n<p><a href=\"https:\/\/www.rohde-schwarz.com\/\">Rohde &amp; Schwarz<\/a> | <a href=\"https:\/\/ib-lenhardt.com\/\">IB Lenhardt Lab<\/a><\/p>\n","protected":false},"excerpt":{"rendered":"<p>IBL\u2011Lab GmbH, le laboratoire d\u2019essais CEM d\u2019IB\u2011Lenhardt AG accr\u00e9dit\u00e9 par la DAkkS, a consid\u00e9rablement renforc\u00e9 ses capacit\u00e9s d\u2019essais d\u2019immunit\u00e9 \u00e0 champ \u00e9lev\u00e9 gr\u00e2ce \u00e0 un investissement majeur dans des syst\u00e8mes d\u2019amplification haute puissance de Rohde &amp; Schwarz. Cette \u00e9volution r\u00e9pond \u00e0 la demande croissante du secteur de la d\u00e9fense pour des essais RF r\u00e9alistes et [&hellip;]<\/p>\n","protected":false},"author":39,"featured_media":493840,"comment_status":"closed","ping_status":"closed","sticky":false,"template":"","format":"standard","meta":{"_acf_changed":false,"footnotes":""},"categories":[883],"tags":[11188,6421,6696,4015,6157],"domains":[47],"ppma_author":[6113],"class_list":["post-493837","post","type-post","status-publish","format-standard","has-post-thumbnail","hentry","category-technologies","tag-certification-cem","tag-defense-fr","tag-partenariat","tag-test-mesure","tag-test-mesures","domains-electronique-eci"],"acf":[],"yoast_head":"<title><\/title>\n<meta name=\"description\" content=\"IBL\u2011Lab GmbH, le laboratoire d\u2019essais CEM d\u2019IB\u2011Lenhardt AG accr\u00e9dit\u00e9 par la DAkkS, a consid\u00e9rablement renforc\u00e9 ses capacit\u00e9s d\u2019essais...\" \/>\n<meta name=\"robots\" content=\"index, follow, max-snippet:-1, max-image-preview:large, max-video-preview:-1\" \/>\n<link rel=\"canonical\" href=\"https:\/\/www.ecinews.fr\/fr\/wp-json\/wp\/v2\/posts\/493837\/\" \/>\n<meta property=\"og:locale\" content=\"fr_FR\" \/>\n<meta property=\"og:type\" content=\"article\" \/>\n<meta property=\"og:title\" content=\"Rohde &amp; Schwarz renforce les capacit\u00e9s d\u2019essais d\u2019immunit\u00e9 \u00e0 champ \u00e9lev\u00e9 d\u2019IBL Lab\" \/>\n<meta property=\"og:description\" content=\"IBL\u2011Lab GmbH, le laboratoire d\u2019essais CEM d\u2019IB\u2011Lenhardt AG accr\u00e9dit\u00e9 par la DAkkS, a consid\u00e9rablement renforc\u00e9 ses capacit\u00e9s d\u2019essais d\u2019immunit\u00e9 \u00e0 champ \u00e9lev\u00e9 gr\u00e2ce \u00e0 un investissement majeur dans des syst\u00e8mes d\u2019amplification haute puissance de Rohde &amp; Schwarz\" \/>\n<meta property=\"og:url\" content=\"https:\/\/www.ecinews.fr\/fr\/wp-json\/wp\/v2\/posts\/493837\/\" \/>\n<meta property=\"og:site_name\" content=\"EENewsEurope\" \/>\n<meta property=\"article:published_time\" content=\"2026-04-27T08:00:21+00:00\" \/>\n<meta property=\"article:modified_time\" content=\"2026-04-21T17:17:22+00:00\" \/>\n<meta property=\"og:image\" content=\"https:\/\/www.eenewseurope.com\/wp-content\/uploads\/2026\/04\/ECI5403-CFR_ROHDE-SCHWARZ-R-S-BOOSTS-HIGH-FIELD-IMMUNITY-TESTING-CAPABILITIES-AT-IB-LENHARDT-LAB-scaled.jpg\" \/>\n\t<meta property=\"og:image:width\" content=\"1080\" \/>\n\t<meta property=\"og:image:height\" content=\"1080\" \/>\n\t<meta property=\"og:image:type\" content=\"image\/jpeg\" \/>\n<meta name=\"author\" content=\"NicolasFeste\" \/>\n<meta name=\"twitter:card\" content=\"summary_large_image\" \/>\n<meta name=\"twitter:label1\" content=\"Written by\" \/>\n\t<meta name=\"twitter:data1\" content=\"NicolasFeste\" \/>\n\t<meta name=\"twitter:label2\" content=\"Est. reading time\" \/>\n\t<meta name=\"twitter:data2\" content=\"3 minutes\" \/>\n<script type=\"application\/ld+json\" class=\"yoast-schema-graph\">{\"@context\":\"https:\/\/schema.org\",\"@graph\":[{\"@type\":\"Article\",\"@id\":\"https:\/\/www.eenewseurope.com\/fr\/rohde-schwarz-renforce-les-capacites-dessais-dimmunite-a-champ-eleve-dibl-lab\/#article\",\"isPartOf\":{\"@id\":\"https:\/\/www.eenewseurope.com\/fr\/rohde-schwarz-renforce-les-capacites-dessais-dimmunite-a-champ-eleve-dibl-lab\/\"},\"author\":{\"name\":\"NicolasFeste\",\"@id\":\"https:\/\/www.ecinews.fr\/fr\/#\/schema\/person\/c7104a72b466a801f257e51481de0c43\"},\"headline\":\"Rohde &#038; Schwarz renforce les capacit\u00e9s d\u2019essais d\u2019immunit\u00e9 \u00e0 champ \u00e9lev\u00e9 d\u2019IBL Lab\",\"datePublished\":\"2026-04-27T08:00:21+00:00\",\"dateModified\":\"2026-04-21T17:17:22+00:00\",\"mainEntityOfPage\":{\"@id\":\"https:\/\/www.eenewseurope.com\/fr\/rohde-schwarz-renforce-les-capacites-dessais-dimmunite-a-champ-eleve-dibl-lab\/\"},\"wordCount\":599,\"publisher\":{\"@id\":\"https:\/\/www.ecinews.fr\/fr\/#organization\"},\"keywords\":[\"certification CEM\",\"Defense\",\"Partenariat\",\"Test &amp; Mesure\",\"Test &amp; mesures\"],\"articleSection\":[\"Technologies\"],\"inLanguage\":\"fr-FR\"},{\"@type\":\"WebPage\",\"@id\":\"https:\/\/www.eenewseurope.com\/fr\/rohde-schwarz-renforce-les-capacites-dessais-dimmunite-a-champ-eleve-dibl-lab\/\",\"url\":\"https:\/\/www.eenewseurope.com\/fr\/rohde-schwarz-renforce-les-capacites-dessais-dimmunite-a-champ-eleve-dibl-lab\/\",\"name\":\"Rohde & Schwarz renforce les capacit\u00e9s d\u2019essais d\u2019immunit\u00e9 \u00e0 champ \u00e9lev\u00e9 d\u2019IBL Lab -\",\"isPartOf\":{\"@id\":\"https:\/\/www.ecinews.fr\/fr\/#website\"},\"datePublished\":\"2026-04-27T08:00:21+00:00\",\"dateModified\":\"2026-04-21T17:17:22+00:00\",\"description\":\"IBL\u2011Lab GmbH, le laboratoire d\u2019essais CEM d\u2019IB\u2011Lenhardt AG accr\u00e9dit\u00e9 par la DAkkS, a consid\u00e9rablement renforc\u00e9 ses capacit\u00e9s d\u2019essais d\u2019immunit\u00e9 \u00e0 champ \u00e9lev\u00e9 gr\u00e2ce \u00e0 un investissement majeur dans des syst\u00e8mes d\u2019amplification haute puissance de Rohde & Schwarz\",\"breadcrumb\":{\"@id\":\"https:\/\/www.eenewseurope.com\/fr\/rohde-schwarz-renforce-les-capacites-dessais-dimmunite-a-champ-eleve-dibl-lab\/#breadcrumb\"},\"inLanguage\":\"fr-FR\",\"potentialAction\":[{\"@type\":\"ReadAction\",\"target\":[\"https:\/\/www.eenewseurope.com\/fr\/rohde-schwarz-renforce-les-capacites-dessais-dimmunite-a-champ-eleve-dibl-lab\/\"]}]},{\"@type\":\"BreadcrumbList\",\"@id\":\"https:\/\/www.eenewseurope.com\/fr\/rohde-schwarz-renforce-les-capacites-dessais-dimmunite-a-champ-eleve-dibl-lab\/#breadcrumb\",\"itemListElement\":[{\"@type\":\"ListItem\",\"position\":1,\"name\":\"Home\",\"item\":\"https:\/\/www.ecinews.fr\/fr\/\"},{\"@type\":\"ListItem\",\"position\":2,\"name\":\"Rohde &#038; Schwarz renforce les capacit\u00e9s d\u2019essais d\u2019immunit\u00e9 \u00e0 champ \u00e9lev\u00e9 d\u2019IBL Lab\"}]},{\"@type\":\"WebSite\",\"@id\":\"https:\/\/www.ecinews.fr\/fr\/#website\",\"url\":\"https:\/\/www.ecinews.fr\/fr\/\",\"name\":\"EENewsEurope\",\"description\":\"Just another WordPress site\",\"publisher\":{\"@id\":\"https:\/\/www.ecinews.fr\/fr\/#organization\"},\"potentialAction\":[{\"@type\":\"SearchAction\",\"target\":{\"@type\":\"EntryPoint\",\"urlTemplate\":\"https:\/\/www.ecinews.fr\/fr\/?s={search_term_string}\"},\"query-input\":\"required name=search_term_string\"}],\"inLanguage\":\"fr-FR\"},{\"@type\":\"Organization\",\"@id\":\"https:\/\/www.ecinews.fr\/fr\/#organization\",\"name\":\"EENewsEurope\",\"url\":\"https:\/\/www.ecinews.fr\/fr\/\",\"logo\":{\"@type\":\"ImageObject\",\"inLanguage\":\"fr-FR\",\"@id\":\"https:\/\/www.ecinews.fr\/fr\/#\/schema\/logo\/image\/\",\"url\":\"https:\/\/www.ecinews.fr\/wp-content\/uploads\/2022\/02\/logo-1.jpg\",\"contentUrl\":\"https:\/\/www.ecinews.fr\/wp-content\/uploads\/2022\/02\/logo-1.jpg\",\"width\":283,\"height\":113,\"caption\":\"EENewsEurope\"},\"image\":{\"@id\":\"https:\/\/www.ecinews.fr\/fr\/#\/schema\/logo\/image\/\"}},{\"@type\":\"Person\",\"@id\":\"https:\/\/www.ecinews.fr\/fr\/#\/schema\/person\/c7104a72b466a801f257e51481de0c43\",\"name\":\"NicolasFeste\",\"image\":{\"@type\":\"ImageObject\",\"inLanguage\":\"fr-FR\",\"@id\":\"https:\/\/www.ecinews.fr\/fr\/#\/schema\/person\/image\/1ea421e7d03c1e96a9ea2bcf2705734a\",\"url\":\"https:\/\/secure.gravatar.com\/avatar\/2e187f4d96902933ba445ed6c760e11c?s=96&d=mm&r=g\",\"contentUrl\":\"https:\/\/secure.gravatar.com\/avatar\/2e187f4d96902933ba445ed6c760e11c?s=96&d=mm&r=g\",\"caption\":\"NicolasFeste\"}}]}<\/script>","yoast_head_json":{"title":"Rohde & Schwarz renforce les capacit\u00e9s d\u2019essais d\u2019immunit?...","description":"IBL\u2011Lab GmbH, le laboratoire d\u2019essais CEM d\u2019IB\u2011Lenhardt AG accr\u00e9dit\u00e9 par la DAkkS, a consid\u00e9rablement renforc\u00e9 ses capacit\u00e9s d\u2019essais...","robots":{"index":"index","follow":"follow","max-snippet":"max-snippet:-1","max-image-preview":"max-image-preview:large","max-video-preview":"max-video-preview:-1"},"canonical":"https:\/\/www.ecinews.fr\/fr\/wp-json\/wp\/v2\/posts\/493837\/","og_locale":"fr_FR","og_type":"article","og_title":"Rohde & Schwarz renforce les capacit\u00e9s d\u2019essais d\u2019immunit\u00e9 \u00e0 champ \u00e9lev\u00e9 d\u2019IBL Lab","og_description":"IBL\u2011Lab GmbH, le laboratoire d\u2019essais CEM d\u2019IB\u2011Lenhardt AG accr\u00e9dit\u00e9 par la DAkkS, a consid\u00e9rablement renforc\u00e9 ses capacit\u00e9s d\u2019essais d\u2019immunit\u00e9 \u00e0 champ \u00e9lev\u00e9 gr\u00e2ce \u00e0 un investissement majeur dans des syst\u00e8mes d\u2019amplification haute puissance de Rohde & Schwarz","og_url":"https:\/\/www.ecinews.fr\/fr\/wp-json\/wp\/v2\/posts\/493837\/","og_site_name":"EENewsEurope","article_published_time":"2026-04-27T08:00:21+00:00","article_modified_time":"2026-04-21T17:17:22+00:00","og_image":[{"width":1080,"height":1080,"url":"https:\/\/www.eenewseurope.com\/wp-content\/uploads\/2026\/04\/ECI5403-CFR_ROHDE-SCHWARZ-R-S-BOOSTS-HIGH-FIELD-IMMUNITY-TESTING-CAPABILITIES-AT-IB-LENHARDT-LAB-scaled.jpg","type":"image\/jpeg"}],"author":"NicolasFeste","twitter_card":"summary_large_image","twitter_misc":{"Written by":"NicolasFeste","Est. reading time":"3 minutes"},"schema":{"@context":"https:\/\/schema.org","@graph":[{"@type":"Article","@id":"https:\/\/www.eenewseurope.com\/fr\/rohde-schwarz-renforce-les-capacites-dessais-dimmunite-a-champ-eleve-dibl-lab\/#article","isPartOf":{"@id":"https:\/\/www.eenewseurope.com\/fr\/rohde-schwarz-renforce-les-capacites-dessais-dimmunite-a-champ-eleve-dibl-lab\/"},"author":{"name":"NicolasFeste","@id":"https:\/\/www.ecinews.fr\/fr\/#\/schema\/person\/c7104a72b466a801f257e51481de0c43"},"headline":"Rohde &#038; Schwarz renforce les capacit\u00e9s d\u2019essais d\u2019immunit\u00e9 \u00e0 champ \u00e9lev\u00e9 d\u2019IBL Lab","datePublished":"2026-04-27T08:00:21+00:00","dateModified":"2026-04-21T17:17:22+00:00","mainEntityOfPage":{"@id":"https:\/\/www.eenewseurope.com\/fr\/rohde-schwarz-renforce-les-capacites-dessais-dimmunite-a-champ-eleve-dibl-lab\/"},"wordCount":599,"publisher":{"@id":"https:\/\/www.ecinews.fr\/fr\/#organization"},"keywords":["certification CEM","Defense","Partenariat","Test &amp; Mesure","Test &amp; mesures"],"articleSection":["Technologies"],"inLanguage":"fr-FR"},{"@type":"WebPage","@id":"https:\/\/www.eenewseurope.com\/fr\/rohde-schwarz-renforce-les-capacites-dessais-dimmunite-a-champ-eleve-dibl-lab\/","url":"https:\/\/www.eenewseurope.com\/fr\/rohde-schwarz-renforce-les-capacites-dessais-dimmunite-a-champ-eleve-dibl-lab\/","name":"Rohde & Schwarz renforce les capacit\u00e9s d\u2019essais d\u2019immunit\u00e9 \u00e0 champ \u00e9lev\u00e9 d\u2019IBL Lab -","isPartOf":{"@id":"https:\/\/www.ecinews.fr\/fr\/#website"},"datePublished":"2026-04-27T08:00:21+00:00","dateModified":"2026-04-21T17:17:22+00:00","description":"IBL\u2011Lab GmbH, le laboratoire d\u2019essais CEM d\u2019IB\u2011Lenhardt AG accr\u00e9dit\u00e9 par la DAkkS, a consid\u00e9rablement renforc\u00e9 ses capacit\u00e9s d\u2019essais d\u2019immunit\u00e9 \u00e0 champ \u00e9lev\u00e9 gr\u00e2ce \u00e0 un investissement majeur dans des syst\u00e8mes d\u2019amplification haute puissance de Rohde & Schwarz","breadcrumb":{"@id":"https:\/\/www.eenewseurope.com\/fr\/rohde-schwarz-renforce-les-capacites-dessais-dimmunite-a-champ-eleve-dibl-lab\/#breadcrumb"},"inLanguage":"fr-FR","potentialAction":[{"@type":"ReadAction","target":["https:\/\/www.eenewseurope.com\/fr\/rohde-schwarz-renforce-les-capacites-dessais-dimmunite-a-champ-eleve-dibl-lab\/"]}]},{"@type":"BreadcrumbList","@id":"https:\/\/www.eenewseurope.com\/fr\/rohde-schwarz-renforce-les-capacites-dessais-dimmunite-a-champ-eleve-dibl-lab\/#breadcrumb","itemListElement":[{"@type":"ListItem","position":1,"name":"Home","item":"https:\/\/www.ecinews.fr\/fr\/"},{"@type":"ListItem","position":2,"name":"Rohde &#038; Schwarz renforce les capacit\u00e9s d\u2019essais d\u2019immunit\u00e9 \u00e0 champ \u00e9lev\u00e9 d\u2019IBL Lab"}]},{"@type":"WebSite","@id":"https:\/\/www.ecinews.fr\/fr\/#website","url":"https:\/\/www.ecinews.fr\/fr\/","name":"EENewsEurope","description":"Just another WordPress site","publisher":{"@id":"https:\/\/www.ecinews.fr\/fr\/#organization"},"potentialAction":[{"@type":"SearchAction","target":{"@type":"EntryPoint","urlTemplate":"https:\/\/www.ecinews.fr\/fr\/?s={search_term_string}"},"query-input":"required name=search_term_string"}],"inLanguage":"fr-FR"},{"@type":"Organization","@id":"https:\/\/www.ecinews.fr\/fr\/#organization","name":"EENewsEurope","url":"https:\/\/www.ecinews.fr\/fr\/","logo":{"@type":"ImageObject","inLanguage":"fr-FR","@id":"https:\/\/www.ecinews.fr\/fr\/#\/schema\/logo\/image\/","url":"https:\/\/www.ecinews.fr\/wp-content\/uploads\/2022\/02\/logo-1.jpg","contentUrl":"https:\/\/www.ecinews.fr\/wp-content\/uploads\/2022\/02\/logo-1.jpg","width":283,"height":113,"caption":"EENewsEurope"},"image":{"@id":"https:\/\/www.ecinews.fr\/fr\/#\/schema\/logo\/image\/"}},{"@type":"Person","@id":"https:\/\/www.ecinews.fr\/fr\/#\/schema\/person\/c7104a72b466a801f257e51481de0c43","name":"NicolasFeste","image":{"@type":"ImageObject","inLanguage":"fr-FR","@id":"https:\/\/www.ecinews.fr\/fr\/#\/schema\/person\/image\/1ea421e7d03c1e96a9ea2bcf2705734a","url":"https:\/\/secure.gravatar.com\/avatar\/2e187f4d96902933ba445ed6c760e11c?s=96&d=mm&r=g","contentUrl":"https:\/\/secure.gravatar.com\/avatar\/2e187f4d96902933ba445ed6c760e11c?s=96&d=mm&r=g","caption":"NicolasFeste"}}]}},"authors":[{"term_id":6113,"user_id":39,"is_guest":0,"slug":"nicolasfeste","display_name":"NicolasFeste","avatar_url":"https:\/\/secure.gravatar.com\/avatar\/2e187f4d96902933ba445ed6c760e11c?s=96&d=mm&r=g","0":null,"1":"","2":"","3":"","4":"","5":"","6":"","7":"","8":""}],"_links":{"self":[{"href":"https:\/\/www.ecinews.fr\/fr\/wp-json\/wp\/v2\/posts\/493837"}],"collection":[{"href":"https:\/\/www.ecinews.fr\/fr\/wp-json\/wp\/v2\/posts"}],"about":[{"href":"https:\/\/www.ecinews.fr\/fr\/wp-json\/wp\/v2\/types\/post"}],"author":[{"embeddable":true,"href":"https:\/\/www.ecinews.fr\/fr\/wp-json\/wp\/v2\/users\/39"}],"replies":[{"embeddable":true,"href":"https:\/\/www.ecinews.fr\/fr\/wp-json\/wp\/v2\/comments?post=493837"}],"version-history":[{"count":0,"href":"https:\/\/www.ecinews.fr\/fr\/wp-json\/wp\/v2\/posts\/493837\/revisions"}],"wp:featuredmedia":[{"embeddable":true,"href":"https:\/\/www.ecinews.fr\/fr\/wp-json\/wp\/v2\/media\/493840"}],"wp:attachment":[{"href":"https:\/\/www.ecinews.fr\/fr\/wp-json\/wp\/v2\/media?parent=493837"}],"wp:term":[{"taxonomy":"category","embeddable":true,"href":"https:\/\/www.ecinews.fr\/fr\/wp-json\/wp\/v2\/categories?post=493837"},{"taxonomy":"post_tag","embeddable":true,"href":"https:\/\/www.ecinews.fr\/fr\/wp-json\/wp\/v2\/tags?post=493837"},{"taxonomy":"domains","embeddable":true,"href":"https:\/\/www.ecinews.fr\/fr\/wp-json\/wp\/v2\/domains?post=493837"},{"taxonomy":"author","embeddable":true,"href":"https:\/\/www.ecinews.fr\/fr\/wp-json\/wp\/v2\/ppma_author?post=493837"}],"curies":[{"name":"wp","href":"https:\/\/api.w.org\/{rel}","templated":true}]}}