{"id":493773,"date":"2026-04-21T10:00:16","date_gmt":"2026-04-21T08:00:16","guid":{"rendered":"https:\/\/www.ecinews.fr\/?p=493773"},"modified":"2026-04-21T12:05:57","modified_gmt":"2026-04-21T10:05:57","slug":"farnell-etend-son-portefeuille-mondial-grace-aux-solutions-specialisees-de-same-sky","status":"publish","type":"post","link":"https:\/\/www.ecinews.fr\/fr\/farnell-etend-son-portefeuille-mondial-grace-aux-solutions-specialisees-de-same-sky\/","title":{"rendered":"Farnell \u00e9tend son portefeuille mondial gr\u00e2ce aux solutions sp\u00e9cialis\u00e9es de Same Sky"},"content":{"rendered":"<p>Farnell renforce son offre mondiale de composants \u00e9lectroniques en signant un accord de distribution globale avec Same Sky, fabricant sp\u00e9cialis\u00e9 dans des technologies cl\u00e9s telles que l\u2019interconnexion, l\u2019audio, la gestion thermique, le contr\u00f4le de mouvement, ainsi que les relais, capteurs et commutateurs.<\/p>\n<p>Ce partenariat permet d\u2019\u00e9largir significativement la disponibilit\u00e9 internationale du portefeuille Same Sky, offrant aux clients de Farnell un acc\u00e8s imm\u00e9diat \u00e0 des composants haute performance, soutenus par une infrastructure logistique et un support technique \u00e0 l\u2019\u00e9chelle mondiale.<\/p>\n<h4>Une collaboration pour r\u00e9pondre \u00e0 des d\u00e9fis de conception majeurs<\/h4>\n<p>En combinant l\u2019expertise technologique de Same Sky avec la port\u00e9e internationale de Farnell, ce partenariat vise \u00e0 accompagner les ing\u00e9nieurs dans la r\u00e9solution de d\u00e9fis critiques sur plusieurs march\u00e9s strat\u00e9giques.<\/p>\n<p>Parmi les domaines d\u2019application cl\u00e9s figurent notamment :<\/p>\n<ul>\n<li>Gestion thermique pour la recharge des v\u00e9hicules \u00e9lectriques<br \/>\nDes solutions de refroidissement hautement efficaces, indispensables pour les infrastructures de recharge rapide.<\/li>\n<li>Solutions audio pour la mobilit\u00e9 \u00e9lectrique<br \/>\nDes syst\u00e8mes audio robustes, con\u00e7us pour r\u00e9pondre aux contraintes acoustiques sp\u00e9cifiques des v\u00e9hicules \u00e9lectriques \u00e0 deux et trois roues.<\/li>\n<li>Contr\u00f4le de mouvement pour la robotique et les drones<br \/>\nDes codeurs AMT de haute pr\u00e9cision, optimis\u00e9s pour une int\u00e9gration fluide dans les syst\u00e8mes de charge utile.<\/li>\n<li>Efficacit\u00e9 \u00e9nerg\u00e9tique dans les syst\u00e8mes CVC<br \/>\nDes relais de puissance fiables, adapt\u00e9s aux architectures de climatisation \u00e0 haute efficacit\u00e9 \u00e9nerg\u00e9tique.<\/li>\n<\/ul>\n<h4>Une offre renforc\u00e9e pour de nombreux secteurs industriels<\/h4>\n<p>\u00ab\u202fEn int\u00e9grant les solutions Same Sky \u00e0 notre stock mondial, nous garantissons \u00e0 nos clients l\u2019acc\u00e8s \u00e0 des composants essentiels pour innover sur de nombreux march\u00e9s\u202f\u00bb, explique <strong>Gareth James, Directeur de la cat\u00e9gorie produits Interconnexion et \u00e9lectrom\u00e9canique chez Farnell<\/strong>.<br \/>\nLes secteurs concern\u00e9s incluent notamment les v\u00e9hicules \u00e9lectriques, l\u2019automatisation industrielle, la robotique, les syst\u00e8mes CVC, le m\u00e9dical et bien d\u2019autres applications industrielles et commerciales.<\/p>\n<h4>Une distribution mondiale au service de la rapidit\u00e9 et de la confiance<\/h4>\n<p>Pour Same Sky, cet accord constitue une \u00e9tape strat\u00e9gique dans le renforcement de sa distribution r\u00e9gionale et de son support local.<\/p>\n<p>\u00ab\u202fEn collaborant \u00e9troitement avec Farnell, nous facilitons l\u2019acc\u00e8s \u00e0 nos solutions et aidons les ing\u00e9nieurs \u00e0 passer plus rapidement et plus sereinement de la conception \u00e0 la production\u202f\u00bb, souligne <strong>Dave Carroll, Vice\u2011pr\u00e9sident de la gestion des produits chez Same Sky<\/strong>.<\/p>\n<p><em>Pour les ing\u00e9nieurs et bureaux d\u2019\u00e9tudes, ce partenariat signifie un acc\u00e8s simplifi\u00e9 \u00e0 une gamme \u00e9tendue de composants sp\u00e9cialis\u00e9s, disponibles imm\u00e9diatement \u00e0 l\u2019\u00e9chelle mondiale. Il permet de s\u00e9curiser les approvisionnements, de r\u00e9duire les d\u00e9lais de d\u00e9veloppement et de s\u2019appuyer sur des solutions \u00e9prouv\u00e9es pour des applications exigeantes, de la mobilit\u00e9 \u00e9lectrique \u00e0 l\u2019automatisation industrielle.<\/em><\/p>\n<p><a href=\"https:\/\/www.farnell.com\/\">Farnell Global<\/a> | <a href=\"https:\/\/www.sameskydevices.com\/\">Same Sky<\/a><\/p>\n","protected":false},"excerpt":{"rendered":"<p>Farnell renforce son offre mondiale de composants \u00e9lectroniques en signant un accord de distribution globale avec Same Sky, fabricant sp\u00e9cialis\u00e9 dans des technologies cl\u00e9s telles que l\u2019interconnexion, l\u2019audio, la gestion thermique, le contr\u00f4le de mouvement, ainsi que les relais, capteurs et commutateurs. Ce partenariat permet d\u2019\u00e9largir significativement la disponibilit\u00e9 internationale du portefeuille Same Sky, offrant [&hellip;]<\/p>\n","protected":false},"author":39,"featured_media":493780,"comment_status":"closed","ping_status":"closed","sticky":true,"template":"","format":"standard","meta":{"_acf_changed":false,"footnotes":""},"categories":[886],"tags":[7883,8771],"domains":[47],"ppma_author":[6113],"class_list":["post-493773","post","type-post","status-publish","format-standard","has-post-thumbnail","hentry","category-news-fr","tag-accord-de-distribution","tag-composants-electroniques","domains-electronique-eci"],"acf":[],"yoast_head":"<title>Farnell \u00e9tend son portefeuille mondial gr\u00e2ce aux solutions sp...<\/title>\n<meta name=\"description\" content=\"Farnell renforce son offre mondiale de composants \u00e9lectroniques en signant un accord de distribution globale avec Same Sky, fabricant sp\u00e9cialis\u00e9 dans des...\" \/>\n<meta name=\"robots\" content=\"index, follow, max-snippet:-1, max-image-preview:large, max-video-preview:-1\" \/>\n<link rel=\"canonical\" href=\"https:\/\/www.ecinews.fr\/fr\/wp-json\/wp\/v2\/posts\/493773\/\" \/>\n<meta property=\"og:locale\" content=\"fr_FR\" \/>\n<meta property=\"og:type\" content=\"article\" \/>\n<meta property=\"og:title\" content=\"Farnell \u00e9tend son portefeuille mondial gr\u00e2ce aux solutions sp\u00e9cialis\u00e9es de Same Sky\" \/>\n<meta property=\"og:description\" content=\"Farnell renforce son offre mondiale de composants \u00e9lectroniques en signant un accord de distribution globale avec Same Sky, fabricant sp\u00e9cialis\u00e9 dans des technologies cl\u00e9s telles que l\u2019interconnexion, l\u2019audio, la gestion thermique, le contr\u00f4le de mouvement, ainsi que les relais, capteurs et commutateurs.\" \/>\n<meta property=\"og:url\" content=\"https:\/\/www.ecinews.fr\/fr\/wp-json\/wp\/v2\/posts\/493773\/\" \/>\n<meta property=\"og:site_name\" content=\"EENewsEurope\" \/>\n<meta property=\"article:published_time\" content=\"2026-04-21T08:00:16+00:00\" \/>\n<meta property=\"article:modified_time\" content=\"2026-04-21T10:05:57+00:00\" \/>\n<meta property=\"og:image\" content=\"https:\/\/www.ecinews.fr\/wp-content\/uploads\/2026\/04\/ECI5408-FR-Farnell-renforce-son-portefeuille-de-produits-mondial-grace-aux-solutions-specialisees-de-Same-Sky-dans-les-domaines-de-linterconnexion-de-laudio-et-de-la-gestion-thermique-scaled.jpg\" \/>\n\t<meta property=\"og:image:width\" content=\"1080\" \/>\n\t<meta property=\"og:image:height\" content=\"764\" \/>\n\t<meta property=\"og:image:type\" content=\"image\/jpeg\" \/>\n<meta name=\"author\" content=\"NicolasFeste\" \/>\n<meta name=\"twitter:card\" content=\"summary_large_image\" \/>\n<meta name=\"twitter:label1\" content=\"Written by\" \/>\n\t<meta name=\"twitter:data1\" content=\"NicolasFeste\" \/>\n\t<meta name=\"twitter:label2\" content=\"Est. reading time\" \/>\n\t<meta name=\"twitter:data2\" content=\"3 minutes\" \/>\n<script type=\"application\/ld+json\" class=\"yoast-schema-graph\">{\"@context\":\"https:\/\/schema.org\",\"@graph\":[{\"@type\":\"Article\",\"@id\":\"https:\/\/www.ecinews.fr\/fr\/farnell-etend-son-portefeuille-mondial-grace-aux-solutions-specialisees-de-same-sky\/#article\",\"isPartOf\":{\"@id\":\"https:\/\/www.ecinews.fr\/fr\/farnell-etend-son-portefeuille-mondial-grace-aux-solutions-specialisees-de-same-sky\/\"},\"author\":{\"name\":\"NicolasFeste\",\"@id\":\"https:\/\/www.ecinews.fr\/fr\/#\/schema\/person\/c7104a72b466a801f257e51481de0c43\"},\"headline\":\"Farnell \u00e9tend son portefeuille mondial gr\u00e2ce aux solutions sp\u00e9cialis\u00e9es de Same Sky\",\"datePublished\":\"2026-04-21T08:00:16+00:00\",\"dateModified\":\"2026-04-21T10:05:57+00:00\",\"mainEntityOfPage\":{\"@id\":\"https:\/\/www.ecinews.fr\/fr\/farnell-etend-son-portefeuille-mondial-grace-aux-solutions-specialisees-de-same-sky\/\"},\"wordCount\":489,\"publisher\":{\"@id\":\"https:\/\/www.ecinews.fr\/fr\/#organization\"},\"keywords\":[\"Accord de distribution\",\"Composants \u00e9lectroniques\"],\"articleSection\":[\"Actualit\u00e9 g\u00e9n\u00e9rale\"],\"inLanguage\":\"fr-FR\"},{\"@type\":\"WebPage\",\"@id\":\"https:\/\/www.ecinews.fr\/fr\/farnell-etend-son-portefeuille-mondial-grace-aux-solutions-specialisees-de-same-sky\/\",\"url\":\"https:\/\/www.ecinews.fr\/fr\/farnell-etend-son-portefeuille-mondial-grace-aux-solutions-specialisees-de-same-sky\/\",\"name\":\"Farnell \u00e9tend son portefeuille mondial gr\u00e2ce aux solutions sp\u00e9cialis\u00e9es de Same Sky -\",\"isPartOf\":{\"@id\":\"https:\/\/www.ecinews.fr\/fr\/#website\"},\"datePublished\":\"2026-04-21T08:00:16+00:00\",\"dateModified\":\"2026-04-21T10:05:57+00:00\",\"description\":\"Farnell renforce son offre mondiale de composants \u00e9lectroniques en signant un accord de distribution globale avec Same Sky, fabricant sp\u00e9cialis\u00e9 dans des technologies cl\u00e9s telles que l\u2019interconnexion, l\u2019audio, la gestion thermique, le contr\u00f4le de mouvement, ainsi que les relais, capteurs et commutateurs.\",\"breadcrumb\":{\"@id\":\"https:\/\/www.ecinews.fr\/fr\/farnell-etend-son-portefeuille-mondial-grace-aux-solutions-specialisees-de-same-sky\/#breadcrumb\"},\"inLanguage\":\"fr-FR\",\"potentialAction\":[{\"@type\":\"ReadAction\",\"target\":[\"https:\/\/www.ecinews.fr\/fr\/farnell-etend-son-portefeuille-mondial-grace-aux-solutions-specialisees-de-same-sky\/\"]}]},{\"@type\":\"BreadcrumbList\",\"@id\":\"https:\/\/www.ecinews.fr\/fr\/farnell-etend-son-portefeuille-mondial-grace-aux-solutions-specialisees-de-same-sky\/#breadcrumb\",\"itemListElement\":[{\"@type\":\"ListItem\",\"position\":1,\"name\":\"Home\",\"item\":\"https:\/\/www.ecinews.fr\/fr\/\"},{\"@type\":\"ListItem\",\"position\":2,\"name\":\"Farnell \u00e9tend son portefeuille mondial gr\u00e2ce aux solutions sp\u00e9cialis\u00e9es de Same Sky\"}]},{\"@type\":\"WebSite\",\"@id\":\"https:\/\/www.ecinews.fr\/fr\/#website\",\"url\":\"https:\/\/www.ecinews.fr\/fr\/\",\"name\":\"EENewsEurope\",\"description\":\"Just another WordPress site\",\"publisher\":{\"@id\":\"https:\/\/www.ecinews.fr\/fr\/#organization\"},\"potentialAction\":[{\"@type\":\"SearchAction\",\"target\":{\"@type\":\"EntryPoint\",\"urlTemplate\":\"https:\/\/www.ecinews.fr\/fr\/?s={search_term_string}\"},\"query-input\":\"required name=search_term_string\"}],\"inLanguage\":\"fr-FR\"},{\"@type\":\"Organization\",\"@id\":\"https:\/\/www.ecinews.fr\/fr\/#organization\",\"name\":\"EENewsEurope\",\"url\":\"https:\/\/www.ecinews.fr\/fr\/\",\"logo\":{\"@type\":\"ImageObject\",\"inLanguage\":\"fr-FR\",\"@id\":\"https:\/\/www.ecinews.fr\/fr\/#\/schema\/logo\/image\/\",\"url\":\"https:\/\/www.ecinews.fr\/wp-content\/uploads\/2022\/02\/logo-1.jpg\",\"contentUrl\":\"https:\/\/www.ecinews.fr\/wp-content\/uploads\/2022\/02\/logo-1.jpg\",\"width\":283,\"height\":113,\"caption\":\"EENewsEurope\"},\"image\":{\"@id\":\"https:\/\/www.ecinews.fr\/fr\/#\/schema\/logo\/image\/\"}},{\"@type\":\"Person\",\"@id\":\"https:\/\/www.ecinews.fr\/fr\/#\/schema\/person\/c7104a72b466a801f257e51481de0c43\",\"name\":\"NicolasFeste\",\"image\":{\"@type\":\"ImageObject\",\"inLanguage\":\"fr-FR\",\"@id\":\"https:\/\/www.ecinews.fr\/fr\/#\/schema\/person\/image\/1ea421e7d03c1e96a9ea2bcf2705734a\",\"url\":\"https:\/\/secure.gravatar.com\/avatar\/2e187f4d96902933ba445ed6c760e11c?s=96&d=mm&r=g\",\"contentUrl\":\"https:\/\/secure.gravatar.com\/avatar\/2e187f4d96902933ba445ed6c760e11c?s=96&d=mm&r=g\",\"caption\":\"NicolasFeste\"}}]}<\/script>","yoast_head_json":{"title":"Farnell \u00e9tend son portefeuille mondial gr\u00e2ce aux solutions sp...","description":"Farnell renforce son offre mondiale de composants \u00e9lectroniques en signant un accord de distribution globale avec Same Sky, fabricant sp\u00e9cialis\u00e9 dans des...","robots":{"index":"index","follow":"follow","max-snippet":"max-snippet:-1","max-image-preview":"max-image-preview:large","max-video-preview":"max-video-preview:-1"},"canonical":"https:\/\/www.ecinews.fr\/fr\/wp-json\/wp\/v2\/posts\/493773\/","og_locale":"fr_FR","og_type":"article","og_title":"Farnell \u00e9tend son portefeuille mondial gr\u00e2ce aux solutions sp\u00e9cialis\u00e9es de Same Sky","og_description":"Farnell renforce son offre mondiale de composants \u00e9lectroniques en signant un accord de distribution globale avec Same Sky, fabricant sp\u00e9cialis\u00e9 dans des technologies cl\u00e9s telles que l\u2019interconnexion, l\u2019audio, la gestion thermique, le contr\u00f4le de mouvement, ainsi que les relais, capteurs et commutateurs.","og_url":"https:\/\/www.ecinews.fr\/fr\/wp-json\/wp\/v2\/posts\/493773\/","og_site_name":"EENewsEurope","article_published_time":"2026-04-21T08:00:16+00:00","article_modified_time":"2026-04-21T10:05:57+00:00","og_image":[{"width":1080,"height":764,"url":"https:\/\/www.ecinews.fr\/wp-content\/uploads\/2026\/04\/ECI5408-FR-Farnell-renforce-son-portefeuille-de-produits-mondial-grace-aux-solutions-specialisees-de-Same-Sky-dans-les-domaines-de-linterconnexion-de-laudio-et-de-la-gestion-thermique-scaled.jpg","type":"image\/jpeg"}],"author":"NicolasFeste","twitter_card":"summary_large_image","twitter_misc":{"Written by":"NicolasFeste","Est. reading time":"3 minutes"},"schema":{"@context":"https:\/\/schema.org","@graph":[{"@type":"Article","@id":"https:\/\/www.ecinews.fr\/fr\/farnell-etend-son-portefeuille-mondial-grace-aux-solutions-specialisees-de-same-sky\/#article","isPartOf":{"@id":"https:\/\/www.ecinews.fr\/fr\/farnell-etend-son-portefeuille-mondial-grace-aux-solutions-specialisees-de-same-sky\/"},"author":{"name":"NicolasFeste","@id":"https:\/\/www.ecinews.fr\/fr\/#\/schema\/person\/c7104a72b466a801f257e51481de0c43"},"headline":"Farnell \u00e9tend son portefeuille mondial gr\u00e2ce aux solutions sp\u00e9cialis\u00e9es de Same Sky","datePublished":"2026-04-21T08:00:16+00:00","dateModified":"2026-04-21T10:05:57+00:00","mainEntityOfPage":{"@id":"https:\/\/www.ecinews.fr\/fr\/farnell-etend-son-portefeuille-mondial-grace-aux-solutions-specialisees-de-same-sky\/"},"wordCount":489,"publisher":{"@id":"https:\/\/www.ecinews.fr\/fr\/#organization"},"keywords":["Accord de distribution","Composants \u00e9lectroniques"],"articleSection":["Actualit\u00e9 g\u00e9n\u00e9rale"],"inLanguage":"fr-FR"},{"@type":"WebPage","@id":"https:\/\/www.ecinews.fr\/fr\/farnell-etend-son-portefeuille-mondial-grace-aux-solutions-specialisees-de-same-sky\/","url":"https:\/\/www.ecinews.fr\/fr\/farnell-etend-son-portefeuille-mondial-grace-aux-solutions-specialisees-de-same-sky\/","name":"Farnell \u00e9tend son portefeuille mondial gr\u00e2ce aux solutions sp\u00e9cialis\u00e9es de Same Sky -","isPartOf":{"@id":"https:\/\/www.ecinews.fr\/fr\/#website"},"datePublished":"2026-04-21T08:00:16+00:00","dateModified":"2026-04-21T10:05:57+00:00","description":"Farnell renforce son offre mondiale de composants \u00e9lectroniques en signant un accord de distribution globale avec Same Sky, fabricant sp\u00e9cialis\u00e9 dans des technologies cl\u00e9s telles que l\u2019interconnexion, l\u2019audio, la gestion thermique, le contr\u00f4le de mouvement, ainsi que les relais, capteurs et commutateurs.","breadcrumb":{"@id":"https:\/\/www.ecinews.fr\/fr\/farnell-etend-son-portefeuille-mondial-grace-aux-solutions-specialisees-de-same-sky\/#breadcrumb"},"inLanguage":"fr-FR","potentialAction":[{"@type":"ReadAction","target":["https:\/\/www.ecinews.fr\/fr\/farnell-etend-son-portefeuille-mondial-grace-aux-solutions-specialisees-de-same-sky\/"]}]},{"@type":"BreadcrumbList","@id":"https:\/\/www.ecinews.fr\/fr\/farnell-etend-son-portefeuille-mondial-grace-aux-solutions-specialisees-de-same-sky\/#breadcrumb","itemListElement":[{"@type":"ListItem","position":1,"name":"Home","item":"https:\/\/www.ecinews.fr\/fr\/"},{"@type":"ListItem","position":2,"name":"Farnell \u00e9tend son portefeuille mondial gr\u00e2ce aux solutions sp\u00e9cialis\u00e9es de Same Sky"}]},{"@type":"WebSite","@id":"https:\/\/www.ecinews.fr\/fr\/#website","url":"https:\/\/www.ecinews.fr\/fr\/","name":"EENewsEurope","description":"Just another WordPress site","publisher":{"@id":"https:\/\/www.ecinews.fr\/fr\/#organization"},"potentialAction":[{"@type":"SearchAction","target":{"@type":"EntryPoint","urlTemplate":"https:\/\/www.ecinews.fr\/fr\/?s={search_term_string}"},"query-input":"required name=search_term_string"}],"inLanguage":"fr-FR"},{"@type":"Organization","@id":"https:\/\/www.ecinews.fr\/fr\/#organization","name":"EENewsEurope","url":"https:\/\/www.ecinews.fr\/fr\/","logo":{"@type":"ImageObject","inLanguage":"fr-FR","@id":"https:\/\/www.ecinews.fr\/fr\/#\/schema\/logo\/image\/","url":"https:\/\/www.ecinews.fr\/wp-content\/uploads\/2022\/02\/logo-1.jpg","contentUrl":"https:\/\/www.ecinews.fr\/wp-content\/uploads\/2022\/02\/logo-1.jpg","width":283,"height":113,"caption":"EENewsEurope"},"image":{"@id":"https:\/\/www.ecinews.fr\/fr\/#\/schema\/logo\/image\/"}},{"@type":"Person","@id":"https:\/\/www.ecinews.fr\/fr\/#\/schema\/person\/c7104a72b466a801f257e51481de0c43","name":"NicolasFeste","image":{"@type":"ImageObject","inLanguage":"fr-FR","@id":"https:\/\/www.ecinews.fr\/fr\/#\/schema\/person\/image\/1ea421e7d03c1e96a9ea2bcf2705734a","url":"https:\/\/secure.gravatar.com\/avatar\/2e187f4d96902933ba445ed6c760e11c?s=96&d=mm&r=g","contentUrl":"https:\/\/secure.gravatar.com\/avatar\/2e187f4d96902933ba445ed6c760e11c?s=96&d=mm&r=g","caption":"NicolasFeste"}}]}},"authors":[{"term_id":6113,"user_id":39,"is_guest":0,"slug":"nicolasfeste","display_name":"NicolasFeste","avatar_url":"https:\/\/secure.gravatar.com\/avatar\/2e187f4d96902933ba445ed6c760e11c?s=96&d=mm&r=g","0":null,"1":"","2":"","3":"","4":"","5":"","6":"","7":"","8":""}],"_links":{"self":[{"href":"https:\/\/www.ecinews.fr\/fr\/wp-json\/wp\/v2\/posts\/493773"}],"collection":[{"href":"https:\/\/www.ecinews.fr\/fr\/wp-json\/wp\/v2\/posts"}],"about":[{"href":"https:\/\/www.ecinews.fr\/fr\/wp-json\/wp\/v2\/types\/post"}],"author":[{"embeddable":true,"href":"https:\/\/www.ecinews.fr\/fr\/wp-json\/wp\/v2\/users\/39"}],"replies":[{"embeddable":true,"href":"https:\/\/www.ecinews.fr\/fr\/wp-json\/wp\/v2\/comments?post=493773"}],"version-history":[{"count":0,"href":"https:\/\/www.ecinews.fr\/fr\/wp-json\/wp\/v2\/posts\/493773\/revisions"}],"wp:featuredmedia":[{"embeddable":true,"href":"https:\/\/www.ecinews.fr\/fr\/wp-json\/wp\/v2\/media\/493780"}],"wp:attachment":[{"href":"https:\/\/www.ecinews.fr\/fr\/wp-json\/wp\/v2\/media?parent=493773"}],"wp:term":[{"taxonomy":"category","embeddable":true,"href":"https:\/\/www.ecinews.fr\/fr\/wp-json\/wp\/v2\/categories?post=493773"},{"taxonomy":"post_tag","embeddable":true,"href":"https:\/\/www.ecinews.fr\/fr\/wp-json\/wp\/v2\/tags?post=493773"},{"taxonomy":"domains","embeddable":true,"href":"https:\/\/www.ecinews.fr\/fr\/wp-json\/wp\/v2\/domains?post=493773"},{"taxonomy":"author","embeddable":true,"href":"https:\/\/www.ecinews.fr\/fr\/wp-json\/wp\/v2\/ppma_author?post=493773"}],"curies":[{"name":"wp","href":"https:\/\/api.w.org\/{rel}","templated":true}]}}