{"id":492424,"date":"2026-03-17T17:40:43","date_gmt":"2026-03-17T16:40:43","guid":{"rendered":"https:\/\/www.ecinews.fr\/?p=492424"},"modified":"2026-03-23T13:13:13","modified_gmt":"2026-03-23T12:13:13","slug":"vertiv-presente-une-gaine-a-barres-haute-capacite-a-double-etage-pour-repondre-aux-exigences-croissantes-des-data-centers-dia","status":"publish","type":"post","link":"https:\/\/www.ecinews.fr\/fr\/vertiv-presente-une-gaine-a-barres-haute-capacite-a-double-etage-pour-repondre-aux-exigences-croissantes-des-data-centers-dia\/","title":{"rendered":"Vertiv pr\u00e9sente une gaine \u00e0 barres haute capacit\u00e9 \u00e0 double \u00e9tage pour r\u00e9pondre aux exigences croissantes des data centers d\u2019IA"},"content":{"rendered":"<h3>Une nouvelle architecture de distribution \u00e9lectrique pens\u00e9e pour les environnements haute densit\u00e9<\/h3>\n<h3>Vertiv annonce une extension majeure de sa famille Vertiv PowerBar Track avec l\u2019introduction d\u2019un syst\u00e8me de gaine \u00e0 barre compact \u00e0 double \u00e9tage, con\u00e7u pour offrir une capacit\u00e9 accrue tout en pr\u00e9servant l\u2019espace blanc extr\u00eamement pr\u00e9cieux des data centers modernes.<\/h3>\n<p>Face aux charges de travail d\u2019IA en croissance exponentielle, cette nouvelle solution r\u00e9pond aux besoins des infrastructures hyperscale, colocation et environnements HPC.<\/p>\n<p>Le syst\u00e8me propose :<\/p>\n<ul>\n<li>capacit\u00e9 jusqu\u2019\u00e0 2 000 A (UL 857),<\/li>\n<li>jusqu\u2019\u00e0 2 500 A (IEC 61439\u20116),<\/li>\n<li>variantes cuivre et aluminium,<\/li>\n<li>une architecture modulaire scalable et \u00e9co\u2011\u00e9nerg\u00e9tique.<\/li>\n<\/ul>\n<h4>Distribution a\u00e9rienne flexible : maintenance en direct et \u00e9volutivit\u00e9 totale<\/h4>\n<p>La configuration \u00e0 double \u00e9tage offre :<\/p>\n<ul>\n<li>plus de connexions par bo\u00eetier de d\u00e9rivation,<\/li>\n<li>une densit\u00e9 de puissance sup\u00e9rieure,<\/li>\n<li>la possibilit\u00e9 d\u2019une extension verticale pour les environnements les plus denses.<\/li>\n<\/ul>\n<p>L\u2019architecture \u00e0 rail ouvert permet l\u2019ajout, le d\u00e9placement ou le remplacement de bo\u00eetiers sans interruption de service \u2014 un atout d\u00e9cisif pour les data centers critiques.<\/p>\n<p>Chaque point de connexion int\u00e8gre :<\/p>\n<ul>\n<li>verrouillages m\u00e9caniques et \u00e9lectriques,<\/li>\n<li>s\u00e9curit\u00e9s op\u00e9rateur,<\/li>\n<li>option comptage int\u00e9gr\u00e9 pour un suivi en temps r\u00e9el de la consommation \u00e9lectrique.<\/li>\n<\/ul>\n<p>Vertiv positionne ainsi PowerBar Track comme une solution flexible, stable et con\u00e7ue pour simplifier la planification des capacit\u00e9s.<\/p>\n<h4>Une int\u00e9gration compl\u00e8te dans l\u2019\u00e9cosyst\u00e8me d\u2019alimentation Vertiv<\/h4>\n<p>Le syst\u00e8me PowerBar Track s\u2019int\u00e8gre nativement avec :<\/p>\n<ul>\n<li>Vertiv PowerBoard (distribution \u00e9lectrique),<\/li>\n<li>syst\u00e8mes d\u2019alimentation sans interruption Vertiv (UPS),<\/li>\n<li>baies &amp; busways,<\/li>\n<li>l\u2019\u00e9cosyst\u00e8me Vertiv 360AI, d\u00e9di\u00e9 aux infrastructures pr\u00eates pour l\u2019IA.<\/li>\n<\/ul>\n<p>Il est \u00e9galement compatible avec :<\/p>\n<ul>\n<li>Vertiv OneCore, la solution pr\u00e9fabriqu\u00e9e d\u2019infrastructure data center,<\/li>\n<li>Vertiv SmartRun, syst\u00e8me modulaire d\u2019infrastructure a\u00e9rienne.<\/li>\n<\/ul>\n<p>Cette coh\u00e9rence technologique permet des architectures modulaire, reproductibles et optimis\u00e9es.<\/p>\n<p><strong>Kyle Keeper, Senior Vice President Power chez Vertiv<\/strong> : \u00ab Alors que les environnements IA s\u2019intensifient, les data centers ont besoin de solutions \u00e9lectriques flexibles et fiables. Vertiv PowerBar Track \u00e0 double \u00e9tage offre une \u00e9volutivit\u00e9 compacte, une maintenance simplifi\u00e9e et la robustesse attendue dans les infrastructures critiques. \u00bb<\/p>\n<p><em>Cette actualit\u00e9 fournit une r\u00e9ponse concr\u00e8te aux d\u00e9fis actuels des data centers :<\/em><\/p>\n<ul>\n<li><em>espace blanc satur\u00e9,<\/em><\/li>\n<li><em>densit\u00e9 croissante li\u00e9e au GPU computing et \u00e0 l\u2019IA,<\/em><\/li>\n<li><em>besoin de maintenance en continu,<\/em><\/li>\n<li><em>\u00e9volutivit\u00e9 rapide,<\/em><\/li>\n<li><em>optimisation \u00e9nerg\u00e9tique.<\/em><\/li>\n<\/ul>\n<p><em>La gaine \u00e0 barres double \u00e9tage de Vertiv devient un pilier pour les sites cherchant \u00e0 augmenter leur puissance disponible sans sacrifier la surface utile.<\/em><\/p>\n<p><a href=\"https:\/\/www.vertiv.com\/\">Vertiv<\/a><\/p>\n","protected":false},"excerpt":{"rendered":"<p>Une nouvelle architecture de distribution \u00e9lectrique pens\u00e9e pour les environnements haute densit\u00e9 Vertiv annonce une extension majeure de sa famille Vertiv PowerBar Track avec l\u2019introduction d\u2019un syst\u00e8me de gaine \u00e0 barre compact \u00e0 double \u00e9tage, con\u00e7u pour offrir une capacit\u00e9 accrue tout en pr\u00e9servant l\u2019espace blanc extr\u00eamement pr\u00e9cieux des data centers modernes. Face aux charges [&hellip;]<\/p>\n","protected":false},"author":39,"featured_media":492431,"comment_status":"closed","ping_status":"closed","sticky":true,"template":"","format":"standard","meta":{"_acf_changed":false,"footnotes":""},"categories":[881],"tags":[4933,9321,11078,11079,11080],"domains":[47],"ppma_author":[6113],"class_list":["post-492424","post","type-post","status-publish","format-standard","has-post-thumbnail","hentry","category-nouveaux-produits","tag-centre-de-donnees-fr","tag-centres-de-donnees-fr","tag-distribution-electrique-aerienne","tag-gaine-a-barres","tag-infrastructures-hyperscale","domains-electronique-eci"],"acf":[],"yoast_head":"<title>Vertiv pr\u00e9sente une gaine \u00e0 barres haute capacit\u00e9 \u00e0 double ...<\/title>\n<meta name=\"description\" content=\"Vertiv annonce une extension majeure de sa famille Vertiv PowerBar Track avec l\u2019introduction d\u2019un syst\u00e8me de gaine \u00e0 barre compact \u00e0 double \u00e9tage,...\" \/>\n<meta name=\"robots\" content=\"index, follow, max-snippet:-1, max-image-preview:large, max-video-preview:-1\" \/>\n<link rel=\"canonical\" href=\"https:\/\/www.ecinews.fr\/fr\/wp-json\/wp\/v2\/posts\/492424\/\" \/>\n<meta property=\"og:locale\" content=\"fr_FR\" \/>\n<meta property=\"og:type\" content=\"article\" \/>\n<meta property=\"og:title\" content=\"Vertiv pr\u00e9sente une gaine \u00e0 barres haute capacit\u00e9 \u00e0 double \u00e9tage pour r\u00e9pondre aux exigences croissantes des data centers d\u2019IA\" \/>\n<meta property=\"og:description\" content=\"Vertiv annonce une extension majeure de sa famille Vertiv PowerBar Track avec l\u2019introduction d\u2019un syst\u00e8me de gaine \u00e0 barre compact \u00e0 double \u00e9tage, con\u00e7u pour offrir une capacit\u00e9 accrue tout en pr\u00e9servant l\u2019espace blanc extr\u00eamement pr\u00e9cieux des data centers modernes.\" \/>\n<meta property=\"og:url\" content=\"https:\/\/www.ecinews.fr\/fr\/wp-json\/wp\/v2\/posts\/492424\/\" \/>\n<meta property=\"og:site_name\" content=\"EENewsEurope\" \/>\n<meta property=\"article:published_time\" content=\"2026-03-17T16:40:43+00:00\" \/>\n<meta property=\"article:modified_time\" content=\"2026-03-23T12:13:13+00:00\" \/>\n<meta property=\"og:image\" content=\"https:\/\/www.ecinews.fr\/wp-content\/uploads\/2026\/03\/ECI5333-Vertiv-annonce-un-systeme-de-gaine-a-barre-a-double-etage-haute-capacite-et-evolutif-qui-preserve-lespace-blanc-pour-les-exigences-croissantes-des-data-centers-dIA.png\" \/>\n\t<meta property=\"og:image:width\" content=\"1000\" \/>\n\t<meta property=\"og:image:height\" content=\"1000\" \/>\n\t<meta property=\"og:image:type\" content=\"image\/png\" \/>\n<meta name=\"author\" content=\"NicolasFeste\" \/>\n<meta name=\"twitter:card\" content=\"summary_large_image\" \/>\n<meta name=\"twitter:label1\" content=\"Written by\" \/>\n\t<meta name=\"twitter:data1\" content=\"NicolasFeste\" \/>\n\t<meta name=\"twitter:label2\" content=\"Est. reading time\" \/>\n\t<meta name=\"twitter:data2\" content=\"2 minutes\" \/>\n<script type=\"application\/ld+json\" class=\"yoast-schema-graph\">{\"@context\":\"https:\/\/schema.org\",\"@graph\":[{\"@type\":\"Article\",\"@id\":\"https:\/\/www.ecinews.fr\/fr\/vertiv-presente-une-gaine-a-barres-haute-capacite-a-double-etage-pour-repondre-aux-exigences-croissantes-des-data-centers-dia\/#article\",\"isPartOf\":{\"@id\":\"https:\/\/www.ecinews.fr\/fr\/vertiv-presente-une-gaine-a-barres-haute-capacite-a-double-etage-pour-repondre-aux-exigences-croissantes-des-data-centers-dia\/\"},\"author\":{\"name\":\"NicolasFeste\",\"@id\":\"https:\/\/www.ecinews.fr\/fr\/#\/schema\/person\/c7104a72b466a801f257e51481de0c43\"},\"headline\":\"Vertiv pr\u00e9sente une gaine \u00e0 barres haute capacit\u00e9 \u00e0 double \u00e9tage pour r\u00e9pondre aux exigences croissantes des data centers d\u2019IA\",\"datePublished\":\"2026-03-17T16:40:43+00:00\",\"dateModified\":\"2026-03-23T12:13:13+00:00\",\"mainEntityOfPage\":{\"@id\":\"https:\/\/www.ecinews.fr\/fr\/vertiv-presente-une-gaine-a-barres-haute-capacite-a-double-etage-pour-repondre-aux-exigences-croissantes-des-data-centers-dia\/\"},\"wordCount\":446,\"publisher\":{\"@id\":\"https:\/\/www.ecinews.fr\/fr\/#organization\"},\"keywords\":[\"centre de donn\u00e9es\",\"Centres de donn\u00e9es\",\"distribution \u00e9lectrique a\u00e9rienne\",\"gaine \u00e0 barres\",\"infrastructures hyperscale\"],\"articleSection\":[\"Nouveaux produits\"],\"inLanguage\":\"fr-FR\"},{\"@type\":\"WebPage\",\"@id\":\"https:\/\/www.ecinews.fr\/fr\/vertiv-presente-une-gaine-a-barres-haute-capacite-a-double-etage-pour-repondre-aux-exigences-croissantes-des-data-centers-dia\/\",\"url\":\"https:\/\/www.ecinews.fr\/fr\/vertiv-presente-une-gaine-a-barres-haute-capacite-a-double-etage-pour-repondre-aux-exigences-croissantes-des-data-centers-dia\/\",\"name\":\"Vertiv pr\u00e9sente une gaine \u00e0 barres haute capacit\u00e9 \u00e0 double \u00e9tage pour r\u00e9pondre aux exigences croissantes des data centers d\u2019IA -\",\"isPartOf\":{\"@id\":\"https:\/\/www.ecinews.fr\/fr\/#website\"},\"datePublished\":\"2026-03-17T16:40:43+00:00\",\"dateModified\":\"2026-03-23T12:13:13+00:00\",\"description\":\"Vertiv annonce une extension majeure de sa famille Vertiv PowerBar Track avec l\u2019introduction d\u2019un syst\u00e8me de gaine \u00e0 barre compact \u00e0 double \u00e9tage, con\u00e7u pour offrir une capacit\u00e9 accrue tout en pr\u00e9servant l\u2019espace blanc extr\u00eamement pr\u00e9cieux des data centers modernes.\",\"breadcrumb\":{\"@id\":\"https:\/\/www.ecinews.fr\/fr\/vertiv-presente-une-gaine-a-barres-haute-capacite-a-double-etage-pour-repondre-aux-exigences-croissantes-des-data-centers-dia\/#breadcrumb\"},\"inLanguage\":\"fr-FR\",\"potentialAction\":[{\"@type\":\"ReadAction\",\"target\":[\"https:\/\/www.ecinews.fr\/fr\/vertiv-presente-une-gaine-a-barres-haute-capacite-a-double-etage-pour-repondre-aux-exigences-croissantes-des-data-centers-dia\/\"]}]},{\"@type\":\"BreadcrumbList\",\"@id\":\"https:\/\/www.ecinews.fr\/fr\/vertiv-presente-une-gaine-a-barres-haute-capacite-a-double-etage-pour-repondre-aux-exigences-croissantes-des-data-centers-dia\/#breadcrumb\",\"itemListElement\":[{\"@type\":\"ListItem\",\"position\":1,\"name\":\"Home\",\"item\":\"https:\/\/www.ecinews.fr\/fr\/\"},{\"@type\":\"ListItem\",\"position\":2,\"name\":\"Vertiv pr\u00e9sente une gaine \u00e0 barres haute capacit\u00e9 \u00e0 double \u00e9tage pour r\u00e9pondre aux exigences croissantes des data centers d\u2019IA\"}]},{\"@type\":\"WebSite\",\"@id\":\"https:\/\/www.ecinews.fr\/fr\/#website\",\"url\":\"https:\/\/www.ecinews.fr\/fr\/\",\"name\":\"EENewsEurope\",\"description\":\"Just another WordPress site\",\"publisher\":{\"@id\":\"https:\/\/www.ecinews.fr\/fr\/#organization\"},\"potentialAction\":[{\"@type\":\"SearchAction\",\"target\":{\"@type\":\"EntryPoint\",\"urlTemplate\":\"https:\/\/www.ecinews.fr\/fr\/?s={search_term_string}\"},\"query-input\":\"required name=search_term_string\"}],\"inLanguage\":\"fr-FR\"},{\"@type\":\"Organization\",\"@id\":\"https:\/\/www.ecinews.fr\/fr\/#organization\",\"name\":\"EENewsEurope\",\"url\":\"https:\/\/www.ecinews.fr\/fr\/\",\"logo\":{\"@type\":\"ImageObject\",\"inLanguage\":\"fr-FR\",\"@id\":\"https:\/\/www.ecinews.fr\/fr\/#\/schema\/logo\/image\/\",\"url\":\"https:\/\/www.ecinews.fr\/wp-content\/uploads\/2022\/02\/logo-1.jpg\",\"contentUrl\":\"https:\/\/www.ecinews.fr\/wp-content\/uploads\/2022\/02\/logo-1.jpg\",\"width\":283,\"height\":113,\"caption\":\"EENewsEurope\"},\"image\":{\"@id\":\"https:\/\/www.ecinews.fr\/fr\/#\/schema\/logo\/image\/\"}},{\"@type\":\"Person\",\"@id\":\"https:\/\/www.ecinews.fr\/fr\/#\/schema\/person\/c7104a72b466a801f257e51481de0c43\",\"name\":\"NicolasFeste\",\"image\":{\"@type\":\"ImageObject\",\"inLanguage\":\"fr-FR\",\"@id\":\"https:\/\/www.ecinews.fr\/fr\/#\/schema\/person\/image\/1ea421e7d03c1e96a9ea2bcf2705734a\",\"url\":\"https:\/\/secure.gravatar.com\/avatar\/2e187f4d96902933ba445ed6c760e11c?s=96&d=mm&r=g\",\"contentUrl\":\"https:\/\/secure.gravatar.com\/avatar\/2e187f4d96902933ba445ed6c760e11c?s=96&d=mm&r=g\",\"caption\":\"NicolasFeste\"}}]}<\/script>","yoast_head_json":{"title":"Vertiv pr\u00e9sente une gaine \u00e0 barres haute capacit\u00e9 \u00e0 double ...","description":"Vertiv annonce une extension majeure de sa famille Vertiv PowerBar Track avec l\u2019introduction d\u2019un syst\u00e8me de gaine \u00e0 barre compact \u00e0 double \u00e9tage,...","robots":{"index":"index","follow":"follow","max-snippet":"max-snippet:-1","max-image-preview":"max-image-preview:large","max-video-preview":"max-video-preview:-1"},"canonical":"https:\/\/www.ecinews.fr\/fr\/wp-json\/wp\/v2\/posts\/492424\/","og_locale":"fr_FR","og_type":"article","og_title":"Vertiv pr\u00e9sente une gaine \u00e0 barres haute capacit\u00e9 \u00e0 double \u00e9tage pour r\u00e9pondre aux exigences croissantes des data centers d\u2019IA","og_description":"Vertiv annonce une extension majeure de sa famille Vertiv PowerBar Track avec l\u2019introduction d\u2019un syst\u00e8me de gaine \u00e0 barre compact \u00e0 double \u00e9tage, con\u00e7u pour offrir une capacit\u00e9 accrue tout en pr\u00e9servant l\u2019espace blanc extr\u00eamement pr\u00e9cieux des data centers modernes.","og_url":"https:\/\/www.ecinews.fr\/fr\/wp-json\/wp\/v2\/posts\/492424\/","og_site_name":"EENewsEurope","article_published_time":"2026-03-17T16:40:43+00:00","article_modified_time":"2026-03-23T12:13:13+00:00","og_image":[{"width":1000,"height":1000,"url":"https:\/\/www.ecinews.fr\/wp-content\/uploads\/2026\/03\/ECI5333-Vertiv-annonce-un-systeme-de-gaine-a-barre-a-double-etage-haute-capacite-et-evolutif-qui-preserve-lespace-blanc-pour-les-exigences-croissantes-des-data-centers-dIA.png","type":"image\/png"}],"author":"NicolasFeste","twitter_card":"summary_large_image","twitter_misc":{"Written by":"NicolasFeste","Est. reading time":"2 minutes"},"schema":{"@context":"https:\/\/schema.org","@graph":[{"@type":"Article","@id":"https:\/\/www.ecinews.fr\/fr\/vertiv-presente-une-gaine-a-barres-haute-capacite-a-double-etage-pour-repondre-aux-exigences-croissantes-des-data-centers-dia\/#article","isPartOf":{"@id":"https:\/\/www.ecinews.fr\/fr\/vertiv-presente-une-gaine-a-barres-haute-capacite-a-double-etage-pour-repondre-aux-exigences-croissantes-des-data-centers-dia\/"},"author":{"name":"NicolasFeste","@id":"https:\/\/www.ecinews.fr\/fr\/#\/schema\/person\/c7104a72b466a801f257e51481de0c43"},"headline":"Vertiv pr\u00e9sente une gaine \u00e0 barres haute capacit\u00e9 \u00e0 double \u00e9tage pour r\u00e9pondre aux exigences croissantes des data centers d\u2019IA","datePublished":"2026-03-17T16:40:43+00:00","dateModified":"2026-03-23T12:13:13+00:00","mainEntityOfPage":{"@id":"https:\/\/www.ecinews.fr\/fr\/vertiv-presente-une-gaine-a-barres-haute-capacite-a-double-etage-pour-repondre-aux-exigences-croissantes-des-data-centers-dia\/"},"wordCount":446,"publisher":{"@id":"https:\/\/www.ecinews.fr\/fr\/#organization"},"keywords":["centre de donn\u00e9es","Centres de donn\u00e9es","distribution \u00e9lectrique a\u00e9rienne","gaine \u00e0 barres","infrastructures hyperscale"],"articleSection":["Nouveaux produits"],"inLanguage":"fr-FR"},{"@type":"WebPage","@id":"https:\/\/www.ecinews.fr\/fr\/vertiv-presente-une-gaine-a-barres-haute-capacite-a-double-etage-pour-repondre-aux-exigences-croissantes-des-data-centers-dia\/","url":"https:\/\/www.ecinews.fr\/fr\/vertiv-presente-une-gaine-a-barres-haute-capacite-a-double-etage-pour-repondre-aux-exigences-croissantes-des-data-centers-dia\/","name":"Vertiv pr\u00e9sente une gaine \u00e0 barres haute capacit\u00e9 \u00e0 double \u00e9tage pour r\u00e9pondre aux exigences croissantes des data centers d\u2019IA -","isPartOf":{"@id":"https:\/\/www.ecinews.fr\/fr\/#website"},"datePublished":"2026-03-17T16:40:43+00:00","dateModified":"2026-03-23T12:13:13+00:00","description":"Vertiv annonce une extension majeure de sa famille Vertiv PowerBar Track avec l\u2019introduction d\u2019un syst\u00e8me de gaine \u00e0 barre compact \u00e0 double \u00e9tage, con\u00e7u pour offrir une capacit\u00e9 accrue tout en pr\u00e9servant l\u2019espace blanc extr\u00eamement pr\u00e9cieux des data centers modernes.","breadcrumb":{"@id":"https:\/\/www.ecinews.fr\/fr\/vertiv-presente-une-gaine-a-barres-haute-capacite-a-double-etage-pour-repondre-aux-exigences-croissantes-des-data-centers-dia\/#breadcrumb"},"inLanguage":"fr-FR","potentialAction":[{"@type":"ReadAction","target":["https:\/\/www.ecinews.fr\/fr\/vertiv-presente-une-gaine-a-barres-haute-capacite-a-double-etage-pour-repondre-aux-exigences-croissantes-des-data-centers-dia\/"]}]},{"@type":"BreadcrumbList","@id":"https:\/\/www.ecinews.fr\/fr\/vertiv-presente-une-gaine-a-barres-haute-capacite-a-double-etage-pour-repondre-aux-exigences-croissantes-des-data-centers-dia\/#breadcrumb","itemListElement":[{"@type":"ListItem","position":1,"name":"Home","item":"https:\/\/www.ecinews.fr\/fr\/"},{"@type":"ListItem","position":2,"name":"Vertiv pr\u00e9sente une gaine \u00e0 barres haute capacit\u00e9 \u00e0 double \u00e9tage pour r\u00e9pondre aux exigences croissantes des data centers d\u2019IA"}]},{"@type":"WebSite","@id":"https:\/\/www.ecinews.fr\/fr\/#website","url":"https:\/\/www.ecinews.fr\/fr\/","name":"EENewsEurope","description":"Just another WordPress site","publisher":{"@id":"https:\/\/www.ecinews.fr\/fr\/#organization"},"potentialAction":[{"@type":"SearchAction","target":{"@type":"EntryPoint","urlTemplate":"https:\/\/www.ecinews.fr\/fr\/?s={search_term_string}"},"query-input":"required name=search_term_string"}],"inLanguage":"fr-FR"},{"@type":"Organization","@id":"https:\/\/www.ecinews.fr\/fr\/#organization","name":"EENewsEurope","url":"https:\/\/www.ecinews.fr\/fr\/","logo":{"@type":"ImageObject","inLanguage":"fr-FR","@id":"https:\/\/www.ecinews.fr\/fr\/#\/schema\/logo\/image\/","url":"https:\/\/www.ecinews.fr\/wp-content\/uploads\/2022\/02\/logo-1.jpg","contentUrl":"https:\/\/www.ecinews.fr\/wp-content\/uploads\/2022\/02\/logo-1.jpg","width":283,"height":113,"caption":"EENewsEurope"},"image":{"@id":"https:\/\/www.ecinews.fr\/fr\/#\/schema\/logo\/image\/"}},{"@type":"Person","@id":"https:\/\/www.ecinews.fr\/fr\/#\/schema\/person\/c7104a72b466a801f257e51481de0c43","name":"NicolasFeste","image":{"@type":"ImageObject","inLanguage":"fr-FR","@id":"https:\/\/www.ecinews.fr\/fr\/#\/schema\/person\/image\/1ea421e7d03c1e96a9ea2bcf2705734a","url":"https:\/\/secure.gravatar.com\/avatar\/2e187f4d96902933ba445ed6c760e11c?s=96&d=mm&r=g","contentUrl":"https:\/\/secure.gravatar.com\/avatar\/2e187f4d96902933ba445ed6c760e11c?s=96&d=mm&r=g","caption":"NicolasFeste"}}]}},"authors":[{"term_id":6113,"user_id":39,"is_guest":0,"slug":"nicolasfeste","display_name":"NicolasFeste","avatar_url":"https:\/\/secure.gravatar.com\/avatar\/2e187f4d96902933ba445ed6c760e11c?s=96&d=mm&r=g","0":null,"1":"","2":"","3":"","4":"","5":"","6":"","7":"","8":""}],"_links":{"self":[{"href":"https:\/\/www.ecinews.fr\/fr\/wp-json\/wp\/v2\/posts\/492424"}],"collection":[{"href":"https:\/\/www.ecinews.fr\/fr\/wp-json\/wp\/v2\/posts"}],"about":[{"href":"https:\/\/www.ecinews.fr\/fr\/wp-json\/wp\/v2\/types\/post"}],"author":[{"embeddable":true,"href":"https:\/\/www.ecinews.fr\/fr\/wp-json\/wp\/v2\/users\/39"}],"replies":[{"embeddable":true,"href":"https:\/\/www.ecinews.fr\/fr\/wp-json\/wp\/v2\/comments?post=492424"}],"version-history":[{"count":0,"href":"https:\/\/www.ecinews.fr\/fr\/wp-json\/wp\/v2\/posts\/492424\/revisions"}],"wp:featuredmedia":[{"embeddable":true,"href":"https:\/\/www.ecinews.fr\/fr\/wp-json\/wp\/v2\/media\/492431"}],"wp:attachment":[{"href":"https:\/\/www.ecinews.fr\/fr\/wp-json\/wp\/v2\/media?parent=492424"}],"wp:term":[{"taxonomy":"category","embeddable":true,"href":"https:\/\/www.ecinews.fr\/fr\/wp-json\/wp\/v2\/categories?post=492424"},{"taxonomy":"post_tag","embeddable":true,"href":"https:\/\/www.ecinews.fr\/fr\/wp-json\/wp\/v2\/tags?post=492424"},{"taxonomy":"domains","embeddable":true,"href":"https:\/\/www.ecinews.fr\/fr\/wp-json\/wp\/v2\/domains?post=492424"},{"taxonomy":"author","embeddable":true,"href":"https:\/\/www.ecinews.fr\/fr\/wp-json\/wp\/v2\/ppma_author?post=492424"}],"curies":[{"name":"wp","href":"https:\/\/api.w.org\/{rel}","templated":true}]}}