{"id":492328,"date":"2026-03-16T00:53:32","date_gmt":"2026-03-15T23:53:32","guid":{"rendered":"https:\/\/www.ecinews.fr\/?p=492328"},"modified":"2026-03-17T16:18:48","modified_gmt":"2026-03-17T15:18:48","slug":"c12-etend-sa-quantum-fab-parisienne-pour-accelerer-la-production-de-processeurs-quantiques-souverains","status":"publish","type":"post","link":"https:\/\/www.ecinews.fr\/fr\/c12-etend-sa-quantum-fab-parisienne-pour-accelerer-la-production-de-processeurs-quantiques-souverains\/","title":{"rendered":"C12 \u00e9tend sa Quantum Fab parisienne pour acc\u00e9l\u00e9rer la production de processeurs quantiques souverains"},"content":{"rendered":"<h3>Une expansion strat\u00e9gique de 216 m\u00b2 pour lever les contraintes de fabrication et de caract\u00e9risation<\/h3>\n<h3>C12, pionnier fran\u00e7ais des processeurs quantiques \u00e0 base de nanotubes de carbone ultra\u2011purs, annonce une expansion majeure de sa Quantum Fab, son laboratoire de fabrication quantique situ\u00e9 au c\u0153ur de Paris.<\/h3>\n<p>Cette extension ajoute 216 m\u00b2 d\u00e9di\u00e9s \u00e0 la production, la caract\u00e9risation et le nano\u2011assemblage, permettant \u00e0 l\u2019entreprise de ma\u00eetriser int\u00e9gralement sa cha\u00eene de production : de la croissance des nanotubes \u00e0 la fabrication puis \u00e0 la validation cryog\u00e9nique des puces.<\/p>\n<h4>Une infrastructure renforc\u00e9e pour multiplier les it\u00e9rations et augmenter la cadence<\/h4>\n<h3>Une salle blanche \u00e9tendue \u00e0 125 m\u00b2<\/h3>\n<ul>\n<li>plus grande salle blanche parisienne d\u00e9di\u00e9e au semi\u2011conducteur quantique,<\/li>\n<li>accueil de nouveaux \u00e9quipements de d\u00e9p\u00f4ts de couches minces,<\/li>\n<li>internalisation d\u2019\u00e9tapes critiques,<\/li>\n<li>reproductibilit\u00e9 accrue et mont\u00e9e en cadence.<\/li>\n<\/ul>\n<h3>Un laboratoire optique de 80 m\u00b2 enti\u00e8rement repens\u00e9<\/h3>\n<p>Dot\u00e9 d\u00e9sormais :<\/p>\n<ul>\n<li>de lignes Raman et Rayleigh,<\/li>\n<li>d\u2019un syst\u00e8me CryoSCAN pour la caract\u00e9risation optique \u00e0 tr\u00e8s basse temp\u00e9rature.<\/li>\n<\/ul>\n<p><strong>Objectif<\/strong> : doubler le d\u00e9bit de caract\u00e9risation des nanotubes et stabiliser davantage les mesures.<\/p>\n<h3>Une salle cryostat agrandie \u00e0 50 m\u00b2<\/h3>\n<p>Nouvel \u00e9quipement : Bluefors LD,<br \/>\n\u00a0 \u2192 refroidissement r\u00e9duit de 24 h \u00e0 6 h<br \/>\n\u00a0 \u2192 x4 sur la vitesse d\u2019it\u00e9ration conception\u2011validation des qubits.<\/p>\n<h3>Un niveau de nano\u2011assemblage de 100 m\u00b2<\/h3>\n<p>Avec :<\/p>\n<ul>\n<li>machine de dicing pour d\u00e9coupe wafer \u2192 puces,<\/li>\n<li>cryo-testeur &amp; cryostat Kiutra L-type (balayages rapide ~100 mK),<\/li>\n<li>syst\u00e8mes de scan \u00e9lectrique avanc\u00e9s.<\/li>\n<\/ul>\n<p><strong>R\u00e9sultat<\/strong> : caract\u00e9risation \u00e9lectrique plus rapide et plus stable.<\/p>\n<h4>Objectif : acc\u00e9l\u00e9rer les cycles de d\u00e9veloppement et livrer les premiers processeurs<\/h4>\n<p>Avec ces nouveaux espaces, C12 \u00e9limine les s\u00e9quentialit\u00e9s qui limitaient jusque\u2011l\u00e0 le rythme entre :<\/p>\n<ol>\n<li>fabrication,<\/li>\n<li>caract\u00e9risation optique,<\/li>\n<li>validation cryog\u00e9nique.<\/li>\n<\/ol>\n<p>L\u2019entreprise s\u2019appr\u00eate ainsi \u00e0 livrer ses premiers prototypes \u00e0 ses clients dans les prochains mois.<\/p>\n<p><strong>Pierre Desjardins, CEO de C12<\/strong> : \u00ab Nous combinons une capacit\u00e9 de production accrue et une ma\u00eetrise compl\u00e8te de notre cha\u00eene de fabrication. Cela nous permet d\u2019it\u00e9rer plus vite et de garder une longueur d\u2019avance technologique. \u00bb<\/p>\n<h4>C12, acteur cl\u00e9 de la souverainet\u00e9 quantique europ\u00e9enne<\/h4>\n<p>Cette expansion s\u2019inscrit dans une dynamique soutenue par de puissants leviers publics :<\/p>\n<ul>\n<li>13,9 M\u20ac du programme France 2030 \u2013 QARTIQ (I\u2011D\u00e9mo),<\/li>\n<li>s\u00e9lection du Minist\u00e8re des Arm\u00e9es pour le programme Proqcima \u2192 d\u00e9veloppement de deux prototypes d\u2019ordinateurs quantiques universels fran\u00e7ais d\u2019ici 2032,<\/li>\n<li>plus de 25 M\u20ac lev\u00e9s pour acc\u00e9l\u00e9rer le d\u00e9veloppement technologique.<\/li>\n<\/ul>\n<h4>Une technologie unique au monde : qubits \u00e0 nanotubes de carbone ultra\u2011purs<\/h4>\n<p>C12 mise sur une approche radicalement diff\u00e9rente du supraconducteur :<\/p>\n<ul>\n<li>nanotubes de carbone ultra\u2011purs,<\/li>\n<li>qubits de tr\u00e8s haute coh\u00e9rence,<\/li>\n<li>architecture scalable et tol\u00e9rante aux erreurs,<\/li>\n<li>adressage potentiel de cas d\u2019usage avanc\u00e9s (chimie, \u00e9nergie, finance, d\u00e9fense).<\/li>\n<\/ul>\n<p>La ma\u00eetrise compl\u00e8te et int\u00e9gr\u00e9e de la cha\u00eene de production conf\u00e8re \u00e0 C12 un avantage majeur :<br \/>\n\u00a0 \u2192 r\u00e9duction du temps d\u2019it\u00e9ration,<br \/>\n\u00a0 \u2192 contr\u00f4le strict de la qualit\u00e9,<br \/>\n\u00a0 \u2192 barri\u00e8re technologique difficile \u00e0 reproduire.<\/p>\n<p><em>Cette information confirme l\u2019entr\u00e9e de C12 dans une phase d\u2019industrialisation, indispensable pour :<\/em><\/p>\n<ul>\n<li><em>acc\u00e9l\u00e9rer le d\u00e9veloppement des qubits carbone,<\/em><\/li>\n<li><em>garantir une souverainet\u00e9 technologique europ\u00e9enne face aux g\u00e9ants mondiaux du quantique,<\/em><\/li>\n<li><em>r\u00e9duire le time\u2011to\u2011prototype et le time\u2011to\u2011market,<\/em><\/li>\n<li><em>renforcer la comp\u00e9titivit\u00e9 fran\u00e7aise dans le domaine des processeurs quantiques.<\/em><\/li>\n<\/ul>\n<p><em>C12 se positionne comme l\u2019un des rares acteurs mondiaux capables de fabriquer enti\u00e8rement ses puces quantiques en interne, un atout strat\u00e9gique consid\u00e9rable.<\/em><\/p>\n<p><a href=\"https:\/\/www.c12qe.com\/\">C12<\/a><\/p>\n","protected":false},"excerpt":{"rendered":"<p>Une expansion strat\u00e9gique de 216 m\u00b2 pour lever les contraintes de fabrication et de caract\u00e9risation C12, pionnier fran\u00e7ais des processeurs quantiques \u00e0 base de nanotubes de carbone ultra\u2011purs, annonce une expansion majeure de sa Quantum Fab, son laboratoire de fabrication quantique situ\u00e9 au c\u0153ur de Paris. Cette extension ajoute 216 m\u00b2 d\u00e9di\u00e9s \u00e0 la production, [&hellip;]<\/p>\n","protected":false},"author":39,"featured_media":492335,"comment_status":"closed","ping_status":"closed","sticky":true,"template":"","format":"standard","meta":{"_acf_changed":false,"footnotes":""},"categories":[886],"tags":[4851,4153,11073,10515],"domains":[47],"ppma_author":[6113],"class_list":["post-492328","post","type-post","status-publish","format-standard","has-post-thumbnail","hentry","category-news-fr","tag-france-fr","tag-processeur-quantique","tag-quantum-fab","tag-souverainete-technologique","domains-electronique-eci"],"acf":[],"yoast_head":"<title>C12 \u00e9tend sa Quantum Fab parisienne pour acc\u00e9l\u00e9rer la produc...<\/title>\n<meta name=\"description\" content=\"C12, pionnier fran\u00e7ais des processeurs quantiques \u00e0 base de nanotubes de carbone ultra\u2011purs, annonce une expansion majeure de sa Quantum Fab, son...\" \/>\n<meta name=\"robots\" content=\"index, follow, max-snippet:-1, max-image-preview:large, max-video-preview:-1\" \/>\n<link rel=\"canonical\" href=\"https:\/\/www.ecinews.fr\/fr\/wp-json\/wp\/v2\/posts\/492328\/\" \/>\n<meta property=\"og:locale\" content=\"fr_FR\" \/>\n<meta property=\"og:type\" content=\"article\" \/>\n<meta property=\"og:title\" content=\"C12 \u00e9tend sa Quantum Fab parisienne pour acc\u00e9l\u00e9rer la production de processeurs quantiques souverains\" \/>\n<meta property=\"og:description\" content=\"C12, pionnier fran\u00e7ais des processeurs quantiques \u00e0 base de nanotubes de carbone ultra\u2011purs, annonce une expansion majeure de sa Quantum Fab, son laboratoire de fabrication quantique situ\u00e9 au c\u0153ur de Paris.\" \/>\n<meta property=\"og:url\" content=\"https:\/\/www.ecinews.fr\/fr\/wp-json\/wp\/v2\/posts\/492328\/\" \/>\n<meta property=\"og:site_name\" content=\"EENewsEurope\" \/>\n<meta property=\"article:published_time\" content=\"2026-03-15T23:53:32+00:00\" \/>\n<meta property=\"article:modified_time\" content=\"2026-03-17T15:18:48+00:00\" \/>\n<meta property=\"og:image\" content=\"https:\/\/www.eenewseurope.com\/wp-content\/uploads\/2026\/03\/ECI5316-Quantum-Fab-de-C12-216-m\u00b2-de-nouveaux-espaces-pour-accelerer-la-fabrication-de-processeurs-quantiques.png\" \/>\n\t<meta property=\"og:image:width\" content=\"515\" \/>\n\t<meta property=\"og:image:height\" content=\"200\" \/>\n\t<meta property=\"og:image:type\" content=\"image\/png\" \/>\n<meta name=\"author\" content=\"NicolasFeste\" \/>\n<meta name=\"twitter:card\" content=\"summary_large_image\" \/>\n<meta name=\"twitter:label1\" content=\"Written by\" \/>\n\t<meta name=\"twitter:data1\" content=\"NicolasFeste\" \/>\n\t<meta name=\"twitter:label2\" content=\"Est. reading time\" \/>\n\t<meta name=\"twitter:data2\" content=\"3 minutes\" \/>\n<script type=\"application\/ld+json\" class=\"yoast-schema-graph\">{\"@context\":\"https:\/\/schema.org\",\"@graph\":[{\"@type\":\"Article\",\"@id\":\"https:\/\/www.eenewseurope.com\/fr\/c12-etend-sa-quantum-fab-parisienne-pour-accelerer-la-production-de-processeurs-quantiques-souverains\/#article\",\"isPartOf\":{\"@id\":\"https:\/\/www.eenewseurope.com\/fr\/c12-etend-sa-quantum-fab-parisienne-pour-accelerer-la-production-de-processeurs-quantiques-souverains\/\"},\"author\":{\"name\":\"NicolasFeste\",\"@id\":\"https:\/\/www.eenewseurope.com\/en\/#\/schema\/person\/c7104a72b466a801f257e51481de0c43\"},\"headline\":\"C12 \u00e9tend sa Quantum Fab parisienne pour acc\u00e9l\u00e9rer la production de processeurs quantiques souverains\",\"datePublished\":\"2026-03-15T23:53:32+00:00\",\"dateModified\":\"2026-03-17T15:18:48+00:00\",\"mainEntityOfPage\":{\"@id\":\"https:\/\/www.eenewseurope.com\/fr\/c12-etend-sa-quantum-fab-parisienne-pour-accelerer-la-production-de-processeurs-quantiques-souverains\/\"},\"wordCount\":614,\"publisher\":{\"@id\":\"https:\/\/www.eenewseurope.com\/en\/#organization\"},\"keywords\":[\"France\",\"Processeur quantique\",\"Quantum Fab\",\"Souverainet\u00e9 technologique\"],\"articleSection\":[\"Actualit\u00e9 g\u00e9n\u00e9rale\"],\"inLanguage\":\"fr-FR\"},{\"@type\":\"WebPage\",\"@id\":\"https:\/\/www.eenewseurope.com\/fr\/c12-etend-sa-quantum-fab-parisienne-pour-accelerer-la-production-de-processeurs-quantiques-souverains\/\",\"url\":\"https:\/\/www.eenewseurope.com\/fr\/c12-etend-sa-quantum-fab-parisienne-pour-accelerer-la-production-de-processeurs-quantiques-souverains\/\",\"name\":\"C12 \u00e9tend sa Quantum Fab parisienne pour acc\u00e9l\u00e9rer la production de processeurs quantiques souverains -\",\"isPartOf\":{\"@id\":\"https:\/\/www.eenewseurope.com\/en\/#website\"},\"datePublished\":\"2026-03-15T23:53:32+00:00\",\"dateModified\":\"2026-03-17T15:18:48+00:00\",\"description\":\"C12, pionnier fran\u00e7ais des processeurs quantiques \u00e0 base de nanotubes de carbone ultra\u2011purs, annonce une expansion majeure de sa Quantum Fab, son laboratoire de fabrication quantique situ\u00e9 au c\u0153ur de Paris.\",\"breadcrumb\":{\"@id\":\"https:\/\/www.eenewseurope.com\/fr\/c12-etend-sa-quantum-fab-parisienne-pour-accelerer-la-production-de-processeurs-quantiques-souverains\/#breadcrumb\"},\"inLanguage\":\"fr-FR\",\"potentialAction\":[{\"@type\":\"ReadAction\",\"target\":[\"https:\/\/www.eenewseurope.com\/fr\/c12-etend-sa-quantum-fab-parisienne-pour-accelerer-la-production-de-processeurs-quantiques-souverains\/\"]}]},{\"@type\":\"BreadcrumbList\",\"@id\":\"https:\/\/www.eenewseurope.com\/fr\/c12-etend-sa-quantum-fab-parisienne-pour-accelerer-la-production-de-processeurs-quantiques-souverains\/#breadcrumb\",\"itemListElement\":[{\"@type\":\"ListItem\",\"position\":1,\"name\":\"Home\",\"item\":\"https:\/\/www.ecinews.fr\/fr\/\"},{\"@type\":\"ListItem\",\"position\":2,\"name\":\"C12 \u00e9tend sa Quantum Fab parisienne pour acc\u00e9l\u00e9rer la production de processeurs quantiques souverains\"}]},{\"@type\":\"WebSite\",\"@id\":\"https:\/\/www.eenewseurope.com\/en\/#website\",\"url\":\"https:\/\/www.eenewseurope.com\/en\/\",\"name\":\"EENewsEurope\",\"description\":\"Just another WordPress site\",\"publisher\":{\"@id\":\"https:\/\/www.eenewseurope.com\/en\/#organization\"},\"potentialAction\":[{\"@type\":\"SearchAction\",\"target\":{\"@type\":\"EntryPoint\",\"urlTemplate\":\"https:\/\/www.eenewseurope.com\/en\/?s={search_term_string}\"},\"query-input\":\"required name=search_term_string\"}],\"inLanguage\":\"fr-FR\"},{\"@type\":\"Organization\",\"@id\":\"https:\/\/www.eenewseurope.com\/en\/#organization\",\"name\":\"EENewsEurope\",\"url\":\"https:\/\/www.eenewseurope.com\/en\/\",\"logo\":{\"@type\":\"ImageObject\",\"inLanguage\":\"fr-FR\",\"@id\":\"https:\/\/www.eenewseurope.com\/en\/#\/schema\/logo\/image\/\",\"url\":\"https:\/\/www.ecinews.fr\/wp-content\/uploads\/2022\/02\/logo-1.jpg\",\"contentUrl\":\"https:\/\/www.ecinews.fr\/wp-content\/uploads\/2022\/02\/logo-1.jpg\",\"width\":283,\"height\":113,\"caption\":\"EENewsEurope\"},\"image\":{\"@id\":\"https:\/\/www.eenewseurope.com\/en\/#\/schema\/logo\/image\/\"}},{\"@type\":\"Person\",\"@id\":\"https:\/\/www.eenewseurope.com\/en\/#\/schema\/person\/c7104a72b466a801f257e51481de0c43\",\"name\":\"NicolasFeste\",\"image\":{\"@type\":\"ImageObject\",\"inLanguage\":\"fr-FR\",\"@id\":\"https:\/\/www.eenewseurope.com\/en\/#\/schema\/person\/image\/1ea421e7d03c1e96a9ea2bcf2705734a\",\"url\":\"https:\/\/secure.gravatar.com\/avatar\/2e187f4d96902933ba445ed6c760e11c?s=96&d=mm&r=g\",\"contentUrl\":\"https:\/\/secure.gravatar.com\/avatar\/2e187f4d96902933ba445ed6c760e11c?s=96&d=mm&r=g\",\"caption\":\"NicolasFeste\"}}]}<\/script>","yoast_head_json":{"title":"C12 \u00e9tend sa Quantum Fab parisienne pour acc\u00e9l\u00e9rer la produc...","description":"C12, pionnier fran\u00e7ais des processeurs quantiques \u00e0 base de nanotubes de carbone ultra\u2011purs, annonce une expansion majeure de sa Quantum Fab, son...","robots":{"index":"index","follow":"follow","max-snippet":"max-snippet:-1","max-image-preview":"max-image-preview:large","max-video-preview":"max-video-preview:-1"},"canonical":"https:\/\/www.ecinews.fr\/fr\/wp-json\/wp\/v2\/posts\/492328\/","og_locale":"fr_FR","og_type":"article","og_title":"C12 \u00e9tend sa Quantum Fab parisienne pour acc\u00e9l\u00e9rer la production de processeurs quantiques souverains","og_description":"C12, pionnier fran\u00e7ais des processeurs quantiques \u00e0 base de nanotubes de carbone ultra\u2011purs, annonce une expansion majeure de sa Quantum Fab, son laboratoire de fabrication quantique situ\u00e9 au c\u0153ur de Paris.","og_url":"https:\/\/www.ecinews.fr\/fr\/wp-json\/wp\/v2\/posts\/492328\/","og_site_name":"EENewsEurope","article_published_time":"2026-03-15T23:53:32+00:00","article_modified_time":"2026-03-17T15:18:48+00:00","og_image":[{"width":515,"height":200,"url":"https:\/\/www.eenewseurope.com\/wp-content\/uploads\/2026\/03\/ECI5316-Quantum-Fab-de-C12-216-m\u00b2-de-nouveaux-espaces-pour-accelerer-la-fabrication-de-processeurs-quantiques.png","type":"image\/png"}],"author":"NicolasFeste","twitter_card":"summary_large_image","twitter_misc":{"Written by":"NicolasFeste","Est. reading time":"3 minutes"},"schema":{"@context":"https:\/\/schema.org","@graph":[{"@type":"Article","@id":"https:\/\/www.eenewseurope.com\/fr\/c12-etend-sa-quantum-fab-parisienne-pour-accelerer-la-production-de-processeurs-quantiques-souverains\/#article","isPartOf":{"@id":"https:\/\/www.eenewseurope.com\/fr\/c12-etend-sa-quantum-fab-parisienne-pour-accelerer-la-production-de-processeurs-quantiques-souverains\/"},"author":{"name":"NicolasFeste","@id":"https:\/\/www.eenewseurope.com\/en\/#\/schema\/person\/c7104a72b466a801f257e51481de0c43"},"headline":"C12 \u00e9tend sa Quantum Fab parisienne pour acc\u00e9l\u00e9rer la production de processeurs quantiques souverains","datePublished":"2026-03-15T23:53:32+00:00","dateModified":"2026-03-17T15:18:48+00:00","mainEntityOfPage":{"@id":"https:\/\/www.eenewseurope.com\/fr\/c12-etend-sa-quantum-fab-parisienne-pour-accelerer-la-production-de-processeurs-quantiques-souverains\/"},"wordCount":614,"publisher":{"@id":"https:\/\/www.eenewseurope.com\/en\/#organization"},"keywords":["France","Processeur quantique","Quantum Fab","Souverainet\u00e9 technologique"],"articleSection":["Actualit\u00e9 g\u00e9n\u00e9rale"],"inLanguage":"fr-FR"},{"@type":"WebPage","@id":"https:\/\/www.eenewseurope.com\/fr\/c12-etend-sa-quantum-fab-parisienne-pour-accelerer-la-production-de-processeurs-quantiques-souverains\/","url":"https:\/\/www.eenewseurope.com\/fr\/c12-etend-sa-quantum-fab-parisienne-pour-accelerer-la-production-de-processeurs-quantiques-souverains\/","name":"C12 \u00e9tend sa Quantum Fab parisienne pour acc\u00e9l\u00e9rer la production de processeurs quantiques souverains -","isPartOf":{"@id":"https:\/\/www.eenewseurope.com\/en\/#website"},"datePublished":"2026-03-15T23:53:32+00:00","dateModified":"2026-03-17T15:18:48+00:00","description":"C12, pionnier fran\u00e7ais des processeurs quantiques \u00e0 base de nanotubes de carbone ultra\u2011purs, annonce une expansion majeure de sa Quantum Fab, son laboratoire de fabrication quantique situ\u00e9 au c\u0153ur de Paris.","breadcrumb":{"@id":"https:\/\/www.eenewseurope.com\/fr\/c12-etend-sa-quantum-fab-parisienne-pour-accelerer-la-production-de-processeurs-quantiques-souverains\/#breadcrumb"},"inLanguage":"fr-FR","potentialAction":[{"@type":"ReadAction","target":["https:\/\/www.eenewseurope.com\/fr\/c12-etend-sa-quantum-fab-parisienne-pour-accelerer-la-production-de-processeurs-quantiques-souverains\/"]}]},{"@type":"BreadcrumbList","@id":"https:\/\/www.eenewseurope.com\/fr\/c12-etend-sa-quantum-fab-parisienne-pour-accelerer-la-production-de-processeurs-quantiques-souverains\/#breadcrumb","itemListElement":[{"@type":"ListItem","position":1,"name":"Home","item":"https:\/\/www.ecinews.fr\/fr\/"},{"@type":"ListItem","position":2,"name":"C12 \u00e9tend sa Quantum Fab parisienne pour acc\u00e9l\u00e9rer la production de processeurs quantiques souverains"}]},{"@type":"WebSite","@id":"https:\/\/www.eenewseurope.com\/en\/#website","url":"https:\/\/www.eenewseurope.com\/en\/","name":"EENewsEurope","description":"Just another WordPress site","publisher":{"@id":"https:\/\/www.eenewseurope.com\/en\/#organization"},"potentialAction":[{"@type":"SearchAction","target":{"@type":"EntryPoint","urlTemplate":"https:\/\/www.eenewseurope.com\/en\/?s={search_term_string}"},"query-input":"required name=search_term_string"}],"inLanguage":"fr-FR"},{"@type":"Organization","@id":"https:\/\/www.eenewseurope.com\/en\/#organization","name":"EENewsEurope","url":"https:\/\/www.eenewseurope.com\/en\/","logo":{"@type":"ImageObject","inLanguage":"fr-FR","@id":"https:\/\/www.eenewseurope.com\/en\/#\/schema\/logo\/image\/","url":"https:\/\/www.ecinews.fr\/wp-content\/uploads\/2022\/02\/logo-1.jpg","contentUrl":"https:\/\/www.ecinews.fr\/wp-content\/uploads\/2022\/02\/logo-1.jpg","width":283,"height":113,"caption":"EENewsEurope"},"image":{"@id":"https:\/\/www.eenewseurope.com\/en\/#\/schema\/logo\/image\/"}},{"@type":"Person","@id":"https:\/\/www.eenewseurope.com\/en\/#\/schema\/person\/c7104a72b466a801f257e51481de0c43","name":"NicolasFeste","image":{"@type":"ImageObject","inLanguage":"fr-FR","@id":"https:\/\/www.eenewseurope.com\/en\/#\/schema\/person\/image\/1ea421e7d03c1e96a9ea2bcf2705734a","url":"https:\/\/secure.gravatar.com\/avatar\/2e187f4d96902933ba445ed6c760e11c?s=96&d=mm&r=g","contentUrl":"https:\/\/secure.gravatar.com\/avatar\/2e187f4d96902933ba445ed6c760e11c?s=96&d=mm&r=g","caption":"NicolasFeste"}}]}},"authors":[{"term_id":6113,"user_id":39,"is_guest":0,"slug":"nicolasfeste","display_name":"NicolasFeste","avatar_url":"https:\/\/secure.gravatar.com\/avatar\/2e187f4d96902933ba445ed6c760e11c?s=96&d=mm&r=g","0":null,"1":"","2":"","3":"","4":"","5":"","6":"","7":"","8":""}],"_links":{"self":[{"href":"https:\/\/www.ecinews.fr\/fr\/wp-json\/wp\/v2\/posts\/492328"}],"collection":[{"href":"https:\/\/www.ecinews.fr\/fr\/wp-json\/wp\/v2\/posts"}],"about":[{"href":"https:\/\/www.ecinews.fr\/fr\/wp-json\/wp\/v2\/types\/post"}],"author":[{"embeddable":true,"href":"https:\/\/www.ecinews.fr\/fr\/wp-json\/wp\/v2\/users\/39"}],"replies":[{"embeddable":true,"href":"https:\/\/www.ecinews.fr\/fr\/wp-json\/wp\/v2\/comments?post=492328"}],"version-history":[{"count":0,"href":"https:\/\/www.ecinews.fr\/fr\/wp-json\/wp\/v2\/posts\/492328\/revisions"}],"wp:featuredmedia":[{"embeddable":true,"href":"https:\/\/www.ecinews.fr\/fr\/wp-json\/wp\/v2\/media\/492335"}],"wp:attachment":[{"href":"https:\/\/www.ecinews.fr\/fr\/wp-json\/wp\/v2\/media?parent=492328"}],"wp:term":[{"taxonomy":"category","embeddable":true,"href":"https:\/\/www.ecinews.fr\/fr\/wp-json\/wp\/v2\/categories?post=492328"},{"taxonomy":"post_tag","embeddable":true,"href":"https:\/\/www.ecinews.fr\/fr\/wp-json\/wp\/v2\/tags?post=492328"},{"taxonomy":"domains","embeddable":true,"href":"https:\/\/www.ecinews.fr\/fr\/wp-json\/wp\/v2\/domains?post=492328"},{"taxonomy":"author","embeddable":true,"href":"https:\/\/www.ecinews.fr\/fr\/wp-json\/wp\/v2\/ppma_author?post=492328"}],"curies":[{"name":"wp","href":"https:\/\/api.w.org\/{rel}","templated":true}]}}