{"id":490632,"date":"2026-01-26T01:59:56","date_gmt":"2026-01-26T00:59:56","guid":{"rendered":"https:\/\/www.ecinews.fr\/?p=490632"},"modified":"2026-01-26T15:33:45","modified_gmt":"2026-01-26T14:33:45","slug":"aedvices-lance-la-premiere-formation-dediee-a-lia-en-verification-design-conforme-a-leu-ai-act","status":"publish","type":"post","link":"https:\/\/www.ecinews.fr\/fr\/aedvices-lance-la-premiere-formation-dediee-a-lia-en-verification-design-conforme-a-leu-ai-act\/","title":{"rendered":"Aedvices lance la premi\u00e8re formation d\u00e9di\u00e9e \u00e0 l\u2019IA en v\u00e9rification design conforme \u00e0 l\u2019EU AI Act"},"content":{"rendered":"<h3>Alors que l\u2019intelligence artificielle devient un outil quotidien pour les \u00e9quipes de d\u00e9veloppement, l\u2019entr\u00e9e en vigueur de l\u2019EU AI Act cr\u00e9e une nouvelle obligation strat\u00e9gique : former les ing\u00e9nieurs aux usages responsables de l\u2019IA.<\/h3>\n<p>Aedvices, expert reconnu en conception et v\u00e9rification de syst\u00e8mes \u00e9lectroniques, d\u00e9voile la premi\u00e8re formation du march\u00e9 d\u00e9di\u00e9e \u00e0 l\u2019utilisation pratique et ma\u00eetris\u00e9e de l\u2019IA en v\u00e9rification design, afin de s\u00e9curiser l\u2019adoption des LLM dans l\u2019industrie des semi\u2011conducteurs.<\/p>\n<h4>IA g\u00e9n\u00e9rative : un puissant acc\u00e9l\u00e9rateur\u2026 \u00e0 haut risque sans m\u00e9thodologie<\/h4>\n<p>L\u2019IA ouvre des perspectives in\u00e9dites :<\/p>\n<ul>\n<li>Acc\u00e9l\u00e9ration du test et du d\u00e9bogage<\/li>\n<li>Automatisation de certaines t\u00e2ches r\u00e9p\u00e9titives<\/li>\n<li>Aide \u00e0 la g\u00e9n\u00e9ration de bancs d\u2019essai et de documentation<\/li>\n<\/ul>\n<p>Mais elle expose \u00e9galement les entreprises \u00e0 des risques majeurs :<\/p>\n<ul>\n<li>Biais et erreurs silencieuses<\/li>\n<li>Hallucinations destructrices pour la qualit\u00e9<\/li>\n<li>Fuites de propri\u00e9t\u00e9 intellectuelle<\/li>\n<li>Probl\u00e8mes de confidentialit\u00e9 et de conformit\u00e9 (RGPD, EU AI Act)<\/li>\n<\/ul>\n<p>La formation d\u2019Aedvices se concentre pr\u00e9cis\u00e9ment sur cette gestion du risque, en apportant un cadre m\u00e9thodologique clair pour d\u00e9cider o\u00f9 l\u2019IA apporte de la valeur \u2014 et o\u00f9 l\u2019ing\u00e9nieur doit rester ma\u00eetre.<\/p>\n<blockquote>\n<p>\u00ab Former les \u00e9quipes n\u2019est plus une option. Avec l\u2019EU AI Act, nous devons garantir l\u2019\u00e9thique, la tra\u00e7abilit\u00e9 et la confidentialit\u00e9 des designs assist\u00e9s par IA \u00bb, d\u00e9clare <strong>Fran\u00e7ois Cerisier, pr\u00e9sident et fondateur d\u2019Aedvices<\/strong>.<\/p>\n<\/blockquote>\n<h3>Un programme complet : th\u00e9orie, pratique et s\u00e9curit\u00e9 des flux de v\u00e9rification<\/h3>\n<p>La formation (32 h) s\u2019adresse aux ing\u00e9nieurs, tech leads et managers, sans pr\u00e9requis en IA.<\/p>\n<p>Elle couvre l\u2019ensemble du cycle de v\u00e9rification :<\/p>\n<p><strong>1. Fondamentaux &amp; Risques<\/strong><\/p>\n<ul>\n<li>Biais IA<\/li>\n<li>Notions d\u2019IA agentique<\/li>\n<li>RGPD, EU AI Act et obligations l\u00e9gales<\/li>\n<\/ul>\n<p><strong>2. M\u00e9thodologie appliqu\u00e9e<\/strong><\/p>\n<ul>\n<li>IA pour la planification<\/li>\n<li>Revue de sp\u00e9cifications<\/li>\n<li>G\u00e9n\u00e9ration de bancs d\u2019essai<\/li>\n<li>Analyse de couverture<\/li>\n<\/ul>\n<p><strong>3. S\u00e9curit\u00e9 &amp; Tra\u00e7abilit\u00e9<\/strong><\/p>\n<ul>\n<li>Confidentialit\u00e9 des donn\u00e9es<\/li>\n<li>Reproductibilit\u00e9 des r\u00e9sultats<\/li>\n<li>Mise en conformit\u00e9 des pratiques IA<\/li>\n<\/ul>\n<h4>MILLI : un format hybride pens\u00e9 pour l\u2019industrie<\/h4>\n<p>La m\u00e9thode MILLI (Modular Independent Learning with Live Integration) permet de se former sans interrompre la production, sur deux mois, avec :<\/p>\n<ul>\n<li>Modules en ligne interactifs<\/li>\n<li>Sessions en direct : Q\\&amp;A et ateliers collaboratifs<\/li>\n<li>Application concr\u00e8te sur les projets de v\u00e9rification r\u00e9els des participants<\/li>\n<\/ul>\n<p><em>Cette information r\u00e9pond \u00e0 un enjeu critique : int\u00e9grer l\u2019IA dans les workflows de v\u00e9rification en conformit\u00e9, en s\u00e9curit\u00e9 et avec une m\u00e9thodologie solide, \u00e0 un moment o\u00f9 la r\u00e9gulation et les risques techniques convergent.<\/em><\/p>\n<p><a href=\"https:\/\/aedvices.com\/\">Aedvices<\/a><\/p>\n","protected":false},"excerpt":{"rendered":"<p>Alors que l\u2019intelligence artificielle devient un outil quotidien pour les \u00e9quipes de d\u00e9veloppement, l\u2019entr\u00e9e en vigueur de l\u2019EU AI Act cr\u00e9e une nouvelle obligation strat\u00e9gique : former les ing\u00e9nieurs aux usages responsables de l\u2019IA. Aedvices, expert reconnu en conception et v\u00e9rification de syst\u00e8mes \u00e9lectroniques, d\u00e9voile la premi\u00e8re formation du march\u00e9 d\u00e9di\u00e9e \u00e0 l\u2019utilisation pratique et [&hellip;]<\/p>\n","protected":false},"author":39,"featured_media":490637,"comment_status":"closed","ping_status":"closed","sticky":true,"template":"","format":"standard","meta":{"_acf_changed":false,"footnotes":""},"categories":[886],"tags":[10942,9623,3297],"domains":[47],"ppma_author":[6113],"class_list":["post-490632","post","type-post","status-publish","format-standard","has-post-thumbnail","hentry","category-news-fr","tag-formation","tag-formation-a-lia","tag-intelligence-artificielle-ia","domains-electronique-eci"],"acf":[],"yoast_head":"<title>Aedvices lance la premi\u00e8re formation d\u00e9di\u00e9e \u00e0 l\u2019IA en v\u00e9...<\/title>\n<meta name=\"description\" content=\"Alors que l\u2019intelligence artificielle devient un outil quotidien pour les \u00e9quipes de d\u00e9veloppement, l\u2019entr\u00e9e en vigueur de l\u2019EU AI Act cr\u00e9e une...\" \/>\n<meta name=\"robots\" content=\"index, follow, max-snippet:-1, max-image-preview:large, max-video-preview:-1\" \/>\n<link rel=\"canonical\" href=\"https:\/\/www.ecinews.fr\/fr\/wp-json\/wp\/v2\/posts\/490632\/\" \/>\n<meta property=\"og:locale\" content=\"fr_FR\" \/>\n<meta property=\"og:type\" content=\"article\" \/>\n<meta property=\"og:title\" content=\"Aedvices lance la premi\u00e8re formation d\u00e9di\u00e9e \u00e0 l\u2019IA en v\u00e9rification design conforme \u00e0 l\u2019EU AI Act\" \/>\n<meta property=\"og:description\" content=\"Alors que l\u2019intelligence artificielle devient un outil quotidien pour les \u00e9quipes de d\u00e9veloppement, l\u2019entr\u00e9e en vigueur de l\u2019EU AI Act cr\u00e9e une nouvelle obligation strat\u00e9gique : former les ing\u00e9nieurs aux usages responsables de l\u2019IA.\" \/>\n<meta property=\"og:url\" content=\"https:\/\/www.ecinews.fr\/fr\/wp-json\/wp\/v2\/posts\/490632\/\" \/>\n<meta property=\"og:site_name\" content=\"EENewsEurope\" \/>\n<meta property=\"article:published_time\" content=\"2026-01-26T00:59:56+00:00\" \/>\n<meta property=\"article:modified_time\" content=\"2026-01-26T14:33:45+00:00\" \/>\n<meta property=\"og:image\" content=\"https:\/\/www.ecinews.fr\/wp-content\/uploads\/2026\/01\/ECI5249-CP_Aedvices-lance-la-premiere-formation-dediee-a-lutilisation-de-lIA-1.png\" \/>\n\t<meta property=\"og:image:width\" content=\"469\" \/>\n\t<meta property=\"og:image:height\" content=\"200\" \/>\n\t<meta property=\"og:image:type\" content=\"image\/png\" \/>\n<meta name=\"author\" content=\"NicolasFeste\" \/>\n<meta name=\"twitter:card\" content=\"summary_large_image\" \/>\n<meta name=\"twitter:label1\" content=\"Written by\" \/>\n\t<meta name=\"twitter:data1\" content=\"NicolasFeste\" \/>\n\t<meta name=\"twitter:label2\" content=\"Est. reading time\" \/>\n\t<meta name=\"twitter:data2\" content=\"2 minutes\" \/>\n<script type=\"application\/ld+json\" class=\"yoast-schema-graph\">{\"@context\":\"https:\/\/schema.org\",\"@graph\":[{\"@type\":\"Article\",\"@id\":\"https:\/\/www.ecinews.fr\/fr\/aedvices-lance-la-premiere-formation-dediee-a-lia-en-verification-design-conforme-a-leu-ai-act\/#article\",\"isPartOf\":{\"@id\":\"https:\/\/www.ecinews.fr\/fr\/aedvices-lance-la-premiere-formation-dediee-a-lia-en-verification-design-conforme-a-leu-ai-act\/\"},\"author\":{\"name\":\"NicolasFeste\",\"@id\":\"https:\/\/www.eenewseurope.com\/en\/#\/schema\/person\/c7104a72b466a801f257e51481de0c43\"},\"headline\":\"Aedvices lance la premi\u00e8re formation d\u00e9di\u00e9e \u00e0 l\u2019IA en v\u00e9rification design conforme \u00e0 l\u2019EU AI Act\",\"datePublished\":\"2026-01-26T00:59:56+00:00\",\"dateModified\":\"2026-01-26T14:33:45+00:00\",\"mainEntityOfPage\":{\"@id\":\"https:\/\/www.ecinews.fr\/fr\/aedvices-lance-la-premiere-formation-dediee-a-lia-en-verification-design-conforme-a-leu-ai-act\/\"},\"wordCount\":472,\"publisher\":{\"@id\":\"https:\/\/www.eenewseurope.com\/en\/#organization\"},\"keywords\":[\"formation\",\"Formation \u00e0 l'IA\",\"Intelligence Artificielle - IA\"],\"articleSection\":[\"Actualit\u00e9 g\u00e9n\u00e9rale\"],\"inLanguage\":\"fr-FR\"},{\"@type\":\"WebPage\",\"@id\":\"https:\/\/www.ecinews.fr\/fr\/aedvices-lance-la-premiere-formation-dediee-a-lia-en-verification-design-conforme-a-leu-ai-act\/\",\"url\":\"https:\/\/www.ecinews.fr\/fr\/aedvices-lance-la-premiere-formation-dediee-a-lia-en-verification-design-conforme-a-leu-ai-act\/\",\"name\":\"Aedvices lance la premi\u00e8re formation d\u00e9di\u00e9e \u00e0 l\u2019IA en v\u00e9rification design conforme \u00e0 l\u2019EU AI Act -\",\"isPartOf\":{\"@id\":\"https:\/\/www.eenewseurope.com\/en\/#website\"},\"datePublished\":\"2026-01-26T00:59:56+00:00\",\"dateModified\":\"2026-01-26T14:33:45+00:00\",\"description\":\"Alors que l\u2019intelligence artificielle devient un outil quotidien pour les \u00e9quipes de d\u00e9veloppement, l\u2019entr\u00e9e en vigueur de l\u2019EU AI Act cr\u00e9e une nouvelle obligation strat\u00e9gique : former les ing\u00e9nieurs aux usages responsables de l\u2019IA.\",\"breadcrumb\":{\"@id\":\"https:\/\/www.ecinews.fr\/fr\/aedvices-lance-la-premiere-formation-dediee-a-lia-en-verification-design-conforme-a-leu-ai-act\/#breadcrumb\"},\"inLanguage\":\"fr-FR\",\"potentialAction\":[{\"@type\":\"ReadAction\",\"target\":[\"https:\/\/www.ecinews.fr\/fr\/aedvices-lance-la-premiere-formation-dediee-a-lia-en-verification-design-conforme-a-leu-ai-act\/\"]}]},{\"@type\":\"BreadcrumbList\",\"@id\":\"https:\/\/www.ecinews.fr\/fr\/aedvices-lance-la-premiere-formation-dediee-a-lia-en-verification-design-conforme-a-leu-ai-act\/#breadcrumb\",\"itemListElement\":[{\"@type\":\"ListItem\",\"position\":1,\"name\":\"Home\",\"item\":\"https:\/\/www.ecinews.fr\/fr\/\"},{\"@type\":\"ListItem\",\"position\":2,\"name\":\"Aedvices lance la premi\u00e8re formation d\u00e9di\u00e9e \u00e0 l\u2019IA en v\u00e9rification design conforme \u00e0 l\u2019EU AI Act\"}]},{\"@type\":\"WebSite\",\"@id\":\"https:\/\/www.eenewseurope.com\/en\/#website\",\"url\":\"https:\/\/www.eenewseurope.com\/en\/\",\"name\":\"EENewsEurope\",\"description\":\"Just another WordPress site\",\"publisher\":{\"@id\":\"https:\/\/www.eenewseurope.com\/en\/#organization\"},\"potentialAction\":[{\"@type\":\"SearchAction\",\"target\":{\"@type\":\"EntryPoint\",\"urlTemplate\":\"https:\/\/www.eenewseurope.com\/en\/?s={search_term_string}\"},\"query-input\":\"required name=search_term_string\"}],\"inLanguage\":\"fr-FR\"},{\"@type\":\"Organization\",\"@id\":\"https:\/\/www.eenewseurope.com\/en\/#organization\",\"name\":\"EENewsEurope\",\"url\":\"https:\/\/www.eenewseurope.com\/en\/\",\"logo\":{\"@type\":\"ImageObject\",\"inLanguage\":\"fr-FR\",\"@id\":\"https:\/\/www.eenewseurope.com\/en\/#\/schema\/logo\/image\/\",\"url\":\"https:\/\/www.ecinews.fr\/wp-content\/uploads\/2022\/02\/logo-1.jpg\",\"contentUrl\":\"https:\/\/www.ecinews.fr\/wp-content\/uploads\/2022\/02\/logo-1.jpg\",\"width\":283,\"height\":113,\"caption\":\"EENewsEurope\"},\"image\":{\"@id\":\"https:\/\/www.eenewseurope.com\/en\/#\/schema\/logo\/image\/\"}},{\"@type\":\"Person\",\"@id\":\"https:\/\/www.eenewseurope.com\/en\/#\/schema\/person\/c7104a72b466a801f257e51481de0c43\",\"name\":\"NicolasFeste\",\"image\":{\"@type\":\"ImageObject\",\"inLanguage\":\"fr-FR\",\"@id\":\"https:\/\/www.eenewseurope.com\/en\/#\/schema\/person\/image\/1ea421e7d03c1e96a9ea2bcf2705734a\",\"url\":\"https:\/\/secure.gravatar.com\/avatar\/2e187f4d96902933ba445ed6c760e11c?s=96&d=mm&r=g\",\"contentUrl\":\"https:\/\/secure.gravatar.com\/avatar\/2e187f4d96902933ba445ed6c760e11c?s=96&d=mm&r=g\",\"caption\":\"NicolasFeste\"}}]}<\/script>","yoast_head_json":{"title":"Aedvices lance la premi\u00e8re formation d\u00e9di\u00e9e \u00e0 l\u2019IA en v\u00e9...","description":"Alors que l\u2019intelligence artificielle devient un outil quotidien pour les \u00e9quipes de d\u00e9veloppement, l\u2019entr\u00e9e en vigueur de l\u2019EU AI Act cr\u00e9e une...","robots":{"index":"index","follow":"follow","max-snippet":"max-snippet:-1","max-image-preview":"max-image-preview:large","max-video-preview":"max-video-preview:-1"},"canonical":"https:\/\/www.ecinews.fr\/fr\/wp-json\/wp\/v2\/posts\/490632\/","og_locale":"fr_FR","og_type":"article","og_title":"Aedvices lance la premi\u00e8re formation d\u00e9di\u00e9e \u00e0 l\u2019IA en v\u00e9rification design conforme \u00e0 l\u2019EU AI Act","og_description":"Alors que l\u2019intelligence artificielle devient un outil quotidien pour les \u00e9quipes de d\u00e9veloppement, l\u2019entr\u00e9e en vigueur de l\u2019EU AI Act cr\u00e9e une nouvelle obligation strat\u00e9gique : former les ing\u00e9nieurs aux usages responsables de l\u2019IA.","og_url":"https:\/\/www.ecinews.fr\/fr\/wp-json\/wp\/v2\/posts\/490632\/","og_site_name":"EENewsEurope","article_published_time":"2026-01-26T00:59:56+00:00","article_modified_time":"2026-01-26T14:33:45+00:00","og_image":[{"width":469,"height":200,"url":"https:\/\/www.ecinews.fr\/wp-content\/uploads\/2026\/01\/ECI5249-CP_Aedvices-lance-la-premiere-formation-dediee-a-lutilisation-de-lIA-1.png","type":"image\/png"}],"author":"NicolasFeste","twitter_card":"summary_large_image","twitter_misc":{"Written by":"NicolasFeste","Est. reading time":"2 minutes"},"schema":{"@context":"https:\/\/schema.org","@graph":[{"@type":"Article","@id":"https:\/\/www.ecinews.fr\/fr\/aedvices-lance-la-premiere-formation-dediee-a-lia-en-verification-design-conforme-a-leu-ai-act\/#article","isPartOf":{"@id":"https:\/\/www.ecinews.fr\/fr\/aedvices-lance-la-premiere-formation-dediee-a-lia-en-verification-design-conforme-a-leu-ai-act\/"},"author":{"name":"NicolasFeste","@id":"https:\/\/www.eenewseurope.com\/en\/#\/schema\/person\/c7104a72b466a801f257e51481de0c43"},"headline":"Aedvices lance la premi\u00e8re formation d\u00e9di\u00e9e \u00e0 l\u2019IA en v\u00e9rification design conforme \u00e0 l\u2019EU AI Act","datePublished":"2026-01-26T00:59:56+00:00","dateModified":"2026-01-26T14:33:45+00:00","mainEntityOfPage":{"@id":"https:\/\/www.ecinews.fr\/fr\/aedvices-lance-la-premiere-formation-dediee-a-lia-en-verification-design-conforme-a-leu-ai-act\/"},"wordCount":472,"publisher":{"@id":"https:\/\/www.eenewseurope.com\/en\/#organization"},"keywords":["formation","Formation \u00e0 l'IA","Intelligence Artificielle - IA"],"articleSection":["Actualit\u00e9 g\u00e9n\u00e9rale"],"inLanguage":"fr-FR"},{"@type":"WebPage","@id":"https:\/\/www.ecinews.fr\/fr\/aedvices-lance-la-premiere-formation-dediee-a-lia-en-verification-design-conforme-a-leu-ai-act\/","url":"https:\/\/www.ecinews.fr\/fr\/aedvices-lance-la-premiere-formation-dediee-a-lia-en-verification-design-conforme-a-leu-ai-act\/","name":"Aedvices lance la premi\u00e8re formation d\u00e9di\u00e9e \u00e0 l\u2019IA en v\u00e9rification design conforme \u00e0 l\u2019EU AI Act -","isPartOf":{"@id":"https:\/\/www.eenewseurope.com\/en\/#website"},"datePublished":"2026-01-26T00:59:56+00:00","dateModified":"2026-01-26T14:33:45+00:00","description":"Alors que l\u2019intelligence artificielle devient un outil quotidien pour les \u00e9quipes de d\u00e9veloppement, l\u2019entr\u00e9e en vigueur de l\u2019EU AI Act cr\u00e9e une nouvelle obligation strat\u00e9gique : former les ing\u00e9nieurs aux usages responsables de l\u2019IA.","breadcrumb":{"@id":"https:\/\/www.ecinews.fr\/fr\/aedvices-lance-la-premiere-formation-dediee-a-lia-en-verification-design-conforme-a-leu-ai-act\/#breadcrumb"},"inLanguage":"fr-FR","potentialAction":[{"@type":"ReadAction","target":["https:\/\/www.ecinews.fr\/fr\/aedvices-lance-la-premiere-formation-dediee-a-lia-en-verification-design-conforme-a-leu-ai-act\/"]}]},{"@type":"BreadcrumbList","@id":"https:\/\/www.ecinews.fr\/fr\/aedvices-lance-la-premiere-formation-dediee-a-lia-en-verification-design-conforme-a-leu-ai-act\/#breadcrumb","itemListElement":[{"@type":"ListItem","position":1,"name":"Home","item":"https:\/\/www.ecinews.fr\/fr\/"},{"@type":"ListItem","position":2,"name":"Aedvices lance la premi\u00e8re formation d\u00e9di\u00e9e \u00e0 l\u2019IA en v\u00e9rification design conforme \u00e0 l\u2019EU AI Act"}]},{"@type":"WebSite","@id":"https:\/\/www.eenewseurope.com\/en\/#website","url":"https:\/\/www.eenewseurope.com\/en\/","name":"EENewsEurope","description":"Just another WordPress site","publisher":{"@id":"https:\/\/www.eenewseurope.com\/en\/#organization"},"potentialAction":[{"@type":"SearchAction","target":{"@type":"EntryPoint","urlTemplate":"https:\/\/www.eenewseurope.com\/en\/?s={search_term_string}"},"query-input":"required name=search_term_string"}],"inLanguage":"fr-FR"},{"@type":"Organization","@id":"https:\/\/www.eenewseurope.com\/en\/#organization","name":"EENewsEurope","url":"https:\/\/www.eenewseurope.com\/en\/","logo":{"@type":"ImageObject","inLanguage":"fr-FR","@id":"https:\/\/www.eenewseurope.com\/en\/#\/schema\/logo\/image\/","url":"https:\/\/www.ecinews.fr\/wp-content\/uploads\/2022\/02\/logo-1.jpg","contentUrl":"https:\/\/www.ecinews.fr\/wp-content\/uploads\/2022\/02\/logo-1.jpg","width":283,"height":113,"caption":"EENewsEurope"},"image":{"@id":"https:\/\/www.eenewseurope.com\/en\/#\/schema\/logo\/image\/"}},{"@type":"Person","@id":"https:\/\/www.eenewseurope.com\/en\/#\/schema\/person\/c7104a72b466a801f257e51481de0c43","name":"NicolasFeste","image":{"@type":"ImageObject","inLanguage":"fr-FR","@id":"https:\/\/www.eenewseurope.com\/en\/#\/schema\/person\/image\/1ea421e7d03c1e96a9ea2bcf2705734a","url":"https:\/\/secure.gravatar.com\/avatar\/2e187f4d96902933ba445ed6c760e11c?s=96&d=mm&r=g","contentUrl":"https:\/\/secure.gravatar.com\/avatar\/2e187f4d96902933ba445ed6c760e11c?s=96&d=mm&r=g","caption":"NicolasFeste"}}]}},"authors":[{"term_id":6113,"user_id":39,"is_guest":0,"slug":"nicolasfeste","display_name":"NicolasFeste","avatar_url":"https:\/\/secure.gravatar.com\/avatar\/2e187f4d96902933ba445ed6c760e11c?s=96&d=mm&r=g","0":null,"1":"","2":"","3":"","4":"","5":"","6":"","7":"","8":""}],"_links":{"self":[{"href":"https:\/\/www.ecinews.fr\/fr\/wp-json\/wp\/v2\/posts\/490632"}],"collection":[{"href":"https:\/\/www.ecinews.fr\/fr\/wp-json\/wp\/v2\/posts"}],"about":[{"href":"https:\/\/www.ecinews.fr\/fr\/wp-json\/wp\/v2\/types\/post"}],"author":[{"embeddable":true,"href":"https:\/\/www.ecinews.fr\/fr\/wp-json\/wp\/v2\/users\/39"}],"replies":[{"embeddable":true,"href":"https:\/\/www.ecinews.fr\/fr\/wp-json\/wp\/v2\/comments?post=490632"}],"version-history":[{"count":0,"href":"https:\/\/www.ecinews.fr\/fr\/wp-json\/wp\/v2\/posts\/490632\/revisions"}],"wp:featuredmedia":[{"embeddable":true,"href":"https:\/\/www.ecinews.fr\/fr\/wp-json\/wp\/v2\/media\/490637"}],"wp:attachment":[{"href":"https:\/\/www.ecinews.fr\/fr\/wp-json\/wp\/v2\/media?parent=490632"}],"wp:term":[{"taxonomy":"category","embeddable":true,"href":"https:\/\/www.ecinews.fr\/fr\/wp-json\/wp\/v2\/categories?post=490632"},{"taxonomy":"post_tag","embeddable":true,"href":"https:\/\/www.ecinews.fr\/fr\/wp-json\/wp\/v2\/tags?post=490632"},{"taxonomy":"domains","embeddable":true,"href":"https:\/\/www.ecinews.fr\/fr\/wp-json\/wp\/v2\/domains?post=490632"},{"taxonomy":"author","embeddable":true,"href":"https:\/\/www.ecinews.fr\/fr\/wp-json\/wp\/v2\/ppma_author?post=490632"}],"curies":[{"name":"wp","href":"https:\/\/api.w.org\/{rel}","templated":true}]}}