{"id":490556,"date":"2026-01-21T19:24:13","date_gmt":"2026-01-21T18:24:13","guid":{"rendered":"https:\/\/www.ecinews.fr\/?p=490556"},"modified":"2026-01-21T19:24:13","modified_gmt":"2026-01-21T18:24:13","slug":"valeo-et-hero-motocorp-sallient-pour-deployer-des-systemes-aras-de-nouvelle-generation-dedies-aux-deux-roues","status":"publish","type":"post","link":"https:\/\/www.ecinews.fr\/fr\/valeo-et-hero-motocorp-sallient-pour-deployer-des-systemes-aras-de-nouvelle-generation-dedies-aux-deux-roues\/","title":{"rendered":"Valeo et Hero MotoCorp s\u2019allient pour d\u00e9ployer des syst\u00e8mes ARAS de nouvelle g\u00e9n\u00e9ration d\u00e9di\u00e9s aux deux roues"},"content":{"rendered":"<h3>\u00c0 l\u2019occasion du CES 2026, Valeo et Hero MotoCorp annoncent la signature d\u2019un protocole d\u2019accord strat\u00e9gique visant \u00e0 d\u00e9velopper des syst\u00e8mes avanc\u00e9s d\u2019aide \u00e0 la conduite pour les deux\u2011roues (ARAS).<\/h3>\n<p>Ce partenariat ambitionne de renforcer durablement la s\u00e9curit\u00e9 des motocyclistes gr\u00e2ce \u00e0 des technologies de d\u00e9tection et de perception de pointe, adapt\u00e9es aux contraintes sp\u00e9cifiques des motos et scooters.<\/p>\n<h4>Une plateforme technologique pens\u00e9e pour la s\u00e9curit\u00e9 des deux\u2011roues<\/h4>\n<p>Fond\u00e9e sur les expertises compl\u00e9mentaires des deux partenaires, la plateforme ARAS repose sur :<\/p>\n<ul>\n<li>Les radars automobiles de derni\u00e8re g\u00e9n\u00e9ration de Valeo<\/li>\n<li>Des cam\u00e9ras intelligentes haute r\u00e9solution<\/li>\n<li>Des algorithmes avanc\u00e9s de perception et de traitement d\u2019images<\/li>\n<\/ul>\n<p>Ces technologies permettent de cr\u00e9er une enveloppe de s\u00e9curit\u00e9 \u00e0 360 degr\u00e9s, con\u00e7ue pour r\u00e9pondre aux d\u00e9fis du trafic urbain dense, de la cohabitation avec les usagers vuln\u00e9rables et des environnements complexes.<\/p>\n<h4>Des fonctions de s\u00e9curit\u00e9 avanc\u00e9es adapt\u00e9es \u00e0 tous les segments<\/h4>\n<p>Les solutions ARAS d\u00e9velopp\u00e9es dans le cadre de ce partenariat sont destin\u00e9es \u00e0 \u00e9quiper :<\/p>\n<ul>\n<li>Les mod\u00e8les d\u2019entr\u00e9e de gamme<\/li>\n<li>Les v\u00e9hicules premium<\/li>\n<li>La gamme de mobilit\u00e9 \u00e9lectrique VIDA de Hero MotoCorp<\/li>\n<\/ul>\n<h4>Les fonctionnalit\u00e9s cl\u00e9s incluent :<\/h4>\n<ul>\n<li>Alerte de collision avant (FCW)<\/li>\n<li>Alerte de distance de s\u00e9curit\u00e9 (DW)<\/li>\n<li>Assistance au changement de voie (LCA)<\/li>\n<li>D\u00e9tection d\u2019angle mort (BSD)<\/li>\n<li>Alerte de collision arri\u00e8re (RCW)<\/li>\n<li>D\u00e9tection des pi\u00e9tons et reconnaissance de la signalisation<\/li>\n<\/ul>\n<h4>Une vision mondiale pour une mobilit\u00e9 plus s\u00fbre<\/h4>\n<p>D\u00e9j\u00e0 valid\u00e9s par des preuves de concept concluantes, ces syst\u00e8mes visent \u00e0 \u00e9tablir de nouveaux standards mondiaux de s\u00e9curit\u00e9 pour les deux\u2011roues, tout en r\u00e9pondant aux enjeux de croissance du march\u00e9 indien et international.<\/p>\n<p><em>Cette information marque une avanc\u00e9e majeure vers la d\u00e9mocratisation des technologies de s\u00e9curit\u00e9 avanc\u00e9e sur les deux\u2011roues, dans un march\u00e9 o\u00f9 la protection des usagers reste un enjeu critique.<\/em><\/p>\n<p><a href=\"https:\/\/www.valeo.com\/\">Valeo<\/a> | <a href=\"https:\/\/www.heromotocorp.com\/\">Hero MotoCorp<\/a><\/p>\n","protected":false},"excerpt":{"rendered":"<p>\u00c0 l\u2019occasion du CES 2026, Valeo et Hero MotoCorp annoncent la signature d\u2019un protocole d\u2019accord strat\u00e9gique visant \u00e0 d\u00e9velopper des syst\u00e8mes avanc\u00e9s d\u2019aide \u00e0 la conduite pour les deux\u2011roues (ARAS). Ce partenariat ambitionne de renforcer durablement la s\u00e9curit\u00e9 des motocyclistes gr\u00e2ce \u00e0 des technologies de d\u00e9tection et de perception de pointe, adapt\u00e9es aux contraintes sp\u00e9cifiques [&hellip;]<\/p>\n","protected":false},"author":39,"featured_media":490557,"comment_status":"closed","ping_status":"closed","sticky":false,"template":"","format":"standard","meta":{"_acf_changed":false,"footnotes":""},"categories":[886],"tags":[10936,2529,6696,10935,10937],"domains":[47],"ppma_author":[6113],"class_list":["post-490556","post","type-post","status-publish","format-standard","has-post-thumbnail","hentry","category-news-fr","tag-adas-moto","tag-ces-las-vegas","tag-partenariat","tag-securite-deux-roues","tag-systemes-radar-moto","domains-electronique-eci"],"acf":[],"yoast_head":"<title>Valeo et Hero MotoCorp s\u2019allient pour d\u00e9ployer des syst\u00e8mes...<\/title>\n<meta name=\"description\" content=\"\u00c0 l\u2019occasion du CES 2026, Valeo et Hero MotoCorp annoncent la signature d\u2019un protocole d\u2019accord strat\u00e9gique visant \u00e0 d\u00e9velopper des syst\u00e8mes...\" \/>\n<meta name=\"robots\" content=\"index, follow, max-snippet:-1, max-image-preview:large, max-video-preview:-1\" \/>\n<link rel=\"canonical\" href=\"https:\/\/www.ecinews.fr\/fr\/wp-json\/wp\/v2\/posts\/490556\/\" \/>\n<meta property=\"og:locale\" content=\"fr_FR\" \/>\n<meta property=\"og:type\" content=\"article\" \/>\n<meta property=\"og:title\" content=\"Valeo et Hero MotoCorp s\u2019allient pour d\u00e9ployer des syst\u00e8mes ARAS de nouvelle g\u00e9n\u00e9ration d\u00e9di\u00e9s aux deux roues\" \/>\n<meta property=\"og:description\" content=\"\u00c0 l\u2019occasion du CES 2026, Valeo et Hero MotoCorp annoncent la signature d\u2019un protocole d\u2019accord strat\u00e9gique visant \u00e0 d\u00e9velopper des syst\u00e8mes avanc\u00e9s d\u2019aide \u00e0 la conduite pour les deux\u2011roues (ARAS).\" \/>\n<meta property=\"og:url\" content=\"https:\/\/www.ecinews.fr\/fr\/wp-json\/wp\/v2\/posts\/490556\/\" \/>\n<meta property=\"og:site_name\" content=\"EENewsEurope\" \/>\n<meta property=\"article:published_time\" content=\"2026-01-21T18:24:13+00:00\" \/>\n<meta property=\"og:image\" content=\"https:\/\/www.ecinews.fr\/wp-content\/uploads\/2026\/01\/ECI5241-CP_Valeo-et-Hero-MotoCorp-signent-un-partenariat.png\" \/>\n\t<meta property=\"og:image:width\" content=\"680\" \/>\n\t<meta property=\"og:image:height\" content=\"400\" \/>\n\t<meta property=\"og:image:type\" content=\"image\/png\" \/>\n<meta name=\"author\" content=\"NicolasFeste\" \/>\n<meta name=\"twitter:card\" content=\"summary_large_image\" \/>\n<meta name=\"twitter:label1\" content=\"Written by\" \/>\n\t<meta name=\"twitter:data1\" content=\"NicolasFeste\" \/>\n\t<meta name=\"twitter:label2\" content=\"Est. reading time\" \/>\n\t<meta name=\"twitter:data2\" content=\"2 minutes\" \/>\n<script type=\"application\/ld+json\" class=\"yoast-schema-graph\">{\"@context\":\"https:\/\/schema.org\",\"@graph\":[{\"@type\":\"Article\",\"@id\":\"https:\/\/www.ecinews.fr\/fr\/valeo-et-hero-motocorp-sallient-pour-deployer-des-systemes-aras-de-nouvelle-generation-dedies-aux-deux-roues\/#article\",\"isPartOf\":{\"@id\":\"https:\/\/www.ecinews.fr\/fr\/valeo-et-hero-motocorp-sallient-pour-deployer-des-systemes-aras-de-nouvelle-generation-dedies-aux-deux-roues\/\"},\"author\":{\"name\":\"NicolasFeste\",\"@id\":\"https:\/\/www.eenewseurope.com\/en\/#\/schema\/person\/c7104a72b466a801f257e51481de0c43\"},\"headline\":\"Valeo et Hero MotoCorp s\u2019allient pour d\u00e9ployer des syst\u00e8mes ARAS de nouvelle g\u00e9n\u00e9ration d\u00e9di\u00e9s aux deux roues\",\"datePublished\":\"2026-01-21T18:24:13+00:00\",\"dateModified\":\"2026-01-21T18:24:13+00:00\",\"mainEntityOfPage\":{\"@id\":\"https:\/\/www.ecinews.fr\/fr\/valeo-et-hero-motocorp-sallient-pour-deployer-des-systemes-aras-de-nouvelle-generation-dedies-aux-deux-roues\/\"},\"wordCount\":365,\"publisher\":{\"@id\":\"https:\/\/www.eenewseurope.com\/en\/#organization\"},\"keywords\":[\"ADAS moto\",\"CES Las Vegas\",\"Partenariat\",\"s\u00e9curit\u00e9 deux-roues\",\"syst\u00e8mes radar moto\"],\"articleSection\":[\"Actualit\u00e9 g\u00e9n\u00e9rale\"],\"inLanguage\":\"fr-FR\"},{\"@type\":\"WebPage\",\"@id\":\"https:\/\/www.ecinews.fr\/fr\/valeo-et-hero-motocorp-sallient-pour-deployer-des-systemes-aras-de-nouvelle-generation-dedies-aux-deux-roues\/\",\"url\":\"https:\/\/www.ecinews.fr\/fr\/valeo-et-hero-motocorp-sallient-pour-deployer-des-systemes-aras-de-nouvelle-generation-dedies-aux-deux-roues\/\",\"name\":\"Valeo et Hero MotoCorp s\u2019allient pour d\u00e9ployer des syst\u00e8mes ARAS de nouvelle g\u00e9n\u00e9ration d\u00e9di\u00e9s aux deux roues -\",\"isPartOf\":{\"@id\":\"https:\/\/www.eenewseurope.com\/en\/#website\"},\"datePublished\":\"2026-01-21T18:24:13+00:00\",\"dateModified\":\"2026-01-21T18:24:13+00:00\",\"description\":\"\u00c0 l\u2019occasion du CES 2026, Valeo et Hero MotoCorp annoncent la signature d\u2019un protocole d\u2019accord strat\u00e9gique visant \u00e0 d\u00e9velopper des syst\u00e8mes avanc\u00e9s d\u2019aide \u00e0 la conduite pour les deux\u2011roues (ARAS).\",\"breadcrumb\":{\"@id\":\"https:\/\/www.ecinews.fr\/fr\/valeo-et-hero-motocorp-sallient-pour-deployer-des-systemes-aras-de-nouvelle-generation-dedies-aux-deux-roues\/#breadcrumb\"},\"inLanguage\":\"fr-FR\",\"potentialAction\":[{\"@type\":\"ReadAction\",\"target\":[\"https:\/\/www.ecinews.fr\/fr\/valeo-et-hero-motocorp-sallient-pour-deployer-des-systemes-aras-de-nouvelle-generation-dedies-aux-deux-roues\/\"]}]},{\"@type\":\"BreadcrumbList\",\"@id\":\"https:\/\/www.ecinews.fr\/fr\/valeo-et-hero-motocorp-sallient-pour-deployer-des-systemes-aras-de-nouvelle-generation-dedies-aux-deux-roues\/#breadcrumb\",\"itemListElement\":[{\"@type\":\"ListItem\",\"position\":1,\"name\":\"Home\",\"item\":\"https:\/\/www.ecinews.fr\/fr\/\"},{\"@type\":\"ListItem\",\"position\":2,\"name\":\"Valeo et Hero MotoCorp s\u2019allient pour d\u00e9ployer des syst\u00e8mes ARAS de nouvelle g\u00e9n\u00e9ration d\u00e9di\u00e9s aux deux roues\"}]},{\"@type\":\"WebSite\",\"@id\":\"https:\/\/www.eenewseurope.com\/en\/#website\",\"url\":\"https:\/\/www.eenewseurope.com\/en\/\",\"name\":\"EENewsEurope\",\"description\":\"Just another WordPress site\",\"publisher\":{\"@id\":\"https:\/\/www.eenewseurope.com\/en\/#organization\"},\"potentialAction\":[{\"@type\":\"SearchAction\",\"target\":{\"@type\":\"EntryPoint\",\"urlTemplate\":\"https:\/\/www.eenewseurope.com\/en\/?s={search_term_string}\"},\"query-input\":\"required name=search_term_string\"}],\"inLanguage\":\"fr-FR\"},{\"@type\":\"Organization\",\"@id\":\"https:\/\/www.eenewseurope.com\/en\/#organization\",\"name\":\"EENewsEurope\",\"url\":\"https:\/\/www.eenewseurope.com\/en\/\",\"logo\":{\"@type\":\"ImageObject\",\"inLanguage\":\"fr-FR\",\"@id\":\"https:\/\/www.eenewseurope.com\/en\/#\/schema\/logo\/image\/\",\"url\":\"https:\/\/www.ecinews.fr\/wp-content\/uploads\/2022\/02\/logo-1.jpg\",\"contentUrl\":\"https:\/\/www.ecinews.fr\/wp-content\/uploads\/2022\/02\/logo-1.jpg\",\"width\":283,\"height\":113,\"caption\":\"EENewsEurope\"},\"image\":{\"@id\":\"https:\/\/www.eenewseurope.com\/en\/#\/schema\/logo\/image\/\"}},{\"@type\":\"Person\",\"@id\":\"https:\/\/www.eenewseurope.com\/en\/#\/schema\/person\/c7104a72b466a801f257e51481de0c43\",\"name\":\"NicolasFeste\",\"image\":{\"@type\":\"ImageObject\",\"inLanguage\":\"fr-FR\",\"@id\":\"https:\/\/www.eenewseurope.com\/en\/#\/schema\/person\/image\/1ea421e7d03c1e96a9ea2bcf2705734a\",\"url\":\"https:\/\/secure.gravatar.com\/avatar\/2e187f4d96902933ba445ed6c760e11c?s=96&d=mm&r=g\",\"contentUrl\":\"https:\/\/secure.gravatar.com\/avatar\/2e187f4d96902933ba445ed6c760e11c?s=96&d=mm&r=g\",\"caption\":\"NicolasFeste\"}}]}<\/script>","yoast_head_json":{"title":"Valeo et Hero MotoCorp s\u2019allient pour d\u00e9ployer des syst\u00e8mes...","description":"\u00c0 l\u2019occasion du CES 2026, Valeo et Hero MotoCorp annoncent la signature d\u2019un protocole d\u2019accord strat\u00e9gique visant \u00e0 d\u00e9velopper des syst\u00e8mes...","robots":{"index":"index","follow":"follow","max-snippet":"max-snippet:-1","max-image-preview":"max-image-preview:large","max-video-preview":"max-video-preview:-1"},"canonical":"https:\/\/www.ecinews.fr\/fr\/wp-json\/wp\/v2\/posts\/490556\/","og_locale":"fr_FR","og_type":"article","og_title":"Valeo et Hero MotoCorp s\u2019allient pour d\u00e9ployer des syst\u00e8mes ARAS de nouvelle g\u00e9n\u00e9ration d\u00e9di\u00e9s aux deux roues","og_description":"\u00c0 l\u2019occasion du CES 2026, Valeo et Hero MotoCorp annoncent la signature d\u2019un protocole d\u2019accord strat\u00e9gique visant \u00e0 d\u00e9velopper des syst\u00e8mes avanc\u00e9s d\u2019aide \u00e0 la conduite pour les deux\u2011roues (ARAS).","og_url":"https:\/\/www.ecinews.fr\/fr\/wp-json\/wp\/v2\/posts\/490556\/","og_site_name":"EENewsEurope","article_published_time":"2026-01-21T18:24:13+00:00","og_image":[{"width":680,"height":400,"url":"https:\/\/www.ecinews.fr\/wp-content\/uploads\/2026\/01\/ECI5241-CP_Valeo-et-Hero-MotoCorp-signent-un-partenariat.png","type":"image\/png"}],"author":"NicolasFeste","twitter_card":"summary_large_image","twitter_misc":{"Written by":"NicolasFeste","Est. reading time":"2 minutes"},"schema":{"@context":"https:\/\/schema.org","@graph":[{"@type":"Article","@id":"https:\/\/www.ecinews.fr\/fr\/valeo-et-hero-motocorp-sallient-pour-deployer-des-systemes-aras-de-nouvelle-generation-dedies-aux-deux-roues\/#article","isPartOf":{"@id":"https:\/\/www.ecinews.fr\/fr\/valeo-et-hero-motocorp-sallient-pour-deployer-des-systemes-aras-de-nouvelle-generation-dedies-aux-deux-roues\/"},"author":{"name":"NicolasFeste","@id":"https:\/\/www.eenewseurope.com\/en\/#\/schema\/person\/c7104a72b466a801f257e51481de0c43"},"headline":"Valeo et Hero MotoCorp s\u2019allient pour d\u00e9ployer des syst\u00e8mes ARAS de nouvelle g\u00e9n\u00e9ration d\u00e9di\u00e9s aux deux roues","datePublished":"2026-01-21T18:24:13+00:00","dateModified":"2026-01-21T18:24:13+00:00","mainEntityOfPage":{"@id":"https:\/\/www.ecinews.fr\/fr\/valeo-et-hero-motocorp-sallient-pour-deployer-des-systemes-aras-de-nouvelle-generation-dedies-aux-deux-roues\/"},"wordCount":365,"publisher":{"@id":"https:\/\/www.eenewseurope.com\/en\/#organization"},"keywords":["ADAS moto","CES Las Vegas","Partenariat","s\u00e9curit\u00e9 deux-roues","syst\u00e8mes radar moto"],"articleSection":["Actualit\u00e9 g\u00e9n\u00e9rale"],"inLanguage":"fr-FR"},{"@type":"WebPage","@id":"https:\/\/www.ecinews.fr\/fr\/valeo-et-hero-motocorp-sallient-pour-deployer-des-systemes-aras-de-nouvelle-generation-dedies-aux-deux-roues\/","url":"https:\/\/www.ecinews.fr\/fr\/valeo-et-hero-motocorp-sallient-pour-deployer-des-systemes-aras-de-nouvelle-generation-dedies-aux-deux-roues\/","name":"Valeo et Hero MotoCorp s\u2019allient pour d\u00e9ployer des syst\u00e8mes ARAS de nouvelle g\u00e9n\u00e9ration d\u00e9di\u00e9s aux deux roues -","isPartOf":{"@id":"https:\/\/www.eenewseurope.com\/en\/#website"},"datePublished":"2026-01-21T18:24:13+00:00","dateModified":"2026-01-21T18:24:13+00:00","description":"\u00c0 l\u2019occasion du CES 2026, Valeo et Hero MotoCorp annoncent la signature d\u2019un protocole d\u2019accord strat\u00e9gique visant \u00e0 d\u00e9velopper des syst\u00e8mes avanc\u00e9s d\u2019aide \u00e0 la conduite pour les deux\u2011roues (ARAS).","breadcrumb":{"@id":"https:\/\/www.ecinews.fr\/fr\/valeo-et-hero-motocorp-sallient-pour-deployer-des-systemes-aras-de-nouvelle-generation-dedies-aux-deux-roues\/#breadcrumb"},"inLanguage":"fr-FR","potentialAction":[{"@type":"ReadAction","target":["https:\/\/www.ecinews.fr\/fr\/valeo-et-hero-motocorp-sallient-pour-deployer-des-systemes-aras-de-nouvelle-generation-dedies-aux-deux-roues\/"]}]},{"@type":"BreadcrumbList","@id":"https:\/\/www.ecinews.fr\/fr\/valeo-et-hero-motocorp-sallient-pour-deployer-des-systemes-aras-de-nouvelle-generation-dedies-aux-deux-roues\/#breadcrumb","itemListElement":[{"@type":"ListItem","position":1,"name":"Home","item":"https:\/\/www.ecinews.fr\/fr\/"},{"@type":"ListItem","position":2,"name":"Valeo et Hero MotoCorp s\u2019allient pour d\u00e9ployer des syst\u00e8mes ARAS de nouvelle g\u00e9n\u00e9ration d\u00e9di\u00e9s aux deux roues"}]},{"@type":"WebSite","@id":"https:\/\/www.eenewseurope.com\/en\/#website","url":"https:\/\/www.eenewseurope.com\/en\/","name":"EENewsEurope","description":"Just another WordPress site","publisher":{"@id":"https:\/\/www.eenewseurope.com\/en\/#organization"},"potentialAction":[{"@type":"SearchAction","target":{"@type":"EntryPoint","urlTemplate":"https:\/\/www.eenewseurope.com\/en\/?s={search_term_string}"},"query-input":"required name=search_term_string"}],"inLanguage":"fr-FR"},{"@type":"Organization","@id":"https:\/\/www.eenewseurope.com\/en\/#organization","name":"EENewsEurope","url":"https:\/\/www.eenewseurope.com\/en\/","logo":{"@type":"ImageObject","inLanguage":"fr-FR","@id":"https:\/\/www.eenewseurope.com\/en\/#\/schema\/logo\/image\/","url":"https:\/\/www.ecinews.fr\/wp-content\/uploads\/2022\/02\/logo-1.jpg","contentUrl":"https:\/\/www.ecinews.fr\/wp-content\/uploads\/2022\/02\/logo-1.jpg","width":283,"height":113,"caption":"EENewsEurope"},"image":{"@id":"https:\/\/www.eenewseurope.com\/en\/#\/schema\/logo\/image\/"}},{"@type":"Person","@id":"https:\/\/www.eenewseurope.com\/en\/#\/schema\/person\/c7104a72b466a801f257e51481de0c43","name":"NicolasFeste","image":{"@type":"ImageObject","inLanguage":"fr-FR","@id":"https:\/\/www.eenewseurope.com\/en\/#\/schema\/person\/image\/1ea421e7d03c1e96a9ea2bcf2705734a","url":"https:\/\/secure.gravatar.com\/avatar\/2e187f4d96902933ba445ed6c760e11c?s=96&d=mm&r=g","contentUrl":"https:\/\/secure.gravatar.com\/avatar\/2e187f4d96902933ba445ed6c760e11c?s=96&d=mm&r=g","caption":"NicolasFeste"}}]}},"authors":[{"term_id":6113,"user_id":39,"is_guest":0,"slug":"nicolasfeste","display_name":"NicolasFeste","avatar_url":"https:\/\/secure.gravatar.com\/avatar\/2e187f4d96902933ba445ed6c760e11c?s=96&d=mm&r=g","0":null,"1":"","2":"","3":"","4":"","5":"","6":"","7":"","8":""}],"_links":{"self":[{"href":"https:\/\/www.ecinews.fr\/fr\/wp-json\/wp\/v2\/posts\/490556"}],"collection":[{"href":"https:\/\/www.ecinews.fr\/fr\/wp-json\/wp\/v2\/posts"}],"about":[{"href":"https:\/\/www.ecinews.fr\/fr\/wp-json\/wp\/v2\/types\/post"}],"author":[{"embeddable":true,"href":"https:\/\/www.ecinews.fr\/fr\/wp-json\/wp\/v2\/users\/39"}],"replies":[{"embeddable":true,"href":"https:\/\/www.ecinews.fr\/fr\/wp-json\/wp\/v2\/comments?post=490556"}],"version-history":[{"count":0,"href":"https:\/\/www.ecinews.fr\/fr\/wp-json\/wp\/v2\/posts\/490556\/revisions"}],"wp:featuredmedia":[{"embeddable":true,"href":"https:\/\/www.ecinews.fr\/fr\/wp-json\/wp\/v2\/media\/490557"}],"wp:attachment":[{"href":"https:\/\/www.ecinews.fr\/fr\/wp-json\/wp\/v2\/media?parent=490556"}],"wp:term":[{"taxonomy":"category","embeddable":true,"href":"https:\/\/www.ecinews.fr\/fr\/wp-json\/wp\/v2\/categories?post=490556"},{"taxonomy":"post_tag","embeddable":true,"href":"https:\/\/www.ecinews.fr\/fr\/wp-json\/wp\/v2\/tags?post=490556"},{"taxonomy":"domains","embeddable":true,"href":"https:\/\/www.ecinews.fr\/fr\/wp-json\/wp\/v2\/domains?post=490556"},{"taxonomy":"author","embeddable":true,"href":"https:\/\/www.ecinews.fr\/fr\/wp-json\/wp\/v2\/ppma_author?post=490556"}],"curies":[{"name":"wp","href":"https:\/\/api.w.org\/{rel}","templated":true}]}}