{"id":490544,"date":"2026-01-20T15:09:46","date_gmt":"2026-01-20T14:09:46","guid":{"rendered":"https:\/\/www.ecinews.fr\/?p=490544"},"modified":"2026-01-21T16:30:51","modified_gmt":"2026-01-21T15:30:51","slug":"le-groupe-emitech-renforce-ses-capacites-dessais-cem-et-electriques","status":"publish","type":"post","link":"https:\/\/www.ecinews.fr\/fr\/le-groupe-emitech-renforce-ses-capacites-dessais-cem-et-electriques\/","title":{"rendered":"Le Groupe Emitech renforce ses capacit\u00e9s d\u2019essais CEM et \u00e9lectriques"},"content":{"rendered":"<h3>Le Groupe Emitech annonce la reprise de l\u2019ensemble des \u00e9quipements d\u2019essais CEM et \u00e9lectriques de la soci\u00e9t\u00e9 ExoTest 3E.<\/h3>\n<p>Effective depuis le 1er janvier 2026, cette op\u00e9ration strat\u00e9gique s\u2019inscrit dans une volont\u00e9 claire : renforcer durablement les moyens d\u2019essais du Groupe face aux \u00e9volutions technologiques et r\u00e9glementaires du march\u00e9 des syst\u00e8mes \u00e9lectroniques embarqu\u00e9s.<\/p>\n<h4>Une acquisition strat\u00e9gique pour des essais CEM et \u00e9lectriques de pointe<\/h4>\n<p>Historiquement d\u00e9di\u00e9s aux essais de compatibilit\u00e9 \u00e9lectromagn\u00e9tique et aux essais \u00e9lectriques appliqu\u00e9s aux \u00e9quipements automobiles, les moyens repris viennent compl\u00e9ter les infrastructures existantes du Groupe Emitech. Ils seront int\u00e9gr\u00e9s aux dispositifs de :<\/p>\n<ul>\n<li>Caract\u00e9risation des syst\u00e8mes embarqu\u00e9s<\/li>\n<li>Validation et essais de conformit\u00e9<\/li>\n<li>Qualification et homologation r\u00e9glementaire<\/li>\n<\/ul>\n<p>La reprise concerne notamment plusieurs cages de Faraday, dont une \u00e0 brassage de modes, destin\u00e9es aux essais CEM rayonn\u00e9s et conduits, ainsi que des \u00e9quipements d\u2019essais \u00e9lectriques con\u00e7us pour des environnements exigeants.<\/p>\n<h4>Une int\u00e9gration progressive et optimis\u00e9e<\/h4>\n<p>Les \u00e9quipements seront prochainement d\u00e9mont\u00e9s et transf\u00e9r\u00e9s vers les sites du Groupe Emitech. Cette int\u00e9gration s\u2019effectuera de mani\u00e8re progressive afin de :<\/p>\n<ul>\n<li>Mutualiser les moyens techniques existants<\/li>\n<li>Optimiser l\u2019utilisation des ressources<\/li>\n<li>Am\u00e9liorer la disponibilit\u00e9 et la flexibilit\u00e9 des essais<\/li>\n<\/ul>\n<h4>R\u00e9pondre aux mutations profondes du march\u00e9<\/h4>\n<p>Cette op\u00e9ration intervient dans un contexte de transformation rapide du march\u00e9 de la CEM, marqu\u00e9 par :<\/p>\n<ul>\n<li>L\u2019augmentation continue des fonctions \u00e9lectroniques embarqu\u00e9es<\/li>\n<li>L\u2019\u00e9lectrification des cha\u00eenes de traction<\/li>\n<li>Le durcissement des exigences normatives et r\u00e9glementaires<\/li>\n<\/ul>\n<p>En consolidant ses capacit\u00e9s, Emitech se positionne comme un partenaire capable d\u2019accompagner les industriels sur le long terme avec des niveaux \u00e9lev\u00e9s de qualit\u00e9, de r\u00e9activit\u00e9 et de ma\u00eetrise des d\u00e9lais.<\/p>\n<p><em>Cette information annonce l\u2019acc\u00e8s \u00e0 des capacit\u00e9s d\u2019essais renforc\u00e9es et fiables, essentielles pour s\u00e9curiser le d\u00e9veloppement, la qualification et la mise sur le march\u00e9 des syst\u00e8mes \u00e9lectroniques<\/em><\/p>\n<p><a href=\"https:\/\/www.emitech.fr\/\">Groupe Emitech<\/a> | <a href=\"https:\/\/exotest-group.com\/\">ExoTest 3E<\/a><\/p>\n","protected":false},"excerpt":{"rendered":"<p>Le Groupe Emitech annonce la reprise de l\u2019ensemble des \u00e9quipements d\u2019essais CEM et \u00e9lectriques de la soci\u00e9t\u00e9 ExoTest 3E. Effective depuis le 1er janvier 2026, cette op\u00e9ration strat\u00e9gique s\u2019inscrit dans une volont\u00e9 claire : renforcer durablement les moyens d\u2019essais du Groupe face aux \u00e9volutions technologiques et r\u00e9glementaires du march\u00e9 des syst\u00e8mes \u00e9lectroniques embarqu\u00e9s. Une acquisition [&hellip;]<\/p>\n","protected":false},"author":39,"featured_media":490550,"comment_status":"closed","ping_status":"closed","sticky":false,"template":"","format":"standard","meta":{"_acf_changed":false,"footnotes":""},"categories":[886],"tags":[10932,5705,10933],"domains":[47],"ppma_author":[6113],"class_list":["post-490544","post","type-post","status-publish","format-standard","has-post-thumbnail","hentry","category-news-fr","tag-compatibilite-electromagnetique","tag-essais-cem","tag-laboratoire-cem","domains-electronique-eci"],"acf":[],"yoast_head":"<title>Le Groupe Emitech renforce ses capacit\u00e9s d\u2019essais CEM et \u00e9l...<\/title>\n<meta name=\"description\" content=\"Le Groupe Emitech annonce la reprise de l\u2019ensemble des \u00e9quipements d\u2019essais CEM et \u00e9lectriques de la soci\u00e9t\u00e9 ExoTest 3E.\" \/>\n<meta name=\"robots\" content=\"index, follow, max-snippet:-1, max-image-preview:large, max-video-preview:-1\" \/>\n<link rel=\"canonical\" href=\"https:\/\/www.ecinews.fr\/fr\/wp-json\/wp\/v2\/posts\/490544\/\" \/>\n<meta property=\"og:locale\" content=\"fr_FR\" \/>\n<meta property=\"og:type\" content=\"article\" \/>\n<meta property=\"og:title\" content=\"Le Groupe Emitech renforce ses capacit\u00e9s d\u2019essais CEM et \u00e9lectriques\" \/>\n<meta property=\"og:description\" content=\"Le Groupe Emitech annonce la reprise de l\u2019ensemble des \u00e9quipements d\u2019essais CEM et \u00e9lectriques de la soci\u00e9t\u00e9 ExoTest 3E.\" \/>\n<meta property=\"og:url\" content=\"https:\/\/www.ecinews.fr\/fr\/wp-json\/wp\/v2\/posts\/490544\/\" \/>\n<meta property=\"og:site_name\" content=\"EENewsEurope\" \/>\n<meta property=\"article:published_time\" content=\"2026-01-20T14:09:46+00:00\" \/>\n<meta property=\"article:modified_time\" content=\"2026-01-21T15:30:51+00:00\" \/>\n<meta property=\"og:image\" content=\"https:\/\/www.ecinews.fr\/wp-content\/uploads\/2026\/01\/ECI5239-CFR_EMITECH-ACQUISITION-DU-MAT-RIEL-DE-LA-SOCIE-TE-EXOTEST-3E.jpg\" \/>\n\t<meta property=\"og:image:width\" content=\"1024\" \/>\n\t<meta property=\"og:image:height\" content=\"768\" \/>\n\t<meta property=\"og:image:type\" content=\"image\/jpeg\" \/>\n<meta name=\"author\" content=\"NicolasFeste\" \/>\n<meta name=\"twitter:card\" content=\"summary_large_image\" \/>\n<meta name=\"twitter:label1\" content=\"Written by\" \/>\n\t<meta name=\"twitter:data1\" content=\"NicolasFeste\" \/>\n\t<meta name=\"twitter:label2\" content=\"Est. reading time\" \/>\n\t<meta name=\"twitter:data2\" content=\"2 minutes\" \/>\n<script type=\"application\/ld+json\" class=\"yoast-schema-graph\">{\"@context\":\"https:\/\/schema.org\",\"@graph\":[{\"@type\":\"Article\",\"@id\":\"https:\/\/www.ecinews.fr\/fr\/le-groupe-emitech-renforce-ses-capacites-dessais-cem-et-electriques\/#article\",\"isPartOf\":{\"@id\":\"https:\/\/www.ecinews.fr\/fr\/le-groupe-emitech-renforce-ses-capacites-dessais-cem-et-electriques\/\"},\"author\":{\"name\":\"NicolasFeste\",\"@id\":\"https:\/\/www.eenewseurope.com\/en\/#\/schema\/person\/c7104a72b466a801f257e51481de0c43\"},\"headline\":\"Le Groupe Emitech renforce ses capacit\u00e9s d\u2019essais CEM et \u00e9lectriques\",\"datePublished\":\"2026-01-20T14:09:46+00:00\",\"dateModified\":\"2026-01-21T15:30:51+00:00\",\"mainEntityOfPage\":{\"@id\":\"https:\/\/www.ecinews.fr\/fr\/le-groupe-emitech-renforce-ses-capacites-dessais-cem-et-electriques\/\"},\"wordCount\":352,\"publisher\":{\"@id\":\"https:\/\/www.eenewseurope.com\/en\/#organization\"},\"keywords\":[\"compatibilit\u00e9 \u00e9lectromagn\u00e9tique\",\"Essais CEM\",\"laboratoire CEM\"],\"articleSection\":[\"Actualit\u00e9 g\u00e9n\u00e9rale\"],\"inLanguage\":\"fr-FR\"},{\"@type\":\"WebPage\",\"@id\":\"https:\/\/www.ecinews.fr\/fr\/le-groupe-emitech-renforce-ses-capacites-dessais-cem-et-electriques\/\",\"url\":\"https:\/\/www.ecinews.fr\/fr\/le-groupe-emitech-renforce-ses-capacites-dessais-cem-et-electriques\/\",\"name\":\"Le Groupe Emitech renforce ses capacit\u00e9s d\u2019essais CEM et \u00e9lectriques -\",\"isPartOf\":{\"@id\":\"https:\/\/www.eenewseurope.com\/en\/#website\"},\"datePublished\":\"2026-01-20T14:09:46+00:00\",\"dateModified\":\"2026-01-21T15:30:51+00:00\",\"description\":\"Le Groupe Emitech annonce la reprise de l\u2019ensemble des \u00e9quipements d\u2019essais CEM et \u00e9lectriques de la soci\u00e9t\u00e9 ExoTest 3E.\",\"breadcrumb\":{\"@id\":\"https:\/\/www.ecinews.fr\/fr\/le-groupe-emitech-renforce-ses-capacites-dessais-cem-et-electriques\/#breadcrumb\"},\"inLanguage\":\"fr-FR\",\"potentialAction\":[{\"@type\":\"ReadAction\",\"target\":[\"https:\/\/www.ecinews.fr\/fr\/le-groupe-emitech-renforce-ses-capacites-dessais-cem-et-electriques\/\"]}]},{\"@type\":\"BreadcrumbList\",\"@id\":\"https:\/\/www.ecinews.fr\/fr\/le-groupe-emitech-renforce-ses-capacites-dessais-cem-et-electriques\/#breadcrumb\",\"itemListElement\":[{\"@type\":\"ListItem\",\"position\":1,\"name\":\"Home\",\"item\":\"https:\/\/www.ecinews.fr\/fr\/\"},{\"@type\":\"ListItem\",\"position\":2,\"name\":\"Le Groupe Emitech renforce ses capacit\u00e9s d\u2019essais CEM et \u00e9lectriques\"}]},{\"@type\":\"WebSite\",\"@id\":\"https:\/\/www.eenewseurope.com\/en\/#website\",\"url\":\"https:\/\/www.eenewseurope.com\/en\/\",\"name\":\"EENewsEurope\",\"description\":\"Just another WordPress site\",\"publisher\":{\"@id\":\"https:\/\/www.eenewseurope.com\/en\/#organization\"},\"potentialAction\":[{\"@type\":\"SearchAction\",\"target\":{\"@type\":\"EntryPoint\",\"urlTemplate\":\"https:\/\/www.eenewseurope.com\/en\/?s={search_term_string}\"},\"query-input\":\"required name=search_term_string\"}],\"inLanguage\":\"fr-FR\"},{\"@type\":\"Organization\",\"@id\":\"https:\/\/www.eenewseurope.com\/en\/#organization\",\"name\":\"EENewsEurope\",\"url\":\"https:\/\/www.eenewseurope.com\/en\/\",\"logo\":{\"@type\":\"ImageObject\",\"inLanguage\":\"fr-FR\",\"@id\":\"https:\/\/www.eenewseurope.com\/en\/#\/schema\/logo\/image\/\",\"url\":\"https:\/\/www.ecinews.fr\/wp-content\/uploads\/2022\/02\/logo-1.jpg\",\"contentUrl\":\"https:\/\/www.ecinews.fr\/wp-content\/uploads\/2022\/02\/logo-1.jpg\",\"width\":283,\"height\":113,\"caption\":\"EENewsEurope\"},\"image\":{\"@id\":\"https:\/\/www.eenewseurope.com\/en\/#\/schema\/logo\/image\/\"}},{\"@type\":\"Person\",\"@id\":\"https:\/\/www.eenewseurope.com\/en\/#\/schema\/person\/c7104a72b466a801f257e51481de0c43\",\"name\":\"NicolasFeste\",\"image\":{\"@type\":\"ImageObject\",\"inLanguage\":\"fr-FR\",\"@id\":\"https:\/\/www.eenewseurope.com\/en\/#\/schema\/person\/image\/1ea421e7d03c1e96a9ea2bcf2705734a\",\"url\":\"https:\/\/secure.gravatar.com\/avatar\/2e187f4d96902933ba445ed6c760e11c?s=96&d=mm&r=g\",\"contentUrl\":\"https:\/\/secure.gravatar.com\/avatar\/2e187f4d96902933ba445ed6c760e11c?s=96&d=mm&r=g\",\"caption\":\"NicolasFeste\"}}]}<\/script>","yoast_head_json":{"title":"Le Groupe Emitech renforce ses capacit\u00e9s d\u2019essais CEM et \u00e9l...","description":"Le Groupe Emitech annonce la reprise de l\u2019ensemble des \u00e9quipements d\u2019essais CEM et \u00e9lectriques de la soci\u00e9t\u00e9 ExoTest 3E.","robots":{"index":"index","follow":"follow","max-snippet":"max-snippet:-1","max-image-preview":"max-image-preview:large","max-video-preview":"max-video-preview:-1"},"canonical":"https:\/\/www.ecinews.fr\/fr\/wp-json\/wp\/v2\/posts\/490544\/","og_locale":"fr_FR","og_type":"article","og_title":"Le Groupe Emitech renforce ses capacit\u00e9s d\u2019essais CEM et \u00e9lectriques","og_description":"Le Groupe Emitech annonce la reprise de l\u2019ensemble des \u00e9quipements d\u2019essais CEM et \u00e9lectriques de la soci\u00e9t\u00e9 ExoTest 3E.","og_url":"https:\/\/www.ecinews.fr\/fr\/wp-json\/wp\/v2\/posts\/490544\/","og_site_name":"EENewsEurope","article_published_time":"2026-01-20T14:09:46+00:00","article_modified_time":"2026-01-21T15:30:51+00:00","og_image":[{"width":1024,"height":768,"url":"https:\/\/www.ecinews.fr\/wp-content\/uploads\/2026\/01\/ECI5239-CFR_EMITECH-ACQUISITION-DU-MAT-RIEL-DE-LA-SOCIE-TE-EXOTEST-3E.jpg","type":"image\/jpeg"}],"author":"NicolasFeste","twitter_card":"summary_large_image","twitter_misc":{"Written by":"NicolasFeste","Est. reading time":"2 minutes"},"schema":{"@context":"https:\/\/schema.org","@graph":[{"@type":"Article","@id":"https:\/\/www.ecinews.fr\/fr\/le-groupe-emitech-renforce-ses-capacites-dessais-cem-et-electriques\/#article","isPartOf":{"@id":"https:\/\/www.ecinews.fr\/fr\/le-groupe-emitech-renforce-ses-capacites-dessais-cem-et-electriques\/"},"author":{"name":"NicolasFeste","@id":"https:\/\/www.eenewseurope.com\/en\/#\/schema\/person\/c7104a72b466a801f257e51481de0c43"},"headline":"Le Groupe Emitech renforce ses capacit\u00e9s d\u2019essais CEM et \u00e9lectriques","datePublished":"2026-01-20T14:09:46+00:00","dateModified":"2026-01-21T15:30:51+00:00","mainEntityOfPage":{"@id":"https:\/\/www.ecinews.fr\/fr\/le-groupe-emitech-renforce-ses-capacites-dessais-cem-et-electriques\/"},"wordCount":352,"publisher":{"@id":"https:\/\/www.eenewseurope.com\/en\/#organization"},"keywords":["compatibilit\u00e9 \u00e9lectromagn\u00e9tique","Essais CEM","laboratoire CEM"],"articleSection":["Actualit\u00e9 g\u00e9n\u00e9rale"],"inLanguage":"fr-FR"},{"@type":"WebPage","@id":"https:\/\/www.ecinews.fr\/fr\/le-groupe-emitech-renforce-ses-capacites-dessais-cem-et-electriques\/","url":"https:\/\/www.ecinews.fr\/fr\/le-groupe-emitech-renforce-ses-capacites-dessais-cem-et-electriques\/","name":"Le Groupe Emitech renforce ses capacit\u00e9s d\u2019essais CEM et \u00e9lectriques -","isPartOf":{"@id":"https:\/\/www.eenewseurope.com\/en\/#website"},"datePublished":"2026-01-20T14:09:46+00:00","dateModified":"2026-01-21T15:30:51+00:00","description":"Le Groupe Emitech annonce la reprise de l\u2019ensemble des \u00e9quipements d\u2019essais CEM et \u00e9lectriques de la soci\u00e9t\u00e9 ExoTest 3E.","breadcrumb":{"@id":"https:\/\/www.ecinews.fr\/fr\/le-groupe-emitech-renforce-ses-capacites-dessais-cem-et-electriques\/#breadcrumb"},"inLanguage":"fr-FR","potentialAction":[{"@type":"ReadAction","target":["https:\/\/www.ecinews.fr\/fr\/le-groupe-emitech-renforce-ses-capacites-dessais-cem-et-electriques\/"]}]},{"@type":"BreadcrumbList","@id":"https:\/\/www.ecinews.fr\/fr\/le-groupe-emitech-renforce-ses-capacites-dessais-cem-et-electriques\/#breadcrumb","itemListElement":[{"@type":"ListItem","position":1,"name":"Home","item":"https:\/\/www.ecinews.fr\/fr\/"},{"@type":"ListItem","position":2,"name":"Le Groupe Emitech renforce ses capacit\u00e9s d\u2019essais CEM et \u00e9lectriques"}]},{"@type":"WebSite","@id":"https:\/\/www.eenewseurope.com\/en\/#website","url":"https:\/\/www.eenewseurope.com\/en\/","name":"EENewsEurope","description":"Just another WordPress site","publisher":{"@id":"https:\/\/www.eenewseurope.com\/en\/#organization"},"potentialAction":[{"@type":"SearchAction","target":{"@type":"EntryPoint","urlTemplate":"https:\/\/www.eenewseurope.com\/en\/?s={search_term_string}"},"query-input":"required name=search_term_string"}],"inLanguage":"fr-FR"},{"@type":"Organization","@id":"https:\/\/www.eenewseurope.com\/en\/#organization","name":"EENewsEurope","url":"https:\/\/www.eenewseurope.com\/en\/","logo":{"@type":"ImageObject","inLanguage":"fr-FR","@id":"https:\/\/www.eenewseurope.com\/en\/#\/schema\/logo\/image\/","url":"https:\/\/www.ecinews.fr\/wp-content\/uploads\/2022\/02\/logo-1.jpg","contentUrl":"https:\/\/www.ecinews.fr\/wp-content\/uploads\/2022\/02\/logo-1.jpg","width":283,"height":113,"caption":"EENewsEurope"},"image":{"@id":"https:\/\/www.eenewseurope.com\/en\/#\/schema\/logo\/image\/"}},{"@type":"Person","@id":"https:\/\/www.eenewseurope.com\/en\/#\/schema\/person\/c7104a72b466a801f257e51481de0c43","name":"NicolasFeste","image":{"@type":"ImageObject","inLanguage":"fr-FR","@id":"https:\/\/www.eenewseurope.com\/en\/#\/schema\/person\/image\/1ea421e7d03c1e96a9ea2bcf2705734a","url":"https:\/\/secure.gravatar.com\/avatar\/2e187f4d96902933ba445ed6c760e11c?s=96&d=mm&r=g","contentUrl":"https:\/\/secure.gravatar.com\/avatar\/2e187f4d96902933ba445ed6c760e11c?s=96&d=mm&r=g","caption":"NicolasFeste"}}]}},"authors":[{"term_id":6113,"user_id":39,"is_guest":0,"slug":"nicolasfeste","display_name":"NicolasFeste","avatar_url":"https:\/\/secure.gravatar.com\/avatar\/2e187f4d96902933ba445ed6c760e11c?s=96&d=mm&r=g","0":null,"1":"","2":"","3":"","4":"","5":"","6":"","7":"","8":""}],"_links":{"self":[{"href":"https:\/\/www.ecinews.fr\/fr\/wp-json\/wp\/v2\/posts\/490544"}],"collection":[{"href":"https:\/\/www.ecinews.fr\/fr\/wp-json\/wp\/v2\/posts"}],"about":[{"href":"https:\/\/www.ecinews.fr\/fr\/wp-json\/wp\/v2\/types\/post"}],"author":[{"embeddable":true,"href":"https:\/\/www.ecinews.fr\/fr\/wp-json\/wp\/v2\/users\/39"}],"replies":[{"embeddable":true,"href":"https:\/\/www.ecinews.fr\/fr\/wp-json\/wp\/v2\/comments?post=490544"}],"version-history":[{"count":0,"href":"https:\/\/www.ecinews.fr\/fr\/wp-json\/wp\/v2\/posts\/490544\/revisions"}],"wp:featuredmedia":[{"embeddable":true,"href":"https:\/\/www.ecinews.fr\/fr\/wp-json\/wp\/v2\/media\/490550"}],"wp:attachment":[{"href":"https:\/\/www.ecinews.fr\/fr\/wp-json\/wp\/v2\/media?parent=490544"}],"wp:term":[{"taxonomy":"category","embeddable":true,"href":"https:\/\/www.ecinews.fr\/fr\/wp-json\/wp\/v2\/categories?post=490544"},{"taxonomy":"post_tag","embeddable":true,"href":"https:\/\/www.ecinews.fr\/fr\/wp-json\/wp\/v2\/tags?post=490544"},{"taxonomy":"domains","embeddable":true,"href":"https:\/\/www.ecinews.fr\/fr\/wp-json\/wp\/v2\/domains?post=490544"},{"taxonomy":"author","embeddable":true,"href":"https:\/\/www.ecinews.fr\/fr\/wp-json\/wp\/v2\/ppma_author?post=490544"}],"curies":[{"name":"wp","href":"https:\/\/api.w.org\/{rel}","templated":true}]}}