{"id":490171,"date":"2026-01-13T09:00:01","date_gmt":"2026-01-13T08:00:01","guid":{"rendered":"https:\/\/www.ecinews.fr\/?p=490171"},"modified":"2026-01-13T02:05:47","modified_gmt":"2026-01-13T01:05:47","slug":"mercedes-benz-adopte-alloy-kore-une-plateforme-logicielle-pour-accelerer-linnovation-sdv","status":"publish","type":"post","link":"https:\/\/www.ecinews.fr\/fr\/mercedes-benz-adopte-alloy-kore-une-plateforme-logicielle-pour-accelerer-linnovation-sdv\/","title":{"rendered":"Mercedes-Benz adopte Alloy Kore : une plateforme logicielle pour acc\u00e9l\u00e9rer l\u2019innovation SDV"},"content":{"rendered":"<h3>Mercedes-Benz franchit une \u00e9tape strat\u00e9gique en choisissant Alloy Kore, la nouvelle plateforme logicielle d\u00e9velopp\u00e9e par QNX et Vector.<\/h3>\n<p>Cette solution vise \u00e0 simplifier l\u2019int\u00e9gration des couches logicielles fondamentales et \u00e0 acc\u00e9l\u00e9rer le d\u00e9veloppement des v\u00e9hicules d\u00e9finis par logiciel (SDV).<\/p>\n<h4>Une r\u00e9ponse \u00e0 la complexit\u00e9 croissante des architectures SDV<\/h4>\n<p>Alloy Kore associe le syst\u00e8me d\u2019exploitation temps r\u00e9el certifi\u00e9 pour la s\u00fbret\u00e9 de QNX et le middleware s\u00e9curis\u00e9 de Vector.<\/p>\n<p><strong>Cette combinaison offre :<\/strong><\/p>\n<ul>\n<li>Une architecture logicielle \u00e9volutive<\/li>\n<li>Une r\u00e9duction des co\u00fbts d\u2019int\u00e9gration<\/li>\n<li>Une acc\u00e9l\u00e9ration des cycles de d\u00e9veloppement<\/li>\n<\/ul>\n<p>Un levier strat\u00e9gique pour les constructeurs<\/p>\n<p>Gr\u00e2ce \u00e0 Alloy Kore, les constructeurs peuvent :<\/p>\n<ul>\n<li>R\u00e9allouer leurs ressources vers des fonctions innovantes<\/li>\n<li>Dissocier les cycles mat\u00e9riel et logiciel<\/li>\n<li>D\u00e9ployer des mises \u00e0 jour OTA sur des flottes enti\u00e8res<\/li>\n<\/ul>\n<p><em>Cette information illustre la transformation de l\u2019industrie automobile vers des plateformes standardis\u00e9es, permettant une innovation plus rapide et une s\u00e9curit\u00e9 renforc\u00e9e.<\/em><\/p>\n<p><a href=\"https:\/\/www.qnx.software\/\">QNX<\/a> | <a href=\"https:\/\/www.blackberry.com\/\">BlackBerry<\/a><\/p>\n","protected":false},"excerpt":{"rendered":"<p>Mercedes-Benz franchit une \u00e9tape strat\u00e9gique en choisissant Alloy Kore, la nouvelle plateforme logicielle d\u00e9velopp\u00e9e par QNX et Vector. Cette solution vise \u00e0 simplifier l\u2019int\u00e9gration des couches logicielles fondamentales et \u00e0 acc\u00e9l\u00e9rer le d\u00e9veloppement des v\u00e9hicules d\u00e9finis par logiciel (SDV). Une r\u00e9ponse \u00e0 la complexit\u00e9 croissante des architectures SDV Alloy Kore associe le syst\u00e8me d\u2019exploitation temps [&hellip;]<\/p>\n","protected":false},"author":39,"featured_media":490192,"comment_status":"closed","ping_status":"closed","sticky":false,"template":"","format":"standard","meta":{"_acf_changed":false,"footnotes":""},"categories":[886],"tags":[6696,10882],"domains":[47],"ppma_author":[6113],"class_list":["post-490171","post","type-post","status-publish","format-standard","has-post-thumbnail","hentry","category-news-fr","tag-partenariat","tag-vehicules-connectes","domains-electronique-eci"],"acf":[],"yoast_head":"<title>Mercedes-Benz adopte Alloy Kore : une plateforme logicielle pou...<\/title>\n<meta name=\"description\" content=\"Mercedes-Benz franchit une \u00e9tape strat\u00e9gique en choisissant Alloy Kore, la nouvelle plateforme logicielle d\u00e9velopp\u00e9e par QNX et Vector.\" \/>\n<meta name=\"robots\" content=\"index, follow, max-snippet:-1, max-image-preview:large, max-video-preview:-1\" \/>\n<link rel=\"canonical\" href=\"https:\/\/www.ecinews.fr\/fr\/wp-json\/wp\/v2\/posts\/490171\/\" \/>\n<meta property=\"og:locale\" content=\"fr_FR\" \/>\n<meta property=\"og:type\" content=\"article\" \/>\n<meta property=\"og:title\" content=\"Mercedes-Benz adopte Alloy Kore : une plateforme logicielle pour acc\u00e9l\u00e9rer l\u2019innovation SDV\" \/>\n<meta property=\"og:description\" content=\"Mercedes-Benz franchit une \u00e9tape strat\u00e9gique en choisissant Alloy Kore, la nouvelle plateforme logicielle d\u00e9velopp\u00e9e par QNX et Vector.\" \/>\n<meta property=\"og:url\" content=\"https:\/\/www.ecinews.fr\/fr\/wp-json\/wp\/v2\/posts\/490171\/\" \/>\n<meta property=\"og:site_name\" content=\"EENewsEurope\" \/>\n<meta property=\"article:published_time\" content=\"2026-01-13T08:00:01+00:00\" \/>\n<meta property=\"article:modified_time\" content=\"2026-01-13T01:05:47+00:00\" \/>\n<meta property=\"og:image\" content=\"https:\/\/www.ecinews.fr\/wp-content\/uploads\/2026\/01\/ECI5245-FR_Alloy-Kore_FINAL-scaled.jpg\" \/>\n\t<meta property=\"og:image:width\" content=\"1080\" \/>\n\t<meta property=\"og:image:height\" content=\"608\" \/>\n\t<meta property=\"og:image:type\" content=\"image\/jpeg\" \/>\n<meta name=\"author\" content=\"NicolasFeste\" \/>\n<meta name=\"twitter:card\" content=\"summary_large_image\" \/>\n<meta name=\"twitter:label1\" content=\"Written by\" \/>\n\t<meta name=\"twitter:data1\" content=\"NicolasFeste\" \/>\n\t<meta name=\"twitter:label2\" content=\"Est. reading time\" \/>\n\t<meta name=\"twitter:data2\" content=\"1 minute\" \/>\n<script type=\"application\/ld+json\" class=\"yoast-schema-graph\">{\"@context\":\"https:\/\/schema.org\",\"@graph\":[{\"@type\":\"Article\",\"@id\":\"https:\/\/www.ecinews.fr\/fr\/mercedes-benz-adopte-alloy-kore-une-plateforme-logicielle-pour-accelerer-linnovation-sdv\/#article\",\"isPartOf\":{\"@id\":\"https:\/\/www.ecinews.fr\/fr\/mercedes-benz-adopte-alloy-kore-une-plateforme-logicielle-pour-accelerer-linnovation-sdv\/\"},\"author\":{\"name\":\"NicolasFeste\",\"@id\":\"https:\/\/www.eenewseurope.com\/en\/#\/schema\/person\/c7104a72b466a801f257e51481de0c43\"},\"headline\":\"Mercedes-Benz adopte Alloy Kore : une plateforme logicielle pour acc\u00e9l\u00e9rer l\u2019innovation SDV\",\"datePublished\":\"2026-01-13T08:00:01+00:00\",\"dateModified\":\"2026-01-13T01:05:47+00:00\",\"mainEntityOfPage\":{\"@id\":\"https:\/\/www.ecinews.fr\/fr\/mercedes-benz-adopte-alloy-kore-une-plateforme-logicielle-pour-accelerer-linnovation-sdv\/\"},\"wordCount\":187,\"publisher\":{\"@id\":\"https:\/\/www.eenewseurope.com\/en\/#organization\"},\"keywords\":[\"Partenariat\",\"v\u00e9hicules connect\u00e9s\"],\"articleSection\":[\"Actualit\u00e9 g\u00e9n\u00e9rale\"],\"inLanguage\":\"fr-FR\"},{\"@type\":\"WebPage\",\"@id\":\"https:\/\/www.ecinews.fr\/fr\/mercedes-benz-adopte-alloy-kore-une-plateforme-logicielle-pour-accelerer-linnovation-sdv\/\",\"url\":\"https:\/\/www.ecinews.fr\/fr\/mercedes-benz-adopte-alloy-kore-une-plateforme-logicielle-pour-accelerer-linnovation-sdv\/\",\"name\":\"Mercedes-Benz adopte Alloy Kore : une plateforme logicielle pour acc\u00e9l\u00e9rer l\u2019innovation SDV -\",\"isPartOf\":{\"@id\":\"https:\/\/www.eenewseurope.com\/en\/#website\"},\"datePublished\":\"2026-01-13T08:00:01+00:00\",\"dateModified\":\"2026-01-13T01:05:47+00:00\",\"description\":\"Mercedes-Benz franchit une \u00e9tape strat\u00e9gique en choisissant Alloy Kore, la nouvelle plateforme logicielle d\u00e9velopp\u00e9e par QNX et Vector.\",\"breadcrumb\":{\"@id\":\"https:\/\/www.ecinews.fr\/fr\/mercedes-benz-adopte-alloy-kore-une-plateforme-logicielle-pour-accelerer-linnovation-sdv\/#breadcrumb\"},\"inLanguage\":\"fr-FR\",\"potentialAction\":[{\"@type\":\"ReadAction\",\"target\":[\"https:\/\/www.ecinews.fr\/fr\/mercedes-benz-adopte-alloy-kore-une-plateforme-logicielle-pour-accelerer-linnovation-sdv\/\"]}]},{\"@type\":\"BreadcrumbList\",\"@id\":\"https:\/\/www.ecinews.fr\/fr\/mercedes-benz-adopte-alloy-kore-une-plateforme-logicielle-pour-accelerer-linnovation-sdv\/#breadcrumb\",\"itemListElement\":[{\"@type\":\"ListItem\",\"position\":1,\"name\":\"Home\",\"item\":\"https:\/\/www.ecinews.fr\/fr\/\"},{\"@type\":\"ListItem\",\"position\":2,\"name\":\"Mercedes-Benz adopte Alloy Kore : une plateforme logicielle pour acc\u00e9l\u00e9rer l\u2019innovation SDV\"}]},{\"@type\":\"WebSite\",\"@id\":\"https:\/\/www.eenewseurope.com\/en\/#website\",\"url\":\"https:\/\/www.eenewseurope.com\/en\/\",\"name\":\"EENewsEurope\",\"description\":\"Just another WordPress site\",\"publisher\":{\"@id\":\"https:\/\/www.eenewseurope.com\/en\/#organization\"},\"potentialAction\":[{\"@type\":\"SearchAction\",\"target\":{\"@type\":\"EntryPoint\",\"urlTemplate\":\"https:\/\/www.eenewseurope.com\/en\/?s={search_term_string}\"},\"query-input\":\"required name=search_term_string\"}],\"inLanguage\":\"fr-FR\"},{\"@type\":\"Organization\",\"@id\":\"https:\/\/www.eenewseurope.com\/en\/#organization\",\"name\":\"EENewsEurope\",\"url\":\"https:\/\/www.eenewseurope.com\/en\/\",\"logo\":{\"@type\":\"ImageObject\",\"inLanguage\":\"fr-FR\",\"@id\":\"https:\/\/www.eenewseurope.com\/en\/#\/schema\/logo\/image\/\",\"url\":\"https:\/\/www.ecinews.fr\/wp-content\/uploads\/2022\/02\/logo-1.jpg\",\"contentUrl\":\"https:\/\/www.ecinews.fr\/wp-content\/uploads\/2022\/02\/logo-1.jpg\",\"width\":283,\"height\":113,\"caption\":\"EENewsEurope\"},\"image\":{\"@id\":\"https:\/\/www.eenewseurope.com\/en\/#\/schema\/logo\/image\/\"}},{\"@type\":\"Person\",\"@id\":\"https:\/\/www.eenewseurope.com\/en\/#\/schema\/person\/c7104a72b466a801f257e51481de0c43\",\"name\":\"NicolasFeste\",\"image\":{\"@type\":\"ImageObject\",\"inLanguage\":\"fr-FR\",\"@id\":\"https:\/\/www.eenewseurope.com\/en\/#\/schema\/person\/image\/1ea421e7d03c1e96a9ea2bcf2705734a\",\"url\":\"https:\/\/secure.gravatar.com\/avatar\/2e187f4d96902933ba445ed6c760e11c?s=96&d=mm&r=g\",\"contentUrl\":\"https:\/\/secure.gravatar.com\/avatar\/2e187f4d96902933ba445ed6c760e11c?s=96&d=mm&r=g\",\"caption\":\"NicolasFeste\"}}]}<\/script>","yoast_head_json":{"title":"Mercedes-Benz adopte Alloy Kore : une plateforme logicielle pou...","description":"Mercedes-Benz franchit une \u00e9tape strat\u00e9gique en choisissant Alloy Kore, la nouvelle plateforme logicielle d\u00e9velopp\u00e9e par QNX et Vector.","robots":{"index":"index","follow":"follow","max-snippet":"max-snippet:-1","max-image-preview":"max-image-preview:large","max-video-preview":"max-video-preview:-1"},"canonical":"https:\/\/www.ecinews.fr\/fr\/wp-json\/wp\/v2\/posts\/490171\/","og_locale":"fr_FR","og_type":"article","og_title":"Mercedes-Benz adopte Alloy Kore : une plateforme logicielle pour acc\u00e9l\u00e9rer l\u2019innovation SDV","og_description":"Mercedes-Benz franchit une \u00e9tape strat\u00e9gique en choisissant Alloy Kore, la nouvelle plateforme logicielle d\u00e9velopp\u00e9e par QNX et Vector.","og_url":"https:\/\/www.ecinews.fr\/fr\/wp-json\/wp\/v2\/posts\/490171\/","og_site_name":"EENewsEurope","article_published_time":"2026-01-13T08:00:01+00:00","article_modified_time":"2026-01-13T01:05:47+00:00","og_image":[{"width":1080,"height":608,"url":"https:\/\/www.ecinews.fr\/wp-content\/uploads\/2026\/01\/ECI5245-FR_Alloy-Kore_FINAL-scaled.jpg","type":"image\/jpeg"}],"author":"NicolasFeste","twitter_card":"summary_large_image","twitter_misc":{"Written by":"NicolasFeste","Est. reading time":"1 minute"},"schema":{"@context":"https:\/\/schema.org","@graph":[{"@type":"Article","@id":"https:\/\/www.ecinews.fr\/fr\/mercedes-benz-adopte-alloy-kore-une-plateforme-logicielle-pour-accelerer-linnovation-sdv\/#article","isPartOf":{"@id":"https:\/\/www.ecinews.fr\/fr\/mercedes-benz-adopte-alloy-kore-une-plateforme-logicielle-pour-accelerer-linnovation-sdv\/"},"author":{"name":"NicolasFeste","@id":"https:\/\/www.eenewseurope.com\/en\/#\/schema\/person\/c7104a72b466a801f257e51481de0c43"},"headline":"Mercedes-Benz adopte Alloy Kore : une plateforme logicielle pour acc\u00e9l\u00e9rer l\u2019innovation SDV","datePublished":"2026-01-13T08:00:01+00:00","dateModified":"2026-01-13T01:05:47+00:00","mainEntityOfPage":{"@id":"https:\/\/www.ecinews.fr\/fr\/mercedes-benz-adopte-alloy-kore-une-plateforme-logicielle-pour-accelerer-linnovation-sdv\/"},"wordCount":187,"publisher":{"@id":"https:\/\/www.eenewseurope.com\/en\/#organization"},"keywords":["Partenariat","v\u00e9hicules connect\u00e9s"],"articleSection":["Actualit\u00e9 g\u00e9n\u00e9rale"],"inLanguage":"fr-FR"},{"@type":"WebPage","@id":"https:\/\/www.ecinews.fr\/fr\/mercedes-benz-adopte-alloy-kore-une-plateforme-logicielle-pour-accelerer-linnovation-sdv\/","url":"https:\/\/www.ecinews.fr\/fr\/mercedes-benz-adopte-alloy-kore-une-plateforme-logicielle-pour-accelerer-linnovation-sdv\/","name":"Mercedes-Benz adopte Alloy Kore : une plateforme logicielle pour acc\u00e9l\u00e9rer l\u2019innovation SDV -","isPartOf":{"@id":"https:\/\/www.eenewseurope.com\/en\/#website"},"datePublished":"2026-01-13T08:00:01+00:00","dateModified":"2026-01-13T01:05:47+00:00","description":"Mercedes-Benz franchit une \u00e9tape strat\u00e9gique en choisissant Alloy Kore, la nouvelle plateforme logicielle d\u00e9velopp\u00e9e par QNX et Vector.","breadcrumb":{"@id":"https:\/\/www.ecinews.fr\/fr\/mercedes-benz-adopte-alloy-kore-une-plateforme-logicielle-pour-accelerer-linnovation-sdv\/#breadcrumb"},"inLanguage":"fr-FR","potentialAction":[{"@type":"ReadAction","target":["https:\/\/www.ecinews.fr\/fr\/mercedes-benz-adopte-alloy-kore-une-plateforme-logicielle-pour-accelerer-linnovation-sdv\/"]}]},{"@type":"BreadcrumbList","@id":"https:\/\/www.ecinews.fr\/fr\/mercedes-benz-adopte-alloy-kore-une-plateforme-logicielle-pour-accelerer-linnovation-sdv\/#breadcrumb","itemListElement":[{"@type":"ListItem","position":1,"name":"Home","item":"https:\/\/www.ecinews.fr\/fr\/"},{"@type":"ListItem","position":2,"name":"Mercedes-Benz adopte Alloy Kore : une plateforme logicielle pour acc\u00e9l\u00e9rer l\u2019innovation SDV"}]},{"@type":"WebSite","@id":"https:\/\/www.eenewseurope.com\/en\/#website","url":"https:\/\/www.eenewseurope.com\/en\/","name":"EENewsEurope","description":"Just another WordPress site","publisher":{"@id":"https:\/\/www.eenewseurope.com\/en\/#organization"},"potentialAction":[{"@type":"SearchAction","target":{"@type":"EntryPoint","urlTemplate":"https:\/\/www.eenewseurope.com\/en\/?s={search_term_string}"},"query-input":"required name=search_term_string"}],"inLanguage":"fr-FR"},{"@type":"Organization","@id":"https:\/\/www.eenewseurope.com\/en\/#organization","name":"EENewsEurope","url":"https:\/\/www.eenewseurope.com\/en\/","logo":{"@type":"ImageObject","inLanguage":"fr-FR","@id":"https:\/\/www.eenewseurope.com\/en\/#\/schema\/logo\/image\/","url":"https:\/\/www.ecinews.fr\/wp-content\/uploads\/2022\/02\/logo-1.jpg","contentUrl":"https:\/\/www.ecinews.fr\/wp-content\/uploads\/2022\/02\/logo-1.jpg","width":283,"height":113,"caption":"EENewsEurope"},"image":{"@id":"https:\/\/www.eenewseurope.com\/en\/#\/schema\/logo\/image\/"}},{"@type":"Person","@id":"https:\/\/www.eenewseurope.com\/en\/#\/schema\/person\/c7104a72b466a801f257e51481de0c43","name":"NicolasFeste","image":{"@type":"ImageObject","inLanguage":"fr-FR","@id":"https:\/\/www.eenewseurope.com\/en\/#\/schema\/person\/image\/1ea421e7d03c1e96a9ea2bcf2705734a","url":"https:\/\/secure.gravatar.com\/avatar\/2e187f4d96902933ba445ed6c760e11c?s=96&d=mm&r=g","contentUrl":"https:\/\/secure.gravatar.com\/avatar\/2e187f4d96902933ba445ed6c760e11c?s=96&d=mm&r=g","caption":"NicolasFeste"}}]}},"authors":[{"term_id":6113,"user_id":39,"is_guest":0,"slug":"nicolasfeste","display_name":"NicolasFeste","avatar_url":"https:\/\/secure.gravatar.com\/avatar\/2e187f4d96902933ba445ed6c760e11c?s=96&d=mm&r=g","0":null,"1":"","2":"","3":"","4":"","5":"","6":"","7":"","8":""}],"_links":{"self":[{"href":"https:\/\/www.ecinews.fr\/fr\/wp-json\/wp\/v2\/posts\/490171"}],"collection":[{"href":"https:\/\/www.ecinews.fr\/fr\/wp-json\/wp\/v2\/posts"}],"about":[{"href":"https:\/\/www.ecinews.fr\/fr\/wp-json\/wp\/v2\/types\/post"}],"author":[{"embeddable":true,"href":"https:\/\/www.ecinews.fr\/fr\/wp-json\/wp\/v2\/users\/39"}],"replies":[{"embeddable":true,"href":"https:\/\/www.ecinews.fr\/fr\/wp-json\/wp\/v2\/comments?post=490171"}],"version-history":[{"count":0,"href":"https:\/\/www.ecinews.fr\/fr\/wp-json\/wp\/v2\/posts\/490171\/revisions"}],"wp:featuredmedia":[{"embeddable":true,"href":"https:\/\/www.ecinews.fr\/fr\/wp-json\/wp\/v2\/media\/490192"}],"wp:attachment":[{"href":"https:\/\/www.ecinews.fr\/fr\/wp-json\/wp\/v2\/media?parent=490171"}],"wp:term":[{"taxonomy":"category","embeddable":true,"href":"https:\/\/www.ecinews.fr\/fr\/wp-json\/wp\/v2\/categories?post=490171"},{"taxonomy":"post_tag","embeddable":true,"href":"https:\/\/www.ecinews.fr\/fr\/wp-json\/wp\/v2\/tags?post=490171"},{"taxonomy":"domains","embeddable":true,"href":"https:\/\/www.ecinews.fr\/fr\/wp-json\/wp\/v2\/domains?post=490171"},{"taxonomy":"author","embeddable":true,"href":"https:\/\/www.ecinews.fr\/fr\/wp-json\/wp\/v2\/ppma_author?post=490171"}],"curies":[{"name":"wp","href":"https:\/\/api.w.org\/{rel}","templated":true}]}}