{"id":488490,"date":"2025-11-26T17:14:27","date_gmt":"2025-11-26T16:14:27","guid":{"rendered":"https:\/\/www.ecinews.fr\/?p=488490"},"modified":"2025-11-26T17:14:27","modified_gmt":"2025-11-26T16:14:27","slug":"tesla-lance-sa-puce-ai5-alors-que-le-developpement-de-lai6-est-en-cours","status":"publish","type":"post","link":"https:\/\/www.ecinews.fr\/fr\/tesla-lance-sa-puce-ai5-alors-que-le-developpement-de-lai6-est-en-cours\/","title":{"rendered":"Tesla lance sa puce AI5 alors que le d\u00e9veloppement de l&rsquo;AI6 est en cours"},"content":{"rendered":"<p data-start=\"224\" data-end=\"824\">Tesla a d\u00e9crit les nouvelles \u00e9tapes de son programme de silicium interne, le PDG Elon Musk d\u00e9clarant que l&rsquo;entreprise est sur le point d&rsquo;achever l&rsquo;enregistrement de sa puce AI5 et a d\u00e9j\u00e0 commenc\u00e9 \u00e0 travailler sur la g\u00e9n\u00e9ration suivante AI6. La mise \u00e0 jour, <a href=\"https:\/\/x.com\/elonmusk\/status\/1992499020590108745?s=20\">partag\u00e9e sur X le 23 novembre<\/a>, sugg\u00e8re que Tesla continue d&rsquo;\u00e9tendre sa plateforme mat\u00e9rielle verticalement int\u00e9gr\u00e9e pour la <a href=\"https:\/\/www.eenewseurope.com\/en\/hyundai-nvidia-expand-ai-collaboration-for-autonomous-cars-and-smart-factories\/\">conduite autonome<\/a> et la robotique.<br data-start=\"606\" data-end=\"609\" \/><br \/>\nPour les ing\u00e9nieurs europ\u00e9ens, ce d\u00e9veloppement est potentiellement pertinent parce que la feuille de route de Tesla en mati\u00e8re de silicium croise de plus en plus l&rsquo;informatique automobile, l&rsquo;acc\u00e9l\u00e9ration des centres de donn\u00e9es et l&rsquo;automatisation de la fabrication de la prochaine g\u00e9n\u00e9ration.<\/p>\n<h2 data-start=\"826\" data-end=\"867\">\u00c9tat d&rsquo;avancement de la conception et perspectives de production<\/h2>\n<p data-start=\"869\" data-end=\"1189\">Selon l&rsquo;annonce, la conception de l&rsquo;IA5 a pass\u00e9 l&rsquo;examen interne et est en mesure de fournir 2000-2500 TOPS, offrant potentiellement environ cinq fois la capacit\u00e9 de calcul de la g\u00e9n\u00e9ration actuelle de l&rsquo;IA4. Ce niveau de performance est destin\u00e9 \u00e0 prendre en charge des algorithmes de conduite autonome non supervis\u00e9e plus avanc\u00e9s.<\/p>\n<p data-start=\"1191\" data-end=\"1454\">Musk a d\u00e9clar\u00e9 : \u00ab\u00a0Notre objectif est de mettre en production de masse une nouvelle conception de puce d&rsquo;IA tous les 12 mois. \u00c0 terme, le nombre de puces que nous produirons d\u00e9passera la production combin\u00e9e de toutes les autres puces d&rsquo;IA\u00a0\u00bb, soulignant les ambitions de Tesla en mati\u00e8re d&rsquo;it\u00e9ration rapide et de mise \u00e0 l&rsquo;\u00e9chelle des volumes.<\/p>\n<p data-start=\"1456\" data-end=\"1759\">Des \u00e9chantillons techniques de l&rsquo;AI5 sont attendus en 2026, la production en s\u00e9rie \u00e9tant pr\u00e9vue pour 2027. Tesla pr\u00e9voit de d\u00e9ployer la puce sur ses plates-formes de v\u00e9hicules et ses syst\u00e8mes de centres de donn\u00e9es, refl\u00e9tant l&rsquo;opinion de l&rsquo;entreprise selon laquelle les mod\u00e8les de conduite autonome et les charges de travail robotiques n\u00e9cessiteront une mise \u00e0 l&rsquo;\u00e9chelle soutenue de la puissance de calcul.<\/p>\n<h2 data-start=\"1761\" data-end=\"1805\">Strat\u00e9gie de double fonderie et d\u00e9veloppement de l&rsquo;AI6<\/h2>\n<p data-start=\"1807\" data-end=\"2150\">Tesla maintiendra une approche \u00e0 deux fonderies. Actuellement en d\u00e9but de d\u00e9veloppement, la puce AI6 sera fabriqu\u00e9e en parall\u00e8le sur le site de Samsung \u00e0 Taylor, au Texas, et sur le site de TSMC en Arizona. Les puces AI5 et AI6 utilisent des conceptions et des piles logicielles identiques, les diff\u00e9rences physiques provenant uniquement de la mise en \u0153uvre au niveau du processus dans chaque fonderie.<\/p>\n<p data-start=\"2152\" data-end=\"2488\">L&rsquo;entreprise affirme que ces it\u00e9rations font partie d&rsquo;une strat\u00e9gie plus large visant \u00e0 soutenir un \u00e9cosyst\u00e8me mat\u00e9riel croissant couvrant la conduite autonome, le traitement des donn\u00e9es de la flotte et la robotique. Cela inclut le programme de robot Optimus de Tesla, dont la production de la premi\u00e8re g\u00e9n\u00e9ration est pr\u00e9vue pour la fin 2025 et un mod\u00e8le de deuxi\u00e8me g\u00e9n\u00e9ration devrait suivre en 2026.<\/p>\n","protected":false},"excerpt":{"rendered":"<p>Tesla a d\u00e9crit les nouvelles \u00e9tapes de son programme de silicium interne, le PDG Elon Musk d\u00e9clarant que l&rsquo;entreprise est sur le point d&rsquo;achever l&rsquo;enregistrement de sa puce AI5 et a d\u00e9j\u00e0 commenc\u00e9 \u00e0 travailler sur la g\u00e9n\u00e9ration suivante AI6. La mise \u00e0 jour, partag\u00e9e sur X le 23 novembre, sugg\u00e8re que Tesla continue d&rsquo;\u00e9tendre [&hellip;]<\/p>\n","protected":false},"author":40,"featured_media":488459,"comment_status":"closed","ping_status":"closed","sticky":false,"template":"","format":"standard","meta":{"_acf_changed":false,"footnotes":""},"categories":[883],"tags":[6527,4523,2996],"domains":[47],"ppma_author":[10387,6199],"class_list":["post-488490","post","type-post","status-publish","format-standard","has-post-thumbnail","hentry","category-technologies","tag-conduite-autonome","tag-robotique-fr","tag-tesla","domains-electronique-eci"],"acf":[],"yoast_head":"<title>Tesla lance sa puce AI5 alors que le d\u00e9veloppement de l&#039;AI6 es...<\/title>\n<meta name=\"description\" content=\"Tesla se rapproche de la production de sa puce AI5 et entame le d\u00e9veloppement de la puce AI6, signalant ainsi une nouvelle expansion\" \/>\n<meta name=\"robots\" content=\"index, follow, max-snippet:-1, max-image-preview:large, max-video-preview:-1\" \/>\n<link rel=\"canonical\" href=\"https:\/\/www.ecinews.fr\/fr\/wp-json\/wp\/v2\/posts\/488490\/\" \/>\n<meta property=\"og:locale\" content=\"fr_FR\" \/>\n<meta property=\"og:type\" content=\"article\" \/>\n<meta property=\"og:title\" content=\"Tesla lance sa puce AI5 alors que le d\u00e9veloppement de l&#039;AI6 est en cours\" \/>\n<meta property=\"og:description\" content=\"Tesla se rapproche de la production de sa puce AI5 et entame le d\u00e9veloppement de la puce AI6, signalant ainsi une nouvelle expansion\" \/>\n<meta property=\"og:url\" content=\"https:\/\/www.ecinews.fr\/fr\/wp-json\/wp\/v2\/posts\/488490\/\" \/>\n<meta property=\"og:site_name\" content=\"EENewsEurope\" \/>\n<meta property=\"article:published_time\" content=\"2025-11-26T16:14:27+00:00\" \/>\n<meta property=\"og:image\" content=\"https:\/\/www.eenewseurope.com\/wp-content\/uploads\/2025\/11\/tesla-AI15-1024x683.png\" \/>\n\t<meta property=\"og:image:width\" content=\"1024\" \/>\n\t<meta property=\"og:image:height\" content=\"683\" \/>\n\t<meta property=\"og:image:type\" content=\"image\/png\" \/>\n<meta name=\"author\" content=\"Alina Neacsu, A Delapalisse\" \/>\n<meta name=\"twitter:card\" content=\"summary_large_image\" \/>\n<meta name=\"twitter:label1\" content=\"Written by\" \/>\n\t<meta name=\"twitter:data1\" content=\"A Delapalisse\" \/>\n\t<meta name=\"twitter:label2\" content=\"Est. reading time\" \/>\n\t<meta name=\"twitter:data2\" content=\"2 minutes\" \/>\n<script type=\"application\/ld+json\" class=\"yoast-schema-graph\">{\"@context\":\"https:\/\/schema.org\",\"@graph\":[{\"@type\":\"Article\",\"@id\":\"https:\/\/www.eenewseurope.com\/fr\/tesla-lance-sa-puce-ai5-alors-que-le-developpement-de-lai6-est-en-cours\/#article\",\"isPartOf\":{\"@id\":\"https:\/\/www.eenewseurope.com\/fr\/tesla-lance-sa-puce-ai5-alors-que-le-developpement-de-lai6-est-en-cours\/\"},\"author\":{\"name\":\"A Delapalisse\",\"@id\":\"https:\/\/www.eenewseurope.com\/en\/#\/schema\/person\/4b3db5ba5c953c5fddeb226df86d8635\"},\"headline\":\"Tesla lance sa puce AI5 alors que le d\u00e9veloppement de l&rsquo;AI6 est en cours\",\"datePublished\":\"2025-11-26T16:14:27+00:00\",\"dateModified\":\"2025-11-26T16:14:27+00:00\",\"mainEntityOfPage\":{\"@id\":\"https:\/\/www.eenewseurope.com\/fr\/tesla-lance-sa-puce-ai5-alors-que-le-developpement-de-lai6-est-en-cours\/\"},\"wordCount\":510,\"publisher\":{\"@id\":\"https:\/\/www.eenewseurope.com\/en\/#organization\"},\"keywords\":[\"Conduite autonome\",\"robotique\",\"Tesla\"],\"articleSection\":[\"Technologies\"],\"inLanguage\":\"fr-FR\"},{\"@type\":\"WebPage\",\"@id\":\"https:\/\/www.eenewseurope.com\/fr\/tesla-lance-sa-puce-ai5-alors-que-le-developpement-de-lai6-est-en-cours\/\",\"url\":\"https:\/\/www.eenewseurope.com\/fr\/tesla-lance-sa-puce-ai5-alors-que-le-developpement-de-lai6-est-en-cours\/\",\"name\":\"Tesla lance sa puce AI5 alors que le d\u00e9veloppement de l'AI6 est en cours -\",\"isPartOf\":{\"@id\":\"https:\/\/www.eenewseurope.com\/en\/#website\"},\"datePublished\":\"2025-11-26T16:14:27+00:00\",\"dateModified\":\"2025-11-26T16:14:27+00:00\",\"description\":\"Tesla se rapproche de la production de sa puce AI5 et entame le d\u00e9veloppement de la puce AI6, signalant ainsi une nouvelle expansion\",\"breadcrumb\":{\"@id\":\"https:\/\/www.eenewseurope.com\/fr\/tesla-lance-sa-puce-ai5-alors-que-le-developpement-de-lai6-est-en-cours\/#breadcrumb\"},\"inLanguage\":\"fr-FR\",\"potentialAction\":[{\"@type\":\"ReadAction\",\"target\":[\"https:\/\/www.eenewseurope.com\/fr\/tesla-lance-sa-puce-ai5-alors-que-le-developpement-de-lai6-est-en-cours\/\"]}]},{\"@type\":\"BreadcrumbList\",\"@id\":\"https:\/\/www.eenewseurope.com\/fr\/tesla-lance-sa-puce-ai5-alors-que-le-developpement-de-lai6-est-en-cours\/#breadcrumb\",\"itemListElement\":[{\"@type\":\"ListItem\",\"position\":1,\"name\":\"Home\",\"item\":\"https:\/\/www.ecinews.fr\/fr\/\"},{\"@type\":\"ListItem\",\"position\":2,\"name\":\"Tesla lance sa puce AI5 alors que le d\u00e9veloppement de l&rsquo;AI6 est en cours\"}]},{\"@type\":\"WebSite\",\"@id\":\"https:\/\/www.eenewseurope.com\/en\/#website\",\"url\":\"https:\/\/www.eenewseurope.com\/en\/\",\"name\":\"EENewsEurope\",\"description\":\"Just another WordPress site\",\"publisher\":{\"@id\":\"https:\/\/www.eenewseurope.com\/en\/#organization\"},\"potentialAction\":[{\"@type\":\"SearchAction\",\"target\":{\"@type\":\"EntryPoint\",\"urlTemplate\":\"https:\/\/www.eenewseurope.com\/en\/?s={search_term_string}\"},\"query-input\":\"required name=search_term_string\"}],\"inLanguage\":\"fr-FR\"},{\"@type\":\"Organization\",\"@id\":\"https:\/\/www.eenewseurope.com\/en\/#organization\",\"name\":\"EENewsEurope\",\"url\":\"https:\/\/www.eenewseurope.com\/en\/\",\"logo\":{\"@type\":\"ImageObject\",\"inLanguage\":\"fr-FR\",\"@id\":\"https:\/\/www.eenewseurope.com\/en\/#\/schema\/logo\/image\/\",\"url\":\"https:\/\/www.ecinews.fr\/wp-content\/uploads\/2022\/02\/logo-1.jpg\",\"contentUrl\":\"https:\/\/www.ecinews.fr\/wp-content\/uploads\/2022\/02\/logo-1.jpg\",\"width\":283,\"height\":113,\"caption\":\"EENewsEurope\"},\"image\":{\"@id\":\"https:\/\/www.eenewseurope.com\/en\/#\/schema\/logo\/image\/\"}},{\"@type\":\"Person\",\"@id\":\"https:\/\/www.eenewseurope.com\/en\/#\/schema\/person\/4b3db5ba5c953c5fddeb226df86d8635\",\"name\":\"A Delapalisse\",\"image\":{\"@type\":\"ImageObject\",\"inLanguage\":\"fr-FR\",\"@id\":\"https:\/\/www.eenewseurope.com\/en\/#\/schema\/person\/image\/09af0e1236b95ff53924b8dfe5af278e\",\"url\":\"https:\/\/secure.gravatar.com\/avatar\/010f811c0933b47aea7e9204117b17c6?s=96&d=mm&r=g\",\"contentUrl\":\"https:\/\/secure.gravatar.com\/avatar\/010f811c0933b47aea7e9204117b17c6?s=96&d=mm&r=g\",\"caption\":\"A Delapalisse\"}}]}<\/script>","yoast_head_json":{"title":"Tesla lance sa puce AI5 alors que le d\u00e9veloppement de l'AI6 es...","description":"Tesla se rapproche de la production de sa puce AI5 et entame le d\u00e9veloppement de la puce AI6, signalant ainsi une nouvelle expansion","robots":{"index":"index","follow":"follow","max-snippet":"max-snippet:-1","max-image-preview":"max-image-preview:large","max-video-preview":"max-video-preview:-1"},"canonical":"https:\/\/www.ecinews.fr\/fr\/wp-json\/wp\/v2\/posts\/488490\/","og_locale":"fr_FR","og_type":"article","og_title":"Tesla lance sa puce AI5 alors que le d\u00e9veloppement de l'AI6 est en cours","og_description":"Tesla se rapproche de la production de sa puce AI5 et entame le d\u00e9veloppement de la puce AI6, signalant ainsi une nouvelle expansion","og_url":"https:\/\/www.ecinews.fr\/fr\/wp-json\/wp\/v2\/posts\/488490\/","og_site_name":"EENewsEurope","article_published_time":"2025-11-26T16:14:27+00:00","og_image":[{"width":1024,"height":683,"url":"https:\/\/www.eenewseurope.com\/wp-content\/uploads\/2025\/11\/tesla-AI15-1024x683.png","type":"image\/png"}],"author":"Alina Neacsu, A Delapalisse","twitter_card":"summary_large_image","twitter_misc":{"Written by":"A Delapalisse","Est. reading time":"2 minutes"},"schema":{"@context":"https:\/\/schema.org","@graph":[{"@type":"Article","@id":"https:\/\/www.eenewseurope.com\/fr\/tesla-lance-sa-puce-ai5-alors-que-le-developpement-de-lai6-est-en-cours\/#article","isPartOf":{"@id":"https:\/\/www.eenewseurope.com\/fr\/tesla-lance-sa-puce-ai5-alors-que-le-developpement-de-lai6-est-en-cours\/"},"author":{"name":"A Delapalisse","@id":"https:\/\/www.eenewseurope.com\/en\/#\/schema\/person\/4b3db5ba5c953c5fddeb226df86d8635"},"headline":"Tesla lance sa puce AI5 alors que le d\u00e9veloppement de l&rsquo;AI6 est en cours","datePublished":"2025-11-26T16:14:27+00:00","dateModified":"2025-11-26T16:14:27+00:00","mainEntityOfPage":{"@id":"https:\/\/www.eenewseurope.com\/fr\/tesla-lance-sa-puce-ai5-alors-que-le-developpement-de-lai6-est-en-cours\/"},"wordCount":510,"publisher":{"@id":"https:\/\/www.eenewseurope.com\/en\/#organization"},"keywords":["Conduite autonome","robotique","Tesla"],"articleSection":["Technologies"],"inLanguage":"fr-FR"},{"@type":"WebPage","@id":"https:\/\/www.eenewseurope.com\/fr\/tesla-lance-sa-puce-ai5-alors-que-le-developpement-de-lai6-est-en-cours\/","url":"https:\/\/www.eenewseurope.com\/fr\/tesla-lance-sa-puce-ai5-alors-que-le-developpement-de-lai6-est-en-cours\/","name":"Tesla lance sa puce AI5 alors que le d\u00e9veloppement de l'AI6 est en cours -","isPartOf":{"@id":"https:\/\/www.eenewseurope.com\/en\/#website"},"datePublished":"2025-11-26T16:14:27+00:00","dateModified":"2025-11-26T16:14:27+00:00","description":"Tesla se rapproche de la production de sa puce AI5 et entame le d\u00e9veloppement de la puce AI6, signalant ainsi une nouvelle expansion","breadcrumb":{"@id":"https:\/\/www.eenewseurope.com\/fr\/tesla-lance-sa-puce-ai5-alors-que-le-developpement-de-lai6-est-en-cours\/#breadcrumb"},"inLanguage":"fr-FR","potentialAction":[{"@type":"ReadAction","target":["https:\/\/www.eenewseurope.com\/fr\/tesla-lance-sa-puce-ai5-alors-que-le-developpement-de-lai6-est-en-cours\/"]}]},{"@type":"BreadcrumbList","@id":"https:\/\/www.eenewseurope.com\/fr\/tesla-lance-sa-puce-ai5-alors-que-le-developpement-de-lai6-est-en-cours\/#breadcrumb","itemListElement":[{"@type":"ListItem","position":1,"name":"Home","item":"https:\/\/www.ecinews.fr\/fr\/"},{"@type":"ListItem","position":2,"name":"Tesla lance sa puce AI5 alors que le d\u00e9veloppement de l&rsquo;AI6 est en cours"}]},{"@type":"WebSite","@id":"https:\/\/www.eenewseurope.com\/en\/#website","url":"https:\/\/www.eenewseurope.com\/en\/","name":"EENewsEurope","description":"Just another WordPress site","publisher":{"@id":"https:\/\/www.eenewseurope.com\/en\/#organization"},"potentialAction":[{"@type":"SearchAction","target":{"@type":"EntryPoint","urlTemplate":"https:\/\/www.eenewseurope.com\/en\/?s={search_term_string}"},"query-input":"required name=search_term_string"}],"inLanguage":"fr-FR"},{"@type":"Organization","@id":"https:\/\/www.eenewseurope.com\/en\/#organization","name":"EENewsEurope","url":"https:\/\/www.eenewseurope.com\/en\/","logo":{"@type":"ImageObject","inLanguage":"fr-FR","@id":"https:\/\/www.eenewseurope.com\/en\/#\/schema\/logo\/image\/","url":"https:\/\/www.ecinews.fr\/wp-content\/uploads\/2022\/02\/logo-1.jpg","contentUrl":"https:\/\/www.ecinews.fr\/wp-content\/uploads\/2022\/02\/logo-1.jpg","width":283,"height":113,"caption":"EENewsEurope"},"image":{"@id":"https:\/\/www.eenewseurope.com\/en\/#\/schema\/logo\/image\/"}},{"@type":"Person","@id":"https:\/\/www.eenewseurope.com\/en\/#\/schema\/person\/4b3db5ba5c953c5fddeb226df86d8635","name":"A Delapalisse","image":{"@type":"ImageObject","inLanguage":"fr-FR","@id":"https:\/\/www.eenewseurope.com\/en\/#\/schema\/person\/image\/09af0e1236b95ff53924b8dfe5af278e","url":"https:\/\/secure.gravatar.com\/avatar\/010f811c0933b47aea7e9204117b17c6?s=96&d=mm&r=g","contentUrl":"https:\/\/secure.gravatar.com\/avatar\/010f811c0933b47aea7e9204117b17c6?s=96&d=mm&r=g","caption":"A Delapalisse"}}]}},"authors":[{"term_id":10387,"user_id":0,"is_guest":1,"slug":"alina-neacsu","display_name":"Alina Neacsu","avatar_url":"https:\/\/secure.gravatar.com\/avatar\/?s=96&d=mm&r=g","0":null,"1":"","2":"","3":"","4":"","5":"","6":"","7":"","8":""},{"term_id":6199,"user_id":40,"is_guest":0,"slug":"andre-rousselotemisys-com","display_name":"A Delapalisse","avatar_url":"https:\/\/secure.gravatar.com\/avatar\/010f811c0933b47aea7e9204117b17c6?s=96&d=mm&r=g","0":null,"1":"","2":"","3":"","4":"","5":"","6":"","7":"","8":""}],"_links":{"self":[{"href":"https:\/\/www.ecinews.fr\/fr\/wp-json\/wp\/v2\/posts\/488490"}],"collection":[{"href":"https:\/\/www.ecinews.fr\/fr\/wp-json\/wp\/v2\/posts"}],"about":[{"href":"https:\/\/www.ecinews.fr\/fr\/wp-json\/wp\/v2\/types\/post"}],"author":[{"embeddable":true,"href":"https:\/\/www.ecinews.fr\/fr\/wp-json\/wp\/v2\/users\/40"}],"replies":[{"embeddable":true,"href":"https:\/\/www.ecinews.fr\/fr\/wp-json\/wp\/v2\/comments?post=488490"}],"version-history":[{"count":0,"href":"https:\/\/www.ecinews.fr\/fr\/wp-json\/wp\/v2\/posts\/488490\/revisions"}],"wp:featuredmedia":[{"embeddable":true,"href":"https:\/\/www.ecinews.fr\/fr\/wp-json\/wp\/v2\/media\/488459"}],"wp:attachment":[{"href":"https:\/\/www.ecinews.fr\/fr\/wp-json\/wp\/v2\/media?parent=488490"}],"wp:term":[{"taxonomy":"category","embeddable":true,"href":"https:\/\/www.ecinews.fr\/fr\/wp-json\/wp\/v2\/categories?post=488490"},{"taxonomy":"post_tag","embeddable":true,"href":"https:\/\/www.ecinews.fr\/fr\/wp-json\/wp\/v2\/tags?post=488490"},{"taxonomy":"domains","embeddable":true,"href":"https:\/\/www.ecinews.fr\/fr\/wp-json\/wp\/v2\/domains?post=488490"},{"taxonomy":"author","embeddable":true,"href":"https:\/\/www.ecinews.fr\/fr\/wp-json\/wp\/v2\/ppma_author?post=488490"}],"curies":[{"name":"wp","href":"https:\/\/api.w.org\/{rel}","templated":true}]}}